{"id":2843,"date":"2018-07-20T00:00:00","date_gmt":"2018-07-20T00:00:00","guid":{"rendered":"https:\/\/metmann.com.185-176-9-81.185-176-9-81.visualpublinet.com\/climatitzacio-evaporativa-en-el-sector-de-lautomocio\/"},"modified":"2018-07-20T00:00:00","modified_gmt":"2018-07-20T00:00:00","slug":"climatitzacio-evaporativa-en-el-sector-de-lautomocio","status":"publish","type":"post","link":"https:\/\/www.metmann.com\/ca\/climatitzacio-evaporativa-en-el-sector-de-lautomocio\/","title":{"rendered":"Climatitzaci\u00f3 evaporativa en el sector de l&#8242;automoci\u00f3"},"content":{"rendered":"<p><span id=\"result_box\" class=\"\" tabindex=\"-1\" lang=\"ca\">MET MANN <span class=\"\">ha realitzat el<\/span> subministrament de 4 refredadors evaporatius de 63.000 m3 \/ h <span class=\"\">en una f\u00e0brica<\/span> situada a la prov\u00edncia d&prime;Ourense.<\/p>\n<p> \tL&prime;activitat <span class=\"\">principal de l&prime;empresa<\/span> &eacute;s l&prime;a\u00efllament t\u00e8rmic i ac\u00fastic en el sector de l&prime;autom\u00f2bil <span class=\"\">i la superf\u00edcie<\/span> tractada amb els nostres equips &eacute;s de 2.500 m2.<\/p>\n<p> \tEls equips han <span class=\"\">estat<\/span> instal\u00b7lats a la coberta de la nau amb la nostra corresponent bancada de suport i la difusi\u00f3 de l&prime;aire fresc s&prime;ha realitzat mitjan\u00e7ant els nostres difusors d&prime;aire de 6 <span class=\"\">direccions.<\/span><\/p>\n<p> \tAmb la soluci\u00f3 <span class=\"\">aportada el<\/span> consum el\u00e8ctric del total dels equips &eacute;s de 74 kW i l&prime;element refrigerant utilitzat &eacute;s l&prime;aigua de la xarxa.<\/p>\n<p> \tAmb aquesta soluci\u00f3 el client a obtingut un estalvi energ\u00e8tic del 80% respecte a altres sistemes de climatitzaci\u00f3 contribuint d&prime;aquesta manera a mantenir el nostre entorn natural.<\/p>\n<p> \tAqu\u00ed algunes <span class=\"\">imatges<\/span> de la instal\u00b7laci\u00f3.<\/p>\n<p> \t<span style=\"font-weight: bold;\"><span class=\"\">Fase de Recepci\u00f3<\/span> dels equips<\/span><\/span><span style=\"font-weight: bold;\"><\/span> <\/p>\n<div><img loading=\"lazy\" decoding=\"async\" src=\"https:\/\/www.metmann.com\/wp-content\/uploads\/2021\/09\/INSTALACION-GALICIA-07-2.jpg\" alt=\"\" style=\"margin: 0px; float: none; width: 350px; height: 467px;\" width=\"1212\" height=\"1617\" border=\"0\" \/>  \t<\/div>\n<div><span id=\"result_box\" class=\"short_text\" tabindex=\"-1\" style=\"font-weight: bold;\" lang=\"ca\">Col\u00b7locaci\u00f3 dels equips a la coberta<\/span><\/div>\n<p><img decoding=\"async\" src=\"https:\/\/www.metmann.com\/wp-content\/uploads\/2021\/09\/INSTALACION-GALICIA-06-2.jpg\" alt=\"\" style=\"margin-top:0px;margin-right:0px;margin-bottom:0px;margin-left:0px;;width:350px;;height:421px;\" border=\"0\" \/> <\/p>\n<div>&nbsp;<\/div>\n<div><span style=\"font-weight: bold;\"><span id=\"result_box\" class=\"short_text\" tabindex=\"-1\" lang=\"ca\">Equip col\u00b7locat damunt d&prime;una bancada de suport<\/span><\/span><\/div>\n<div><span style=\"font-weight: bold;\"><\/span><\/div>\n<div><img decoding=\"async\" src=\"https:\/\/www.metmann.com\/wp-content\/uploads\/2021\/09\/INSTALACION-GALICIA-03-2.jpg\" alt=\"\" style=\"margin-top:0px;margin-right:0px;margin-bottom:0px;margin-left:0px;;width:350px;;height:399px;\" border=\"0\" \/>&nbsp;<\/div>\n<div>&nbsp;<\/div>\n<div><span id=\"result_box\" class=\"short_text\" tabindex=\"-1\" style=\"font-weight: bold;\" lang=\"ca\">Vista general dels 4 equips instal\u00b7lats<\/span><\/div>\n<div><span style=\"font-weight: bold;\"><\/span><\/div>\n<div><img decoding=\"async\" src=\"https:\/\/www.metmann.com\/wp-content\/uploads\/2021\/09\/INSTALACION-GALICIA-02-2.jpg\" alt=\"\" style=\"margin-top:0px;margin-right:0px;margin-bottom:0px;margin-left:0px;;width:350px;;height:244px;\" border=\"0\" \/>&nbsp;<\/div>\n<div><span style=\"font-weight: bold;\"><\/span><\/div>\n<div>&nbsp;<\/div>\n<div><span style=\"font-weight: bold;\"><span id=\"result_box\" class=\"short_text\" tabindex=\"-1\" lang=\"ca\">Difusor d&prime;aire de 6 direccions<\/span> <br \/> \t\t<\/span><\/div>\n<div>&nbsp;<span style=\"font-weight: bold;\"><img decoding=\"async\" src=\"https:\/\/www.metmann.com\/wp-content\/uploads\/2021\/09\/INSTALACION-GALICIA-05.jpg\" alt=\"\" style=\"margin-top:0px;margin-right:0px;margin-bottom:0px;margin-left:0px;;width:350px;;height:467px;\" border=\"0\" \/><\/span><\/div>\n<div><span style=\"font-weight: bold;\"><\/span><\/div>\n<div>&nbsp;<\/div>\n<div><a href=\"http:\/\/metmann.com\/ca\/c17_Climatitzadors-evaporatius\"><span style=\"font-weight: bold;\"><span id=\"result_box\" class=\"short_text\" tabindex=\"-1\" lang=\"ca\"><span target=\"_blank\" rel=\"\">GAMMA DE<\/span> REFREDADORS EVAPORATIUS MET MANN<\/span>&nbsp;<\/span><\/a> <\/div>\n<div><span style=\"font-weight: bold;\"><\/span><\/div>\n<div>&nbsp;<\/div>\n<div><span style=\"font-weight: bold;\"><span id=\"result_box\" class=\"\" tabindex=\"-1\" lang=\"ca\">Per a m&eacute;s informaci\u00f3 dels nostres sistemes de climatitzaci\u00f3 evaporativa poden contactar amb nosaltres en el Tel. +34 93 851 15 99<\/span><\/span><\/div>\n","protected":false},"excerpt":{"rendered":"<p><span id=\"result_box\" class=\"\" tabindex=\"-1\" lang=\"ca\"><span class=\"\">Climatitzaci\u00f3<\/span> evaporativa en el sector de l&#8242;automoci\u00f3 realitzada amb refredadors <span class=\"\">evaporatius<\/span> MET MANN<\/span><\/p>\n","protected":false},"author":1,"featured_media":297,"comment_status":"open","ping_status":"open","sticky":false,"template":"","format":"standard","meta":{"_acf_changed":false,"_et_pb_use_builder":"","_et_pb_old_content":"","_et_gb_content_width":"","_joinchat":[],"footnotes":""},"categories":[51],"tags":[],"acf":[],"yoast_head":"<!-- This site is optimized with the Yoast SEO plugin v22.6 - https:\/\/yoast.com\/wordpress\/plugins\/seo\/ -->\r\n<title>Climatitzaci\u00f3 evaporativa en el sector de l&#8242;automoci\u00f3<\/title>\r\n<meta name=\"description\" content=\"La climatitzaci\u00f3 evaporativa en el sector de l&#8242;automoci\u00f3 \u00e9s una soluci\u00f3 ecol\u00f2gica, efica\u00e7 i econ\u00f2mica.\" \/>\r\n<meta name=\"robots\" content=\"index, follow, max-snippet:-1, max-image-preview:large, max-video-preview:-1\" \/>\r\n<link rel=\"canonical\" href=\"https:\/\/www.metmann.com\/ca\/climatitzacio-evaporativa-en-el-sector-de-lautomocio\/\" \/>\r\n<meta property=\"og:locale\" content=\"ca_ES\" \/>\r\n<meta property=\"og:type\" content=\"article\" \/>\r\n<meta property=\"og:title\" content=\"Climatitzaci\u00f3 evaporativa en el sector de l&#8242;automoci\u00f3\" \/>\r\n<meta property=\"og:description\" content=\"La climatitzaci\u00f3 evaporativa en el sector de l&#8242;automoci\u00f3 \u00e9s una soluci\u00f3 ecol\u00f2gica, efica\u00e7 i econ\u00f2mica.\" \/>\r\n<meta property=\"og:url\" content=\"https:\/\/www.metmann.com\/ca\/climatitzacio-evaporativa-en-el-sector-de-lautomocio\/\" \/>\r\n<meta property=\"og:site_name\" content=\"MET MANN\" \/>\r\n<meta property=\"article:published_time\" content=\"2018-07-20T00:00:00+00:00\" \/>\r\n<meta property=\"og:image\" content=\"https:\/\/www.metmann.com\/wp-content\/uploads\/2021\/09\/1533198939_ssLq.jpg\" \/>\r\n<meta name=\"author\" content=\"Marcelo Gonfar\" \/>\r\n<meta name=\"twitter:card\" content=\"summary_large_image\" \/>\r\n<meta name=\"twitter:title\" content=\"Climatitzaci\u00f3 evaporativa en el sector de l&#8242;automoci\u00f3\" \/>\r\n<meta name=\"twitter:description\" content=\"La climatitzaci\u00f3 evaporativa en el sector de l&#8242;automoci\u00f3 \u00e9s una soluci\u00f3 ecol\u00f2gica, efica\u00e7 i econ\u00f2mica.\" \/>\r\n<meta name=\"twitter:image\" content=\"https:\/\/www.metmann.com\/wp-content\/uploads\/2021\/09\/1533198939_ssLq.jpg\" \/>\r\n<meta name=\"twitter:label1\" content=\"Escrit per\" \/>\n\t<meta name=\"twitter:data1\" content=\"Marcelo Gonfar\" \/>\n\t<meta name=\"twitter:label2\" content=\"Temps estimat de lectura\" \/>\n\t<meta name=\"twitter:data2\" content=\"1 minut\" \/>\r\n<script type=\"application\/ld+json\" class=\"yoast-schema-graph\">{\"@context\":\"https:\/\/schema.org\",\"@graph\":[{\"@type\":\"Article\",\"@id\":\"https:\/\/www.metmann.com\/ca\/climatitzacio-evaporativa-en-el-sector-de-lautomocio\/#article\",\"isPartOf\":{\"@id\":\"https:\/\/www.metmann.com\/ca\/climatitzacio-evaporativa-en-el-sector-de-lautomocio\/\"},\"author\":{\"name\":\"Marcelo Gonfar\",\"@id\":\"https:\/\/www.metmann.com\/ca\/#\/schema\/person\/abb061f44d31128f243c7e8c9677bb01\"},\"headline\":\"Climatitzaci\u00f3 evaporativa en el sector de l&#8242;automoci\u00f3\",\"datePublished\":\"2018-07-20T00:00:00+00:00\",\"dateModified\":\"2018-07-20T00:00:00+00:00\",\"mainEntityOfPage\":{\"@id\":\"https:\/\/www.metmann.com\/ca\/climatitzacio-evaporativa-en-el-sector-de-lautomocio\/\"},\"wordCount\":247,\"commentCount\":0,\"publisher\":{\"@id\":\"https:\/\/www.metmann.com\/ca\/#organization\"},\"image\":{\"@id\":\"https:\/\/www.metmann.com\/ca\/climatitzacio-evaporativa-en-el-sector-de-lautomocio\/#primaryimage\"},\"thumbnailUrl\":\"https:\/\/www.metmann.com\/wp-content\/uploads\/2021\/09\/1533198939_ssLq.jpg\",\"articleSection\":[\"Noticies\"],\"inLanguage\":\"ca\",\"potentialAction\":[{\"@type\":\"CommentAction\",\"name\":\"Comment\",\"target\":[\"https:\/\/www.metmann.com\/ca\/climatitzacio-evaporativa-en-el-sector-de-lautomocio\/#respond\"]}]},{\"@type\":\"WebPage\",\"@id\":\"https:\/\/www.metmann.com\/ca\/climatitzacio-evaporativa-en-el-sector-de-lautomocio\/\",\"url\":\"https:\/\/www.metmann.com\/ca\/climatitzacio-evaporativa-en-el-sector-de-lautomocio\/\",\"name\":\"Climatitzaci\u00f3 evaporativa en el sector de l&#8242;automoci\u00f3\",\"isPartOf\":{\"@id\":\"https:\/\/www.metmann.com\/ca\/#website\"},\"primaryImageOfPage\":{\"@id\":\"https:\/\/www.metmann.com\/ca\/climatitzacio-evaporativa-en-el-sector-de-lautomocio\/#primaryimage\"},\"image\":{\"@id\":\"https:\/\/www.metmann.com\/ca\/climatitzacio-evaporativa-en-el-sector-de-lautomocio\/#primaryimage\"},\"thumbnailUrl\":\"https:\/\/www.metmann.com\/wp-content\/uploads\/2021\/09\/1533198939_ssLq.jpg\",\"datePublished\":\"2018-07-20T00:00:00+00:00\",\"dateModified\":\"2018-07-20T00:00:00+00:00\",\"description\":\"La climatitzaci\u00f3 evaporativa en el sector de l&#8242;automoci\u00f3 \u00e9s una soluci\u00f3 ecol\u00f2gica, efica\u00e7 i econ\u00f2mica.\",\"breadcrumb\":{\"@id\":\"https:\/\/www.metmann.com\/ca\/climatitzacio-evaporativa-en-el-sector-de-lautomocio\/#breadcrumb\"},\"inLanguage\":\"ca\",\"potentialAction\":[{\"@type\":\"ReadAction\",\"target\":[\"https:\/\/www.metmann.com\/ca\/climatitzacio-evaporativa-en-el-sector-de-lautomocio\/\"]}]},{\"@type\":\"ImageObject\",\"inLanguage\":\"ca\",\"@id\":\"https:\/\/www.metmann.com\/ca\/climatitzacio-evaporativa-en-el-sector-de-lautomocio\/#primaryimage\",\"url\":\"https:\/\/www.metmann.com\/wp-content\/uploads\/2021\/09\/1533198939_ssLq.jpg\",\"contentUrl\":\"https:\/\/www.metmann.com\/wp-content\/uploads\/2021\/09\/1533198939_ssLq.jpg\",\"width\":1200,\"height\":991},{\"@type\":\"BreadcrumbList\",\"@id\":\"https:\/\/www.metmann.com\/ca\/climatitzacio-evaporativa-en-el-sector-de-lautomocio\/#breadcrumb\",\"itemListElement\":[{\"@type\":\"ListItem\",\"position\":1,\"name\":\"Inicio\",\"item\":\"https:\/\/www.metmann.com\/ca\/\"},{\"@type\":\"ListItem\",\"position\":2,\"name\":\"Noticies\",\"item\":\"https:\/\/www.metmann.com\/ca\/category\/noticies\/\"},{\"@type\":\"ListItem\",\"position\":3,\"name\":\"Climatitzaci\u00f3 evaporativa en el sector de l&#8242;automoci\u00f3\"}]},{\"@type\":\"WebSite\",\"@id\":\"https:\/\/www.metmann.com\/ca\/#website\",\"url\":\"https:\/\/www.metmann.com\/ca\/\",\"name\":\"MET MANN\",\"description\":\"Climatizaci\u00f3n industrial, Calefactores y Ventilaci\u00f3n para empresas\",\"publisher\":{\"@id\":\"https:\/\/www.metmann.com\/ca\/#organization\"},\"potentialAction\":[{\"@type\":\"SearchAction\",\"target\":{\"@type\":\"EntryPoint\",\"urlTemplate\":\"https:\/\/www.metmann.com\/ca\/?s={search_term_string}\"},\"query-input\":\"required name=search_term_string\"}],\"inLanguage\":\"ca\"},{\"@type\":\"Organization\",\"@id\":\"https:\/\/www.metmann.com\/ca\/#organization\",\"name\":\"Met Mann\",\"url\":\"https:\/\/www.metmann.com\/ca\/\",\"logo\":{\"@type\":\"ImageObject\",\"inLanguage\":\"ca\",\"@id\":\"https:\/\/www.metmann.com\/ca\/#\/schema\/logo\/image\/\",\"url\":\"https:\/\/www.metmann.com\/wp-content\/uploads\/2021\/12\/logo-color-met-mann-01.jpg\",\"contentUrl\":\"https:\/\/www.metmann.com\/wp-content\/uploads\/2021\/12\/logo-color-met-mann-01.jpg\",\"width\":351,\"height\":133,\"caption\":\"Met Mann\"},\"image\":{\"@id\":\"https:\/\/www.metmann.com\/ca\/#\/schema\/logo\/image\/\"}},{\"@type\":\"Person\",\"@id\":\"https:\/\/www.metmann.com\/ca\/#\/schema\/person\/abb061f44d31128f243c7e8c9677bb01\",\"name\":\"Marcelo Gonfar\",\"image\":{\"@type\":\"ImageObject\",\"inLanguage\":\"ca\",\"@id\":\"https:\/\/www.metmann.com\/ca\/#\/schema\/person\/image\/\",\"url\":\"https:\/\/secure.gravatar.com\/avatar\/f8e37661ecf23489bf1e65088ca5cfbd?s=96&d=mm&r=g\",\"contentUrl\":\"https:\/\/secure.gravatar.com\/avatar\/f8e37661ecf23489bf1e65088ca5cfbd?s=96&d=mm&r=g\",\"caption\":\"Marcelo Gonfar\"},\"url\":\"https:\/\/www.metmann.com\/ca\/author\/produccionvisualpublinet-com\/\"}]}<\/script>\r\n<!-- \/ Yoast SEO plugin. -->","yoast_head_json":{"title":"Climatitzaci\u00f3 evaporativa en el sector de l&#8242;automoci\u00f3","description":"La climatitzaci\u00f3 evaporativa en el sector de l&#8242;automoci\u00f3 \u00e9s una soluci\u00f3 ecol\u00f2gica, efica\u00e7 i econ\u00f2mica.","robots":{"index":"index","follow":"follow","max-snippet":"max-snippet:-1","max-image-preview":"max-image-preview:large","max-video-preview":"max-video-preview:-1"},"canonical":"https:\/\/www.metmann.com\/ca\/climatitzacio-evaporativa-en-el-sector-de-lautomocio\/","og_locale":"ca_ES","og_type":"article","og_title":"Climatitzaci\u00f3 evaporativa en el sector de l&#8242;automoci\u00f3","og_description":"La climatitzaci\u00f3 evaporativa en el sector de l&#8242;automoci\u00f3 \u00e9s una soluci\u00f3 ecol\u00f2gica, efica\u00e7 i econ\u00f2mica.","og_url":"https:\/\/www.metmann.com\/ca\/climatitzacio-evaporativa-en-el-sector-de-lautomocio\/","og_site_name":"MET MANN","article_published_time":"2018-07-20T00:00:00+00:00","og_image":[{"url":"https:\/\/www.metmann.com\/wp-content\/uploads\/2021\/09\/1533198939_ssLq.jpg"}],"author":"Marcelo Gonfar","twitter_card":"summary_large_image","twitter_title":"Climatitzaci\u00f3 evaporativa en el sector de l&#8242;automoci\u00f3","twitter_description":"La climatitzaci\u00f3 evaporativa en el sector de l&#8242;automoci\u00f3 \u00e9s una soluci\u00f3 ecol\u00f2gica, efica\u00e7 i econ\u00f2mica.","twitter_image":"https:\/\/www.metmann.com\/wp-content\/uploads\/2021\/09\/1533198939_ssLq.jpg","twitter_misc":{"Escrit per":"Marcelo Gonfar","Temps estimat de lectura":"1 minut"},"schema":{"@context":"https:\/\/schema.org","@graph":[{"@type":"Article","@id":"https:\/\/www.metmann.com\/ca\/climatitzacio-evaporativa-en-el-sector-de-lautomocio\/#article","isPartOf":{"@id":"https:\/\/www.metmann.com\/ca\/climatitzacio-evaporativa-en-el-sector-de-lautomocio\/"},"author":{"name":"Marcelo Gonfar","@id":"https:\/\/www.metmann.com\/ca\/#\/schema\/person\/abb061f44d31128f243c7e8c9677bb01"},"headline":"Climatitzaci\u00f3 evaporativa en el sector de l&#8242;automoci\u00f3","datePublished":"2018-07-20T00:00:00+00:00","dateModified":"2018-07-20T00:00:00+00:00","mainEntityOfPage":{"@id":"https:\/\/www.metmann.com\/ca\/climatitzacio-evaporativa-en-el-sector-de-lautomocio\/"},"wordCount":247,"commentCount":0,"publisher":{"@id":"https:\/\/www.metmann.com\/ca\/#organization"},"image":{"@id":"https:\/\/www.metmann.com\/ca\/climatitzacio-evaporativa-en-el-sector-de-lautomocio\/#primaryimage"},"thumbnailUrl":"https:\/\/www.metmann.com\/wp-content\/uploads\/2021\/09\/1533198939_ssLq.jpg","articleSection":["Noticies"],"inLanguage":"ca","potentialAction":[{"@type":"CommentAction","name":"Comment","target":["https:\/\/www.metmann.com\/ca\/climatitzacio-evaporativa-en-el-sector-de-lautomocio\/#respond"]}]},{"@type":"WebPage","@id":"https:\/\/www.metmann.com\/ca\/climatitzacio-evaporativa-en-el-sector-de-lautomocio\/","url":"https:\/\/www.metmann.com\/ca\/climatitzacio-evaporativa-en-el-sector-de-lautomocio\/","name":"Climatitzaci\u00f3 evaporativa en el sector de l&#8242;automoci\u00f3","isPartOf":{"@id":"https:\/\/www.metmann.com\/ca\/#website"},"primaryImageOfPage":{"@id":"https:\/\/www.metmann.com\/ca\/climatitzacio-evaporativa-en-el-sector-de-lautomocio\/#primaryimage"},"image":{"@id":"https:\/\/www.metmann.com\/ca\/climatitzacio-evaporativa-en-el-sector-de-lautomocio\/#primaryimage"},"thumbnailUrl":"https:\/\/www.metmann.com\/wp-content\/uploads\/2021\/09\/1533198939_ssLq.jpg","datePublished":"2018-07-20T00:00:00+00:00","dateModified":"2018-07-20T00:00:00+00:00","description":"La climatitzaci\u00f3 evaporativa en el sector de l&#8242;automoci\u00f3 \u00e9s una soluci\u00f3 ecol\u00f2gica, efica\u00e7 i econ\u00f2mica.","breadcrumb":{"@id":"https:\/\/www.metmann.com\/ca\/climatitzacio-evaporativa-en-el-sector-de-lautomocio\/#breadcrumb"},"inLanguage":"ca","potentialAction":[{"@type":"ReadAction","target":["https:\/\/www.metmann.com\/ca\/climatitzacio-evaporativa-en-el-sector-de-lautomocio\/"]}]},{"@type":"ImageObject","inLanguage":"ca","@id":"https:\/\/www.metmann.com\/ca\/climatitzacio-evaporativa-en-el-sector-de-lautomocio\/#primaryimage","url":"https:\/\/www.metmann.com\/wp-content\/uploads\/2021\/09\/1533198939_ssLq.jpg","contentUrl":"https:\/\/www.metmann.com\/wp-content\/uploads\/2021\/09\/1533198939_ssLq.jpg","width":1200,"height":991},{"@type":"BreadcrumbList","@id":"https:\/\/www.metmann.com\/ca\/climatitzacio-evaporativa-en-el-sector-de-lautomocio\/#breadcrumb","itemListElement":[{"@type":"ListItem","position":1,"name":"Inicio","item":"https:\/\/www.metmann.com\/ca\/"},{"@type":"ListItem","position":2,"name":"Noticies","item":"https:\/\/www.metmann.com\/ca\/category\/noticies\/"},{"@type":"ListItem","position":3,"name":"Climatitzaci\u00f3 evaporativa en el sector de l&#8242;automoci\u00f3"}]},{"@type":"WebSite","@id":"https:\/\/www.metmann.com\/ca\/#website","url":"https:\/\/www.metmann.com\/ca\/","name":"MET MANN","description":"Climatizaci\u00f3n industrial, Calefactores y Ventilaci\u00f3n para empresas","publisher":{"@id":"https:\/\/www.metmann.com\/ca\/#organization"},"potentialAction":[{"@type":"SearchAction","target":{"@type":"EntryPoint","urlTemplate":"https:\/\/www.metmann.com\/ca\/?s={search_term_string}"},"query-input":"required name=search_term_string"}],"inLanguage":"ca"},{"@type":"Organization","@id":"https:\/\/www.metmann.com\/ca\/#organization","name":"Met Mann","url":"https:\/\/www.metmann.com\/ca\/","logo":{"@type":"ImageObject","inLanguage":"ca","@id":"https:\/\/www.metmann.com\/ca\/#\/schema\/logo\/image\/","url":"https:\/\/www.metmann.com\/wp-content\/uploads\/2021\/12\/logo-color-met-mann-01.jpg","contentUrl":"https:\/\/www.metmann.com\/wp-content\/uploads\/2021\/12\/logo-color-met-mann-01.jpg","width":351,"height":133,"caption":"Met Mann"},"image":{"@id":"https:\/\/www.metmann.com\/ca\/#\/schema\/logo\/image\/"}},{"@type":"Person","@id":"https:\/\/www.metmann.com\/ca\/#\/schema\/person\/abb061f44d31128f243c7e8c9677bb01","name":"Marcelo Gonfar","image":{"@type":"ImageObject","inLanguage":"ca","@id":"https:\/\/www.metmann.com\/ca\/#\/schema\/person\/image\/","url":"https:\/\/secure.gravatar.com\/avatar\/f8e37661ecf23489bf1e65088ca5cfbd?s=96&d=mm&r=g","contentUrl":"https:\/\/secure.gravatar.com\/avatar\/f8e37661ecf23489bf1e65088ca5cfbd?s=96&d=mm&r=g","caption":"Marcelo Gonfar"},"url":"https:\/\/www.metmann.com\/ca\/author\/produccionvisualpublinet-com\/"}]}},"_links":{"self":[{"href":"https:\/\/www.metmann.com\/ca\/wp-json\/wp\/v2\/posts\/2843"}],"collection":[{"href":"https:\/\/www.metmann.com\/ca\/wp-json\/wp\/v2\/posts"}],"about":[{"href":"https:\/\/www.metmann.com\/ca\/wp-json\/wp\/v2\/types\/post"}],"author":[{"embeddable":true,"href":"https:\/\/www.metmann.com\/ca\/wp-json\/wp\/v2\/users\/1"}],"replies":[{"embeddable":true,"href":"https:\/\/www.metmann.com\/ca\/wp-json\/wp\/v2\/comments?post=2843"}],"version-history":[{"count":0,"href":"https:\/\/www.metmann.com\/ca\/wp-json\/wp\/v2\/posts\/2843\/revisions"}],"wp:featuredmedia":[{"embeddable":true,"href":"https:\/\/www.metmann.com\/ca\/wp-json\/wp\/v2\/media\/297"}],"wp:attachment":[{"href":"https:\/\/www.metmann.com\/ca\/wp-json\/wp\/v2\/media?parent=2843"}],"wp:term":[{"taxonomy":"category","embeddable":true,"href":"https:\/\/www.metmann.com\/ca\/wp-json\/wp\/v2\/categories?post=2843"},{"taxonomy":"post_tag","embeddable":true,"href":"https:\/\/www.metmann.com\/ca\/wp-json\/wp\/v2\/tags?post=2843"}],"curies":[{"name":"wp","href":"https:\/\/api.w.org\/{rel}","templated":true}]}}