{"id":2860,"date":"2020-05-08T00:00:00","date_gmt":"2020-05-08T00:00:00","guid":{"rendered":"https:\/\/metmann.com.185-176-9-81.185-176-9-81.visualpublinet.com\/son-efectives-les-cortines-daire\/"},"modified":"2020-05-08T00:00:00","modified_gmt":"2020-05-08T00:00:00","slug":"son-efectives-les-cortines-daire","status":"publish","type":"post","link":"https:\/\/www.metmann.com\/ca\/son-efectives-les-cortines-daire\/","title":{"rendered":"S\u00f3n efectives les cortines d&#8242;aire?"},"content":{"rendered":"<div>Doncs b&eacute;, tots els estudis realitzats han demostrat que mitjan\u00e7ant una eficient instal\u00b7laci\u00f3 d&#8242;aquests sistemes aconseguim climatitzar l&#8242;entrada de l&#8242;estada a el mateix nivell que la resta de l&#8242;espai, mantenint-se a una temperatura agradable i sense que entrin males olors, insectes o bacteris de qualsevol tipus que poden contaminar l&#8242;ambient.<\/p>\n<p> \tA continuaci\u00f3 t&#8242;expliquem amb m&eacute;s profunditat els motius pels quals s\u00f3n efectives les cortines d&#8242;aire i per qu\u00e8 hauries instal\u00b7lar una ja en el teu negoci. Comencem!<\/p><\/div>\n<p>  <\/p>\n<div> \t<\/div>\n<h2>En qu\u00e8 consisteixen i com funcionen les cortines d&#8242;aire?<\/h2>\n<p>Les cortines d&#8242;aire s\u00f3n un sistema de climatitzaci\u00f3 que llan\u00e7a un raig d&#8242;aire creant una barrera invisible entre l&#8242;interior i l&#8242;exterior. Contribueixen a generar espais confortables a l&#8242;reduir els corrents d&#8242;aire i regular la temperatura interior, aconseguint separar dos ambients diferents eficientment i sense suprimir l&#8242;acc&eacute;s a les persones. Per si fos poc, tamb&eacute; permeten optimitzar l&#8242;efici\u00e8ncia energ\u00e8tica i el consum d&#8242;energia. \u00bfComences a entendre per qu\u00e8 s\u00f3n efectives les cortines d&#8242;aire?<\/p>\n<p> Aquests equips de climatitzaci\u00f3 compten amb una reixeta a trav&eacute;s de la qual entra l&#8242;aire, que posteriorment passa per uns ventiladors instal\u00b7lats a l&#8242;interior i el dirigeixen cap a la sortida. Poden funcionar cont\u00ednuament, ja sigui accionant manualment o de forma remota a trav&eacute;s d&#8242;un comandament. A m&eacute;s, tamb&eacute; hi ha models que disposen de sensors que detecten l&#8242;obertura de la porta i posen en funcionament la cortina. <\/p>\n<div>&nbsp;<\/div>\n<h2>Raons per les quals utilitzar cortines d&#8242;aire<\/h2>\n<p>Si encara no coneixes de primera m\u00e0 el rendiment d&#8242;aquests aparells de climatitzaci\u00f3, a continuaci\u00f3 et anem a comptar les principals raons per les que s\u00f3n tan efectives les cortines d&#8242;aire. Una s\u00e8rie de motius que fan d&#8242;aquest sistema una manera de climatitzaci\u00f3 ideal per al teu negoci.<\/p>\n<p> &#8211; Garanteixen el confort dins de l&#8242;establiment dels clients i dels treballadors, ajudant-los a realitzar la seva tasca en un entorn molt m&eacute;s agradable i incrementant aix\u00ed la seva productivitat. Independentment de la data de l&#8242;any en qu\u00e8 ens trobem, es crea un clima adequat i s&#8242;eviten les molestes corrents d&#8242;aire.<\/p>\n<p> &#8211; Es disminueixen les p\u00e8rdues d&#8242;energia derivades de l&#8242;acondicionament de l&#8242;espai i de la millora de les condicions t\u00e8rmiques. Amb la seva instal\u00b7laci\u00f3, aconseguir\u00e0s disminuir els costos de manteniment a el mateix temps que redueixes les emissions de CO2.<\/p>\n<p> &#8211; Fan possible que mantinguis la porta del teu negoci oberta, incentivant aix\u00ed l&#8242;aflu\u00e8ncia de gent al teu local i ampliant les possibilitats d&#8242;augmentar el nombre de vendes.<\/p>\n<p> &#8211; Aconsegueixes augmentar l&#8242;espai \u00fatil de l&#8242;entrada a el local, sense necessitat d&#8242;haver d&#8242;instal\u00b7lar un vest\u00edbul. Un altre punt a favor &eacute;s que la porta de l&#8242;negoci pot ser utilitzada com ESCAPA&#8242;T, incrementant la visibilitat de l&#8242;interior.<\/p>\n<p> &#8211; Actua com a barrera davant la possible entrada de pols, fums, pudors i tot tipus de part\u00edcules en suspensi\u00f3, sense oblidar-nos de possibles plagues i insectes.<\/p>\n<p> &#8211; Es facilita l&#8242;acc&eacute;s a al local de persones amb mobilitat redu\u00efda, que hagin de fer \u00fas de cadira de rodes o que hagin de portar amb si un carro de nad\u00f3.<\/p>\n<p> &#8211; A difer\u00e8ncia d&#8242;altres equips de climatitzaci\u00f3, el seu funcionament &eacute;s molt silenci\u00f3s pel que no generar\u00e0 contaminaci\u00f3 ac\u00fastica. <\/p>\n<div> \t<\/div>\n<h2>Troba la cortina d&#8242;aire m&eacute;s eficient<\/h2>\n<div>En funci\u00f3n de sus caracter\u00edsticas t&eacute;cnicas, podemos encontrar dos tipos principales de cortinas de aire:<\/div>\n<div> \t<\/div>\n<h3>Cortines de recirculaci\u00f3 d&#8242;aire<\/h3>\n<div>Es tracten dels sistemes d&#8242;aire m&eacute;s eficients, ja que l&#8242;aire s&#8242;expulsa i es recull per tornar per la cortina. El costat negatiu &eacute;s que tenen un cost m&eacute;s elevat a causa de la seva complexitat.<\/div>\n<div> \t<\/div>\n<h3>Cortines de no recirculaci\u00f3<\/h3>\n<p>S\u00f3n unes cortines d&#8242;aire molt senzilles d&#8242;instal\u00b7lar i de mantenir correctament. El seu cost &eacute;s m&eacute;s redu\u00eft i en aquest cas expulsen l&#8242;aire a l&#8242;ambient.<\/p>\n<p> A m&eacute;s, per aconseguir treure el m\u00e0xim rendiment i efectivitat de les cortines d&#8242;aire, has de tenir en compte diferents aspectes que poden que poden condicionar el seu funcionament:<\/p>\n<p> &#8211; Dimensions de la porta: si vols assegurar-te que la teva cortina d&#8242;aire &eacute;s completament efectiva, has de saber que la seva mida ha de ser m&eacute;s ample que la porta que va a cobrir per garantir el control total de l&#8242;entrada d&#8242;aire. Tamb&eacute; hi ha d&#8242;haver espai suficient per col\u00b7locar la cortina d&#8242;aire el m&eacute;s a prop possible de la porta.<\/p>\n<p> &#8211; Circumst\u00e0ncies mediambientals: l&#8242;efectivitat de les cortines d&#8242;aire tamb&eacute; es veu alterada per factors externs com la temperatura i la velocitat de l&#8242;aire que hi hagi a l&#8242;exterior. Per aquest motiu, cal emprar m&eacute;s pot\u00e8ncia en aquells llocs en qu\u00e8 &eacute;s m&eacute;s freq\u00fcent que es produeixin grans corrents d&#8242;aire fred, mentre que la pot\u00e8ncia ser\u00e0 menor en zones amb temperatures m&eacute;s temperades.<\/p>\n<p> &#8211; Al\u00e7ada de la instal\u00b7laci\u00f3: cal que l&#8242;equip emeti aire a una velocitat prou fort com per cobrir tot l&#8242;alt i l&#8242;amplada de la porta l&#8242;establiment. <\/p>\n<div> \t<\/div>\n<h2>Instal\u00b7lar cortines d&#8242;aire amb MET MANN<\/h2>\n<p>Si despr&eacute;s de llegir aquest article et tornen a preguntar sobre si s\u00f3n efectives les cortines d&#8242;aire, creiem que aquest cop la teva resposta va ser molt clara: rotundament s\u00ed. Aquest sistema suposa una perfecta soluci\u00f3 per solucionar els problemes de climatitzaci\u00f3 de tot tipus de locals comercials, aconseguint generar un espai en el qual es reuneixen les condicions de climatitzaci\u00f3 id\u00f2nies tant per a empleats com per a clients.<\/p>\n<p> Si encara no disposes d&#8242;aquest sistema, en MET MANN t&#8242;assessorem perqu\u00e8 trobis les millors cortines d&#8242;aire per al teu negoci. Posa&#8242;t en contacte amb el nostre equip professional i demana el teu pressupost. Ens encarreguem de tot el necessari per a la seva instal\u00b7laci\u00f3. <\/p>\n<div> \t<\/div>\n","protected":false},"excerpt":{"rendered":"<p>Les cortines d&#8242;aire s&#8242;han convertit en les aparells de climatitzaci\u00f3 per excel\u00b7l\u00e8ncia en multitud de locals comercials durant els darrers anys, ja siguin petits comer\u00e7os o grans superf\u00edcies com centres comercials. Davant la gran popularitat que han assolit aquests sistemes, ens sorgeix una pregunta: realment s\u00f3n efectives les cortines d&#8242;aire?<\/p>\n","protected":false},"author":1,"featured_media":440,"comment_status":"open","ping_status":"open","sticky":false,"template":"","format":"standard","meta":{"_acf_changed":false,"_et_pb_use_builder":"","_et_pb_old_content":"","_et_gb_content_width":"","_joinchat":[],"footnotes":""},"categories":[51],"tags":[],"acf":[],"yoast_head":"<!-- This site is optimized with the Yoast SEO plugin v22.6 - https:\/\/yoast.com\/wordpress\/plugins\/seo\/ -->\r\n<title>S\u00f3n efectives les cortines d&#8242;aire?<\/title>\r\n<meta name=\"description\" content=\"Cada vegada s\u00f3n m\u00e9s les persones que aposten per les cortines d&#8242;aire com a sistema de climatitzaci\u00f3 per\u00f2, s\u00f3n realment efectives? T&#8242;ho expliquem\" \/>\r\n<meta name=\"robots\" content=\"index, follow, max-snippet:-1, max-image-preview:large, max-video-preview:-1\" \/>\r\n<link rel=\"canonical\" href=\"https:\/\/www.metmann.com\/ca\/son-efectives-les-cortines-daire\/\" \/>\r\n<meta property=\"og:locale\" content=\"ca_ES\" \/>\r\n<meta property=\"og:type\" content=\"article\" \/>\r\n<meta property=\"og:title\" content=\"S\u00f3n efectives les cortines d&#8242;aire?\" \/>\r\n<meta property=\"og:description\" content=\"Cada vegada s\u00f3n m\u00e9s les persones que aposten per les cortines d&#8242;aire com a sistema de climatitzaci\u00f3 per\u00f2, s\u00f3n realment efectives? T&#8242;ho expliquem\" \/>\r\n<meta property=\"og:url\" content=\"https:\/\/www.metmann.com\/ca\/son-efectives-les-cortines-daire\/\" \/>\r\n<meta property=\"og:site_name\" content=\"MET MANN\" \/>\r\n<meta property=\"article:published_time\" content=\"2020-05-08T00:00:00+00:00\" \/>\r\n<meta property=\"og:image\" content=\"https:\/\/www.metmann.com\/wp-content\/uploads\/2021\/09\/1588925906_FFFX.jpg\" \/>\r\n<meta name=\"author\" content=\"Marcelo Gonfar\" \/>\r\n<meta name=\"twitter:card\" content=\"summary_large_image\" \/>\r\n<meta name=\"twitter:title\" content=\"S\u00f3n efectives les cortines d&#8242;aire?\" \/>\r\n<meta name=\"twitter:description\" content=\"Cada vegada s\u00f3n m\u00e9s les persones que aposten per les cortines d&#8242;aire com a sistema de climatitzaci\u00f3 per\u00f2, s\u00f3n realment efectives? T&#8242;ho expliquem\" \/>\r\n<meta name=\"twitter:image\" content=\"https:\/\/www.metmann.com\/wp-content\/uploads\/2021\/09\/1588925906_FFFX.jpg\" \/>\r\n<meta name=\"twitter:label1\" content=\"Escrit per\" \/>\n\t<meta name=\"twitter:data1\" content=\"Marcelo Gonfar\" \/>\n\t<meta name=\"twitter:label2\" content=\"Temps estimat de lectura\" \/>\n\t<meta name=\"twitter:data2\" content=\"5 minuts\" \/>\r\n<script type=\"application\/ld+json\" class=\"yoast-schema-graph\">{\"@context\":\"https:\/\/schema.org\",\"@graph\":[{\"@type\":\"Article\",\"@id\":\"https:\/\/www.metmann.com\/ca\/son-efectives-les-cortines-daire\/#article\",\"isPartOf\":{\"@id\":\"https:\/\/www.metmann.com\/ca\/son-efectives-les-cortines-daire\/\"},\"author\":{\"name\":\"Marcelo Gonfar\",\"@id\":\"https:\/\/www.metmann.com\/ca\/#\/schema\/person\/abb061f44d31128f243c7e8c9677bb01\"},\"headline\":\"S\u00f3n efectives les cortines d&#8242;aire?\",\"datePublished\":\"2020-05-08T00:00:00+00:00\",\"dateModified\":\"2020-05-08T00:00:00+00:00\",\"mainEntityOfPage\":{\"@id\":\"https:\/\/www.metmann.com\/ca\/son-efectives-les-cortines-daire\/\"},\"wordCount\":1073,\"commentCount\":0,\"publisher\":{\"@id\":\"https:\/\/www.metmann.com\/ca\/#organization\"},\"image\":{\"@id\":\"https:\/\/www.metmann.com\/ca\/son-efectives-les-cortines-daire\/#primaryimage\"},\"thumbnailUrl\":\"https:\/\/www.metmann.com\/wp-content\/uploads\/2021\/09\/1588925906_FFFX.jpg\",\"articleSection\":[\"Noticies\"],\"inLanguage\":\"ca\",\"potentialAction\":[{\"@type\":\"CommentAction\",\"name\":\"Comment\",\"target\":[\"https:\/\/www.metmann.com\/ca\/son-efectives-les-cortines-daire\/#respond\"]}]},{\"@type\":\"WebPage\",\"@id\":\"https:\/\/www.metmann.com\/ca\/son-efectives-les-cortines-daire\/\",\"url\":\"https:\/\/www.metmann.com\/ca\/son-efectives-les-cortines-daire\/\",\"name\":\"S\u00f3n efectives les cortines d&#8242;aire?\",\"isPartOf\":{\"@id\":\"https:\/\/www.metmann.com\/ca\/#website\"},\"primaryImageOfPage\":{\"@id\":\"https:\/\/www.metmann.com\/ca\/son-efectives-les-cortines-daire\/#primaryimage\"},\"image\":{\"@id\":\"https:\/\/www.metmann.com\/ca\/son-efectives-les-cortines-daire\/#primaryimage\"},\"thumbnailUrl\":\"https:\/\/www.metmann.com\/wp-content\/uploads\/2021\/09\/1588925906_FFFX.jpg\",\"datePublished\":\"2020-05-08T00:00:00+00:00\",\"dateModified\":\"2020-05-08T00:00:00+00:00\",\"description\":\"Cada vegada s\u00f3n m\u00e9s les persones que aposten per les cortines d&#8242;aire com a sistema de climatitzaci\u00f3 per\u00f2, s\u00f3n realment efectives? T&#8242;ho expliquem\",\"breadcrumb\":{\"@id\":\"https:\/\/www.metmann.com\/ca\/son-efectives-les-cortines-daire\/#breadcrumb\"},\"inLanguage\":\"ca\",\"potentialAction\":[{\"@type\":\"ReadAction\",\"target\":[\"https:\/\/www.metmann.com\/ca\/son-efectives-les-cortines-daire\/\"]}]},{\"@type\":\"ImageObject\",\"inLanguage\":\"ca\",\"@id\":\"https:\/\/www.metmann.com\/ca\/son-efectives-les-cortines-daire\/#primaryimage\",\"url\":\"https:\/\/www.metmann.com\/wp-content\/uploads\/2021\/09\/1588925906_FFFX.jpg\",\"contentUrl\":\"https:\/\/www.metmann.com\/wp-content\/uploads\/2021\/09\/1588925906_FFFX.jpg\",\"width\":400,\"height\":300},{\"@type\":\"BreadcrumbList\",\"@id\":\"https:\/\/www.metmann.com\/ca\/son-efectives-les-cortines-daire\/#breadcrumb\",\"itemListElement\":[{\"@type\":\"ListItem\",\"position\":1,\"name\":\"Inicio\",\"item\":\"https:\/\/www.metmann.com\/ca\/\"},{\"@type\":\"ListItem\",\"position\":2,\"name\":\"Noticies\",\"item\":\"https:\/\/www.metmann.com\/ca\/category\/noticies\/\"},{\"@type\":\"ListItem\",\"position\":3,\"name\":\"S\u00f3n efectives les cortines d&#8242;aire?\"}]},{\"@type\":\"WebSite\",\"@id\":\"https:\/\/www.metmann.com\/ca\/#website\",\"url\":\"https:\/\/www.metmann.com\/ca\/\",\"name\":\"MET MANN\",\"description\":\"Climatizaci\u00f3n industrial, Calefactores y Ventilaci\u00f3n para empresas\",\"publisher\":{\"@id\":\"https:\/\/www.metmann.com\/ca\/#organization\"},\"potentialAction\":[{\"@type\":\"SearchAction\",\"target\":{\"@type\":\"EntryPoint\",\"urlTemplate\":\"https:\/\/www.metmann.com\/ca\/?s={search_term_string}\"},\"query-input\":\"required name=search_term_string\"}],\"inLanguage\":\"ca\"},{\"@type\":\"Organization\",\"@id\":\"https:\/\/www.metmann.com\/ca\/#organization\",\"name\":\"Met Mann\",\"url\":\"https:\/\/www.metmann.com\/ca\/\",\"logo\":{\"@type\":\"ImageObject\",\"inLanguage\":\"ca\",\"@id\":\"https:\/\/www.metmann.com\/ca\/#\/schema\/logo\/image\/\",\"url\":\"https:\/\/www.metmann.com\/wp-content\/uploads\/2021\/12\/logo-color-met-mann-01.jpg\",\"contentUrl\":\"https:\/\/www.metmann.com\/wp-content\/uploads\/2021\/12\/logo-color-met-mann-01.jpg\",\"width\":351,\"height\":133,\"caption\":\"Met Mann\"},\"image\":{\"@id\":\"https:\/\/www.metmann.com\/ca\/#\/schema\/logo\/image\/\"}},{\"@type\":\"Person\",\"@id\":\"https:\/\/www.metmann.com\/ca\/#\/schema\/person\/abb061f44d31128f243c7e8c9677bb01\",\"name\":\"Marcelo Gonfar\",\"image\":{\"@type\":\"ImageObject\",\"inLanguage\":\"ca\",\"@id\":\"https:\/\/www.metmann.com\/ca\/#\/schema\/person\/image\/\",\"url\":\"https:\/\/secure.gravatar.com\/avatar\/f8e37661ecf23489bf1e65088ca5cfbd?s=96&d=mm&r=g\",\"contentUrl\":\"https:\/\/secure.gravatar.com\/avatar\/f8e37661ecf23489bf1e65088ca5cfbd?s=96&d=mm&r=g\",\"caption\":\"Marcelo Gonfar\"},\"url\":\"https:\/\/www.metmann.com\/ca\/author\/produccionvisualpublinet-com\/\"}]}<\/script>\r\n<!-- \/ Yoast SEO plugin. -->","yoast_head_json":{"title":"S\u00f3n efectives les cortines d&#8242;aire?","description":"Cada vegada s\u00f3n m\u00e9s les persones que aposten per les cortines d&#8242;aire com a sistema de climatitzaci\u00f3 per\u00f2, s\u00f3n realment efectives? T&#8242;ho expliquem","robots":{"index":"index","follow":"follow","max-snippet":"max-snippet:-1","max-image-preview":"max-image-preview:large","max-video-preview":"max-video-preview:-1"},"canonical":"https:\/\/www.metmann.com\/ca\/son-efectives-les-cortines-daire\/","og_locale":"ca_ES","og_type":"article","og_title":"S\u00f3n efectives les cortines d&#8242;aire?","og_description":"Cada vegada s\u00f3n m\u00e9s les persones que aposten per les cortines d&#8242;aire com a sistema de climatitzaci\u00f3 per\u00f2, s\u00f3n realment efectives? T&#8242;ho expliquem","og_url":"https:\/\/www.metmann.com\/ca\/son-efectives-les-cortines-daire\/","og_site_name":"MET MANN","article_published_time":"2020-05-08T00:00:00+00:00","og_image":[{"url":"https:\/\/www.metmann.com\/wp-content\/uploads\/2021\/09\/1588925906_FFFX.jpg"}],"author":"Marcelo Gonfar","twitter_card":"summary_large_image","twitter_title":"S\u00f3n efectives les cortines d&#8242;aire?","twitter_description":"Cada vegada s\u00f3n m\u00e9s les persones que aposten per les cortines d&#8242;aire com a sistema de climatitzaci\u00f3 per\u00f2, s\u00f3n realment efectives? T&#8242;ho expliquem","twitter_image":"https:\/\/www.metmann.com\/wp-content\/uploads\/2021\/09\/1588925906_FFFX.jpg","twitter_misc":{"Escrit per":"Marcelo Gonfar","Temps estimat de lectura":"5 minuts"},"schema":{"@context":"https:\/\/schema.org","@graph":[{"@type":"Article","@id":"https:\/\/www.metmann.com\/ca\/son-efectives-les-cortines-daire\/#article","isPartOf":{"@id":"https:\/\/www.metmann.com\/ca\/son-efectives-les-cortines-daire\/"},"author":{"name":"Marcelo Gonfar","@id":"https:\/\/www.metmann.com\/ca\/#\/schema\/person\/abb061f44d31128f243c7e8c9677bb01"},"headline":"S\u00f3n efectives les cortines d&#8242;aire?","datePublished":"2020-05-08T00:00:00+00:00","dateModified":"2020-05-08T00:00:00+00:00","mainEntityOfPage":{"@id":"https:\/\/www.metmann.com\/ca\/son-efectives-les-cortines-daire\/"},"wordCount":1073,"commentCount":0,"publisher":{"@id":"https:\/\/www.metmann.com\/ca\/#organization"},"image":{"@id":"https:\/\/www.metmann.com\/ca\/son-efectives-les-cortines-daire\/#primaryimage"},"thumbnailUrl":"https:\/\/www.metmann.com\/wp-content\/uploads\/2021\/09\/1588925906_FFFX.jpg","articleSection":["Noticies"],"inLanguage":"ca","potentialAction":[{"@type":"CommentAction","name":"Comment","target":["https:\/\/www.metmann.com\/ca\/son-efectives-les-cortines-daire\/#respond"]}]},{"@type":"WebPage","@id":"https:\/\/www.metmann.com\/ca\/son-efectives-les-cortines-daire\/","url":"https:\/\/www.metmann.com\/ca\/son-efectives-les-cortines-daire\/","name":"S\u00f3n efectives les cortines d&#8242;aire?","isPartOf":{"@id":"https:\/\/www.metmann.com\/ca\/#website"},"primaryImageOfPage":{"@id":"https:\/\/www.metmann.com\/ca\/son-efectives-les-cortines-daire\/#primaryimage"},"image":{"@id":"https:\/\/www.metmann.com\/ca\/son-efectives-les-cortines-daire\/#primaryimage"},"thumbnailUrl":"https:\/\/www.metmann.com\/wp-content\/uploads\/2021\/09\/1588925906_FFFX.jpg","datePublished":"2020-05-08T00:00:00+00:00","dateModified":"2020-05-08T00:00:00+00:00","description":"Cada vegada s\u00f3n m\u00e9s les persones que aposten per les cortines d&#8242;aire com a sistema de climatitzaci\u00f3 per\u00f2, s\u00f3n realment efectives? T&#8242;ho expliquem","breadcrumb":{"@id":"https:\/\/www.metmann.com\/ca\/son-efectives-les-cortines-daire\/#breadcrumb"},"inLanguage":"ca","potentialAction":[{"@type":"ReadAction","target":["https:\/\/www.metmann.com\/ca\/son-efectives-les-cortines-daire\/"]}]},{"@type":"ImageObject","inLanguage":"ca","@id":"https:\/\/www.metmann.com\/ca\/son-efectives-les-cortines-daire\/#primaryimage","url":"https:\/\/www.metmann.com\/wp-content\/uploads\/2021\/09\/1588925906_FFFX.jpg","contentUrl":"https:\/\/www.metmann.com\/wp-content\/uploads\/2021\/09\/1588925906_FFFX.jpg","width":400,"height":300},{"@type":"BreadcrumbList","@id":"https:\/\/www.metmann.com\/ca\/son-efectives-les-cortines-daire\/#breadcrumb","itemListElement":[{"@type":"ListItem","position":1,"name":"Inicio","item":"https:\/\/www.metmann.com\/ca\/"},{"@type":"ListItem","position":2,"name":"Noticies","item":"https:\/\/www.metmann.com\/ca\/category\/noticies\/"},{"@type":"ListItem","position":3,"name":"S\u00f3n efectives les cortines d&#8242;aire?"}]},{"@type":"WebSite","@id":"https:\/\/www.metmann.com\/ca\/#website","url":"https:\/\/www.metmann.com\/ca\/","name":"MET MANN","description":"Climatizaci\u00f3n industrial, Calefactores y Ventilaci\u00f3n para empresas","publisher":{"@id":"https:\/\/www.metmann.com\/ca\/#organization"},"potentialAction":[{"@type":"SearchAction","target":{"@type":"EntryPoint","urlTemplate":"https:\/\/www.metmann.com\/ca\/?s={search_term_string}"},"query-input":"required name=search_term_string"}],"inLanguage":"ca"},{"@type":"Organization","@id":"https:\/\/www.metmann.com\/ca\/#organization","name":"Met Mann","url":"https:\/\/www.metmann.com\/ca\/","logo":{"@type":"ImageObject","inLanguage":"ca","@id":"https:\/\/www.metmann.com\/ca\/#\/schema\/logo\/image\/","url":"https:\/\/www.metmann.com\/wp-content\/uploads\/2021\/12\/logo-color-met-mann-01.jpg","contentUrl":"https:\/\/www.metmann.com\/wp-content\/uploads\/2021\/12\/logo-color-met-mann-01.jpg","width":351,"height":133,"caption":"Met Mann"},"image":{"@id":"https:\/\/www.metmann.com\/ca\/#\/schema\/logo\/image\/"}},{"@type":"Person","@id":"https:\/\/www.metmann.com\/ca\/#\/schema\/person\/abb061f44d31128f243c7e8c9677bb01","name":"Marcelo Gonfar","image":{"@type":"ImageObject","inLanguage":"ca","@id":"https:\/\/www.metmann.com\/ca\/#\/schema\/person\/image\/","url":"https:\/\/secure.gravatar.com\/avatar\/f8e37661ecf23489bf1e65088ca5cfbd?s=96&d=mm&r=g","contentUrl":"https:\/\/secure.gravatar.com\/avatar\/f8e37661ecf23489bf1e65088ca5cfbd?s=96&d=mm&r=g","caption":"Marcelo Gonfar"},"url":"https:\/\/www.metmann.com\/ca\/author\/produccionvisualpublinet-com\/"}]}},"_links":{"self":[{"href":"https:\/\/www.metmann.com\/ca\/wp-json\/wp\/v2\/posts\/2860"}],"collection":[{"href":"https:\/\/www.metmann.com\/ca\/wp-json\/wp\/v2\/posts"}],"about":[{"href":"https:\/\/www.metmann.com\/ca\/wp-json\/wp\/v2\/types\/post"}],"author":[{"embeddable":true,"href":"https:\/\/www.metmann.com\/ca\/wp-json\/wp\/v2\/users\/1"}],"replies":[{"embeddable":true,"href":"https:\/\/www.metmann.com\/ca\/wp-json\/wp\/v2\/comments?post=2860"}],"version-history":[{"count":0,"href":"https:\/\/www.metmann.com\/ca\/wp-json\/wp\/v2\/posts\/2860\/revisions"}],"wp:featuredmedia":[{"embeddable":true,"href":"https:\/\/www.metmann.com\/ca\/wp-json\/wp\/v2\/media\/440"}],"wp:attachment":[{"href":"https:\/\/www.metmann.com\/ca\/wp-json\/wp\/v2\/media?parent=2860"}],"wp:term":[{"taxonomy":"category","embeddable":true,"href":"https:\/\/www.metmann.com\/ca\/wp-json\/wp\/v2\/categories?post=2860"},{"taxonomy":"post_tag","embeddable":true,"href":"https:\/\/www.metmann.com\/ca\/wp-json\/wp\/v2\/tags?post=2860"}],"curies":[{"name":"wp","href":"https:\/\/api.w.org\/{rel}","templated":true}]}}