{"id":2863,"date":"2020-08-07T00:00:00","date_gmt":"2020-08-07T00:00:00","guid":{"rendered":"https:\/\/metmann.com.185-176-9-81.185-176-9-81.visualpublinet.com\/en-que-consisteix-el-refredament-evaporatiu\/"},"modified":"2020-08-07T00:00:00","modified_gmt":"2020-08-07T00:00:00","slug":"en-que-consisteix-el-refredament-evaporatiu","status":"publish","type":"post","link":"https:\/\/www.metmann.com\/ca\/en-que-consisteix-el-refredament-evaporatiu\/","title":{"rendered":"En qu\u00e8 consisteix el refredament evaporatiu?"},"content":{"rendered":"<p><span id=\"docs-internal-guid-fb071daa-7fff-e586-6bbb-775b3c16dd20\"> \t<\/p>\n<p dir=\"ltr\" style=\"line-height: 1.38; margin-top: 0pt; margin-bottom: 0pt;\"><span style=\"font-variant-numeric: normal; font-variant-east-asian: normal; vertical-align: baseline;\">En els \u00faltims anys, sistemes basats en el refredament per evaporaci\u00f3 com les torres de refredament o els condensadors evaporatius s&#8242;han implementat en sectors com el de l&#8242;fred industrial, donades les seves \u00e0mplies avantatges en termes d&#8242;efici\u00e8ncia i estalvi de costos. En aquest article detallarem totes les caracter\u00edstiques i avantatges d&#8242;aquests sistemes. Segueix llegint per con\u00e8ixer-les.<\/span><span style=\"font-variant-numeric: normal; font-variant-east-asian: normal; vertical-align: baseline;\"><\/span><\/p>\n<p> \t \t<\/p>\n<h2 style=\"line-height:1.38;margin-top:18pt;margin-bottom:6pt;\"><span style=\"font-variant-numeric: normal; font-variant-east-asian: normal; vertical-align: baseline;\">Com funciona el refredament per evaporaci\u00f3?<\/span><\/h2>\n<p> \tEls sistemes de refredament evaporatiu es basen en un principi f\u00edsic emprat des de l&#8242;antiguitat, per civilitzacions com la grega, eg\u00edpcia o \u00e0rab que utilitzaven el proc&eacute;s de l&#8242;evaporaci\u00f3 de l&#8242;aigua per reduir la temperatura de l&#8242;ambient circumdant, generant un intercanvi d&#8242;energia amb l&#8242;aire .<\/p>\n<p> \tUtilitza per a aix\u00f2 una din\u00e0mica que es troba en la naturalesa que es caracteritza per recollir aire sec i calent i fer-ho passar per un panell de refredament amb aigua freda, el que provoca que aquesta s&#8242;evapori i la temperatura baixi, juntament amb la sensaci\u00f3 t\u00e8rmica. Un m\u00e8tode similar a qu\u00e8 el nostre cos fa servir per refrescar la pell mitjan\u00e7ant l&#8242;evaporaci\u00f3 de la suor a la pell.<\/p>\n<p> \tTot i utilitzar nom&eacute;s aigua per al proc&eacute;s de refredament de l&#8242;aire, aquesta es reutilitza fins a en un 95% evaporant una petita quantitat i retirant una altra per evitar l&#8242;acumulaci\u00f3 de sals. L&#8242;aire que es reintrodueix despr&eacute;s de ser refredat produeix un fenomen conegut com a efecte &#8220;brisa de mar&#8221;, creant un ambient m&eacute;s net i fresc.<\/p>\n<p> \t<\/span> <\/p>\n<div><span id=\"docs-internal-guid-fb071daa-7fff-e586-6bbb-775b3c16dd20\">El refredament evaporatiu de l&#8242;aigua proporciona 2 possibilitats d&#8242;\u00fas que detallem a continuaci\u00f3:<\/span><\/div>\n<div>&nbsp;<\/div>\n<div><span id=\"docs-internal-guid-fb071daa-7fff-e586-6bbb-775b3c16dd20\"><\/span><\/div>\n<p><span id=\"docs-internal-guid-fb071daa-7fff-e586-6bbb-775b3c16dd20\"> \t<\/p>\n<h3 style=\"line-height: 1.38; margin-top: 0pt; margin-bottom: 0pt; padding: 0pt 0pt 8pt;\"><span style=\"font-variant-numeric: normal; font-variant-east-asian: normal; vertical-align: baseline;\">Refredament evaporatiu directe<\/span><\/h3>\n<p dir=\"ltr\" style=\"line-height: 1.38; margin-top: 0pt; margin-bottom: 0pt; padding: 0pt 0pt 8pt;\"><span style=\"font-variant-numeric: normal; font-variant-east-asian: normal; vertical-align: baseline;\">L&#8242;aire s&#8242;introdueix directament a l&#8242;espai que es busca refredar despr&eacute;s de passar per l&#8242;evaporador que ho refreda i humidifica. Aquest sistema &eacute;s particularment efectiu quan l&#8242;aire exterior est\u00e0 calent i sec o en pres\u00e8ncia d&#8242;escalfadors.<\/span><\/p>\n<p dir=\"ltr\" style=\"line-height: 1.38; margin-top: 0pt; margin-bottom: 0pt; padding: 0pt 0pt 8pt;\"> \t\t<\/p>\n<h3 style=\"line-height: 1.38; margin-top: 0pt; margin-bottom: 0pt; padding: 0pt 0pt 8pt;\"><span style=\"font-variant-numeric: normal; font-variant-east-asian: normal; vertical-align: baseline;\">Refredament evaporatiu indirecte<\/span><\/h3>\n<p>Considera que l&#8242;aire a l&#8242;passar per l&#8242;evaporador, resta la calor d&#8242;un intercanviador, aquest proc&eacute;s refreda l&#8242;aire, per\u00f2 no l&#8242;humidifica. Tots dos aires estan separats entre si, per tant la puresa de l&#8242;aire resulta intacta. Aquest sistema &eacute;s perfecte quan la humitat exterior ja &eacute;s alta.<\/p>\n<p> \tA m&eacute;s, al no alliberar vapor d&#8242;aigua en l&#8242;ambient refrigerat, no requereix cap control de la humitat. \t<\/p>\n<p dir=\"ltr\" style=\"line-height: 1.38; margin-top: 0pt; margin-bottom: 0pt; padding: 0pt 0pt 8pt;\">&nbsp;<\/p>\n<h2 dir=\"ltr\" style=\"line-height:1.38;margin-top:18pt;margin-bottom:6pt;\"><span style=\"font-variant-numeric: normal; font-variant-east-asian: normal; vertical-align: baseline;\">Avantatges de l&#8242;refredament evaporatiu de l&#8242;aigua<\/span><\/h2>\n<p> \t \t<\/p>\n<p dir=\"ltr\" style=\"line-height: 1.38; margin-top: 0pt; margin-bottom: 17pt;\"><span style=\"font-variant-numeric: normal; font-variant-east-asian: normal; vertical-align: baseline;\">Els sistemes de refrigeraci\u00f3 mitjan\u00e7ant refredament evaporatiu de l&#8242;aigua suposen una evoluci\u00f3 en la climatitzaci\u00f3 i refrigeraci\u00f3 d&#8242;ambients, amb una s\u00e8rie d&#8242;importants avantatges que detallem a continuaci\u00f3:<\/span><span style=\"font-variant-numeric: normal; font-variant-east-asian: normal; vertical-align: baseline;\"><\/span><\/p>\n<ul style=\"margin-top:0;margin-bottom:0;\">\n<li dir=\"ltr\" style=\"list-style-type: disc; font-variant-numeric: normal; font-variant-east-asian: normal; vertical-align: baseline;\">\n<h3><span style=\"font-variant-numeric: normal; font-variant-east-asian: normal; vertical-align: baseline;\">Estalvi energ\u00e8tic<\/span><\/h3>\n<p><span style=\"font-variant-numeric: normal; font-variant-east-asian: normal; vertical-align: baseline;\"><br \/> \t\t\t\t<\/span><span style=\"font-variant-numeric: normal; font-variant-east-asian: normal; vertical-align: baseline;\">Un dels avantatges m&eacute;s importants d&#8242;aquests sistemes &eacute;s el seu elevat estalvi energ\u00e8tic. L&#8242;evaporaci\u00f3 elimina molta calor per la qual cosa el flux d&#8242;aire requerit per refredar l&#8242;ambient &eacute;s m&eacute;s baix. Davant d&#8242;sistemes tradicionals d&#8242;intercanvi de calor, els sistemes basats en refredament evaporatiu poden aconseguir un estalvi energ\u00e8tic de fins a un 45%.<\/span><span style=\"font-variant-numeric: normal; font-variant-east-asian: normal; vertical-align: baseline;\"><br \/> \t\t\t\t<\/span> \t\t\t<\/p>\n<p>&nbsp;<\/p>\n<\/li>\n<li dir=\"ltr\" style=\"list-style-type: disc; font-variant-numeric: normal; font-variant-east-asian: normal; vertical-align: baseline;\">\n<h3 style=\"line-height: 1.38; margin-top: 0pt; margin-bottom: 17pt;\"><span style=\"font-variant-numeric: normal; font-variant-east-asian: normal; vertical-align: baseline;\">Respecte a l&#8242;entorn<\/span><\/h3>\n<\/li>\n<\/ul>\n<p dir=\"ltr\" style=\"line-height: 1.38; margin-left: 36pt; margin-top: 0pt; margin-bottom: 17pt;\"><span style=\"font-variant-numeric: normal; font-variant-east-asian: normal; vertical-align: baseline;\">A l&#8242;utilitzar la condensaci\u00f3 de l&#8242;aigua gaireb&eacute; no existeix impacte ambiental, at\u00e8s que no s&#8242;inclouen subst\u00e0ncies que puguin causar un impacte en l&#8242;ecosistema reduint l&#8242;efecte hivernacle i limitant les emissions de CO2 indirectes. (Elimina de el proc&eacute;s subst\u00e0ncies com CFC, HCFC, HFC que s\u00ed impacten sobre l&#8242;estat de la capa d&#8242;oz\u00f3).<\/span><\/p>\n<ul style=\"margin-top:0;margin-bottom:0;\">\n<li dir=\"ltr\" style=\"list-style-type: disc; font-variant-numeric: normal; font-variant-east-asian: normal; vertical-align: baseline;\">\n<h3><span style=\"font-variant-numeric: normal; font-variant-east-asian: normal; vertical-align: baseline;\">Funcionalitat en espais oberts<\/span><\/h3>\n<p><span style=\"font-variant-numeric: normal; font-variant-east-asian: normal; vertical-align: baseline;\"><br \/> \t\t\t\t<\/span><span style=\"font-variant-numeric: normal; font-variant-east-asian: normal; vertical-align: baseline;\">&Eacute;s possible instal\u00b7lar aquests sistemes en llocs o estades obertes, a l&#8242;contrari que altres sistemes de refrigeraci\u00f3 que fan circular l&#8242;aire i limiten la seva efici\u00e8ncia a espais tancats. De manera alternativa a l&#8242;aire condicionat, aquests sistemes funcionen millor amb les finestres obertes, creant una agradable corrent d&#8242;aire fresc.<\/span><span style=\"font-variant-numeric: normal; font-variant-east-asian: normal; vertical-align: baseline;\"><\/p>\n<p> \t\t\t\t<\/span> \t\t\t<\/p>\n<p>&nbsp;<\/p>\n<\/li>\n<li dir=\"ltr\" style=\"list-style-type: disc; font-variant-numeric: normal; font-variant-east-asian: normal; vertical-align: baseline;\">\n<h3><span style=\"font-variant-numeric: normal; font-variant-east-asian: normal; vertical-align: baseline;\">Gran capacitat per regular les temperatures<\/span><\/h3>\n<p><span style=\"font-variant-numeric: normal; font-variant-east-asian: normal; vertical-align: baseline;\">Aquests sistemes s\u00f3n capa\u00e7os de reduir temperatures en estades interiors en fins a 14\u00baC en climes amb un 20% -30% d&#8242;humitat relativa mitjana i 5\u00baC en climes m&eacute;s humits, amb humitats relatives de el 70% -80%.<\/span><span style=\"font-variant-numeric: normal; font-variant-east-asian: normal; vertical-align: baseline;\"><\/p>\n<p> \t\t\t\t<\/span> \t\t\t<\/p>\n<p>&nbsp;<\/p>\n<\/li>\n<li dir=\"ltr\" style=\"list-style-type: disc; font-variant-numeric: normal; font-variant-east-asian: normal; vertical-align: baseline;\">\n<h3 style=\"line-height: 1.38; margin-top: 0pt; margin-bottom: 17pt;\"><span style=\"font-variant-numeric: normal; font-variant-east-asian: normal; vertical-align: baseline;\">No afecta la legionel\u00b7la<\/span><\/h3>\n<\/li>\n<\/ul>\n<p dir=\"ltr\" style=\"line-height: 1.38; margin-left: 36pt; margin-top: 0pt; margin-bottom: 17pt;\"><span style=\"font-variant-numeric: normal; font-variant-east-asian: normal; vertical-align: baseline;\">Aquests sistemes, at\u00e8s que refreden l&#8242;aire per contacte i no mitjan\u00e7ant la generaci\u00f3 d&#8242;aerosols, no s\u00f3n afectats per la legionel\u00b7la, per la qual cosa no han de ser sotmesos a controls de sanitat a l&#8242;contrari que un altre tipus d&#8242;equips.<\/span><\/p>\n<ul style=\"margin-top:0;margin-bottom:0;\">\n<li dir=\"ltr\" style=\"list-style-type: disc; font-variant-numeric: normal; font-variant-east-asian: normal; vertical-align: baseline;\">\n<h3><span style=\"font-variant-numeric: normal; font-variant-east-asian: normal; vertical-align: baseline;\">Afegeixen humitat en climes secs<\/span><\/h3>\n<p><span style=\"font-variant-numeric: normal; font-variant-east-asian: normal; vertical-align: baseline;\">A l&#8242;expulsar aire amb una major concentraci\u00f3 d&#8242;humitat relativa, aporten una sensaci\u00f3 de confort considerable en ambients secs.<\/span><span style=\"font-variant-numeric: normal; font-variant-east-asian: normal; vertical-align: baseline;\"><\/p>\n<p> \t\t\t\t<\/span> \t\t\t<\/p>\n<p>&nbsp;<\/p>\n<\/li>\n<li dir=\"ltr\" style=\"list-style-type: disc; font-variant-numeric: normal; font-variant-east-asian: normal; vertical-align: baseline;\">\n<h3><span style=\"font-variant-numeric: normal; font-variant-east-asian: normal; vertical-align: baseline;\">Renova l&#8242;aire interior<\/span><\/h3>\n<p><span style=\"font-variant-numeric: normal; font-variant-east-asian: normal; vertical-align: baseline;\">Aquests sistemes renoven totalment l&#8242;aire de l&#8242;estada per aire net, fresc i filtrat. Eliminant possibles fums i olors.<\/span><span style=\"font-variant-numeric: normal; font-variant-east-asian: normal; vertical-align: baseline;\"><\/p>\n<p> \t\t\t\t<\/span> \t\t\t<\/p>\n<p>&nbsp;<\/p>\n<\/li>\n<li dir=\"ltr\" style=\"list-style-type: disc; font-variant-numeric: normal; font-variant-east-asian: normal; vertical-align: baseline;\">\n<h3><span style=\"font-variant-numeric: normal; font-variant-east-asian: normal; vertical-align: baseline;\">Menor impacte ac\u00fastic<\/span><\/h3>\n<p><span style=\"font-variant-numeric: normal; font-variant-east-asian: normal; vertical-align: baseline;\">Els equips de refredament evaporatiu s\u00f3n particularment silenciosos en comparaci\u00f3 amb altres sistemes.<\/span> \t\t\t<\/p>\n<p>&nbsp;<\/p>\n<\/li>\n<\/ul>\n<p> \t \t<\/p>\n<h2 style=\"line-height:1.38;margin-top:18pt;margin-bottom:6pt;\"><span style=\"font-variant-numeric: normal; font-variant-east-asian: normal; vertical-align: baseline;\">Aplicacions de l&#8242;refredament evaporatiu<\/span><\/h2>\n<p dir=\"ltr\" style=\"line-height: 1.38; margin-top: 0pt; margin-bottom: 0pt;\"><span style=\"font-variant-numeric: normal; font-variant-east-asian: normal; vertical-align: baseline;\">Tot i que aquests sistemes es fan servir per a un ampl\u00edssim rang d&#8242;aplicacions, els sectors que m&eacute;s demanden aquest tipus d&#8242;equips s\u00f3n:<\/span><\/p>\n<p> \t<span id=\"docs-internal-guid-fb071daa-7fff-e586-6bbb-775b3c16dd20\"> \t\t \t\t<\/p>\n<h3 style=\"line-height: 1.38; margin-top: 0pt; margin-bottom: 0pt;\"><span style=\"font-variant-numeric: normal; font-variant-east-asian: normal; vertical-align: baseline;\">Ind\u00fastria av\u00edcola<\/span><\/h3>\n<p><\/span> \t \t<\/p>\n<p dir=\"ltr\" style=\"line-height: 1.38; margin-top: 0pt; margin-bottom: 0pt;\"><span style=\"font-variant-numeric: normal; font-variant-east-asian: normal; vertical-align: baseline;\">Aquest tipus de sistemes de refredament s\u00f3n un element clau en naus av\u00edcoles, sobretot durant els mesos m&eacute;s c\u00e0lids de l&#8242;any. Reduint la temperatura ambient de la nau, es redueixen els problemes relacionats amb l&#8242;estr\u00e8s t\u00e8rmic.<\/span><\/p>\n<p> \t \t<\/p>\n<h3 style=\"line-height: 1.38; margin-top: 0pt; margin-bottom: 0pt;\"><span style=\"font-variant-numeric: normal; font-variant-east-asian: normal; vertical-align: baseline;\">Ind\u00fastria agr\u00edcola<\/span><\/h3>\n<div> \t\t<\/div>\n<p dir=\"ltr\" style=\"line-height: 1.38; margin-top: 0pt; margin-bottom: 0pt;\"><span style=\"font-variant-numeric: normal; font-variant-east-asian: normal; vertical-align: baseline;\">Dins d&#8242;un hivernacle &eacute;s important mantenir una temperatura de l&#8242;aire constant per maximitzar la producci\u00f3.<\/span><\/p>\n<h3 style=\"line-height: 1.38; margin-top: 0pt; margin-bottom: 0pt;\"><span style=\"font-variant-numeric: normal; font-variant-east-asian: normal; vertical-align: baseline;\">Ind\u00fastria porcina<\/span><\/h3>\n<p> \t \t<\/p>\n<p dir=\"ltr\" style=\"line-height: 1.38; margin-top: 0pt; margin-bottom: 0pt;\"><span style=\"font-variant-numeric: normal; font-variant-east-asian: normal; vertical-align: baseline;\">Dins d&#8242;una instal\u00b7laci\u00f3 porcina, mantenir una temperatura d&#8242;aire de qualitat de manera constant &eacute;s de gran ajuda per al confort i la producci\u00f3 dels animals.<\/span><\/p>\n<p> \t \t<\/p>\n<p dir=\"ltr\" style=\"line-height: 1.38; margin-top: 0pt; margin-bottom: 0pt;\">&nbsp;<\/p>\n<h3><span style=\"font-variant-numeric: normal; font-variant-east-asian: normal; vertical-align: baseline;\">Ind\u00fastria l\u00e0ctia<\/span><\/h3>\n<p><span style=\"font-variant-numeric: normal; font-variant-east-asian: normal; vertical-align: baseline;\"><br \/> \t\t<\/span><span style=\"font-variant-numeric: normal; font-variant-east-asian: normal; vertical-align: baseline;\">L&#8242;estr\u00e8s per la calor en les vaques pot ocasionar una disminuci\u00f3 en la producci\u00f3 de llet. De tal manera que un sistema amb gran capacitat de refredament com aquest, minimitza la p\u00e8rdua de producci\u00f3 durant els pics de temperatura m&eacute;s elevats que es donen en alguns mesos de l&#8242;any.<\/p>\n<p> \t\t&nbsp;<\/p>\n<p> \t\tSense cap dubte, l&#8242;ocupaci\u00f3 d&#8242;aquest tipus de tecnologies pot resultar de gran ajuda en termes de reducci\u00f3 de costos de climatitzaci\u00f3, estalvi energ\u00e8tic i sostenibilitat.<\/p>\n<p> \t\tEn MET MANN som professionals en climatitzadors industrials evaporatius i experts en adequar-nos a les necessitats de cada projecte. No dubtis a consultar-nos sense comprom\u00eds per assessorar sobre la tecnologia m&eacute;s avan\u00e7ada en sistemes de refredament evaporatiu &#8230; i fes que els teus instal\u00b7lacions siguin m&eacute;s eficients que mai.El  estr&eacute;s por el calor en las vacas puede ocasionar una disminuci\u00f3n en la  producci\u00f3n de leche. De tal manera que un sistema con gran capacidad de  enfriamiento como este, minimiza la p&eacute;rdida de producci\u00f3n durante los  picos de temperatura m\u00e1s elevados que se dan en algunos meses del a\u00f1o.<\/span> \t<\/p>\n<p>&nbsp;<\/p>\n<p> \t \t<\/p>\n<p dir=\"ltr\" style=\"line-height: 1.38; margin-top: 0pt; margin-bottom: 0pt;\"><span style=\"font-variant-numeric: normal; font-variant-east-asian: normal; vertical-align: baseline;\">Sin  lugar a dudas, el empleo de este tipo de tecnolog\u00edas puede resultar de  gran ayuda en t&eacute;rminos de reducci\u00f3n de costes de climatizaci\u00f3n, ahorro  energ&eacute;tico y sostenibilidad.&nbsp;<\/span><\/p>\n<p> \t \t<\/p>\n<p dir=\"ltr\" style=\"line-height: 1.38; margin-top: 0pt; margin-bottom: 0pt;\"><span style=\"font-variant-numeric: normal; font-variant-east-asian: normal; vertical-align: baseline;\">En MET MANN somos profesionales en <\/span><a href=\"https:\/\/www.metmann.com\/es\/c17_Climatizadores-industriales-evaporativos\" style=\"\"><span style=\"font-variant-numeric: normal; font-variant-east-asian: normal; text-decoration-skip-ink: none; vertical-align: baseline;\">climatizadores industriales evaporativos<\/span><\/a><span style=\"font-variant-numeric: normal; font-variant-east-asian: normal; vertical-align: baseline;\"> <\/span><span style=\"font-variant-numeric: normal; font-variant-east-asian: normal; vertical-align: baseline;\">y  expertos en adecuarnos a las necesidades de cada proyecto. No dudes en  consultarnos sin compromiso para asesorarte acerca de la tecnolog\u00eda m\u00e1s  avanzada en sistemas de enfriamiento evaporativo\u2026 y haz que tus  instalaciones sean m\u00e1s eficientes que nunca.<\/span><\/p>\n<p><\/span><\/p>\n","protected":false},"excerpt":{"rendered":"<p>El refredament evaporatiu &eacute;s una soluci\u00f3 natural i eficient per a la climatitzaci\u00f3 que utilitza una tecnologia sostenible i que requereix un baix cost energ\u00e8tic.<br \/>\nTamb&eacute; anomenat refredament adiab\u00e0tic, es tracta d&#8242;una tecnologia que possibilita refredar un ambient tancat mitjan\u00e7ant la introducci\u00f3 d&#8242;aire fresc l&#8242;aplicaci\u00f3 s&#8242;adapta a un ampli ventall d&#8242;ind\u00fastries i entorns.<\/p>\n","protected":false},"author":1,"featured_media":464,"comment_status":"open","ping_status":"open","sticky":false,"template":"","format":"standard","meta":{"_acf_changed":false,"_et_pb_use_builder":"","_et_pb_old_content":"","_et_gb_content_width":"","_joinchat":[],"footnotes":""},"categories":[51],"tags":[],"acf":[],"yoast_head":"<!-- This site is optimized with the Yoast SEO plugin v22.6 - https:\/\/yoast.com\/wordpress\/plugins\/seo\/ -->\r\n<title>En qu\u00e8 consisteix el refredament evaporatiu?<\/title>\r\n<meta name=\"description\" content=\"El refredament evaporatiu es perfila com una de les solucions de climatitzaci\u00f3 m\u00e9s naturals i eficients. T&#8242;expliquem en qu\u00e8 consisteix i els seus avantatges.\" \/>\r\n<meta name=\"robots\" content=\"index, follow, max-snippet:-1, max-image-preview:large, max-video-preview:-1\" \/>\r\n<link rel=\"canonical\" href=\"https:\/\/www.metmann.com\/ca\/en-que-consisteix-el-refredament-evaporatiu\/\" \/>\r\n<meta property=\"og:locale\" content=\"ca_ES\" \/>\r\n<meta property=\"og:type\" content=\"article\" \/>\r\n<meta property=\"og:title\" content=\"En qu\u00e8 consisteix el refredament evaporatiu?\" \/>\r\n<meta property=\"og:description\" content=\"El refredament evaporatiu es perfila com una de les solucions de climatitzaci\u00f3 m\u00e9s naturals i eficients. T&#8242;expliquem en qu\u00e8 consisteix i els seus avantatges.\" \/>\r\n<meta property=\"og:url\" content=\"https:\/\/www.metmann.com\/ca\/en-que-consisteix-el-refredament-evaporatiu\/\" \/>\r\n<meta property=\"og:site_name\" content=\"MET MANN\" \/>\r\n<meta property=\"article:published_time\" content=\"2020-08-07T00:00:00+00:00\" \/>\r\n<meta property=\"og:image\" content=\"https:\/\/www.metmann.com\/wp-content\/uploads\/2021\/09\/1596786833_zVbX.jpg\" \/>\r\n<meta name=\"author\" content=\"Marcelo Gonfar\" \/>\r\n<meta name=\"twitter:card\" content=\"summary_large_image\" \/>\r\n<meta name=\"twitter:title\" content=\"En qu\u00e8 consisteix el refredament evaporatiu?\" \/>\r\n<meta name=\"twitter:description\" content=\"El refredament evaporatiu es perfila com una de les solucions de climatitzaci\u00f3 m\u00e9s naturals i eficients. T&#8242;expliquem en qu\u00e8 consisteix i els seus avantatges.\" \/>\r\n<meta name=\"twitter:image\" content=\"https:\/\/www.metmann.com\/wp-content\/uploads\/2021\/09\/1596786833_zVbX.jpg\" \/>\r\n<meta name=\"twitter:label1\" content=\"Escrit per\" \/>\n\t<meta name=\"twitter:data1\" content=\"Marcelo Gonfar\" \/>\n\t<meta name=\"twitter:label2\" content=\"Temps estimat de lectura\" \/>\n\t<meta name=\"twitter:data2\" content=\"6 minuts\" \/>\r\n<script type=\"application\/ld+json\" class=\"yoast-schema-graph\">{\"@context\":\"https:\/\/schema.org\",\"@graph\":[{\"@type\":\"Article\",\"@id\":\"https:\/\/www.metmann.com\/ca\/en-que-consisteix-el-refredament-evaporatiu\/#article\",\"isPartOf\":{\"@id\":\"https:\/\/www.metmann.com\/ca\/en-que-consisteix-el-refredament-evaporatiu\/\"},\"author\":{\"name\":\"Marcelo Gonfar\",\"@id\":\"https:\/\/www.metmann.com\/ca\/#\/schema\/person\/abb061f44d31128f243c7e8c9677bb01\"},\"headline\":\"En qu\u00e8 consisteix el refredament evaporatiu?\",\"datePublished\":\"2020-08-07T00:00:00+00:00\",\"dateModified\":\"2020-08-07T00:00:00+00:00\",\"mainEntityOfPage\":{\"@id\":\"https:\/\/www.metmann.com\/ca\/en-que-consisteix-el-refredament-evaporatiu\/\"},\"wordCount\":1252,\"commentCount\":0,\"publisher\":{\"@id\":\"https:\/\/www.metmann.com\/ca\/#organization\"},\"image\":{\"@id\":\"https:\/\/www.metmann.com\/ca\/en-que-consisteix-el-refredament-evaporatiu\/#primaryimage\"},\"thumbnailUrl\":\"https:\/\/www.metmann.com\/wp-content\/uploads\/2021\/09\/1596786833_zVbX.jpg\",\"articleSection\":[\"Noticies\"],\"inLanguage\":\"ca\",\"potentialAction\":[{\"@type\":\"CommentAction\",\"name\":\"Comment\",\"target\":[\"https:\/\/www.metmann.com\/ca\/en-que-consisteix-el-refredament-evaporatiu\/#respond\"]}]},{\"@type\":\"WebPage\",\"@id\":\"https:\/\/www.metmann.com\/ca\/en-que-consisteix-el-refredament-evaporatiu\/\",\"url\":\"https:\/\/www.metmann.com\/ca\/en-que-consisteix-el-refredament-evaporatiu\/\",\"name\":\"En qu\u00e8 consisteix el refredament evaporatiu?\",\"isPartOf\":{\"@id\":\"https:\/\/www.metmann.com\/ca\/#website\"},\"primaryImageOfPage\":{\"@id\":\"https:\/\/www.metmann.com\/ca\/en-que-consisteix-el-refredament-evaporatiu\/#primaryimage\"},\"image\":{\"@id\":\"https:\/\/www.metmann.com\/ca\/en-que-consisteix-el-refredament-evaporatiu\/#primaryimage\"},\"thumbnailUrl\":\"https:\/\/www.metmann.com\/wp-content\/uploads\/2021\/09\/1596786833_zVbX.jpg\",\"datePublished\":\"2020-08-07T00:00:00+00:00\",\"dateModified\":\"2020-08-07T00:00:00+00:00\",\"description\":\"El refredament evaporatiu es perfila com una de les solucions de climatitzaci\u00f3 m\u00e9s naturals i eficients. T&#8242;expliquem en qu\u00e8 consisteix i els seus avantatges.\",\"breadcrumb\":{\"@id\":\"https:\/\/www.metmann.com\/ca\/en-que-consisteix-el-refredament-evaporatiu\/#breadcrumb\"},\"inLanguage\":\"ca\",\"potentialAction\":[{\"@type\":\"ReadAction\",\"target\":[\"https:\/\/www.metmann.com\/ca\/en-que-consisteix-el-refredament-evaporatiu\/\"]}]},{\"@type\":\"ImageObject\",\"inLanguage\":\"ca\",\"@id\":\"https:\/\/www.metmann.com\/ca\/en-que-consisteix-el-refredament-evaporatiu\/#primaryimage\",\"url\":\"https:\/\/www.metmann.com\/wp-content\/uploads\/2021\/09\/1596786833_zVbX.jpg\",\"contentUrl\":\"https:\/\/www.metmann.com\/wp-content\/uploads\/2021\/09\/1596786833_zVbX.jpg\",\"width\":2048,\"height\":1536},{\"@type\":\"BreadcrumbList\",\"@id\":\"https:\/\/www.metmann.com\/ca\/en-que-consisteix-el-refredament-evaporatiu\/#breadcrumb\",\"itemListElement\":[{\"@type\":\"ListItem\",\"position\":1,\"name\":\"Inicio\",\"item\":\"https:\/\/www.metmann.com\/ca\/\"},{\"@type\":\"ListItem\",\"position\":2,\"name\":\"Noticies\",\"item\":\"https:\/\/www.metmann.com\/ca\/category\/noticies\/\"},{\"@type\":\"ListItem\",\"position\":3,\"name\":\"En qu\u00e8 consisteix el refredament evaporatiu?\"}]},{\"@type\":\"WebSite\",\"@id\":\"https:\/\/www.metmann.com\/ca\/#website\",\"url\":\"https:\/\/www.metmann.com\/ca\/\",\"name\":\"MET MANN\",\"description\":\"Climatizaci\u00f3n industrial, Calefactores y Ventilaci\u00f3n para empresas\",\"publisher\":{\"@id\":\"https:\/\/www.metmann.com\/ca\/#organization\"},\"potentialAction\":[{\"@type\":\"SearchAction\",\"target\":{\"@type\":\"EntryPoint\",\"urlTemplate\":\"https:\/\/www.metmann.com\/ca\/?s={search_term_string}\"},\"query-input\":\"required name=search_term_string\"}],\"inLanguage\":\"ca\"},{\"@type\":\"Organization\",\"@id\":\"https:\/\/www.metmann.com\/ca\/#organization\",\"name\":\"Met Mann\",\"url\":\"https:\/\/www.metmann.com\/ca\/\",\"logo\":{\"@type\":\"ImageObject\",\"inLanguage\":\"ca\",\"@id\":\"https:\/\/www.metmann.com\/ca\/#\/schema\/logo\/image\/\",\"url\":\"https:\/\/www.metmann.com\/wp-content\/uploads\/2021\/12\/logo-color-met-mann-01.jpg\",\"contentUrl\":\"https:\/\/www.metmann.com\/wp-content\/uploads\/2021\/12\/logo-color-met-mann-01.jpg\",\"width\":351,\"height\":133,\"caption\":\"Met Mann\"},\"image\":{\"@id\":\"https:\/\/www.metmann.com\/ca\/#\/schema\/logo\/image\/\"}},{\"@type\":\"Person\",\"@id\":\"https:\/\/www.metmann.com\/ca\/#\/schema\/person\/abb061f44d31128f243c7e8c9677bb01\",\"name\":\"Marcelo Gonfar\",\"image\":{\"@type\":\"ImageObject\",\"inLanguage\":\"ca\",\"@id\":\"https:\/\/www.metmann.com\/ca\/#\/schema\/person\/image\/\",\"url\":\"https:\/\/secure.gravatar.com\/avatar\/f8e37661ecf23489bf1e65088ca5cfbd?s=96&d=mm&r=g\",\"contentUrl\":\"https:\/\/secure.gravatar.com\/avatar\/f8e37661ecf23489bf1e65088ca5cfbd?s=96&d=mm&r=g\",\"caption\":\"Marcelo Gonfar\"},\"url\":\"https:\/\/www.metmann.com\/ca\/author\/produccionvisualpublinet-com\/\"}]}<\/script>\r\n<!-- \/ Yoast SEO plugin. -->","yoast_head_json":{"title":"En qu\u00e8 consisteix el refredament evaporatiu?","description":"El refredament evaporatiu es perfila com una de les solucions de climatitzaci\u00f3 m\u00e9s naturals i eficients. T&#8242;expliquem en qu\u00e8 consisteix i els seus avantatges.","robots":{"index":"index","follow":"follow","max-snippet":"max-snippet:-1","max-image-preview":"max-image-preview:large","max-video-preview":"max-video-preview:-1"},"canonical":"https:\/\/www.metmann.com\/ca\/en-que-consisteix-el-refredament-evaporatiu\/","og_locale":"ca_ES","og_type":"article","og_title":"En qu\u00e8 consisteix el refredament evaporatiu?","og_description":"El refredament evaporatiu es perfila com una de les solucions de climatitzaci\u00f3 m\u00e9s naturals i eficients. T&#8242;expliquem en qu\u00e8 consisteix i els seus avantatges.","og_url":"https:\/\/www.metmann.com\/ca\/en-que-consisteix-el-refredament-evaporatiu\/","og_site_name":"MET MANN","article_published_time":"2020-08-07T00:00:00+00:00","og_image":[{"url":"https:\/\/www.metmann.com\/wp-content\/uploads\/2021\/09\/1596786833_zVbX.jpg"}],"author":"Marcelo Gonfar","twitter_card":"summary_large_image","twitter_title":"En qu\u00e8 consisteix el refredament evaporatiu?","twitter_description":"El refredament evaporatiu es perfila com una de les solucions de climatitzaci\u00f3 m\u00e9s naturals i eficients. T&#8242;expliquem en qu\u00e8 consisteix i els seus avantatges.","twitter_image":"https:\/\/www.metmann.com\/wp-content\/uploads\/2021\/09\/1596786833_zVbX.jpg","twitter_misc":{"Escrit per":"Marcelo Gonfar","Temps estimat de lectura":"6 minuts"},"schema":{"@context":"https:\/\/schema.org","@graph":[{"@type":"Article","@id":"https:\/\/www.metmann.com\/ca\/en-que-consisteix-el-refredament-evaporatiu\/#article","isPartOf":{"@id":"https:\/\/www.metmann.com\/ca\/en-que-consisteix-el-refredament-evaporatiu\/"},"author":{"name":"Marcelo Gonfar","@id":"https:\/\/www.metmann.com\/ca\/#\/schema\/person\/abb061f44d31128f243c7e8c9677bb01"},"headline":"En qu\u00e8 consisteix el refredament evaporatiu?","datePublished":"2020-08-07T00:00:00+00:00","dateModified":"2020-08-07T00:00:00+00:00","mainEntityOfPage":{"@id":"https:\/\/www.metmann.com\/ca\/en-que-consisteix-el-refredament-evaporatiu\/"},"wordCount":1252,"commentCount":0,"publisher":{"@id":"https:\/\/www.metmann.com\/ca\/#organization"},"image":{"@id":"https:\/\/www.metmann.com\/ca\/en-que-consisteix-el-refredament-evaporatiu\/#primaryimage"},"thumbnailUrl":"https:\/\/www.metmann.com\/wp-content\/uploads\/2021\/09\/1596786833_zVbX.jpg","articleSection":["Noticies"],"inLanguage":"ca","potentialAction":[{"@type":"CommentAction","name":"Comment","target":["https:\/\/www.metmann.com\/ca\/en-que-consisteix-el-refredament-evaporatiu\/#respond"]}]},{"@type":"WebPage","@id":"https:\/\/www.metmann.com\/ca\/en-que-consisteix-el-refredament-evaporatiu\/","url":"https:\/\/www.metmann.com\/ca\/en-que-consisteix-el-refredament-evaporatiu\/","name":"En qu\u00e8 consisteix el refredament evaporatiu?","isPartOf":{"@id":"https:\/\/www.metmann.com\/ca\/#website"},"primaryImageOfPage":{"@id":"https:\/\/www.metmann.com\/ca\/en-que-consisteix-el-refredament-evaporatiu\/#primaryimage"},"image":{"@id":"https:\/\/www.metmann.com\/ca\/en-que-consisteix-el-refredament-evaporatiu\/#primaryimage"},"thumbnailUrl":"https:\/\/www.metmann.com\/wp-content\/uploads\/2021\/09\/1596786833_zVbX.jpg","datePublished":"2020-08-07T00:00:00+00:00","dateModified":"2020-08-07T00:00:00+00:00","description":"El refredament evaporatiu es perfila com una de les solucions de climatitzaci\u00f3 m\u00e9s naturals i eficients. T&#8242;expliquem en qu\u00e8 consisteix i els seus avantatges.","breadcrumb":{"@id":"https:\/\/www.metmann.com\/ca\/en-que-consisteix-el-refredament-evaporatiu\/#breadcrumb"},"inLanguage":"ca","potentialAction":[{"@type":"ReadAction","target":["https:\/\/www.metmann.com\/ca\/en-que-consisteix-el-refredament-evaporatiu\/"]}]},{"@type":"ImageObject","inLanguage":"ca","@id":"https:\/\/www.metmann.com\/ca\/en-que-consisteix-el-refredament-evaporatiu\/#primaryimage","url":"https:\/\/www.metmann.com\/wp-content\/uploads\/2021\/09\/1596786833_zVbX.jpg","contentUrl":"https:\/\/www.metmann.com\/wp-content\/uploads\/2021\/09\/1596786833_zVbX.jpg","width":2048,"height":1536},{"@type":"BreadcrumbList","@id":"https:\/\/www.metmann.com\/ca\/en-que-consisteix-el-refredament-evaporatiu\/#breadcrumb","itemListElement":[{"@type":"ListItem","position":1,"name":"Inicio","item":"https:\/\/www.metmann.com\/ca\/"},{"@type":"ListItem","position":2,"name":"Noticies","item":"https:\/\/www.metmann.com\/ca\/category\/noticies\/"},{"@type":"ListItem","position":3,"name":"En qu\u00e8 consisteix el refredament evaporatiu?"}]},{"@type":"WebSite","@id":"https:\/\/www.metmann.com\/ca\/#website","url":"https:\/\/www.metmann.com\/ca\/","name":"MET MANN","description":"Climatizaci\u00f3n industrial, Calefactores y Ventilaci\u00f3n para empresas","publisher":{"@id":"https:\/\/www.metmann.com\/ca\/#organization"},"potentialAction":[{"@type":"SearchAction","target":{"@type":"EntryPoint","urlTemplate":"https:\/\/www.metmann.com\/ca\/?s={search_term_string}"},"query-input":"required name=search_term_string"}],"inLanguage":"ca"},{"@type":"Organization","@id":"https:\/\/www.metmann.com\/ca\/#organization","name":"Met Mann","url":"https:\/\/www.metmann.com\/ca\/","logo":{"@type":"ImageObject","inLanguage":"ca","@id":"https:\/\/www.metmann.com\/ca\/#\/schema\/logo\/image\/","url":"https:\/\/www.metmann.com\/wp-content\/uploads\/2021\/12\/logo-color-met-mann-01.jpg","contentUrl":"https:\/\/www.metmann.com\/wp-content\/uploads\/2021\/12\/logo-color-met-mann-01.jpg","width":351,"height":133,"caption":"Met Mann"},"image":{"@id":"https:\/\/www.metmann.com\/ca\/#\/schema\/logo\/image\/"}},{"@type":"Person","@id":"https:\/\/www.metmann.com\/ca\/#\/schema\/person\/abb061f44d31128f243c7e8c9677bb01","name":"Marcelo Gonfar","image":{"@type":"ImageObject","inLanguage":"ca","@id":"https:\/\/www.metmann.com\/ca\/#\/schema\/person\/image\/","url":"https:\/\/secure.gravatar.com\/avatar\/f8e37661ecf23489bf1e65088ca5cfbd?s=96&d=mm&r=g","contentUrl":"https:\/\/secure.gravatar.com\/avatar\/f8e37661ecf23489bf1e65088ca5cfbd?s=96&d=mm&r=g","caption":"Marcelo Gonfar"},"url":"https:\/\/www.metmann.com\/ca\/author\/produccionvisualpublinet-com\/"}]}},"_links":{"self":[{"href":"https:\/\/www.metmann.com\/ca\/wp-json\/wp\/v2\/posts\/2863"}],"collection":[{"href":"https:\/\/www.metmann.com\/ca\/wp-json\/wp\/v2\/posts"}],"about":[{"href":"https:\/\/www.metmann.com\/ca\/wp-json\/wp\/v2\/types\/post"}],"author":[{"embeddable":true,"href":"https:\/\/www.metmann.com\/ca\/wp-json\/wp\/v2\/users\/1"}],"replies":[{"embeddable":true,"href":"https:\/\/www.metmann.com\/ca\/wp-json\/wp\/v2\/comments?post=2863"}],"version-history":[{"count":0,"href":"https:\/\/www.metmann.com\/ca\/wp-json\/wp\/v2\/posts\/2863\/revisions"}],"wp:featuredmedia":[{"embeddable":true,"href":"https:\/\/www.metmann.com\/ca\/wp-json\/wp\/v2\/media\/464"}],"wp:attachment":[{"href":"https:\/\/www.metmann.com\/ca\/wp-json\/wp\/v2\/media?parent=2863"}],"wp:term":[{"taxonomy":"category","embeddable":true,"href":"https:\/\/www.metmann.com\/ca\/wp-json\/wp\/v2\/categories?post=2863"},{"taxonomy":"post_tag","embeddable":true,"href":"https:\/\/www.metmann.com\/ca\/wp-json\/wp\/v2\/tags?post=2863"}],"curies":[{"name":"wp","href":"https:\/\/api.w.org\/{rel}","templated":true}]}}