{"id":2864,"date":"2020-08-10T00:00:00","date_gmt":"2020-08-10T00:00:00","guid":{"rendered":"https:\/\/metmann.com.185-176-9-81.185-176-9-81.visualpublinet.com\/temperatura-optima-en-oficines-quin-es-lideal\/"},"modified":"2020-08-10T00:00:00","modified_gmt":"2020-08-10T00:00:00","slug":"temperatura-optima-en-oficines-quin-es-lideal","status":"publish","type":"post","link":"https:\/\/www.metmann.com\/ca\/temperatura-optima-en-oficines-quin-es-lideal\/","title":{"rendered":"Temperatura \u00f2ptima en oficines: quin \u00e9s l&#8242;ideal?"},"content":{"rendered":"<p>Part d&#8242;aquest conflicte s&#8242;origina en una deficient configuraci\u00f3 de la climatitzaci\u00f3 en els edificis, especialment en els mesos m&eacute;s calorosos de l&#8242;any davant la falta de pot\u00e8ncia de l&#8242;aire condicionat. Controlar la temperatura ideal a l&#8242;oficina &eacute;s un factor clau per controlar el confort ambiental al costat d&#8242;altres com la il\u00b7luminaci\u00f3 i el soroll.<br \/> &nbsp;<\/p>\n<p> Fa uns anys, el govern va decidir establir la temperatura interior en els edificis on es troben els ministeris en 24\u00baC per estalviar energia i afavorir el confort dels seus empleats. Per\u00f2 &eacute;s aquesta la temperatura ideal per a l&#8242;aire condicionat en oficines? Qu\u00e8 diuen els experts en el tema? Ets al lloc correcte, segueix llegint i t&#8242;ho expliquem.<span id=\"docs-internal-guid-9b14b9bd-7fff-df5c-d561-974aa6477ace\"> \t \t<\/p>\n<h2 dir=\"ltr\" style=\"line-height:1.38;margin-top:18pt;margin-bottom:6pt;\"><span style=\"font-variant-numeric: normal; font-variant-east-asian: normal; vertical-align: baseline;\">L&#8242;import\u00e0ncia de regular correctament la temperatura a les oficines<\/span><\/h2>\n<p>Comunament es considera que una temperatura que oscil\u00b7li entre els 21 i 22 graus cent\u00edgrads &eacute;s ideal per a un entorn laboral, de manera que es maximitzi el confort dels treballadors i es reguli la seva sensaci\u00f3 t\u00e8rmica.<\/p>\n<p> \tNo obstant aix\u00f2, estudis realitzats recentment, com el que ha presentat la Universitat de Maastrich (Holanda), publicat a la revista Building Research &amp; Information indiquen que aconseguir la temperatura ideal a l&#8242;oficina per per crear un entorn laboral din\u00e0mic en qu\u00e8 es produeixin variacions de temperatura continus per aix\u00ed beneficiar la salut de les persones que hi treballen.<\/p>\n<p> \tAquests estudis conclouen a m&eacute;s que, exposar a el cos a variacions de temperatura sobre els 22\u00baC i per sota dels 21\u00baC poden tenir un efecte positiu sobre la salut dels treballadors i establir un clima de treball confortable. Aquestes variacions de temperatura provocaran que el metabolisme s&#8242;acceleri consumint aix\u00ed m&eacute;s energia i produint efectes beneficiosos per al sistema immunitari i a nivell cardiovascular. \t \t<\/p>\n<h2 dir=\"ltr\" style=\"line-height:1.38;margin-top:18pt;margin-bottom:6pt;\"><span style=\"font-variant-numeric: normal; font-variant-east-asian: normal; vertical-align: baseline;\">Les claus de la temperatura \u00f2ptima en oficines: humitat i velocitat de l&#8242;aire<\/span><span style=\"font-variant-numeric: normal; font-variant-east-asian: normal; vertical-align: baseline;\"><\/span><\/h2>\n<p> \tPer aconseguir l&#8242;objectiu de maximitzar el confort dels treballadors d&#8242;una oficina, cal treballar al voltant de la seva sensaci\u00f3 t\u00e8rmica, en aquest aspecte influeixen altres factors a m&eacute;s de la temperatura que marqui el term\u00f2stat. Aquests s\u00f3n, la velocitat i la humitat relativa de l&#8242;aire.<\/p>\n<p> \tLa velocitat de l&#8242;aire &eacute;s un element que pot repercutir tant positiva com negativament en el confort dels treballadors en funci\u00f3 a l&#8242;\u00e8poca de l&#8242;any i al seu intensitat. A l&#8242;estiu una major velocitat pot ser una del\u00edcia mentre que a l&#8242;hivern pot empitjorar la sensaci\u00f3 t\u00e8rmica de fred. Per aix\u00f2 es calcula que la velocitat ideal de l&#8242;aire condicionat a l&#8242;oficina &eacute;s d&#8242;un m\u00e0xim de 0.1 metres per segon.<\/p>\n<p> \t&nbsp;<\/p>\n<p> \tLa humitat relativa de l&#8242;aire tamb&eacute; s&#8242;ha de tenir en compte. Els valors recomanats en les oficines han de situar-se entre un 30% i un 70% en funci\u00f3 de la humitat present a la zona en la qual ens trobem. En zones de costa on la humitat &eacute;s major de manera natural s&#8242;ha de controlar<\/p>\n<p> \tAmb la humitat passa una cosa molt semblant. Perqu\u00e8 la humitat relativa de l&#8242;aire ha de situar-se en les nostres oficines entre un 30% i un 70% en funci\u00f3 de la humitat present a la zona geogr\u00e0fica en qu\u00e8 ens trobem. \t<\/p>\n<h2 dir=\"ltr\" style=\"line-height:1.38;margin-top:18pt;margin-bottom:6pt;\"><span style=\"font-variant-numeric: normal; font-variant-east-asian: normal; vertical-align: baseline;\">Temperatura a les oficines: normativa a aplicar<\/span><\/h2>\n<p> \tLa temperatura present en centres de treball i oficines &eacute;s un factor clau dins de les condicions laborals i est\u00e0 emmarcada dins el camp de l&#8242;ergonomia en prevenci\u00f3 de riscos laborals.<\/p>\n<p> \tPer aix\u00f2, hi ha una normativa a aplicar dins de el Reial Decret 486\/1997 que regula les disposicions m\u00ednimes de seguretat i salut en el treball. En l&#8242;Annex III d&#8242;aquest text, s&#8242;indiquen les condicions de temperatures m\u00ednima i m\u00e0xima en els centres de treball tancats amb l&#8242;obligatorietat de complir que han de &#8220;evitar-se les temperatures i les humitats extremes, els canvis bruscos de temperatura, els corrents d&#8242;aire molestes , les olors desagradables, la irradiaci\u00f3 excessiva i, en particular, la radiaci\u00f3 solar a trav&eacute;s de finestres, llums o envans de vidre &#8220;.<\/p>\n<p> \tEn els locals en qu\u00e8 es realitzin treballs sedentaris o est\u00e0tics, com en el cas de les oficines, la temperatura ha d&#8242;oscil\u00b7lar entre els 17\u00baC i 25\u00baC<\/p>\n<p> \tEn el cas de centres de treball en qu\u00e8 es realitzin treballs lleugers (magatzems, centres log\u00edstics &#8230;) el rang de temperatura establert s&#8242;estableix entre els 14\u00baC i 25\u00baC. \t \t<\/p>\n<h2 dir=\"ltr\" style=\"line-height:1.38;margin-top:18pt;margin-bottom:6pt;\"><span style=\"font-variant-numeric: normal; font-variant-east-asian: normal; vertical-align: baseline;\">Temperatura ideal a l&#8242;oficina per estiu<\/span><span style=\"font-variant-numeric: normal; font-variant-east-asian: normal; vertical-align: baseline;\"><\/span><\/h2>\n<p>&Eacute;s important que la temperatura de les oficines a l&#8242;estiu se situ\u00ef entre els 23\u00baC i els 27\u00baC sense que la difer\u00e8ncia amb la temperatura exterior superi els 12 graus per evitar canvis bruscos de la temperatura a l&#8242;acabar la jornada.<\/p>\n<p> \tD&#8242;altra banda, es recomana un refredament progressiu de l&#8242;estada, evitant programar una temperatura molt baixa de partida en el term\u00f2stat per evitar un major consum d&#8242;energia i una situaci\u00f3 inc\u00f2moda per als treballadors.<\/p>\n<p> \t&Eacute;s important per aix\u00f2 l&#8242;\u00fas de term\u00f2stats programables que permeten aconseguir una temperatura ideal per a l&#8242;aire condicionat a les oficines i un \u00fas m&eacute;s eficient dels equips.<\/p>\n<p> \tAra que coneixes les claus per condicionar la teva oficina aquest estiu, form\u00falate la seg\u00fcent pregunta: t&eacute; la teva empresa unes condicions de temperatura \u00f2ptimes a l&#8242;oficina? S\u00f3n els teus equips eficients energ\u00e8ticament?<\/p>\n<p> \tEstablir una temperatura adequada a la teva oficina fomentar\u00e0 que els teus treballadors siguin m&eacute;s productius i treballin en unes millors condicions de confort. En Met Mann podem assessorar per aconseguir climatitzar la teva oficina i aconseguir aquesta temperatura ideal de treballar durant aquests mesos d&#8242;estiu sigui un plaer.<\/p>\n<p> \tConsulta el nostre cat\u00e0leg de productes i no dubtis a consultar-nos si et quedes amb dubtes. \t<\/p>\n<div><span style=\"font-size: 12pt; font-family: Prompt, sans-serif; color: rgb(5, 7, 63); font-variant-numeric: normal; font-variant-east-asian: normal; vertical-align: baseline; white-space: pre-wrap;\"><br \/> \t\t\t<\/span><\/div>\n<p><\/span><\/p>\n","protected":false},"excerpt":{"rendered":"<p>&Eacute;s estiu i com a tal, la temperatura a les oficines i centres de treball augmenta. Aquest aspecte ve acompanyat d&#8242;un dels debats que se succeeixen any rere any entre empleats o clients que es queixen de l&#8242;fred o de la calor: \u00bfquina &eacute;s la temperatura \u00f2ptima en oficines?<\/p>\n","protected":false},"author":1,"featured_media":472,"comment_status":"open","ping_status":"open","sticky":false,"template":"","format":"standard","meta":{"_acf_changed":false,"_et_pb_use_builder":"","_et_pb_old_content":"","_et_gb_content_width":"","_joinchat":[],"footnotes":""},"categories":[51],"tags":[],"acf":[],"yoast_head":"<!-- This site is optimized with the Yoast SEO plugin v22.6 - https:\/\/yoast.com\/wordpress\/plugins\/seo\/ -->\r\n<title>Temperatura \u00f2ptima en oficines: quin \u00e9s l&#8242;ideal?<\/title>\r\n<meta name=\"description\" content=\"A l&#8242;estiu cobra m\u00e9s import\u00e0ncia encara tenir una temperatura \u00f2ptima a l&#8242;oficina. Segueix aquests consells perqu\u00e8 el teu lloc de treball sigui c\u00f2mode i confortable.\" \/>\r\n<meta name=\"robots\" content=\"index, follow, max-snippet:-1, max-image-preview:large, max-video-preview:-1\" \/>\r\n<link rel=\"canonical\" href=\"https:\/\/www.metmann.com\/ca\/temperatura-optima-en-oficines-quin-es-lideal\/\" \/>\r\n<meta property=\"og:locale\" content=\"ca_ES\" \/>\r\n<meta property=\"og:type\" content=\"article\" \/>\r\n<meta property=\"og:title\" content=\"Temperatura \u00f2ptima en oficines: quin \u00e9s l&#8242;ideal?\" \/>\r\n<meta property=\"og:description\" content=\"A l&#8242;estiu cobra m\u00e9s import\u00e0ncia encara tenir una temperatura \u00f2ptima a l&#8242;oficina. Segueix aquests consells perqu\u00e8 el teu lloc de treball sigui c\u00f2mode i confortable.\" \/>\r\n<meta property=\"og:url\" content=\"https:\/\/www.metmann.com\/ca\/temperatura-optima-en-oficines-quin-es-lideal\/\" \/>\r\n<meta property=\"og:site_name\" content=\"MET MANN\" \/>\r\n<meta property=\"article:published_time\" content=\"2020-08-10T00:00:00+00:00\" \/>\r\n<meta property=\"og:image\" content=\"https:\/\/www.metmann.com\/wp-content\/uploads\/2021\/09\/1597056763_RjZm.jpg\" \/>\r\n<meta name=\"author\" content=\"Marcelo Gonfar\" \/>\r\n<meta name=\"twitter:card\" content=\"summary_large_image\" \/>\r\n<meta name=\"twitter:title\" content=\"Temperatura \u00f2ptima en oficines: quin \u00e9s l&#8242;ideal?\" \/>\r\n<meta name=\"twitter:description\" content=\"A l&#8242;estiu cobra m\u00e9s import\u00e0ncia encara tenir una temperatura \u00f2ptima a l&#8242;oficina. Segueix aquests consells perqu\u00e8 el teu lloc de treball sigui c\u00f2mode i confortable.\" \/>\r\n<meta name=\"twitter:image\" content=\"https:\/\/www.metmann.com\/wp-content\/uploads\/2021\/09\/1597056763_RjZm.jpg\" \/>\r\n<meta name=\"twitter:label1\" content=\"Escrit per\" \/>\n\t<meta name=\"twitter:data1\" content=\"Marcelo Gonfar\" \/>\n\t<meta name=\"twitter:label2\" content=\"Temps estimat de lectura\" \/>\n\t<meta name=\"twitter:data2\" content=\"5 minuts\" \/>\r\n<script type=\"application\/ld+json\" class=\"yoast-schema-graph\">{\"@context\":\"https:\/\/schema.org\",\"@graph\":[{\"@type\":\"Article\",\"@id\":\"https:\/\/www.metmann.com\/ca\/temperatura-optima-en-oficines-quin-es-lideal\/#article\",\"isPartOf\":{\"@id\":\"https:\/\/www.metmann.com\/ca\/temperatura-optima-en-oficines-quin-es-lideal\/\"},\"author\":{\"name\":\"Marcelo Gonfar\",\"@id\":\"https:\/\/www.metmann.com\/ca\/#\/schema\/person\/abb061f44d31128f243c7e8c9677bb01\"},\"headline\":\"Temperatura \u00f2ptima en oficines: quin \u00e9s l&#8242;ideal?\",\"datePublished\":\"2020-08-10T00:00:00+00:00\",\"dateModified\":\"2020-08-10T00:00:00+00:00\",\"mainEntityOfPage\":{\"@id\":\"https:\/\/www.metmann.com\/ca\/temperatura-optima-en-oficines-quin-es-lideal\/\"},\"wordCount\":993,\"commentCount\":0,\"publisher\":{\"@id\":\"https:\/\/www.metmann.com\/ca\/#organization\"},\"image\":{\"@id\":\"https:\/\/www.metmann.com\/ca\/temperatura-optima-en-oficines-quin-es-lideal\/#primaryimage\"},\"thumbnailUrl\":\"https:\/\/www.metmann.com\/wp-content\/uploads\/2021\/09\/1597056763_RjZm.jpg\",\"articleSection\":[\"Noticies\"],\"inLanguage\":\"ca\",\"potentialAction\":[{\"@type\":\"CommentAction\",\"name\":\"Comment\",\"target\":[\"https:\/\/www.metmann.com\/ca\/temperatura-optima-en-oficines-quin-es-lideal\/#respond\"]}]},{\"@type\":\"WebPage\",\"@id\":\"https:\/\/www.metmann.com\/ca\/temperatura-optima-en-oficines-quin-es-lideal\/\",\"url\":\"https:\/\/www.metmann.com\/ca\/temperatura-optima-en-oficines-quin-es-lideal\/\",\"name\":\"Temperatura \u00f2ptima en oficines: quin \u00e9s l&#8242;ideal?\",\"isPartOf\":{\"@id\":\"https:\/\/www.metmann.com\/ca\/#website\"},\"primaryImageOfPage\":{\"@id\":\"https:\/\/www.metmann.com\/ca\/temperatura-optima-en-oficines-quin-es-lideal\/#primaryimage\"},\"image\":{\"@id\":\"https:\/\/www.metmann.com\/ca\/temperatura-optima-en-oficines-quin-es-lideal\/#primaryimage\"},\"thumbnailUrl\":\"https:\/\/www.metmann.com\/wp-content\/uploads\/2021\/09\/1597056763_RjZm.jpg\",\"datePublished\":\"2020-08-10T00:00:00+00:00\",\"dateModified\":\"2020-08-10T00:00:00+00:00\",\"description\":\"A l&#8242;estiu cobra m\u00e9s import\u00e0ncia encara tenir una temperatura \u00f2ptima a l&#8242;oficina. Segueix aquests consells perqu\u00e8 el teu lloc de treball sigui c\u00f2mode i confortable.\",\"breadcrumb\":{\"@id\":\"https:\/\/www.metmann.com\/ca\/temperatura-optima-en-oficines-quin-es-lideal\/#breadcrumb\"},\"inLanguage\":\"ca\",\"potentialAction\":[{\"@type\":\"ReadAction\",\"target\":[\"https:\/\/www.metmann.com\/ca\/temperatura-optima-en-oficines-quin-es-lideal\/\"]}]},{\"@type\":\"ImageObject\",\"inLanguage\":\"ca\",\"@id\":\"https:\/\/www.metmann.com\/ca\/temperatura-optima-en-oficines-quin-es-lideal\/#primaryimage\",\"url\":\"https:\/\/www.metmann.com\/wp-content\/uploads\/2021\/09\/1597056763_RjZm.jpg\",\"contentUrl\":\"https:\/\/www.metmann.com\/wp-content\/uploads\/2021\/09\/1597056763_RjZm.jpg\",\"width\":400,\"height\":300},{\"@type\":\"BreadcrumbList\",\"@id\":\"https:\/\/www.metmann.com\/ca\/temperatura-optima-en-oficines-quin-es-lideal\/#breadcrumb\",\"itemListElement\":[{\"@type\":\"ListItem\",\"position\":1,\"name\":\"Inicio\",\"item\":\"https:\/\/www.metmann.com\/ca\/\"},{\"@type\":\"ListItem\",\"position\":2,\"name\":\"Noticies\",\"item\":\"https:\/\/www.metmann.com\/ca\/category\/noticies\/\"},{\"@type\":\"ListItem\",\"position\":3,\"name\":\"Temperatura \u00f2ptima en oficines: quin \u00e9s l&#8242;ideal?\"}]},{\"@type\":\"WebSite\",\"@id\":\"https:\/\/www.metmann.com\/ca\/#website\",\"url\":\"https:\/\/www.metmann.com\/ca\/\",\"name\":\"MET MANN\",\"description\":\"Climatizaci\u00f3n industrial, Calefactores y Ventilaci\u00f3n para empresas\",\"publisher\":{\"@id\":\"https:\/\/www.metmann.com\/ca\/#organization\"},\"potentialAction\":[{\"@type\":\"SearchAction\",\"target\":{\"@type\":\"EntryPoint\",\"urlTemplate\":\"https:\/\/www.metmann.com\/ca\/?s={search_term_string}\"},\"query-input\":\"required name=search_term_string\"}],\"inLanguage\":\"ca\"},{\"@type\":\"Organization\",\"@id\":\"https:\/\/www.metmann.com\/ca\/#organization\",\"name\":\"Met Mann\",\"url\":\"https:\/\/www.metmann.com\/ca\/\",\"logo\":{\"@type\":\"ImageObject\",\"inLanguage\":\"ca\",\"@id\":\"https:\/\/www.metmann.com\/ca\/#\/schema\/logo\/image\/\",\"url\":\"https:\/\/www.metmann.com\/wp-content\/uploads\/2021\/12\/logo-color-met-mann-01.jpg\",\"contentUrl\":\"https:\/\/www.metmann.com\/wp-content\/uploads\/2021\/12\/logo-color-met-mann-01.jpg\",\"width\":351,\"height\":133,\"caption\":\"Met Mann\"},\"image\":{\"@id\":\"https:\/\/www.metmann.com\/ca\/#\/schema\/logo\/image\/\"}},{\"@type\":\"Person\",\"@id\":\"https:\/\/www.metmann.com\/ca\/#\/schema\/person\/abb061f44d31128f243c7e8c9677bb01\",\"name\":\"Marcelo Gonfar\",\"image\":{\"@type\":\"ImageObject\",\"inLanguage\":\"ca\",\"@id\":\"https:\/\/www.metmann.com\/ca\/#\/schema\/person\/image\/\",\"url\":\"https:\/\/secure.gravatar.com\/avatar\/f8e37661ecf23489bf1e65088ca5cfbd?s=96&d=mm&r=g\",\"contentUrl\":\"https:\/\/secure.gravatar.com\/avatar\/f8e37661ecf23489bf1e65088ca5cfbd?s=96&d=mm&r=g\",\"caption\":\"Marcelo Gonfar\"},\"url\":\"https:\/\/www.metmann.com\/ca\/author\/produccionvisualpublinet-com\/\"}]}<\/script>\r\n<!-- \/ Yoast SEO plugin. -->","yoast_head_json":{"title":"Temperatura \u00f2ptima en oficines: quin \u00e9s l&#8242;ideal?","description":"A l&#8242;estiu cobra m\u00e9s import\u00e0ncia encara tenir una temperatura \u00f2ptima a l&#8242;oficina. Segueix aquests consells perqu\u00e8 el teu lloc de treball sigui c\u00f2mode i confortable.","robots":{"index":"index","follow":"follow","max-snippet":"max-snippet:-1","max-image-preview":"max-image-preview:large","max-video-preview":"max-video-preview:-1"},"canonical":"https:\/\/www.metmann.com\/ca\/temperatura-optima-en-oficines-quin-es-lideal\/","og_locale":"ca_ES","og_type":"article","og_title":"Temperatura \u00f2ptima en oficines: quin \u00e9s l&#8242;ideal?","og_description":"A l&#8242;estiu cobra m\u00e9s import\u00e0ncia encara tenir una temperatura \u00f2ptima a l&#8242;oficina. Segueix aquests consells perqu\u00e8 el teu lloc de treball sigui c\u00f2mode i confortable.","og_url":"https:\/\/www.metmann.com\/ca\/temperatura-optima-en-oficines-quin-es-lideal\/","og_site_name":"MET MANN","article_published_time":"2020-08-10T00:00:00+00:00","og_image":[{"url":"https:\/\/www.metmann.com\/wp-content\/uploads\/2021\/09\/1597056763_RjZm.jpg"}],"author":"Marcelo Gonfar","twitter_card":"summary_large_image","twitter_title":"Temperatura \u00f2ptima en oficines: quin \u00e9s l&#8242;ideal?","twitter_description":"A l&#8242;estiu cobra m\u00e9s import\u00e0ncia encara tenir una temperatura \u00f2ptima a l&#8242;oficina. Segueix aquests consells perqu\u00e8 el teu lloc de treball sigui c\u00f2mode i confortable.","twitter_image":"https:\/\/www.metmann.com\/wp-content\/uploads\/2021\/09\/1597056763_RjZm.jpg","twitter_misc":{"Escrit per":"Marcelo Gonfar","Temps estimat de lectura":"5 minuts"},"schema":{"@context":"https:\/\/schema.org","@graph":[{"@type":"Article","@id":"https:\/\/www.metmann.com\/ca\/temperatura-optima-en-oficines-quin-es-lideal\/#article","isPartOf":{"@id":"https:\/\/www.metmann.com\/ca\/temperatura-optima-en-oficines-quin-es-lideal\/"},"author":{"name":"Marcelo Gonfar","@id":"https:\/\/www.metmann.com\/ca\/#\/schema\/person\/abb061f44d31128f243c7e8c9677bb01"},"headline":"Temperatura \u00f2ptima en oficines: quin \u00e9s l&#8242;ideal?","datePublished":"2020-08-10T00:00:00+00:00","dateModified":"2020-08-10T00:00:00+00:00","mainEntityOfPage":{"@id":"https:\/\/www.metmann.com\/ca\/temperatura-optima-en-oficines-quin-es-lideal\/"},"wordCount":993,"commentCount":0,"publisher":{"@id":"https:\/\/www.metmann.com\/ca\/#organization"},"image":{"@id":"https:\/\/www.metmann.com\/ca\/temperatura-optima-en-oficines-quin-es-lideal\/#primaryimage"},"thumbnailUrl":"https:\/\/www.metmann.com\/wp-content\/uploads\/2021\/09\/1597056763_RjZm.jpg","articleSection":["Noticies"],"inLanguage":"ca","potentialAction":[{"@type":"CommentAction","name":"Comment","target":["https:\/\/www.metmann.com\/ca\/temperatura-optima-en-oficines-quin-es-lideal\/#respond"]}]},{"@type":"WebPage","@id":"https:\/\/www.metmann.com\/ca\/temperatura-optima-en-oficines-quin-es-lideal\/","url":"https:\/\/www.metmann.com\/ca\/temperatura-optima-en-oficines-quin-es-lideal\/","name":"Temperatura \u00f2ptima en oficines: quin \u00e9s l&#8242;ideal?","isPartOf":{"@id":"https:\/\/www.metmann.com\/ca\/#website"},"primaryImageOfPage":{"@id":"https:\/\/www.metmann.com\/ca\/temperatura-optima-en-oficines-quin-es-lideal\/#primaryimage"},"image":{"@id":"https:\/\/www.metmann.com\/ca\/temperatura-optima-en-oficines-quin-es-lideal\/#primaryimage"},"thumbnailUrl":"https:\/\/www.metmann.com\/wp-content\/uploads\/2021\/09\/1597056763_RjZm.jpg","datePublished":"2020-08-10T00:00:00+00:00","dateModified":"2020-08-10T00:00:00+00:00","description":"A l&#8242;estiu cobra m\u00e9s import\u00e0ncia encara tenir una temperatura \u00f2ptima a l&#8242;oficina. Segueix aquests consells perqu\u00e8 el teu lloc de treball sigui c\u00f2mode i confortable.","breadcrumb":{"@id":"https:\/\/www.metmann.com\/ca\/temperatura-optima-en-oficines-quin-es-lideal\/#breadcrumb"},"inLanguage":"ca","potentialAction":[{"@type":"ReadAction","target":["https:\/\/www.metmann.com\/ca\/temperatura-optima-en-oficines-quin-es-lideal\/"]}]},{"@type":"ImageObject","inLanguage":"ca","@id":"https:\/\/www.metmann.com\/ca\/temperatura-optima-en-oficines-quin-es-lideal\/#primaryimage","url":"https:\/\/www.metmann.com\/wp-content\/uploads\/2021\/09\/1597056763_RjZm.jpg","contentUrl":"https:\/\/www.metmann.com\/wp-content\/uploads\/2021\/09\/1597056763_RjZm.jpg","width":400,"height":300},{"@type":"BreadcrumbList","@id":"https:\/\/www.metmann.com\/ca\/temperatura-optima-en-oficines-quin-es-lideal\/#breadcrumb","itemListElement":[{"@type":"ListItem","position":1,"name":"Inicio","item":"https:\/\/www.metmann.com\/ca\/"},{"@type":"ListItem","position":2,"name":"Noticies","item":"https:\/\/www.metmann.com\/ca\/category\/noticies\/"},{"@type":"ListItem","position":3,"name":"Temperatura \u00f2ptima en oficines: quin \u00e9s l&#8242;ideal?"}]},{"@type":"WebSite","@id":"https:\/\/www.metmann.com\/ca\/#website","url":"https:\/\/www.metmann.com\/ca\/","name":"MET MANN","description":"Climatizaci\u00f3n industrial, Calefactores y Ventilaci\u00f3n para empresas","publisher":{"@id":"https:\/\/www.metmann.com\/ca\/#organization"},"potentialAction":[{"@type":"SearchAction","target":{"@type":"EntryPoint","urlTemplate":"https:\/\/www.metmann.com\/ca\/?s={search_term_string}"},"query-input":"required name=search_term_string"}],"inLanguage":"ca"},{"@type":"Organization","@id":"https:\/\/www.metmann.com\/ca\/#organization","name":"Met Mann","url":"https:\/\/www.metmann.com\/ca\/","logo":{"@type":"ImageObject","inLanguage":"ca","@id":"https:\/\/www.metmann.com\/ca\/#\/schema\/logo\/image\/","url":"https:\/\/www.metmann.com\/wp-content\/uploads\/2021\/12\/logo-color-met-mann-01.jpg","contentUrl":"https:\/\/www.metmann.com\/wp-content\/uploads\/2021\/12\/logo-color-met-mann-01.jpg","width":351,"height":133,"caption":"Met Mann"},"image":{"@id":"https:\/\/www.metmann.com\/ca\/#\/schema\/logo\/image\/"}},{"@type":"Person","@id":"https:\/\/www.metmann.com\/ca\/#\/schema\/person\/abb061f44d31128f243c7e8c9677bb01","name":"Marcelo Gonfar","image":{"@type":"ImageObject","inLanguage":"ca","@id":"https:\/\/www.metmann.com\/ca\/#\/schema\/person\/image\/","url":"https:\/\/secure.gravatar.com\/avatar\/f8e37661ecf23489bf1e65088ca5cfbd?s=96&d=mm&r=g","contentUrl":"https:\/\/secure.gravatar.com\/avatar\/f8e37661ecf23489bf1e65088ca5cfbd?s=96&d=mm&r=g","caption":"Marcelo Gonfar"},"url":"https:\/\/www.metmann.com\/ca\/author\/produccionvisualpublinet-com\/"}]}},"_links":{"self":[{"href":"https:\/\/www.metmann.com\/ca\/wp-json\/wp\/v2\/posts\/2864"}],"collection":[{"href":"https:\/\/www.metmann.com\/ca\/wp-json\/wp\/v2\/posts"}],"about":[{"href":"https:\/\/www.metmann.com\/ca\/wp-json\/wp\/v2\/types\/post"}],"author":[{"embeddable":true,"href":"https:\/\/www.metmann.com\/ca\/wp-json\/wp\/v2\/users\/1"}],"replies":[{"embeddable":true,"href":"https:\/\/www.metmann.com\/ca\/wp-json\/wp\/v2\/comments?post=2864"}],"version-history":[{"count":0,"href":"https:\/\/www.metmann.com\/ca\/wp-json\/wp\/v2\/posts\/2864\/revisions"}],"wp:featuredmedia":[{"embeddable":true,"href":"https:\/\/www.metmann.com\/ca\/wp-json\/wp\/v2\/media\/472"}],"wp:attachment":[{"href":"https:\/\/www.metmann.com\/ca\/wp-json\/wp\/v2\/media?parent=2864"}],"wp:term":[{"taxonomy":"category","embeddable":true,"href":"https:\/\/www.metmann.com\/ca\/wp-json\/wp\/v2\/categories?post=2864"},{"taxonomy":"post_tag","embeddable":true,"href":"https:\/\/www.metmann.com\/ca\/wp-json\/wp\/v2\/tags?post=2864"}],"curies":[{"name":"wp","href":"https:\/\/api.w.org\/{rel}","templated":true}]}}