{"id":2865,"date":"2020-08-21T00:00:00","date_gmt":"2020-08-21T00:00:00","guid":{"rendered":"https:\/\/metmann.com.185-176-9-81.185-176-9-81.visualpublinet.com\/per-que-es-necessari-el-calcul-de-ventilacio-i-extraccio-duna-nau-industrial\/"},"modified":"2020-08-21T00:00:00","modified_gmt":"2020-08-21T00:00:00","slug":"per-que-es-necessari-el-calcul-de-ventilacio-i-extraccio-duna-nau-industrial","status":"publish","type":"post","link":"https:\/\/www.metmann.com\/ca\/per-que-es-necessari-el-calcul-de-ventilacio-i-extraccio-duna-nau-industrial\/","title":{"rendered":"Per qu\u00e8 \u00e9s necessari el c\u00e0lcul de ventilaci\u00f3 i extracci\u00f3 d&#8242;una nau industrial"},"content":{"rendered":"<p><span id=\"docs-internal-guid-9e42799d-7fff-8312-2899-ffaf7f56c243\">En moltes ocasions, quan una empresa compra o lloga una nau industrial, passa per alt l&#8242;estat de sistema de ventilaci\u00f3 existent en les instal\u00b7lacions, cosa que pot comportar problemes i tr\u00e0mits que alenteixen l&#8242;inici de l&#8242;activitat empresarial. La import\u00e0ncia de la ventilaci\u00f3 industrial rau en la normativa que s&#8242;ha de complir per evitar possibles sancions.<\/p>\n<p> \tPer evitar aquest tipus de problemes i com a experts en el c\u00e0lcul de ventilaci\u00f3 industrial, hem preparat aquest post en el qual trobar\u00e0s una petita guia amb tots els aspectes legals i recomanacions necess\u00e0ries perqu\u00e8 el c\u00e0lcul de sistema de ventilaci\u00f3 industrial de la teva empresa no es converteixi en una preocupaci\u00f3 a m&eacute;s. \t<\/p>\n<p dir=\"ltr\" style=\"line-height: 1.38; margin-top: 0pt; margin-bottom: 0pt;\">&nbsp;<\/p>\n<p dir=\"ltr\" style=\"line-height: 1.38; margin-top: 0pt; margin-bottom: 0pt;\"><span id=\"docs-internal-guid-293cf620-7fff-12d9-6894-2c3809263705\"><\/span><\/p>\n<h2 dir=\"ltr\" style=\"line-height:1.38;margin-top:18pt;margin-bottom:6pt;\">Normativa de ventilaci\u00f3 industrial<\/h2>\n<p>Malgrat que no hi ha una normativa espec\u00edfica en relaci\u00f3 a el c\u00e0lcul de ventilaci\u00f3 industrial cal respectar un nivell m\u00ednim de qualitat en l&#8242;aire perqu\u00e8 els operaris que treballen a la nau respirin un aire de qualitat adequat dins de les seves possibilitats.<\/p>\n<p> \tEn el Reial Decret 427 s&#8242;esmenta l&#8242;\u00e0mbit de ventilaci\u00f3 de les naus industrials, segons aquesta normativa, per al c\u00e0lcul de la ventilaci\u00f3 d&#8242;una nau industrial s&#8242;hauria de tenir en compte que cal aplicar una renovaci\u00f3 de l&#8242;aire de 30 m3 per treballador cada hora en cas que a la nau no hi hagi fums de tabac (alguna cosa obligatori a dia d&#8242;avui i que treu a la llum l&#8242;antiguitat de la normativa) en l&#8242;hipot\u00e8tic cas que en la nau existissin fums procedents de l&#8242;tabac la renovaci\u00f3 de l&#8242;aire augmentaria a 50m3 per treballador i hora.<\/p>\n<p> \tTenint en compte les circumst\u00e0ncies normals de treball en naus industrials, els nivells proposats pel Reial Decret 427 s\u00f3n insuficients per mantenir una qualitat d&#8242;aire confortable i evitar que l&#8242;ambient s&#8242;acabi viciant. Aix\u00f2 &eacute;s aix\u00ed donat que la renovaci\u00f3 d&#8242;aire tan sols es t&eacute; en compte per persona en la normativa i no la mida de la nau o la capacitat de contaminaci\u00f3 de l&#8242;aire.<\/p>\n<p> \tAix\u00ed doncs, el c\u00e0lcul de ventilaci\u00f3 i extracci\u00f3 d&#8242;una nau industrial no &eacute;s el mateix per a un equip de 30 persones treballant en una nau de 2500m2 soldant metall, que les mateixes persones en un espai m&eacute;s redu\u00eft utilitzat com a magatzem i en qu\u00e8 a penes hi ha maquin\u00e0ria.<\/p>\n<p> \tHi ha diferents criteris a aplicar en funci\u00f3 a la mida de les instal\u00b7lacions, els treballs realitzats en el seu interior i el nombre de treballadors que operin en el seu interior \t<\/p>\n<div><span style=\"font-size: 11pt; font-family: Arial; font-variant-numeric: normal; font-variant-east-asian: normal; vertical-align: baseline; white-space: pre-wrap;\"><\/span><\/div>\n<div>&nbsp;<\/div>\n<div><span id=\"docs-internal-guid-0d649b83-7fff-f94a-4ecd-f60e2bdc7265\"> \t\t\t<\/p>\n<h2 dir=\"ltr\" style=\"line-height:1.38;margin-top:18pt;margin-bottom:6pt;\"><span style=\"font-variant-numeric: normal; font-variant-east-asian: normal; vertical-align: baseline;\">Com realitzar el c\u00e0lcul de ventilaci\u00f3 i extracci\u00f3 d&#8242;una nau industrial<\/span><\/h2>\n<p dir=\"ltr\" style=\"line-height: 1.38; margin-top: 0pt; margin-bottom: 0pt;\"><span style=\"font-variant-numeric: normal; font-variant-east-asian: normal; vertical-align: baseline;\">Arribat aquest punt, segurament et preguntar\u00e0s quins aspectes s&#8242;han de tenir en compte a l&#8242;hora d&#8242;establir la ventilaci\u00f3 d&#8242;una nau industrial. Com a experts en c\u00e0lcul de ventilaci\u00f3 i extracci\u00f3 de nau industrial a MET MANN recomanem tenir en compte els seg\u00fcents punts clau.<\/span><span style=\"font-variant-numeric: normal; font-variant-east-asian: normal; vertical-align: baseline;\"><\/span><\/p>\n<p> \t\t\t \t\t\t<\/p>\n<ul style=\"margin-top:0;margin-bottom:0;\">\n<li dir=\"ltr\" style=\"list-style-type: disc; font-variant-numeric: normal; font-variant-east-asian: normal; vertical-align: baseline;\">\n<p dir=\"ltr\" style=\"line-height: 1.38; margin-top: 0pt; margin-bottom: 0pt;\" role=\"presentation\"><span style=\"font-variant-numeric: normal; font-variant-east-asian: normal; vertical-align: baseline;\">Cal tenir en compte el context de l&#8242;recinte a l&#8242;hora d&#8242;establir el c\u00e0lcul de la ventilaci\u00f3 necess\u00e0ria en funci\u00f3 de l&#8242;activitat desenvolupada en el seu interior, la contaminaci\u00f3 aportada per la maquin\u00e0ria, la temperatura, el nombre de treballadors i per descomptat, l&#8242;extensi\u00f3 de l&#8242;recinte.<\/span><\/p>\n<\/li>\n<\/ul>\n<p> \t\t\t \t\t\t<\/p>\n<ul style=\"margin-top:0;margin-bottom:0;\">\n<li dir=\"ltr\" style=\"list-style-type: disc; font-variant-numeric: normal; font-variant-east-asian: normal; vertical-align: baseline;\">\n<p dir=\"ltr\" style=\"line-height: 1.38; margin-top: 0pt; margin-bottom: 0pt;\" role=\"presentation\"><span style=\"font-variant-numeric: normal; font-variant-east-asian: normal; vertical-align: baseline;\">Un cop considerats tots els factors anteriors, s&#8242;han de fer un nombre m\u00ednim de renovacions per hora, de manera que l&#8242;aire es renovi completament entre 4 i 10 vegades en cada hora d&#8242;activitat.<\/span><\/p>\n<\/li>\n<\/ul>\n<p> \t\t\t \t\t\t<\/p>\n<p dir=\"ltr\" style=\"line-height: 1.38; margin-top: 0pt; margin-bottom: 0pt;\"><span style=\"font-variant-numeric: normal; font-variant-east-asian: normal; vertical-align: baseline;\">D&#8242;aquesta manera, suposant que disposem d&#8242;un espai de 50 metres de llarg, 20 d&#8242;ample i 6 d&#8242;alt, el c\u00e0lcul es realitzar\u00e0 de la seg\u00fcent manera:<\/span><\/p>\n<p dir=\"ltr\" style=\"line-height: 1.38; margin-top: 0pt; margin-bottom: 0pt;\">&nbsp;<\/p>\n<h3 style=\"line-height: 1.38; margin-top: 0pt; margin-bottom: 0pt;\"><span id=\"docs-internal-guid-d3b155dc-7fff-8c77-2e3d-0dc26ee34a54\">Calcular els metres c\u00fabics totals<\/span><\/h3>\n<div>\n<div><span style=\"font-style: italic;\"><\/span><\/div>\n<div>&nbsp;<\/div>\n<p>50m x 20m x 6m = 6000m3<br \/> \t\t\t\tAquests 6000m3 corresponen a el volum total de l&#8242;recinte que s&#8242;ha de tenir en compte. \t\t\t\t<\/p>\n<div>&nbsp;<\/div>\n<div> \t\t\t\t\t<\/div>\n<h3>Calcular el volum a renovar per hora en funci\u00f3 a el nombre de renovacions desitjades<\/h3>\n<div><span style=\"font-style: italic;\"><\/span><\/div>\n<div><span style=\"font-style: italic;\"><\/span><\/div>\n<div>&nbsp;<\/div>\n<div><span id=\"docs-internal-guid-d527339e-7fff-c2a5-2e5f-a52605f74207\"> \t\t\t\t\t\t<\/p>\n<p dir=\"ltr\" style=\"line-height: 1.38; margin-top: 0pt; margin-bottom: 0pt;\">Establint el m\u00ednim de renovacions recomanades (4 renovacions per hora)<br \/> \t\t\t\t\t\t\t6000m3 x 4 = 24.000m3<br \/> \t\t\t\t\t\t\t&nbsp;<\/p>\n<p> \t\t\t\t\t\t\tPer renovar l&#8242;aire de les instal\u00b7lacions de manera completa un total de 4 vegades per hora, cal establir un cabal d&#8242;aire de 24.000m3 per al que ser\u00e0 necessari un sistema de ventilaci\u00f3 industrial.<\/p>\n<p> \t\t\t\t\t\t\tUn sistema de ventilaci\u00f3 industrial est\u00e0 basat en punts d&#8242;entrada i sortida d&#8242;aire cap a l&#8242;exterior que creen un corrent que empeny l&#8242;aire viciat cap a la sortida. L&#8242;aire fresc i renovat accedeix a l&#8242;interior a trav&eacute;s d&#8242;unes reixetes i escombra l&#8242;aire viciat cap amunt, on hi ha uns extractors que el tornen a l&#8242;exterior.&nbsp;<\/p>\n<p dir=\"ltr\" style=\"line-height: 1.38; margin-top: 0pt; margin-bottom: 0pt;\">&nbsp;<span id=\"docs-internal-guid-458b35b6-7fff-e9d5-f0dd-91134e1f2821\"><\/span><\/p>\n<h2 dir=\"ltr\" style=\"line-height: 1.38; margin-top: 18pt; margin-bottom: 6pt;\"><span style=\"font-variant-numeric: normal; font-variant-east-asian: normal; vertical-align: baseline;\">Disseny de sistema de ventilaci\u00f3<\/span><\/h2>\n<p>Per a la instal\u00b7laci\u00f3 d&#8242;un sistema de ventilaci\u00f3 adequat en naus industrials cal tenir en compte una s\u00e8rie de factors a m&eacute;s del cabal d&#8242;aire necessari per a la renovaci\u00f3 d&#8242;aire interior. Per optimitzar aquest proc&eacute;s s&#8242;han de tenir en compte el tipus de ventiladors, els punts de situaci\u00f3 dels extractors i reixetes de ventilaci\u00f3, de manera que el corrent d&#8242;aire elimini l&#8242;aire viciat sense que es produeixi cap recirculaci\u00f3 de l&#8242;aire.<\/p>\n<p> \t\t\t\t\t\tSi consideres que els teus instal\u00b7lacions no estan adequadament condicionades o tens dubtes sobre el c\u00e0lcul de la ventilaci\u00f3 i extracci\u00f3 de la teva nau industrial a MET MANN podem ajudar-te. Som experts en l&#8242;estudi i instal\u00b7laci\u00f3 d&#8242;aquest tipus de sistemes de ventilaci\u00f3 en ind\u00fastries i naus de tot tipus.<\/p>\n<p> \t\t\t\t\t\tNo dubtis en contactar amb nosaltres perqu\u00e8 els nostres especialistes t&#8242;assessorin sobre com millorar les condicions laborals en la teva nau industrial. \t\t\t\t\t\t<\/p>\n<div><span style=\"font-size: 11pt; font-family: Arial; font-variant-numeric: normal; font-variant-east-asian: normal; vertical-align: baseline; white-space: pre-wrap;\"><br \/> \t\t\t\t\t\t\t\t<\/span><\/div>\n<p><\/span> \t\t\t\t\t<\/p>\n<p>&nbsp;<\/p>\n<p> \t\t\t\t\t<\/div>\n<p> \t\t\t\t<\/div>\n<p><\/span><span id=\"docs-internal-guid-086a50cd-7fff-adfd-946a-8ddbf82d73fa\"> \t\t\t<\/p>\n<p dir=\"ltr\" style=\"line-height: 1.38; margin-left: 36pt; margin-top: 0pt; margin-bottom: 0pt;\"><span style=\"font-variant-numeric: normal; font-variant-east-asian: normal; vertical-align: baseline;\"><\/span><\/p>\n<p dir=\"ltr\" style=\"line-height: 1.38; margin-left: 36pt; margin-top: 0pt; margin-bottom: 0pt;\"> \t\t\t\t<\/p>\n<p><\/span> \t\t<\/div>\n<p><\/span> <\/p>\n<p>&nbsp;<\/p>\n<p dir=\"ltr\" style=\"line-height: 1.38; margin-top: 0pt; margin-bottom: 0pt;\"> \t<\/p>\n<div><span style=\"font-variant-numeric: normal; font-variant-east-asian: normal; vertical-align: baseline;\"><br \/> \t\t<\/span><\/div>\n","protected":false},"excerpt":{"rendered":"<p>Les naus industrials s\u00f3n ambients on moltes vegades, la ventilaci\u00f3 brilla per la seva abs\u00e8ncia. Aix\u00f2 fa necessari que realitzar el <span style=\"font-weight: bold;\">c\u00e0lcul de ventilaci\u00f3 i extracci\u00f3<\/span> d&#8242;una nau industrial sigui un requeriment de gaireb&eacute; obligat compliment i que s&#8242;ha de passar per alt.<\/p>\n","protected":false},"author":1,"featured_media":480,"comment_status":"open","ping_status":"open","sticky":false,"template":"","format":"standard","meta":{"_acf_changed":false,"_et_pb_use_builder":"","_et_pb_old_content":"","_et_gb_content_width":"","_joinchat":[],"footnotes":""},"categories":[51],"tags":[],"acf":[],"yoast_head":"<!-- This site is optimized with the Yoast SEO plugin v22.6 - https:\/\/yoast.com\/wordpress\/plugins\/seo\/ -->\r\n<title>C\u00e0lcul de ventilaci\u00f3 i extracci\u00f3 d&#8242;una nau industrial<\/title>\r\n<meta name=\"description\" content=\"Calcular quanta ventilaci\u00f3 i extracci\u00f3 necessita una nau industrial \u00e9s b\u00e0sic per assegurar la correcta qualitat de l&prime;aire. T&prime;expliquem com fer-ho.\" \/>\r\n<meta name=\"robots\" content=\"index, follow, max-snippet:-1, max-image-preview:large, max-video-preview:-1\" \/>\r\n<link rel=\"canonical\" href=\"https:\/\/www.metmann.com\/ca\/per-que-es-necessari-el-calcul-de-ventilacio-i-extraccio-duna-nau-industrial\/\" \/>\r\n<meta property=\"og:locale\" content=\"ca_ES\" \/>\r\n<meta property=\"og:type\" content=\"article\" \/>\r\n<meta property=\"og:title\" content=\"C\u00e0lcul de ventilaci\u00f3 i extracci\u00f3 d&#8242;una nau industrial\" \/>\r\n<meta property=\"og:description\" content=\"Calcular quanta ventilaci\u00f3 i extracci\u00f3 necessita una nau industrial \u00e9s b\u00e0sic per assegurar la correcta qualitat de l&prime;aire. T&prime;expliquem com fer-ho.\" \/>\r\n<meta property=\"og:url\" content=\"https:\/\/www.metmann.com\/ca\/per-que-es-necessari-el-calcul-de-ventilacio-i-extraccio-duna-nau-industrial\/\" \/>\r\n<meta property=\"og:site_name\" content=\"MET MANN\" \/>\r\n<meta property=\"article:published_time\" content=\"2020-08-21T00:00:00+00:00\" \/>\r\n<meta property=\"og:image\" content=\"https:\/\/www.metmann.com\/wp-content\/uploads\/2021\/09\/1600322352_8qkH.jpg\" \/>\r\n<meta name=\"author\" content=\"Marcelo Gonfar\" \/>\r\n<meta name=\"twitter:card\" content=\"summary_large_image\" \/>\r\n<meta name=\"twitter:title\" content=\"C\u00e0lcul de ventilaci\u00f3 i extracci\u00f3 d&#8242;una nau industrial\" \/>\r\n<meta name=\"twitter:description\" content=\"Calcular quanta ventilaci\u00f3 i extracci\u00f3 necessita una nau industrial \u00e9s b\u00e0sic per assegurar la correcta qualitat de l&prime;aire. T&prime;expliquem com fer-ho.\" \/>\r\n<meta name=\"twitter:image\" content=\"https:\/\/www.metmann.com\/wp-content\/uploads\/2021\/09\/1600322352_8qkH.jpg\" \/>\r\n<meta name=\"twitter:label1\" content=\"Escrit per\" \/>\n\t<meta name=\"twitter:data1\" content=\"Marcelo Gonfar\" \/>\n\t<meta name=\"twitter:label2\" content=\"Temps estimat de lectura\" \/>\n\t<meta name=\"twitter:data2\" content=\"5 minuts\" \/>\r\n<script type=\"application\/ld+json\" class=\"yoast-schema-graph\">{\"@context\":\"https:\/\/schema.org\",\"@graph\":[{\"@type\":\"Article\",\"@id\":\"https:\/\/www.metmann.com\/ca\/per-que-es-necessari-el-calcul-de-ventilacio-i-extraccio-duna-nau-industrial\/#article\",\"isPartOf\":{\"@id\":\"https:\/\/www.metmann.com\/ca\/per-que-es-necessari-el-calcul-de-ventilacio-i-extraccio-duna-nau-industrial\/\"},\"author\":{\"name\":\"Marcelo Gonfar\",\"@id\":\"https:\/\/www.metmann.com\/ca\/#\/schema\/person\/abb061f44d31128f243c7e8c9677bb01\"},\"headline\":\"Per qu\u00e8 \u00e9s necessari el c\u00e0lcul de ventilaci\u00f3 i extracci\u00f3 d&#8242;una nau industrial\",\"datePublished\":\"2020-08-21T00:00:00+00:00\",\"dateModified\":\"2020-08-21T00:00:00+00:00\",\"mainEntityOfPage\":{\"@id\":\"https:\/\/www.metmann.com\/ca\/per-que-es-necessari-el-calcul-de-ventilacio-i-extraccio-duna-nau-industrial\/\"},\"wordCount\":975,\"commentCount\":0,\"publisher\":{\"@id\":\"https:\/\/www.metmann.com\/ca\/#organization\"},\"image\":{\"@id\":\"https:\/\/www.metmann.com\/ca\/per-que-es-necessari-el-calcul-de-ventilacio-i-extraccio-duna-nau-industrial\/#primaryimage\"},\"thumbnailUrl\":\"https:\/\/www.metmann.com\/wp-content\/uploads\/2021\/09\/1600322352_8qkH-e1688643982774.jpg\",\"articleSection\":[\"Noticies\"],\"inLanguage\":\"ca\",\"potentialAction\":[{\"@type\":\"CommentAction\",\"name\":\"Comment\",\"target\":[\"https:\/\/www.metmann.com\/ca\/per-que-es-necessari-el-calcul-de-ventilacio-i-extraccio-duna-nau-industrial\/#respond\"]}]},{\"@type\":\"WebPage\",\"@id\":\"https:\/\/www.metmann.com\/ca\/per-que-es-necessari-el-calcul-de-ventilacio-i-extraccio-duna-nau-industrial\/\",\"url\":\"https:\/\/www.metmann.com\/ca\/per-que-es-necessari-el-calcul-de-ventilacio-i-extraccio-duna-nau-industrial\/\",\"name\":\"C\u00e0lcul de ventilaci\u00f3 i extracci\u00f3 d&#8242;una nau industrial\",\"isPartOf\":{\"@id\":\"https:\/\/www.metmann.com\/ca\/#website\"},\"primaryImageOfPage\":{\"@id\":\"https:\/\/www.metmann.com\/ca\/per-que-es-necessari-el-calcul-de-ventilacio-i-extraccio-duna-nau-industrial\/#primaryimage\"},\"image\":{\"@id\":\"https:\/\/www.metmann.com\/ca\/per-que-es-necessari-el-calcul-de-ventilacio-i-extraccio-duna-nau-industrial\/#primaryimage\"},\"thumbnailUrl\":\"https:\/\/www.metmann.com\/wp-content\/uploads\/2021\/09\/1600322352_8qkH-e1688643982774.jpg\",\"datePublished\":\"2020-08-21T00:00:00+00:00\",\"dateModified\":\"2020-08-21T00:00:00+00:00\",\"description\":\"Calcular quanta ventilaci\u00f3 i extracci\u00f3 necessita una nau industrial \u00e9s b\u00e0sic per assegurar la correcta qualitat de l&prime;aire. T&prime;expliquem com fer-ho.\",\"breadcrumb\":{\"@id\":\"https:\/\/www.metmann.com\/ca\/per-que-es-necessari-el-calcul-de-ventilacio-i-extraccio-duna-nau-industrial\/#breadcrumb\"},\"inLanguage\":\"ca\",\"potentialAction\":[{\"@type\":\"ReadAction\",\"target\":[\"https:\/\/www.metmann.com\/ca\/per-que-es-necessari-el-calcul-de-ventilacio-i-extraccio-duna-nau-industrial\/\"]}]},{\"@type\":\"ImageObject\",\"inLanguage\":\"ca\",\"@id\":\"https:\/\/www.metmann.com\/ca\/per-que-es-necessari-el-calcul-de-ventilacio-i-extraccio-duna-nau-industrial\/#primaryimage\",\"url\":\"https:\/\/www.metmann.com\/wp-content\/uploads\/2021\/09\/1600322352_8qkH-e1688643982774.jpg\",\"contentUrl\":\"https:\/\/www.metmann.com\/wp-content\/uploads\/2021\/09\/1600322352_8qkH-e1688643982774.jpg\",\"width\":600,\"height\":484},{\"@type\":\"BreadcrumbList\",\"@id\":\"https:\/\/www.metmann.com\/ca\/per-que-es-necessari-el-calcul-de-ventilacio-i-extraccio-duna-nau-industrial\/#breadcrumb\",\"itemListElement\":[{\"@type\":\"ListItem\",\"position\":1,\"name\":\"Inicio\",\"item\":\"https:\/\/www.metmann.com\/ca\/\"},{\"@type\":\"ListItem\",\"position\":2,\"name\":\"Noticies\",\"item\":\"https:\/\/www.metmann.com\/ca\/category\/noticies\/\"},{\"@type\":\"ListItem\",\"position\":3,\"name\":\"Per qu\u00e8 \u00e9s necessari el c\u00e0lcul de ventilaci\u00f3 i extracci\u00f3 d&#8242;una nau industrial\"}]},{\"@type\":\"WebSite\",\"@id\":\"https:\/\/www.metmann.com\/ca\/#website\",\"url\":\"https:\/\/www.metmann.com\/ca\/\",\"name\":\"MET MANN\",\"description\":\"Climatizaci\u00f3n industrial, Calefactores y Ventilaci\u00f3n para empresas\",\"publisher\":{\"@id\":\"https:\/\/www.metmann.com\/ca\/#organization\"},\"potentialAction\":[{\"@type\":\"SearchAction\",\"target\":{\"@type\":\"EntryPoint\",\"urlTemplate\":\"https:\/\/www.metmann.com\/ca\/?s={search_term_string}\"},\"query-input\":\"required name=search_term_string\"}],\"inLanguage\":\"ca\"},{\"@type\":\"Organization\",\"@id\":\"https:\/\/www.metmann.com\/ca\/#organization\",\"name\":\"Met Mann\",\"url\":\"https:\/\/www.metmann.com\/ca\/\",\"logo\":{\"@type\":\"ImageObject\",\"inLanguage\":\"ca\",\"@id\":\"https:\/\/www.metmann.com\/ca\/#\/schema\/logo\/image\/\",\"url\":\"https:\/\/www.metmann.com\/wp-content\/uploads\/2021\/12\/logo-color-met-mann-01.jpg\",\"contentUrl\":\"https:\/\/www.metmann.com\/wp-content\/uploads\/2021\/12\/logo-color-met-mann-01.jpg\",\"width\":351,\"height\":133,\"caption\":\"Met Mann\"},\"image\":{\"@id\":\"https:\/\/www.metmann.com\/ca\/#\/schema\/logo\/image\/\"}},{\"@type\":\"Person\",\"@id\":\"https:\/\/www.metmann.com\/ca\/#\/schema\/person\/abb061f44d31128f243c7e8c9677bb01\",\"name\":\"Marcelo Gonfar\",\"image\":{\"@type\":\"ImageObject\",\"inLanguage\":\"ca\",\"@id\":\"https:\/\/www.metmann.com\/ca\/#\/schema\/person\/image\/\",\"url\":\"https:\/\/secure.gravatar.com\/avatar\/f8e37661ecf23489bf1e65088ca5cfbd?s=96&d=mm&r=g\",\"contentUrl\":\"https:\/\/secure.gravatar.com\/avatar\/f8e37661ecf23489bf1e65088ca5cfbd?s=96&d=mm&r=g\",\"caption\":\"Marcelo Gonfar\"},\"url\":\"https:\/\/www.metmann.com\/ca\/author\/produccionvisualpublinet-com\/\"}]}<\/script>\r\n<!-- \/ Yoast SEO plugin. -->","yoast_head_json":{"title":"C\u00e0lcul de ventilaci\u00f3 i extracci\u00f3 d&#8242;una nau industrial","description":"Calcular quanta ventilaci\u00f3 i extracci\u00f3 necessita una nau industrial \u00e9s b\u00e0sic per assegurar la correcta qualitat de l&prime;aire. T&prime;expliquem com fer-ho.","robots":{"index":"index","follow":"follow","max-snippet":"max-snippet:-1","max-image-preview":"max-image-preview:large","max-video-preview":"max-video-preview:-1"},"canonical":"https:\/\/www.metmann.com\/ca\/per-que-es-necessari-el-calcul-de-ventilacio-i-extraccio-duna-nau-industrial\/","og_locale":"ca_ES","og_type":"article","og_title":"C\u00e0lcul de ventilaci\u00f3 i extracci\u00f3 d&#8242;una nau industrial","og_description":"Calcular quanta ventilaci\u00f3 i extracci\u00f3 necessita una nau industrial \u00e9s b\u00e0sic per assegurar la correcta qualitat de l&prime;aire. T&prime;expliquem com fer-ho.","og_url":"https:\/\/www.metmann.com\/ca\/per-que-es-necessari-el-calcul-de-ventilacio-i-extraccio-duna-nau-industrial\/","og_site_name":"MET MANN","article_published_time":"2020-08-21T00:00:00+00:00","og_image":[{"url":"https:\/\/www.metmann.com\/wp-content\/uploads\/2021\/09\/1600322352_8qkH.jpg"}],"author":"Marcelo Gonfar","twitter_card":"summary_large_image","twitter_title":"C\u00e0lcul de ventilaci\u00f3 i extracci\u00f3 d&#8242;una nau industrial","twitter_description":"Calcular quanta ventilaci\u00f3 i extracci\u00f3 necessita una nau industrial \u00e9s b\u00e0sic per assegurar la correcta qualitat de l&prime;aire. T&prime;expliquem com fer-ho.","twitter_image":"https:\/\/www.metmann.com\/wp-content\/uploads\/2021\/09\/1600322352_8qkH.jpg","twitter_misc":{"Escrit per":"Marcelo Gonfar","Temps estimat de lectura":"5 minuts"},"schema":{"@context":"https:\/\/schema.org","@graph":[{"@type":"Article","@id":"https:\/\/www.metmann.com\/ca\/per-que-es-necessari-el-calcul-de-ventilacio-i-extraccio-duna-nau-industrial\/#article","isPartOf":{"@id":"https:\/\/www.metmann.com\/ca\/per-que-es-necessari-el-calcul-de-ventilacio-i-extraccio-duna-nau-industrial\/"},"author":{"name":"Marcelo Gonfar","@id":"https:\/\/www.metmann.com\/ca\/#\/schema\/person\/abb061f44d31128f243c7e8c9677bb01"},"headline":"Per qu\u00e8 \u00e9s necessari el c\u00e0lcul de ventilaci\u00f3 i extracci\u00f3 d&#8242;una nau industrial","datePublished":"2020-08-21T00:00:00+00:00","dateModified":"2020-08-21T00:00:00+00:00","mainEntityOfPage":{"@id":"https:\/\/www.metmann.com\/ca\/per-que-es-necessari-el-calcul-de-ventilacio-i-extraccio-duna-nau-industrial\/"},"wordCount":975,"commentCount":0,"publisher":{"@id":"https:\/\/www.metmann.com\/ca\/#organization"},"image":{"@id":"https:\/\/www.metmann.com\/ca\/per-que-es-necessari-el-calcul-de-ventilacio-i-extraccio-duna-nau-industrial\/#primaryimage"},"thumbnailUrl":"https:\/\/www.metmann.com\/wp-content\/uploads\/2021\/09\/1600322352_8qkH-e1688643982774.jpg","articleSection":["Noticies"],"inLanguage":"ca","potentialAction":[{"@type":"CommentAction","name":"Comment","target":["https:\/\/www.metmann.com\/ca\/per-que-es-necessari-el-calcul-de-ventilacio-i-extraccio-duna-nau-industrial\/#respond"]}]},{"@type":"WebPage","@id":"https:\/\/www.metmann.com\/ca\/per-que-es-necessari-el-calcul-de-ventilacio-i-extraccio-duna-nau-industrial\/","url":"https:\/\/www.metmann.com\/ca\/per-que-es-necessari-el-calcul-de-ventilacio-i-extraccio-duna-nau-industrial\/","name":"C\u00e0lcul de ventilaci\u00f3 i extracci\u00f3 d&#8242;una nau industrial","isPartOf":{"@id":"https:\/\/www.metmann.com\/ca\/#website"},"primaryImageOfPage":{"@id":"https:\/\/www.metmann.com\/ca\/per-que-es-necessari-el-calcul-de-ventilacio-i-extraccio-duna-nau-industrial\/#primaryimage"},"image":{"@id":"https:\/\/www.metmann.com\/ca\/per-que-es-necessari-el-calcul-de-ventilacio-i-extraccio-duna-nau-industrial\/#primaryimage"},"thumbnailUrl":"https:\/\/www.metmann.com\/wp-content\/uploads\/2021\/09\/1600322352_8qkH-e1688643982774.jpg","datePublished":"2020-08-21T00:00:00+00:00","dateModified":"2020-08-21T00:00:00+00:00","description":"Calcular quanta ventilaci\u00f3 i extracci\u00f3 necessita una nau industrial \u00e9s b\u00e0sic per assegurar la correcta qualitat de l&prime;aire. T&prime;expliquem com fer-ho.","breadcrumb":{"@id":"https:\/\/www.metmann.com\/ca\/per-que-es-necessari-el-calcul-de-ventilacio-i-extraccio-duna-nau-industrial\/#breadcrumb"},"inLanguage":"ca","potentialAction":[{"@type":"ReadAction","target":["https:\/\/www.metmann.com\/ca\/per-que-es-necessari-el-calcul-de-ventilacio-i-extraccio-duna-nau-industrial\/"]}]},{"@type":"ImageObject","inLanguage":"ca","@id":"https:\/\/www.metmann.com\/ca\/per-que-es-necessari-el-calcul-de-ventilacio-i-extraccio-duna-nau-industrial\/#primaryimage","url":"https:\/\/www.metmann.com\/wp-content\/uploads\/2021\/09\/1600322352_8qkH-e1688643982774.jpg","contentUrl":"https:\/\/www.metmann.com\/wp-content\/uploads\/2021\/09\/1600322352_8qkH-e1688643982774.jpg","width":600,"height":484},{"@type":"BreadcrumbList","@id":"https:\/\/www.metmann.com\/ca\/per-que-es-necessari-el-calcul-de-ventilacio-i-extraccio-duna-nau-industrial\/#breadcrumb","itemListElement":[{"@type":"ListItem","position":1,"name":"Inicio","item":"https:\/\/www.metmann.com\/ca\/"},{"@type":"ListItem","position":2,"name":"Noticies","item":"https:\/\/www.metmann.com\/ca\/category\/noticies\/"},{"@type":"ListItem","position":3,"name":"Per qu\u00e8 \u00e9s necessari el c\u00e0lcul de ventilaci\u00f3 i extracci\u00f3 d&#8242;una nau industrial"}]},{"@type":"WebSite","@id":"https:\/\/www.metmann.com\/ca\/#website","url":"https:\/\/www.metmann.com\/ca\/","name":"MET MANN","description":"Climatizaci\u00f3n industrial, Calefactores y Ventilaci\u00f3n para empresas","publisher":{"@id":"https:\/\/www.metmann.com\/ca\/#organization"},"potentialAction":[{"@type":"SearchAction","target":{"@type":"EntryPoint","urlTemplate":"https:\/\/www.metmann.com\/ca\/?s={search_term_string}"},"query-input":"required name=search_term_string"}],"inLanguage":"ca"},{"@type":"Organization","@id":"https:\/\/www.metmann.com\/ca\/#organization","name":"Met Mann","url":"https:\/\/www.metmann.com\/ca\/","logo":{"@type":"ImageObject","inLanguage":"ca","@id":"https:\/\/www.metmann.com\/ca\/#\/schema\/logo\/image\/","url":"https:\/\/www.metmann.com\/wp-content\/uploads\/2021\/12\/logo-color-met-mann-01.jpg","contentUrl":"https:\/\/www.metmann.com\/wp-content\/uploads\/2021\/12\/logo-color-met-mann-01.jpg","width":351,"height":133,"caption":"Met Mann"},"image":{"@id":"https:\/\/www.metmann.com\/ca\/#\/schema\/logo\/image\/"}},{"@type":"Person","@id":"https:\/\/www.metmann.com\/ca\/#\/schema\/person\/abb061f44d31128f243c7e8c9677bb01","name":"Marcelo Gonfar","image":{"@type":"ImageObject","inLanguage":"ca","@id":"https:\/\/www.metmann.com\/ca\/#\/schema\/person\/image\/","url":"https:\/\/secure.gravatar.com\/avatar\/f8e37661ecf23489bf1e65088ca5cfbd?s=96&d=mm&r=g","contentUrl":"https:\/\/secure.gravatar.com\/avatar\/f8e37661ecf23489bf1e65088ca5cfbd?s=96&d=mm&r=g","caption":"Marcelo Gonfar"},"url":"https:\/\/www.metmann.com\/ca\/author\/produccionvisualpublinet-com\/"}]}},"_links":{"self":[{"href":"https:\/\/www.metmann.com\/ca\/wp-json\/wp\/v2\/posts\/2865"}],"collection":[{"href":"https:\/\/www.metmann.com\/ca\/wp-json\/wp\/v2\/posts"}],"about":[{"href":"https:\/\/www.metmann.com\/ca\/wp-json\/wp\/v2\/types\/post"}],"author":[{"embeddable":true,"href":"https:\/\/www.metmann.com\/ca\/wp-json\/wp\/v2\/users\/1"}],"replies":[{"embeddable":true,"href":"https:\/\/www.metmann.com\/ca\/wp-json\/wp\/v2\/comments?post=2865"}],"version-history":[{"count":0,"href":"https:\/\/www.metmann.com\/ca\/wp-json\/wp\/v2\/posts\/2865\/revisions"}],"wp:featuredmedia":[{"embeddable":true,"href":"https:\/\/www.metmann.com\/ca\/wp-json\/wp\/v2\/media\/480"}],"wp:attachment":[{"href":"https:\/\/www.metmann.com\/ca\/wp-json\/wp\/v2\/media?parent=2865"}],"wp:term":[{"taxonomy":"category","embeddable":true,"href":"https:\/\/www.metmann.com\/ca\/wp-json\/wp\/v2\/categories?post=2865"},{"taxonomy":"post_tag","embeddable":true,"href":"https:\/\/www.metmann.com\/ca\/wp-json\/wp\/v2\/tags?post=2865"}],"curies":[{"name":"wp","href":"https:\/\/api.w.org\/{rel}","templated":true}]}}