{"id":2868,"date":"2020-10-15T00:00:00","date_gmt":"2020-10-15T00:00:00","guid":{"rendered":"https:\/\/metmann.com.185-176-9-81.185-176-9-81.visualpublinet.com\/estufes-de-llenya-per-a-naus-industrials-estalvia-a-lhivern\/"},"modified":"2020-10-15T00:00:00","modified_gmt":"2020-10-15T00:00:00","slug":"estufes-de-llenya-per-a-naus-industrials-estalvia-a-lhivern","status":"publish","type":"post","link":"https:\/\/www.metmann.com\/ca\/estufes-de-llenya-per-a-naus-industrials-estalvia-a-lhivern\/","title":{"rendered":"Estufes de llenya per a naus industrials: estalvia a l&#8242;hivern"},"content":{"rendered":"<p><span id=\"docs-internal-guid-1c258f77-7fff-9ddc-a8bc-8f0d2c3309c2\"> \t<\/p>\n<p dir=\"ltr\" style=\"line-height: 1.38; margin-top: 0pt; margin-bottom: 0pt;\"><span style=\"font-variant-numeric: normal; font-variant-east-asian: normal; vertical-align: baseline;\">Si a la teva empresa es generen residus llenyosos (taules, palets de fusta, estelles o similars) tens al teu abast una alternativa que possibilitar\u00e0 un estalvi de fins al 90% en el consum energ\u00e8tic a trav&eacute;s de les nostres estufes de llenya per a naus industrials MET MANN . En aquest post t&#8242;explicarem tots els detalls que necessites saber perqu\u00e8 puguis optimitzar els recursos de la teva empresa i mantenir una temperatura estable en els mesos d&#8242;hivern.<\/span><span style=\"font-variant-numeric: normal; font-variant-east-asian: normal; vertical-align: baseline;\"><\/span><\/p>\n<p> \t \t<\/p>\n<h2 dir=\"ltr\" style=\"line-height: 1.38; margin-top: 18pt; margin-bottom: 6pt;\">Calefacci\u00f3 de llenya per aire: com funciona?<\/h2>\n<p> \tLes estufes calefactores de llenya que fabriquem a MET MANN consisteixen en un incinerador en acer de gran gruix amb una porta frontal per introduir la llenya a l&#8242;interior, a m&eacute;s d&#8242;una entrada i una sortida d&#8242;aire.<\/p>\n<p> \tLa calor procedent de la combusti\u00f3 de la fusta augmenta la temperatura de l&#8242;aire que accedeix de l&#8242;exterior mitjan\u00e7ant un ventilador col\u00b7locat en un dels extrems de l&#8242;equip i resultant en una sortida d&#8242;aire calent per la part oposada. El fum resultant de l&#8242;proc&eacute;s ha de ser dirigit a una xemeneia met\u00e0l\u00b7lica per extreure els fums a l&#8242;exterior del recinte.<\/p>\n<p> \tAquest tipus d&#8242;estufes de llenya per a naus industrials s&#8242;han dissenyat a partir de materials resistents a altes temperatures, com hem esmentat anteriorment: acer de gran gruix al interior, un conjunt de maons refractaris a les zones m&eacute;s exposades a la calor, que eviten un sobreescalfament de l&#8242;equip.<\/p>\n<p> \t&nbsp;<\/p>\n<p> \tAquests sistemes de calefacci\u00f3 s\u00f3n cada vegada m&eacute;s emprats en ind\u00fastries agropecu\u00e0ries, o ind\u00fastries de la fusta i derivats en qu\u00e8 es generen amplis volums de residus d&#8242;aquest material. Aix\u00f2 garanteix un subministrament de combustible a cost zero per a la calefacci\u00f3 durant els mesos m&eacute;s freds de l&#8242;any, aix\u00ed com un mitj\u00e0 sostenible i ecol\u00f2gic per eliminar tot el material sobrant. \t<\/p>\n<div>&nbsp;<\/div>\n<div><span id=\"docs-internal-guid-e8eff304-7fff-d80a-3771-b25a0d9d5ad6\"> \t\t\t<\/p>\n<h2 dir=\"ltr\" style=\"line-height:1.38;margin-top:18pt;margin-bottom:6pt;\"><span style=\"font-variant-numeric: normal; font-variant-east-asian: normal; vertical-align: baseline;\">Avantatges d&#8242;utilitzar estufes de llenya per a naus industrials<\/span><\/h2>\n<p>Escalfar espais tan amplis com naus industrials o agr\u00edcoles pot ser un problema per a molts empresaris, especialment si l&#8242;a\u00efllament d&#8242;aquests espais &eacute;s deficient.<\/p>\n<p> \t\t\tPer aix\u00f2 cal buscar una alternativa eficient i econ\u00f2mica, que permeti aprofitar tots els recursos de l&#8242;empresa per abaratir el cost de la calefacci\u00f3. A continuaci\u00f3 exposarem les principals avantatges d&#8242;optar per aquestes estufes de llenya industrials com a sistema de calefacci\u00f3 industrial.<\/span><\/div>\n<div><span id=\"docs-internal-guid-e8eff304-7fff-d80a-3771-b25a0d9d5ad6\"> \t\t\t \t\t\t<\/p>\n<ul style=\"margin-top:0;margin-bottom:0;\">\n<li dir=\"ltr\" style=\"list-style-type: disc; font-variant-numeric: normal; font-variant-east-asian: normal; vertical-align: baseline;\">\n<p dir=\"ltr\" style=\"line-height: 1.38; margin-top: 0pt; margin-bottom: 0pt;\" role=\"presentation\"><span style=\"font-variant-numeric: normal; font-variant-east-asian: normal; vertical-align: baseline;\">Ja ho hem esmentat, per\u00f2 sens dubte l&#8242;estalvi energ\u00e8tic &eacute;s la seva major benefici potencial. Tan sols es requereix d&#8242;un m\u00ednim consum el\u00e8ctric per activar el ventilador d&#8242;aire i de residus llenyosos que en moltes ocasions &eacute;s a cost zero.<\/span><span style=\"font-variant-numeric: normal; font-variant-east-asian: normal; vertical-align: baseline;\"> <br \/> \t\t\t\t\t\t\t<\/span><\/p>\n<\/li>\n<\/ul>\n<p> \t\t\t \t\t\t<\/p>\n<ul style=\"margin-top:0;margin-bottom:0;\">\n<li dir=\"ltr\" style=\"list-style-type: disc; font-variant-numeric: normal; font-variant-east-asian: normal; vertical-align: baseline;\">\n<p dir=\"ltr\" style=\"line-height: 1.38; margin-top: 0pt; margin-bottom: 0pt;\" role=\"presentation\"><span style=\"font-variant-numeric: normal; font-variant-east-asian: normal; vertical-align: baseline;\">Si b&eacute; aquests sistemes semblen dissenyats per a empreses disposin de residus llenyosos, el seu \u00fas tamb&eacute; &eacute;s adequat per a empreses que no generin de manera aut\u00f2noma el combustible, en aquest cas el preu aproximat de la llenya oscil\u00b7la els 12 c\u00e8ntims per quilo, mentre que el cost de altres combustibles utilitzats en equips amb una capacitat d&#8242;escalfament similar &eacute;s \u00e0mpliament superior.<\/span><span style=\"font-variant-numeric: normal; font-variant-east-asian: normal; vertical-align: baseline;\"><\/span><\/p>\n<\/li>\n<\/ul>\n<p> \t\t\t \t\t\t<\/p>\n<ul style=\"margin-top:0;margin-bottom:0;\">\n<li dir=\"ltr\" style=\"list-style-type: disc; font-variant-numeric: normal; font-variant-east-asian: normal; vertical-align: baseline;\">\n<p dir=\"ltr\" style=\"line-height: 1.38; margin-top: 0pt; margin-bottom: 0pt;\" role=\"presentation\"><span style=\"font-variant-numeric: normal; font-variant-east-asian: normal; vertical-align: baseline;\">Sense perdre l&#8242;estalvi de costos de vista, el desemborsament requerit per a aquest tipus d&#8242;instal\u00b7lacions sol implicar el 50% dels pressupostos requerits per a instal\u00b7lacions similars mitjan\u00e7ant gasoil o gas natural.<\/span><span style=\"font-variant-numeric: normal; font-variant-east-asian: normal; vertical-align: baseline;\"><\/span><\/p>\n<\/li>\n<\/ul>\n<p> \t\t\t \t\t\t<\/p>\n<ul style=\"margin-top:0;margin-bottom:0;\">\n<li dir=\"ltr\" style=\"list-style-type: disc; font-variant-numeric: normal; font-variant-east-asian: normal; vertical-align: baseline;\">\n<p dir=\"ltr\" style=\"line-height: 1.38; margin-top: 0pt; margin-bottom: 0pt;\" role=\"presentation\"><span style=\"font-variant-numeric: normal; font-variant-east-asian: normal; vertical-align: baseline;\">La pot\u00e8ncia d&#8242;aquest tipus de sistemes de calefacci\u00f3 per a naus industrials els converteix en poderosos aliats a l&#8242;hora d&#8242;escalfar grans espais de manera r\u00e0pida i eficient, permetent escalfar zones d&#8242;entre 300 i 600 m2 utilitzant tan sols un equip.<\/span><span style=\"font-variant-numeric: normal; font-variant-east-asian: normal; vertical-align: baseline;\"><\/span><\/p>\n<\/li>\n<\/ul>\n<p> \t\t\t \t\t\t<\/p>\n<ul style=\"margin-top:0;margin-bottom:0;\">\n<li dir=\"ltr\" style=\"list-style-type: disc; font-variant-numeric: normal; font-variant-east-asian: normal; vertical-align: baseline;\">\n<p dir=\"ltr\" style=\"line-height: 1.38; margin-top: 0pt; margin-bottom: 0pt;\" role=\"presentation\"><span style=\"font-variant-numeric: normal; font-variant-east-asian: normal; vertical-align: baseline;\">Aquest tipus d&#8242;equips destaquen per la seva gran resist\u00e8ncia i adaptabilitat, pel que poden ser emprats en ambients industrials en qu\u00e8 hi ha pres\u00e8ncia de pols o humitat.<\/span><span style=\"font-variant-numeric: normal; font-variant-east-asian: normal; vertical-align: baseline; font-weight: bold;\"><\/span><\/p>\n<\/li>\n<\/ul>\n<p> \t\t\t \t\t\t<\/p>\n<ul style=\"margin-top:0;margin-bottom:0;\">\n<li dir=\"ltr\" style=\"list-style-type: disc; font-variant-numeric: normal; font-variant-east-asian: normal; vertical-align: baseline;\">\n<p dir=\"ltr\" style=\"line-height: 1.38; margin-top: 0pt; margin-bottom: 0pt;\" role=\"presentation\"><span style=\"font-variant-numeric: normal; font-variant-east-asian: normal; vertical-align: baseline;\">Es tracta d&#8242;equips que no requereixen pr\u00e0cticament de manteniment i la neteja &eacute;s molt senzilla, ja que incorporen un calaix inferior que recull les cendres resultants de la combusti\u00f3 i que es pot extreure i netejar molt f\u00e0cilment.<\/span><span style=\"font-variant-numeric: normal; font-variant-east-asian: normal; vertical-align: baseline;\"><\/span><\/p>\n<\/li>\n<\/ul>\n<p> \t\t\t \t\t\t<\/p>\n<ul style=\"margin-top:0;margin-bottom:0;\">\n<li dir=\"ltr\" style=\"list-style-type: disc; font-variant-numeric: normal; font-variant-east-asian: normal; vertical-align: baseline;\">\n<p dir=\"ltr\" style=\"line-height: 1.38; margin-top: 0pt; margin-bottom: 0pt;\" role=\"presentation\"><span style=\"font-variant-numeric: normal; font-variant-east-asian: normal; vertical-align: baseline;\">S\u00f3n un mitj\u00e0 ecol\u00f2gic per eliminar els residus de fusta o llenyosos que d&#8242;altra manera ocupen un gran espai i s&#8242;han de gestionar amb cura per evitar perdre operativitat a l&#8242;empresa. Utilitzant les estufes de llenya per a naus industrials no nom&eacute;s &eacute;s possible eliminar fusta, sin\u00f3 que tamb&eacute; poden ser emprats com a combustible, cartrons, carb\u00f3 o altres residus s\u00f2lids que no perjudiquin el medi ambient.<\/span><span style=\"font-variant-numeric: normal; font-variant-east-asian: normal; vertical-align: baseline;\"><\/span><\/p>\n<\/li>\n<\/ul>\n<p> \t\t\t \t\t\t<\/p>\n<ul style=\"margin-top:0;margin-bottom:0;\">\n<li dir=\"ltr\" style=\"list-style-type: disc; font-variant-numeric: normal; font-variant-east-asian: normal; vertical-align: baseline;\">\n<p dir=\"ltr\" style=\"line-height: 1.38; margin-top: 0pt; margin-bottom: 0pt;\" role=\"presentation\"><span style=\"font-variant-numeric: normal; font-variant-east-asian: normal; vertical-align: baseline;\">La seva instal\u00b7laci\u00f3 &eacute;s molt senzilla i at\u00e8s que s\u00f3n estufes de llenya industrials petites, no requereixen d&#8242;un espai ampli dins d&#8242;una instal\u00b7laci\u00f3 industrial. Tan sols necessiten una sortida de fums i una connexi\u00f3 monof\u00e0sica a la xarxa el\u00e8ctrica.<\/span><span style=\"font-variant-numeric: normal; font-variant-east-asian: normal; vertical-align: baseline;\"><\/span><\/p>\n<\/li>\n<\/ul>\n<p><\/span><\/div>\n<p><\/span>  <\/p>\n<p>&nbsp;<\/p>\n<p><span style=\"font-variant-numeric: normal; font-variant-east-asian: normal; vertical-align: baseline;\"><span id=\"docs-internal-guid-6bc6cd4b-7fff-6e3d-8e5b-8e53bf919f3f\"> \t\t<\/p>\n<h2 dir=\"ltr\" style=\"line-height:1.38;margin-top:18pt;margin-bottom:6pt;\"><span style=\"font-variant-numeric: normal; font-variant-east-asian: normal; vertical-align: baseline;\">Estufes de llenya per a naus industrials de MET MANN<\/span><\/h2>\n<p dir=\"ltr\" style=\"line-height: 1.38; margin-top: 0pt; margin-bottom: 0pt;\"><span style=\"font-variant-numeric: normal; font-variant-east-asian: normal; vertical-align: baseline;\">A MET MANN som experts amb m&eacute;s de 50 anys d&#8242;experi\u00e8ncia en calefacci\u00f3 industrial. En el nostre cat\u00e0leg de productes hi trobar\u00e0s solucions de tot tipus adaptades a diferents necessitats, ambients i ind\u00fastries.<\/p>\n<p> \t\t\t\tEntre elles, la nostra gamma ECO POL d&#8242;estufes de llenya per a naus industrials disposa de diversos equips amb diferents configuracions i pot\u00e8ncies que permetran a la teva empresa gaudir d&#8242;un sistema de calefacci\u00f3 d&#8242;alt rendiment a molt baix cost. Contacta&#8242;ns sense comprom\u00eds per a m&eacute;s detalls.<br \/> \t\t\t\t<\/span><\/p>\n<p><\/span><\/span><\/p>\n","protected":false},"excerpt":{"rendered":"<p>Ara que l&#8242;hivern s&#8242;acosta i les temperatures cauen, moltes empreses busquen <span style=\"font-weight: bold;\">solucions de calefacci\u00f3 per a naus industrials<\/span> tractant de preservar unes condicions de treball adequades dins de les seves instal\u00b7lacions. Si b&eacute; &eacute;s cert que rec\u00f3rrer a calefactors de gas, gasoil o el\u00e8ctrics &eacute;s una bona soluci\u00f3, moltes empreses podrien arribar a aprofitar els seus propis recursos i deixalles per obtenir importants estalvis energ\u00e8tics.<\/p>\n","protected":false},"author":1,"featured_media":504,"comment_status":"open","ping_status":"open","sticky":false,"template":"","format":"standard","meta":{"_acf_changed":false,"_et_pb_use_builder":"","_et_pb_old_content":"","_et_gb_content_width":"","_joinchat":[],"footnotes":""},"categories":[51],"tags":[],"acf":[],"yoast_head":"<!-- This site is optimized with the Yoast SEO plugin v22.6 - https:\/\/yoast.com\/wordpress\/plugins\/seo\/ -->\r\n<title>Estufes de llenya per a naus industrials<\/title>\r\n<meta name=\"description\" content=\"Escalfar una nau industrial o agr\u00edcola \u00e9s crucial per a unes condicions de treball \u00f2ptimes. Amb una estufa de llenya estalviareu el 90% del teu consum.\" \/>\r\n<meta name=\"robots\" content=\"index, follow, max-snippet:-1, max-image-preview:large, max-video-preview:-1\" \/>\r\n<link rel=\"canonical\" href=\"https:\/\/www.metmann.com\/ca\/estufes-de-llenya-per-a-naus-industrials-estalvia-a-lhivern\/\" \/>\r\n<meta property=\"og:locale\" content=\"ca_ES\" \/>\r\n<meta property=\"og:type\" content=\"article\" \/>\r\n<meta property=\"og:title\" content=\"Estufes de llenya per a naus industrials\" \/>\r\n<meta property=\"og:description\" content=\"Escalfar una nau industrial o agr\u00edcola \u00e9s crucial per a unes condicions de treball \u00f2ptimes. Amb una estufa de llenya estalviareu el 90% del teu consum.\" \/>\r\n<meta property=\"og:url\" content=\"https:\/\/www.metmann.com\/ca\/estufes-de-llenya-per-a-naus-industrials-estalvia-a-lhivern\/\" \/>\r\n<meta property=\"og:site_name\" content=\"MET MANN\" \/>\r\n<meta property=\"article:published_time\" content=\"2020-10-15T00:00:00+00:00\" \/>\r\n<meta property=\"og:image\" content=\"https:\/\/www.metmann.com\/wp-content\/uploads\/2021\/09\/1602749707_ZyMb.jpg\" \/>\r\n<meta name=\"author\" content=\"Marcelo Gonfar\" \/>\r\n<meta name=\"twitter:card\" content=\"summary_large_image\" \/>\r\n<meta name=\"twitter:title\" content=\"Estufes de llenya per a naus industrials\" \/>\r\n<meta name=\"twitter:description\" content=\"Escalfar una nau industrial o agr\u00edcola \u00e9s crucial per a unes condicions de treball \u00f2ptimes. Amb una estufa de llenya estalviareu el 90% del teu consum.\" \/>\r\n<meta name=\"twitter:image\" content=\"https:\/\/www.metmann.com\/wp-content\/uploads\/2021\/09\/1602749707_ZyMb.jpg\" \/>\r\n<meta name=\"twitter:label1\" content=\"Escrit per\" \/>\n\t<meta name=\"twitter:data1\" content=\"Marcelo Gonfar\" \/>\n\t<meta name=\"twitter:label2\" content=\"Temps estimat de lectura\" \/>\n\t<meta name=\"twitter:data2\" content=\"5 minuts\" \/>\r\n<script type=\"application\/ld+json\" class=\"yoast-schema-graph\">{\"@context\":\"https:\/\/schema.org\",\"@graph\":[{\"@type\":\"Article\",\"@id\":\"https:\/\/www.metmann.com\/ca\/estufes-de-llenya-per-a-naus-industrials-estalvia-a-lhivern\/#article\",\"isPartOf\":{\"@id\":\"https:\/\/www.metmann.com\/ca\/estufes-de-llenya-per-a-naus-industrials-estalvia-a-lhivern\/\"},\"author\":{\"name\":\"Marcelo Gonfar\",\"@id\":\"https:\/\/www.metmann.com\/ca\/#\/schema\/person\/abb061f44d31128f243c7e8c9677bb01\"},\"headline\":\"Estufes de llenya per a naus industrials: estalvia a l&#8242;hivern\",\"datePublished\":\"2020-10-15T00:00:00+00:00\",\"dateModified\":\"2020-10-15T00:00:00+00:00\",\"mainEntityOfPage\":{\"@id\":\"https:\/\/www.metmann.com\/ca\/estufes-de-llenya-per-a-naus-industrials-estalvia-a-lhivern\/\"},\"wordCount\":925,\"commentCount\":0,\"publisher\":{\"@id\":\"https:\/\/www.metmann.com\/ca\/#organization\"},\"image\":{\"@id\":\"https:\/\/www.metmann.com\/ca\/estufes-de-llenya-per-a-naus-industrials-estalvia-a-lhivern\/#primaryimage\"},\"thumbnailUrl\":\"https:\/\/www.metmann.com\/wp-content\/uploads\/2021\/09\/1602749707_ZyMb-e1688639050895.jpg\",\"articleSection\":[\"Noticies\"],\"inLanguage\":\"ca\",\"potentialAction\":[{\"@type\":\"CommentAction\",\"name\":\"Comment\",\"target\":[\"https:\/\/www.metmann.com\/ca\/estufes-de-llenya-per-a-naus-industrials-estalvia-a-lhivern\/#respond\"]}]},{\"@type\":\"WebPage\",\"@id\":\"https:\/\/www.metmann.com\/ca\/estufes-de-llenya-per-a-naus-industrials-estalvia-a-lhivern\/\",\"url\":\"https:\/\/www.metmann.com\/ca\/estufes-de-llenya-per-a-naus-industrials-estalvia-a-lhivern\/\",\"name\":\"Estufes de llenya per a naus industrials\",\"isPartOf\":{\"@id\":\"https:\/\/www.metmann.com\/ca\/#website\"},\"primaryImageOfPage\":{\"@id\":\"https:\/\/www.metmann.com\/ca\/estufes-de-llenya-per-a-naus-industrials-estalvia-a-lhivern\/#primaryimage\"},\"image\":{\"@id\":\"https:\/\/www.metmann.com\/ca\/estufes-de-llenya-per-a-naus-industrials-estalvia-a-lhivern\/#primaryimage\"},\"thumbnailUrl\":\"https:\/\/www.metmann.com\/wp-content\/uploads\/2021\/09\/1602749707_ZyMb-e1688639050895.jpg\",\"datePublished\":\"2020-10-15T00:00:00+00:00\",\"dateModified\":\"2020-10-15T00:00:00+00:00\",\"description\":\"Escalfar una nau industrial o agr\u00edcola \u00e9s crucial per a unes condicions de treball \u00f2ptimes. Amb una estufa de llenya estalviareu el 90% del teu consum.\",\"breadcrumb\":{\"@id\":\"https:\/\/www.metmann.com\/ca\/estufes-de-llenya-per-a-naus-industrials-estalvia-a-lhivern\/#breadcrumb\"},\"inLanguage\":\"ca\",\"potentialAction\":[{\"@type\":\"ReadAction\",\"target\":[\"https:\/\/www.metmann.com\/ca\/estufes-de-llenya-per-a-naus-industrials-estalvia-a-lhivern\/\"]}]},{\"@type\":\"ImageObject\",\"inLanguage\":\"ca\",\"@id\":\"https:\/\/www.metmann.com\/ca\/estufes-de-llenya-per-a-naus-industrials-estalvia-a-lhivern\/#primaryimage\",\"url\":\"https:\/\/www.metmann.com\/wp-content\/uploads\/2021\/09\/1602749707_ZyMb-e1688639050895.jpg\",\"contentUrl\":\"https:\/\/www.metmann.com\/wp-content\/uploads\/2021\/09\/1602749707_ZyMb-e1688639050895.jpg\",\"width\":400,\"height\":300},{\"@type\":\"BreadcrumbList\",\"@id\":\"https:\/\/www.metmann.com\/ca\/estufes-de-llenya-per-a-naus-industrials-estalvia-a-lhivern\/#breadcrumb\",\"itemListElement\":[{\"@type\":\"ListItem\",\"position\":1,\"name\":\"Inicio\",\"item\":\"https:\/\/www.metmann.com\/ca\/\"},{\"@type\":\"ListItem\",\"position\":2,\"name\":\"Noticies\",\"item\":\"https:\/\/www.metmann.com\/ca\/category\/noticies\/\"},{\"@type\":\"ListItem\",\"position\":3,\"name\":\"Estufes de llenya per a naus industrials: estalvia a l&#8242;hivern\"}]},{\"@type\":\"WebSite\",\"@id\":\"https:\/\/www.metmann.com\/ca\/#website\",\"url\":\"https:\/\/www.metmann.com\/ca\/\",\"name\":\"MET MANN\",\"description\":\"Climatizaci\u00f3n industrial, Calefactores y Ventilaci\u00f3n para empresas\",\"publisher\":{\"@id\":\"https:\/\/www.metmann.com\/ca\/#organization\"},\"potentialAction\":[{\"@type\":\"SearchAction\",\"target\":{\"@type\":\"EntryPoint\",\"urlTemplate\":\"https:\/\/www.metmann.com\/ca\/?s={search_term_string}\"},\"query-input\":\"required name=search_term_string\"}],\"inLanguage\":\"ca\"},{\"@type\":\"Organization\",\"@id\":\"https:\/\/www.metmann.com\/ca\/#organization\",\"name\":\"Met Mann\",\"url\":\"https:\/\/www.metmann.com\/ca\/\",\"logo\":{\"@type\":\"ImageObject\",\"inLanguage\":\"ca\",\"@id\":\"https:\/\/www.metmann.com\/ca\/#\/schema\/logo\/image\/\",\"url\":\"https:\/\/www.metmann.com\/wp-content\/uploads\/2021\/12\/logo-color-met-mann-01.jpg\",\"contentUrl\":\"https:\/\/www.metmann.com\/wp-content\/uploads\/2021\/12\/logo-color-met-mann-01.jpg\",\"width\":351,\"height\":133,\"caption\":\"Met Mann\"},\"image\":{\"@id\":\"https:\/\/www.metmann.com\/ca\/#\/schema\/logo\/image\/\"}},{\"@type\":\"Person\",\"@id\":\"https:\/\/www.metmann.com\/ca\/#\/schema\/person\/abb061f44d31128f243c7e8c9677bb01\",\"name\":\"Marcelo Gonfar\",\"image\":{\"@type\":\"ImageObject\",\"inLanguage\":\"ca\",\"@id\":\"https:\/\/www.metmann.com\/ca\/#\/schema\/person\/image\/\",\"url\":\"https:\/\/secure.gravatar.com\/avatar\/f8e37661ecf23489bf1e65088ca5cfbd?s=96&d=mm&r=g\",\"contentUrl\":\"https:\/\/secure.gravatar.com\/avatar\/f8e37661ecf23489bf1e65088ca5cfbd?s=96&d=mm&r=g\",\"caption\":\"Marcelo Gonfar\"},\"url\":\"https:\/\/www.metmann.com\/ca\/author\/produccionvisualpublinet-com\/\"}]}<\/script>\r\n<!-- \/ Yoast SEO plugin. -->","yoast_head_json":{"title":"Estufes de llenya per a naus industrials","description":"Escalfar una nau industrial o agr\u00edcola \u00e9s crucial per a unes condicions de treball \u00f2ptimes. Amb una estufa de llenya estalviareu el 90% del teu consum.","robots":{"index":"index","follow":"follow","max-snippet":"max-snippet:-1","max-image-preview":"max-image-preview:large","max-video-preview":"max-video-preview:-1"},"canonical":"https:\/\/www.metmann.com\/ca\/estufes-de-llenya-per-a-naus-industrials-estalvia-a-lhivern\/","og_locale":"ca_ES","og_type":"article","og_title":"Estufes de llenya per a naus industrials","og_description":"Escalfar una nau industrial o agr\u00edcola \u00e9s crucial per a unes condicions de treball \u00f2ptimes. Amb una estufa de llenya estalviareu el 90% del teu consum.","og_url":"https:\/\/www.metmann.com\/ca\/estufes-de-llenya-per-a-naus-industrials-estalvia-a-lhivern\/","og_site_name":"MET MANN","article_published_time":"2020-10-15T00:00:00+00:00","og_image":[{"url":"https:\/\/www.metmann.com\/wp-content\/uploads\/2021\/09\/1602749707_ZyMb.jpg"}],"author":"Marcelo Gonfar","twitter_card":"summary_large_image","twitter_title":"Estufes de llenya per a naus industrials","twitter_description":"Escalfar una nau industrial o agr\u00edcola \u00e9s crucial per a unes condicions de treball \u00f2ptimes. Amb una estufa de llenya estalviareu el 90% del teu consum.","twitter_image":"https:\/\/www.metmann.com\/wp-content\/uploads\/2021\/09\/1602749707_ZyMb.jpg","twitter_misc":{"Escrit per":"Marcelo Gonfar","Temps estimat de lectura":"5 minuts"},"schema":{"@context":"https:\/\/schema.org","@graph":[{"@type":"Article","@id":"https:\/\/www.metmann.com\/ca\/estufes-de-llenya-per-a-naus-industrials-estalvia-a-lhivern\/#article","isPartOf":{"@id":"https:\/\/www.metmann.com\/ca\/estufes-de-llenya-per-a-naus-industrials-estalvia-a-lhivern\/"},"author":{"name":"Marcelo Gonfar","@id":"https:\/\/www.metmann.com\/ca\/#\/schema\/person\/abb061f44d31128f243c7e8c9677bb01"},"headline":"Estufes de llenya per a naus industrials: estalvia a l&#8242;hivern","datePublished":"2020-10-15T00:00:00+00:00","dateModified":"2020-10-15T00:00:00+00:00","mainEntityOfPage":{"@id":"https:\/\/www.metmann.com\/ca\/estufes-de-llenya-per-a-naus-industrials-estalvia-a-lhivern\/"},"wordCount":925,"commentCount":0,"publisher":{"@id":"https:\/\/www.metmann.com\/ca\/#organization"},"image":{"@id":"https:\/\/www.metmann.com\/ca\/estufes-de-llenya-per-a-naus-industrials-estalvia-a-lhivern\/#primaryimage"},"thumbnailUrl":"https:\/\/www.metmann.com\/wp-content\/uploads\/2021\/09\/1602749707_ZyMb-e1688639050895.jpg","articleSection":["Noticies"],"inLanguage":"ca","potentialAction":[{"@type":"CommentAction","name":"Comment","target":["https:\/\/www.metmann.com\/ca\/estufes-de-llenya-per-a-naus-industrials-estalvia-a-lhivern\/#respond"]}]},{"@type":"WebPage","@id":"https:\/\/www.metmann.com\/ca\/estufes-de-llenya-per-a-naus-industrials-estalvia-a-lhivern\/","url":"https:\/\/www.metmann.com\/ca\/estufes-de-llenya-per-a-naus-industrials-estalvia-a-lhivern\/","name":"Estufes de llenya per a naus industrials","isPartOf":{"@id":"https:\/\/www.metmann.com\/ca\/#website"},"primaryImageOfPage":{"@id":"https:\/\/www.metmann.com\/ca\/estufes-de-llenya-per-a-naus-industrials-estalvia-a-lhivern\/#primaryimage"},"image":{"@id":"https:\/\/www.metmann.com\/ca\/estufes-de-llenya-per-a-naus-industrials-estalvia-a-lhivern\/#primaryimage"},"thumbnailUrl":"https:\/\/www.metmann.com\/wp-content\/uploads\/2021\/09\/1602749707_ZyMb-e1688639050895.jpg","datePublished":"2020-10-15T00:00:00+00:00","dateModified":"2020-10-15T00:00:00+00:00","description":"Escalfar una nau industrial o agr\u00edcola \u00e9s crucial per a unes condicions de treball \u00f2ptimes. Amb una estufa de llenya estalviareu el 90% del teu consum.","breadcrumb":{"@id":"https:\/\/www.metmann.com\/ca\/estufes-de-llenya-per-a-naus-industrials-estalvia-a-lhivern\/#breadcrumb"},"inLanguage":"ca","potentialAction":[{"@type":"ReadAction","target":["https:\/\/www.metmann.com\/ca\/estufes-de-llenya-per-a-naus-industrials-estalvia-a-lhivern\/"]}]},{"@type":"ImageObject","inLanguage":"ca","@id":"https:\/\/www.metmann.com\/ca\/estufes-de-llenya-per-a-naus-industrials-estalvia-a-lhivern\/#primaryimage","url":"https:\/\/www.metmann.com\/wp-content\/uploads\/2021\/09\/1602749707_ZyMb-e1688639050895.jpg","contentUrl":"https:\/\/www.metmann.com\/wp-content\/uploads\/2021\/09\/1602749707_ZyMb-e1688639050895.jpg","width":400,"height":300},{"@type":"BreadcrumbList","@id":"https:\/\/www.metmann.com\/ca\/estufes-de-llenya-per-a-naus-industrials-estalvia-a-lhivern\/#breadcrumb","itemListElement":[{"@type":"ListItem","position":1,"name":"Inicio","item":"https:\/\/www.metmann.com\/ca\/"},{"@type":"ListItem","position":2,"name":"Noticies","item":"https:\/\/www.metmann.com\/ca\/category\/noticies\/"},{"@type":"ListItem","position":3,"name":"Estufes de llenya per a naus industrials: estalvia a l&#8242;hivern"}]},{"@type":"WebSite","@id":"https:\/\/www.metmann.com\/ca\/#website","url":"https:\/\/www.metmann.com\/ca\/","name":"MET MANN","description":"Climatizaci\u00f3n industrial, Calefactores y Ventilaci\u00f3n para empresas","publisher":{"@id":"https:\/\/www.metmann.com\/ca\/#organization"},"potentialAction":[{"@type":"SearchAction","target":{"@type":"EntryPoint","urlTemplate":"https:\/\/www.metmann.com\/ca\/?s={search_term_string}"},"query-input":"required name=search_term_string"}],"inLanguage":"ca"},{"@type":"Organization","@id":"https:\/\/www.metmann.com\/ca\/#organization","name":"Met Mann","url":"https:\/\/www.metmann.com\/ca\/","logo":{"@type":"ImageObject","inLanguage":"ca","@id":"https:\/\/www.metmann.com\/ca\/#\/schema\/logo\/image\/","url":"https:\/\/www.metmann.com\/wp-content\/uploads\/2021\/12\/logo-color-met-mann-01.jpg","contentUrl":"https:\/\/www.metmann.com\/wp-content\/uploads\/2021\/12\/logo-color-met-mann-01.jpg","width":351,"height":133,"caption":"Met Mann"},"image":{"@id":"https:\/\/www.metmann.com\/ca\/#\/schema\/logo\/image\/"}},{"@type":"Person","@id":"https:\/\/www.metmann.com\/ca\/#\/schema\/person\/abb061f44d31128f243c7e8c9677bb01","name":"Marcelo Gonfar","image":{"@type":"ImageObject","inLanguage":"ca","@id":"https:\/\/www.metmann.com\/ca\/#\/schema\/person\/image\/","url":"https:\/\/secure.gravatar.com\/avatar\/f8e37661ecf23489bf1e65088ca5cfbd?s=96&d=mm&r=g","contentUrl":"https:\/\/secure.gravatar.com\/avatar\/f8e37661ecf23489bf1e65088ca5cfbd?s=96&d=mm&r=g","caption":"Marcelo Gonfar"},"url":"https:\/\/www.metmann.com\/ca\/author\/produccionvisualpublinet-com\/"}]}},"_links":{"self":[{"href":"https:\/\/www.metmann.com\/ca\/wp-json\/wp\/v2\/posts\/2868"}],"collection":[{"href":"https:\/\/www.metmann.com\/ca\/wp-json\/wp\/v2\/posts"}],"about":[{"href":"https:\/\/www.metmann.com\/ca\/wp-json\/wp\/v2\/types\/post"}],"author":[{"embeddable":true,"href":"https:\/\/www.metmann.com\/ca\/wp-json\/wp\/v2\/users\/1"}],"replies":[{"embeddable":true,"href":"https:\/\/www.metmann.com\/ca\/wp-json\/wp\/v2\/comments?post=2868"}],"version-history":[{"count":0,"href":"https:\/\/www.metmann.com\/ca\/wp-json\/wp\/v2\/posts\/2868\/revisions"}],"wp:featuredmedia":[{"embeddable":true,"href":"https:\/\/www.metmann.com\/ca\/wp-json\/wp\/v2\/media\/504"}],"wp:attachment":[{"href":"https:\/\/www.metmann.com\/ca\/wp-json\/wp\/v2\/media?parent=2868"}],"wp:term":[{"taxonomy":"category","embeddable":true,"href":"https:\/\/www.metmann.com\/ca\/wp-json\/wp\/v2\/categories?post=2868"},{"taxonomy":"post_tag","embeddable":true,"href":"https:\/\/www.metmann.com\/ca\/wp-json\/wp\/v2\/tags?post=2868"}],"curies":[{"name":"wp","href":"https:\/\/api.w.org\/{rel}","templated":true}]}}