{"id":2870,"date":"2020-12-15T00:00:00","date_gmt":"2020-12-15T00:00:00","guid":{"rendered":"https:\/\/metmann.com.185-176-9-81.185-176-9-81.visualpublinet.com\/equips-de-calefaccio-portatil-industrial-comercial-i-agricola\/"},"modified":"2020-12-15T00:00:00","modified_gmt":"2020-12-15T00:00:00","slug":"equips-de-calefaccio-portatil-industrial-comercial-i-agricola","status":"publish","type":"post","link":"https:\/\/www.metmann.com\/ca\/equips-de-calefaccio-portatil-industrial-comercial-i-agricola\/","title":{"rendered":"Equips de calefacci\u00f3 port\u00e0til industrial, comercial i agr\u00edcola"},"content":{"rendered":"<p><span id=\"docs-internal-guid-13a94195-7fff-faa4-a2e5-eea07976982c\"> \t<\/p>\n<p dir=\"ltr\" style=\"line-height: 1.38; margin-top: 0pt; margin-bottom: 0pt;\"><span style=\"font-variant-numeric: normal; font-variant-east-asian: normal; vertical-align: baseline;\">Hi ha diversos tipus de sistemes de calefacci\u00f3 port\u00e0til per donar soluci\u00f3 a les diferents necessitats que la teva empresa pugui tenir. En aquest post entrarem en detall sobre les diferents opcions i les aplicacions m&eacute;s freq\u00fcents dels equips de calefacci\u00f3 industrial port\u00e0til que oferim a MET MANN<\/span><\/p>\n<p> \t \t<\/p>\n<h2 dir=\"ltr\" style=\"line-height:1.38;margin-top:18pt;margin-bottom:6pt;\"><span style=\"font-variant-numeric: normal; font-variant-east-asian: normal; vertical-align: baseline;\">Quin tipus de combustible utilitzar en els equips de calefacci\u00f3 port\u00e0til industrial?<\/span><\/h2>\n<p> \tCom a pas previ a seleccionar el tipus de calefacci\u00f3 port\u00e0til m&eacute;s adequat per al teu negoci, seleccionar el tipus de combustible que anem a emprar.<\/p>\n<p> \tEn MET MANN disposem d&#8242;una \u00e0mplia gamma d&#8242;equips de calefacci\u00f3 port\u00e0til amb funcionament a gasoil, gas but\u00e0 o prop\u00e0, gasoil o el\u00e8ctrics. \t<\/p>\n<p dir=\"ltr\" style=\"line-height: 1.38; margin-top: 0pt; margin-bottom: 0pt;\"> \t\t<\/p>\n<p><\/span> <\/p>\n<h3 dir=\"ltr\">AM &#8211; Equips de calefacci\u00f3 port\u00e0til a gasoil o gas<\/h3>\n<h3><span id=\"docs-internal-guid-13a94195-7fff-faa4-a2e5-eea07976982c\"> \t\t<\/p>\n<h3 dir=\"ltr\" style=\"line-height:1.38;margin-top:16pt;margin-bottom:4pt;\"><span style=\"font-variant-numeric: normal; font-variant-east-asian: normal; vertical-align: baseline;\"><\/span><\/h3>\n<p><\/span><\/h3>\n<p><span id=\"docs-internal-guid-13a94195-7fff-faa4-a2e5-eea07976982c\"> \t<\/p>\n<p dir=\"ltr\" style=\"line-height: 1.38; margin-top: 0pt; margin-bottom: 0pt;\"><img decoding=\"async\" src=\"https:\/\/www.metmann.com\/wp-content\/uploads\/2021\/09\/AM-WEB350.jpg\" alt=\"\" style=\"margin-top:0px;margin-right:0px;margin-bottom:0px;margin-left:0px;;width:350px;;height:441px;\" border=\"0\" \/> <\/p>\n<p><\/span> <\/p>\n<div><span id=\"docs-internal-guid-13a94195-7fff-faa4-a2e5-eea07976982c\"><\/span><\/div>\n<div>&nbsp;<\/div>\n<div><span id=\"docs-internal-guid-13a94195-7fff-faa4-a2e5-eea07976982c\">Els nostres equips AM poden funcionar a gasoil, gas natural o gas prop\u00e0 i compten amb una pot\u00e8ncia calor\u00edfica de 46 a 180 kW. Aquest tipus d&#8242;equips s&#8242;empra freq\u00fcentment en \u00e0mbits com hivernacles, carpes d&#8242;esdeveniments i f\u00e0briques o instal\u00b7lacions industrials en general.<\/span><\/div>\n<p><span id=\"docs-internal-guid-13a94195-7fff-faa4-a2e5-eea07976982c\"><br \/> \tMitjan\u00e7ant cabals d&#8242;aire elevats, permeten escalfar locals de 200 a 600m2 amb l&#8242;\u00fas d&#8242;un sol equip en un temps molt redu\u00eft.<\/p>\n<p> \tPer a la seva instal\u00b7laci\u00f3, tan sols requereix d&#8242;una sortida de fums, alimentaci\u00f3 el\u00e8ctrica i un dip\u00f2sit de combustible annex. A m&eacute;s aquests equips permeten l&#8242;\u00fas de canalitzacions d&#8242;aire a l&#8242;interior de l&#8242;recinte per ajudar a el proc&eacute;s de calefacci\u00f3.<\/p>\n<p> \tDes d&#8242;aquest enlla\u00e7 pots accedir a la seva <span style=\"font-weight: bold;\"><a href=\"http:\/\/www.metmann.com\/ca\/p525922_Calefacci%C3%B3-d-8242-hivernacles-i-grans-superf%C3%ADcies---AM\" target=\"_blank\" rel=\"\">fitxa t\u00e8cnica<\/a><\/span>. \t \t<\/p>\n<h3 dir=\"ltr\" style=\"line-height:1.38;margin-top:16pt;margin-bottom:4pt;\"><span style=\"font-variant-numeric: normal; font-variant-east-asian: normal; vertical-align: baseline;\">AN &#8211; Equips de calefacci\u00f3 di\u00e8sel port\u00e0til amb xemeneia<\/span><\/h3>\n<p><\/span><span id=\"docs-internal-guid-13a94195-7fff-faa4-a2e5-eea07976982c\"><\/span><img decoding=\"async\" src=\"https:\/\/www.metmann.com\/wp-content\/uploads\/2021\/09\/an-web.jpg\" alt=\"\" style=\"margin-top:0px;margin-right:0px;margin-bottom:0px;margin-left:0px;;width:350px;;height:356px;\" border=\"0\" \/> <\/p>\n<div> \t<\/div>\n<p><span id=\"docs-internal-guid-13a94195-7fff-faa4-a2e5-eea07976982c\">Aquests equips s\u00f3n idonis per a la calefacci\u00f3 d&#8242;espais tancats, ja que compten amb una sortida de fums. Compten amb una pot\u00e8ncia calor\u00edfica que pot oscil\u00b7lar entre els 34 i els 90 kW, incorporen un dip\u00f2sit de combustible i permeten escalfar locals de 150 a 300m2 de manera r\u00e0pida i eficient.<\/p>\n<p> \tS\u00f3n equips totalment pr\u00e0ctics i flexibles, at\u00e8s que per a la seva instal\u00b7laci\u00f3, tan sols requereixen d&#8242;una sortida de fums i alimentaci\u00f3 el\u00e8ctrica.<\/p>\n<p> \tLa seva aplicaci\u00f3 &eacute;s especialment recomanada per a carpes d&#8242;esdeveniments, calefacci\u00f3 provisional, processos d&#8242;assecat, etc.<\/p>\n<p> \tPots utilitzar aquest <span style=\"font-weight: bold;\"><a href=\"http:\/\/www.metmann.com\/ca\/p525926_Calefacci%C3%B3-port%C3%A0til-a-gasoil-per-a-espais-tancats-34-a-90-kW---AN\" target=\"_blank\" rel=\"\">enlla\u00e7<\/a><\/span> per accedir als seus principals caracter\u00edstiques. \t \t<\/p>\n<h3 dir=\"ltr\" style=\"line-height:1.38;margin-top:16pt;margin-bottom:4pt;\"><span style=\"font-variant-numeric: normal; font-variant-east-asian: normal; vertical-align: baseline;\">MI &#8211; Equips de calefacci\u00f3 di\u00e8sel port\u00e0til sense xemeneia<\/span><\/h3>\n<p> \t \t<\/p>\n<p dir=\"ltr\" style=\"line-height: 1.38; margin-top: 0pt; margin-bottom: 0pt;\"><span style=\"font-variant-numeric: normal; font-variant-east-asian: normal; vertical-align: baseline;\"><\/span><\/p>\n<p dir=\"ltr\" style=\"line-height: 1.38; margin-top: 0pt; margin-bottom: 0pt;\"><img decoding=\"async\" src=\"https:\/\/www.metmann.com\/wp-content\/uploads\/2021\/09\/MI-WEB2.jpg\" alt=\"\" style=\"margin-top:0px;margin-right:0px;margin-bottom:0px;margin-left:0px;;width:350px;;height:376px;\" border=\"0\" \/>&nbsp;<\/p>\n<p dir=\"ltr\" style=\"line-height: 1.38; margin-top: 0pt; margin-bottom: 0pt;\"><span style=\"font-variant-numeric: normal; font-variant-east-asian: normal; vertical-align: baseline;\"><\/span><\/p>\n<p dir=\"ltr\" style=\"line-height: 1.38; margin-top: 0pt; margin-bottom: 0pt;\">&nbsp;<\/p>\n<p>A l&#8242;igual que la versi\u00f3 anterior, aquests equips poden funcionar a gasoil i la seva pot\u00e8ncia calor\u00edfica va de 38 a 111 kW. No &eacute;s possible la seva aplicaci\u00f3 en espais tancats sense ventilaci\u00f3, al no disposar de xemeneia, donat que l&#8242;aire calent proporcionat es barreja amb els gasos de la combusti\u00f3.<\/p>\n<p> \t&Eacute;s per aix\u00f2 que el seu \u00fas es recomana per a espais correctament ventilats com granges, hivernacles i altres espais a l&#8242;aire lliure.<\/p>\n<p> \tAquests equips incorporen un dip\u00f2sit de combustible i permeten escalfar locals de 150 a 300m2 i poden ser controlats mitjan\u00e7ant un term\u00f2stat que activa o desactiva l&#8242;equip en funci\u00f3 de la temperatura ambient.<\/p>\n<p> \tAquests equips compten amb unes dimensions redu\u00efdes i gran mobilitat, per la seva instal\u00b7laci\u00f3 tan sols requereixen d&#8242;alimentaci\u00f3 el\u00e8ctrica.<\/p>\n<p> \tEn la seva <span style=\"font-weight: bold;\"><a href=\"http:\/\/www.metmann.com\/ca\/p525983_Calefacci%C3%B3-port%C3%A0til-a-gasoil-per-a-espais-oberts-38-a-111-kW---MI\" target=\"_blank\" rel=\"\">fitxa t\u00e8cnica<\/a><\/span> pots con\u00e8ixer tots els seus avantatges. \t<\/p>\n<h3 dir=\"ltr\" style=\"line-height:1.38;margin-top:16pt;margin-bottom:4pt;\"><span style=\"font-variant-numeric: normal; font-variant-east-asian: normal; vertical-align: baseline;\"><\/span><\/h3>\n<h3 dir=\"ltr\" style=\"line-height:1.38;margin-top:16pt;margin-bottom:4pt;\">&nbsp;<\/h3>\n<h3 dir=\"ltr\" style=\"line-height:1.38;margin-top:16pt;margin-bottom:4pt;\"><span style=\"font-variant-numeric: normal; font-variant-east-asian: normal; vertical-align: baseline;\">RP Professional &#8211; Equips de calefacci\u00f3 el\u00e8ctrica port\u00e0til<\/span><\/h3>\n<p><\/span><span id=\"docs-internal-guid-13a94195-7fff-faa4-a2e5-eea07976982c\"><\/span><img decoding=\"async\" src=\"https:\/\/www.metmann.com\/wp-content\/uploads\/2021\/09\/RP-WEB-3.jpg\" alt=\"\" style=\"margin-top:0px;margin-right:0px;margin-bottom:0px;margin-left:0px;;width:350px;;height:258px;\" border=\"0\" \/><span id=\"docs-internal-guid-13a94195-7fff-faa4-a2e5-eea07976982c\"> \t<\/p>\n<p dir=\"ltr\" style=\"line-height: 1.38; margin-top: 0pt; margin-bottom: 0pt;\"><span style=\"font-variant-numeric: normal; font-variant-east-asian: normal; vertical-align: baseline;\"><\/span><\/p>\n<p dir=\"ltr\" style=\"line-height: 1.38; margin-top: 0pt; margin-bottom: 0pt;\">&nbsp;<\/p>\n<p>Els models de la gamma RP Professional de Met Mann s\u00f3n equips el\u00e8ctrics que poden funcionar amb tensi\u00f3 monof\u00e0sica o trif\u00e0sica segons el model.<\/p>\n<p> \tEl seu rang de pot\u00e8ncia calor\u00edfica treballa entre els 3 i els 30 kW i s\u00f3n ideals per a la calefacci\u00f3 o processos d&#8242;assecatge en locals de 30 a 200m2. Tots els models compten amb un term\u00f2stat que regula el funcionament de l&#8242;equip tenint en compte la temperatura ambiental i que ajuden a reduir el consum energ\u00e8tic dels equips.<\/p>\n<p> \tEn MET MANN disposem de 5 versions diferents en la gamma RP Professional, pots accedir a l&#8242;cat\u00e0leg des <span style=\"font-weight: bold;\"><a href=\"http:\/\/www.metmann.com\/ca\/p525990_Calefacci%C3%B3-el%C3%A8ctrica-port%C3%A0til-d-8242-aire-calent-3-a-30-kW---RP-PROFESSIONAL\" target=\"_blank\" rel=\"\">d&#8242;aqu\u00ed<\/a><\/span> \t \t<\/p>\n<h3 dir=\"ltr\" style=\"line-height:1.38;margin-top:16pt;margin-bottom:4pt;\"><span style=\"font-variant-numeric: normal; font-variant-east-asian: normal; vertical-align: baseline;\">KA &#8211; Equips de calefacci\u00f3 port\u00e0til a gas but\u00e0 o prop\u00e0<\/span><\/h3>\n<p><\/span><span id=\"docs-internal-guid-13a94195-7fff-faa4-a2e5-eea07976982c\"><\/span> <\/p>\n<div> \t<\/div>\n<div><img decoding=\"async\" src=\"https:\/\/www.metmann.com\/wp-content\/uploads\/2021\/09\/KA-WEB2.jpg\" alt=\"\" style=\"margin-top:0px;margin-right:0px;margin-bottom:0px;margin-left:0px;;width:350px;;height:244px;\" border=\"0\" \/>&nbsp;<\/div>\n<div> \t<\/div>\n<p><span id=\"docs-internal-guid-13a94195-7fff-faa4-a2e5-eea07976982c\">La s\u00e8rie KA de calefacci\u00f3 port\u00e0til de Met Mann inclou equips que poden funcionar a gas but\u00e0 o prop\u00e0 amb una pot\u00e8ncia calor\u00edfica des dels 15 als 100 kW i permeten escalfar locals correctament ventilats de 200m2 a 800 m2.<\/p>\n<p> \tLa seva instal\u00b7laci\u00f3, tan sols requereix d&#8242;alimentaci\u00f3 el\u00e8ctrica i connexi\u00f3 a ampolla de gas but\u00e0 o prop\u00e0.<\/p>\n<p> \tA el no disposar de sortida de fums, la seva aplicaci\u00f3 s&#8242;ha de limitar a espais oberts a l&#8242;aire lliure. Per aix\u00f2 el seu \u00fas es recomana per a locals correctament ventilats com granges, hivernacles, jardins, etc.<\/p>\n<p> \tM&eacute;s informaci\u00f3 i fitxa t\u00e8cnica de la s\u00e8rie Ka de MET MANN en aquest <span style=\"font-weight: bold;\"><a href=\"http:\/\/www.metmann.com\/ca\/p525927_Calefacci%C3%B3-aire-calent-a-gas-but%C3%A0-o-prop%C3%A0-15-108-kW---KA\" target=\"_blank\" rel=\"\">enlla\u00e7<\/a><\/span>. \t \t<\/p>\n<h3 dir=\"ltr\" style=\"line-height:1.38;margin-top:16pt;margin-bottom:4pt;\"><span style=\"font-variant-numeric: normal; font-variant-east-asian: normal; vertical-align: baseline;\">GW &#8211; Equips de calefacci\u00f3 a gas port\u00e0til sense electricitat<\/span><\/h3>\n<div> \t\t<\/div>\n<p><\/span><span id=\"docs-internal-guid-13a94195-7fff-faa4-a2e5-eea07976982c\"><\/span><img decoding=\"async\" src=\"https:\/\/www.metmann.com\/wp-content\/uploads\/2021\/09\/gw-web-2.jpg\" alt=\"\" style=\"margin-top:0px;margin-right:0px;margin-bottom:0px;margin-left:0px;;width:350px;;height:385px;\" border=\"0\" \/> <\/p>\n<div>&nbsp;<\/div>\n<div><span id=\"docs-internal-guid-13a94195-7fff-faa4-a2e5-eea07976982c\"> \t\t<\/p>\n<p dir=\"ltr\" style=\"line-height: 1.38; margin-top: 0pt; margin-bottom: 0pt;\"><span style=\"font-variant-numeric: normal; font-variant-east-asian: normal; text-decoration-skip-ink: none; vertical-align: baseline;\">Aquests sistemes s\u00f3n idonis per a aplicacions exteriors, at\u00e8s que es tracta d&#8242;equips que poden funcionar a gas but\u00e0 o prop\u00e0 amb \u00e0mplia pot\u00e8ncia calor\u00edfica (15 A 31 kW), que funcionen sense necessitat d&#8242;alimentar-se mitjan\u00e7ant corrent el\u00e8ctric i que a m&eacute;s incorporen un sistema de seguretat anticaiguda.<\/p>\n<p> \t\t\t\tEl seu \u00fas &eacute;s per a espais oberts on es requereix d&#8242;una font de calor com ara mercats, obres a l&#8242;aire lliure o zones correctament ventilades sense aflu\u00e8ncia de nens per evitar que puguin tocar les parts calentes de l&#8242;equip.<\/p>\n<p> \t\t\t\tTrobar\u00e0s la fitxa t\u00e8cnica d&#8242;aquest model en aquest <span style=\"font-weight: bold;\"><a href=\"http:\/\/www.metmann.com\/ca\/p525988_Calefacci%C3%B3-per-a-la-construcci%C3%B3-i-espais-oberts-a-gas-but%C3%A0---GW\" target=\"_blank\" rel=\"\">enlla\u00e7<\/a><\/span><\/span>  \t\t\t<\/p>\n<p><\/span><br \/> \t<span id=\"docs-internal-guid-13a94195-7fff-faa4-a2e5-eea07976982c\"> \t\t<\/p>\n<p dir=\"ltr\" style=\"line-height: 1.38; margin-top: 0pt; margin-bottom: 0pt;\">&nbsp;<\/p>\n<p><\/span><span id=\"docs-internal-guid-13a94195-7fff-faa4-a2e5-eea07976982c\"><\/span><\/div>\n<p><span id=\"docs-internal-guid-13a94195-7fff-faa4-a2e5-eea07976982c\"><br \/> \t<\/span><span id=\"docs-internal-guid-13a94195-7fff-faa4-a2e5-eea07976982c\"><\/span><span id=\"docs-internal-guid-13a94195-7fff-faa4-a2e5-eea07976982c\"> \t<\/p>\n<p dir=\"ltr\" style=\"line-height: 1.38; margin-top: 0pt; margin-bottom: 0pt;\"><span style=\"font-variant-numeric: normal; font-variant-east-asian: normal; vertical-align: baseline;\"><\/span><\/p>\n<p dir=\"ltr\" style=\"line-height: 1.38; margin-top: 0pt; margin-bottom: 0pt;\"><span id=\"docs-internal-guid-13a94195-7fff-faa4-a2e5-eea07976982c\"><\/span><\/p>\n<h3 dir=\"ltr\" style=\"line-height:1.38;margin-top:16pt;margin-bottom:4pt;\"><span style=\"font-variant-numeric: normal; font-variant-east-asian: normal; vertical-align: baseline;\">INFRA MANN P &#8211; Equips de calefacci\u00f3 per infrarojos port\u00e0til<\/span><\/h3>\n<p><\/span>   <\/p>\n<p>&nbsp;<\/p>\n<p dir=\"ltr\" style=\"line-height: 1.38; margin-top: 0pt; margin-bottom: 0pt;\"><span style=\"font-variant-numeric: normal; font-variant-east-asian: normal; vertical-align: baseline;\"><\/span><\/p>\n<p dir=\"ltr\" style=\"line-height: 1.38; margin-top: 0pt; margin-bottom: 0pt;\"><span style=\"font-variant-numeric: normal; font-variant-east-asian: normal; vertical-align: baseline;\"><\/span><\/p>\n<p dir=\"ltr\" style=\"line-height: 1.38; margin-top: 0pt; margin-bottom: 0pt;\"><img decoding=\"async\" src=\"https:\/\/www.metmann.com\/wp-content\/uploads\/2021\/09\/infra-p-web.jpg\" alt=\"\" style=\"margin-top:0px;margin-right:0px;margin-bottom:0px;margin-left:0px;;width:350px;;height:524px;\" border=\"0\" \/>&nbsp;<\/p>\n<p>Quan l&#8242;espai a escalfar no requereix de moviment d&#8242;aire i es busca eliminar el soroll dels ventiladors, els equips Infra Mann P s\u00f3n la soluci\u00f3.<\/p>\n<p> Aquests dispositius disposen de 3 llums infraroges de quars que aconsegueixen escalfar l&#8242;ambient de manera efectiva mitjan\u00e7ant ones infraroges de curt abast.<\/p>\n<p> S\u00f3n equips amb funcionament el\u00e8ctric per alleujar de l&#8242;fred en qualsevol situaci\u00f3 que no requereixi un sistema d&#8242;elevada pot\u00e8ncia. &Eacute;s per aix\u00f2 que el seu \u00fas &eacute;s especialment recomanat per a la calefacci\u00f3 de zones properes.<\/p>\n<p> Descobreix les nostres solucions de calefacci\u00f3 infraroja port\u00e0til a la fitxa de producte a trav&eacute;s d&#8242;aquest <span style=\"font-weight: bold;\"><a href=\"http:\/\/www.metmann.com\/ca\/p525992_Calefacci%C3%B3-infraroja-port%C3%A0til-de-1-5-kW---INFRA-MANN-P\" target=\"_blank\" rel=\"\">enlla\u00e7<\/a><\/span>.<span id=\"docs-internal-guid-13a94195-7fff-faa4-a2e5-eea07976982c\"> \t \t<\/p>\n<h2 dir=\"ltr\" style=\"line-height:1.38;margin-top:18pt;margin-bottom:6pt;\"><span style=\"font-variant-numeric: normal; font-variant-east-asian: normal; vertical-align: baseline;\">La soluci\u00f3 de calefacci\u00f3 port\u00e0til que necessites est\u00e0 a MET MANN<\/span><\/h2>\n<p dir=\"ltr\" style=\"line-height: 1.38; margin-top: 0pt; margin-bottom: 0pt;\"><span style=\"font-variant-numeric: normal; font-variant-east-asian: normal; vertical-align: baseline;\">Si necessites assessorament d&#8242;experts no ho dubtis, posa&#8242;t en contacte amb el nostre departament comercial al<span style=\"font-weight: bold;\"> Tel. +34 93 851 15 99<\/span><\/span><span style=\"font-variant-numeric: normal; font-variant-east-asian: normal; vertical-align: baseline;\"><span style=\"font-weight: bold;\"><\/span><\/span><\/p>\n<p><\/span><\/p>\n","protected":false},"excerpt":{"rendered":"<p><span id=\"docs-internal-guid-ab6eb5e3-7fff-9cd3-ad87-c206a8b5fc90\"><span style=\"font-variant-numeric: normal; font-variant-east-asian: normal; vertical-align: baseline;\"><\/span><span style=\"font-variant-numeric: normal; font-variant-east-asian: normal; vertical-align: baseline;\">L&#8242;hivern i el fred ja s\u00f3n aqu\u00ed. I al costat d&#8242;ells ha arribat com sempre la necessitat d&#8242;aclimatar i calefactar els processos i espais de moltes empreses. Hi ha molts sectors en qu\u00e8 s\u00f3n necess\u00e0ries solucions de calefacci\u00f3 que s&#8242;adaptin a diferents activitats, espais i condicions. Per a situacions en qu\u00e8 es requereix d&#8242;equips amb alta flexibilitat, la calefacci\u00f3 port\u00e0til industrial &eacute;s la millor alternativa.<br \/>\n\t\t<\/span><\/span><\/p>\n","protected":false},"author":1,"featured_media":520,"comment_status":"open","ping_status":"open","sticky":false,"template":"","format":"standard","meta":{"_acf_changed":false,"_et_pb_use_builder":"","_et_pb_old_content":"","_et_gb_content_width":"","_joinchat":[],"footnotes":""},"categories":[51],"tags":[],"acf":[],"yoast_head":"<!-- This site is optimized with the Yoast SEO plugin v22.6 - https:\/\/yoast.com\/wordpress\/plugins\/seo\/ -->\r\n<title>Equips de calefacci\u00f3 port\u00e0til MET MANN<\/title>\r\n<meta name=\"description\" content=\"La calefacci\u00f3 port\u00e0til industrial \u00e9s la millor opci\u00f3 si precises equips molt flexibles. T&#8242;ajudem a triar el sistema m\u00e9s adequat per al teu negoci.\" \/>\r\n<meta name=\"robots\" content=\"index, follow, max-snippet:-1, max-image-preview:large, max-video-preview:-1\" \/>\r\n<link rel=\"canonical\" href=\"https:\/\/www.metmann.com\/ca\/equips-de-calefaccio-portatil-industrial-comercial-i-agricola\/\" \/>\r\n<meta property=\"og:locale\" content=\"ca_ES\" \/>\r\n<meta property=\"og:type\" content=\"article\" \/>\r\n<meta property=\"og:title\" content=\"Equips de calefacci\u00f3 port\u00e0til MET MANN\" \/>\r\n<meta property=\"og:description\" content=\"La calefacci\u00f3 port\u00e0til industrial \u00e9s la millor opci\u00f3 si precises equips molt flexibles. T&#8242;ajudem a triar el sistema m\u00e9s adequat per al teu negoci.\" \/>\r\n<meta property=\"og:url\" content=\"https:\/\/www.metmann.com\/ca\/equips-de-calefaccio-portatil-industrial-comercial-i-agricola\/\" \/>\r\n<meta property=\"og:site_name\" content=\"MET MANN\" \/>\r\n<meta property=\"article:published_time\" content=\"2020-12-15T00:00:00+00:00\" \/>\r\n<meta property=\"og:image\" content=\"https:\/\/www.metmann.com\/wp-content\/uploads\/2021\/09\/1609842482_aBX3.jpg\" \/>\r\n<meta name=\"author\" content=\"Marcelo Gonfar\" \/>\r\n<meta name=\"twitter:card\" content=\"summary_large_image\" \/>\r\n<meta name=\"twitter:title\" content=\"Equips de calefacci\u00f3 port\u00e0til MET MANN\" \/>\r\n<meta name=\"twitter:description\" content=\"La calefacci\u00f3 port\u00e0til industrial \u00e9s la millor opci\u00f3 si precises equips molt flexibles. T&#8242;ajudem a triar el sistema m\u00e9s adequat per al teu negoci.\" \/>\r\n<meta name=\"twitter:image\" content=\"https:\/\/www.metmann.com\/wp-content\/uploads\/2021\/09\/1609842482_aBX3.jpg\" \/>\r\n<meta name=\"twitter:label1\" content=\"Escrit per\" \/>\n\t<meta name=\"twitter:data1\" content=\"Marcelo Gonfar\" \/>\n\t<meta name=\"twitter:label2\" content=\"Temps estimat de lectura\" \/>\n\t<meta name=\"twitter:data2\" content=\"5 minuts\" \/>\r\n<script type=\"application\/ld+json\" class=\"yoast-schema-graph\">{\"@context\":\"https:\/\/schema.org\",\"@graph\":[{\"@type\":\"Article\",\"@id\":\"https:\/\/www.metmann.com\/ca\/equips-de-calefaccio-portatil-industrial-comercial-i-agricola\/#article\",\"isPartOf\":{\"@id\":\"https:\/\/www.metmann.com\/ca\/equips-de-calefaccio-portatil-industrial-comercial-i-agricola\/\"},\"author\":{\"name\":\"Marcelo Gonfar\",\"@id\":\"https:\/\/www.metmann.com\/ca\/#\/schema\/person\/abb061f44d31128f243c7e8c9677bb01\"},\"headline\":\"Equips de calefacci\u00f3 port\u00e0til industrial, comercial i agr\u00edcola\",\"datePublished\":\"2020-12-15T00:00:00+00:00\",\"dateModified\":\"2020-12-15T00:00:00+00:00\",\"mainEntityOfPage\":{\"@id\":\"https:\/\/www.metmann.com\/ca\/equips-de-calefaccio-portatil-industrial-comercial-i-agricola\/\"},\"wordCount\":1109,\"commentCount\":0,\"publisher\":{\"@id\":\"https:\/\/www.metmann.com\/ca\/#organization\"},\"image\":{\"@id\":\"https:\/\/www.metmann.com\/ca\/equips-de-calefaccio-portatil-industrial-comercial-i-agricola\/#primaryimage\"},\"thumbnailUrl\":\"https:\/\/www.metmann.com\/wp-content\/uploads\/2021\/09\/1609842482_aBX3-e1688548596231.jpg\",\"articleSection\":[\"Noticies\"],\"inLanguage\":\"ca\",\"potentialAction\":[{\"@type\":\"CommentAction\",\"name\":\"Comment\",\"target\":[\"https:\/\/www.metmann.com\/ca\/equips-de-calefaccio-portatil-industrial-comercial-i-agricola\/#respond\"]}]},{\"@type\":\"WebPage\",\"@id\":\"https:\/\/www.metmann.com\/ca\/equips-de-calefaccio-portatil-industrial-comercial-i-agricola\/\",\"url\":\"https:\/\/www.metmann.com\/ca\/equips-de-calefaccio-portatil-industrial-comercial-i-agricola\/\",\"name\":\"Equips de calefacci\u00f3 port\u00e0til MET MANN\",\"isPartOf\":{\"@id\":\"https:\/\/www.metmann.com\/ca\/#website\"},\"primaryImageOfPage\":{\"@id\":\"https:\/\/www.metmann.com\/ca\/equips-de-calefaccio-portatil-industrial-comercial-i-agricola\/#primaryimage\"},\"image\":{\"@id\":\"https:\/\/www.metmann.com\/ca\/equips-de-calefaccio-portatil-industrial-comercial-i-agricola\/#primaryimage\"},\"thumbnailUrl\":\"https:\/\/www.metmann.com\/wp-content\/uploads\/2021\/09\/1609842482_aBX3-e1688548596231.jpg\",\"datePublished\":\"2020-12-15T00:00:00+00:00\",\"dateModified\":\"2020-12-15T00:00:00+00:00\",\"description\":\"La calefacci\u00f3 port\u00e0til industrial \u00e9s la millor opci\u00f3 si precises equips molt flexibles. T&#8242;ajudem a triar el sistema m\u00e9s adequat per al teu negoci.\",\"breadcrumb\":{\"@id\":\"https:\/\/www.metmann.com\/ca\/equips-de-calefaccio-portatil-industrial-comercial-i-agricola\/#breadcrumb\"},\"inLanguage\":\"ca\",\"potentialAction\":[{\"@type\":\"ReadAction\",\"target\":[\"https:\/\/www.metmann.com\/ca\/equips-de-calefaccio-portatil-industrial-comercial-i-agricola\/\"]}]},{\"@type\":\"ImageObject\",\"inLanguage\":\"ca\",\"@id\":\"https:\/\/www.metmann.com\/ca\/equips-de-calefaccio-portatil-industrial-comercial-i-agricola\/#primaryimage\",\"url\":\"https:\/\/www.metmann.com\/wp-content\/uploads\/2021\/09\/1609842482_aBX3-e1688548596231.jpg\",\"contentUrl\":\"https:\/\/www.metmann.com\/wp-content\/uploads\/2021\/09\/1609842482_aBX3-e1688548596231.jpg\",\"width\":400,\"height\":300},{\"@type\":\"BreadcrumbList\",\"@id\":\"https:\/\/www.metmann.com\/ca\/equips-de-calefaccio-portatil-industrial-comercial-i-agricola\/#breadcrumb\",\"itemListElement\":[{\"@type\":\"ListItem\",\"position\":1,\"name\":\"Inicio\",\"item\":\"https:\/\/www.metmann.com\/ca\/\"},{\"@type\":\"ListItem\",\"position\":2,\"name\":\"Noticies\",\"item\":\"https:\/\/www.metmann.com\/ca\/category\/noticies\/\"},{\"@type\":\"ListItem\",\"position\":3,\"name\":\"Equips de calefacci\u00f3 port\u00e0til industrial, comercial i agr\u00edcola\"}]},{\"@type\":\"WebSite\",\"@id\":\"https:\/\/www.metmann.com\/ca\/#website\",\"url\":\"https:\/\/www.metmann.com\/ca\/\",\"name\":\"MET MANN\",\"description\":\"Climatizaci\u00f3n industrial, Calefactores y Ventilaci\u00f3n para empresas\",\"publisher\":{\"@id\":\"https:\/\/www.metmann.com\/ca\/#organization\"},\"potentialAction\":[{\"@type\":\"SearchAction\",\"target\":{\"@type\":\"EntryPoint\",\"urlTemplate\":\"https:\/\/www.metmann.com\/ca\/?s={search_term_string}\"},\"query-input\":\"required name=search_term_string\"}],\"inLanguage\":\"ca\"},{\"@type\":\"Organization\",\"@id\":\"https:\/\/www.metmann.com\/ca\/#organization\",\"name\":\"Met Mann\",\"url\":\"https:\/\/www.metmann.com\/ca\/\",\"logo\":{\"@type\":\"ImageObject\",\"inLanguage\":\"ca\",\"@id\":\"https:\/\/www.metmann.com\/ca\/#\/schema\/logo\/image\/\",\"url\":\"https:\/\/www.metmann.com\/wp-content\/uploads\/2021\/12\/logo-color-met-mann-01.jpg\",\"contentUrl\":\"https:\/\/www.metmann.com\/wp-content\/uploads\/2021\/12\/logo-color-met-mann-01.jpg\",\"width\":351,\"height\":133,\"caption\":\"Met Mann\"},\"image\":{\"@id\":\"https:\/\/www.metmann.com\/ca\/#\/schema\/logo\/image\/\"}},{\"@type\":\"Person\",\"@id\":\"https:\/\/www.metmann.com\/ca\/#\/schema\/person\/abb061f44d31128f243c7e8c9677bb01\",\"name\":\"Marcelo Gonfar\",\"image\":{\"@type\":\"ImageObject\",\"inLanguage\":\"ca\",\"@id\":\"https:\/\/www.metmann.com\/ca\/#\/schema\/person\/image\/\",\"url\":\"https:\/\/secure.gravatar.com\/avatar\/f8e37661ecf23489bf1e65088ca5cfbd?s=96&d=mm&r=g\",\"contentUrl\":\"https:\/\/secure.gravatar.com\/avatar\/f8e37661ecf23489bf1e65088ca5cfbd?s=96&d=mm&r=g\",\"caption\":\"Marcelo Gonfar\"},\"url\":\"https:\/\/www.metmann.com\/ca\/author\/produccionvisualpublinet-com\/\"}]}<\/script>\r\n<!-- \/ Yoast SEO plugin. -->","yoast_head_json":{"title":"Equips de calefacci\u00f3 port\u00e0til MET MANN","description":"La calefacci\u00f3 port\u00e0til industrial \u00e9s la millor opci\u00f3 si precises equips molt flexibles. T&#8242;ajudem a triar el sistema m\u00e9s adequat per al teu negoci.","robots":{"index":"index","follow":"follow","max-snippet":"max-snippet:-1","max-image-preview":"max-image-preview:large","max-video-preview":"max-video-preview:-1"},"canonical":"https:\/\/www.metmann.com\/ca\/equips-de-calefaccio-portatil-industrial-comercial-i-agricola\/","og_locale":"ca_ES","og_type":"article","og_title":"Equips de calefacci\u00f3 port\u00e0til MET MANN","og_description":"La calefacci\u00f3 port\u00e0til industrial \u00e9s la millor opci\u00f3 si precises equips molt flexibles. T&#8242;ajudem a triar el sistema m\u00e9s adequat per al teu negoci.","og_url":"https:\/\/www.metmann.com\/ca\/equips-de-calefaccio-portatil-industrial-comercial-i-agricola\/","og_site_name":"MET MANN","article_published_time":"2020-12-15T00:00:00+00:00","og_image":[{"url":"https:\/\/www.metmann.com\/wp-content\/uploads\/2021\/09\/1609842482_aBX3.jpg"}],"author":"Marcelo Gonfar","twitter_card":"summary_large_image","twitter_title":"Equips de calefacci\u00f3 port\u00e0til MET MANN","twitter_description":"La calefacci\u00f3 port\u00e0til industrial \u00e9s la millor opci\u00f3 si precises equips molt flexibles. T&#8242;ajudem a triar el sistema m\u00e9s adequat per al teu negoci.","twitter_image":"https:\/\/www.metmann.com\/wp-content\/uploads\/2021\/09\/1609842482_aBX3.jpg","twitter_misc":{"Escrit per":"Marcelo Gonfar","Temps estimat de lectura":"5 minuts"},"schema":{"@context":"https:\/\/schema.org","@graph":[{"@type":"Article","@id":"https:\/\/www.metmann.com\/ca\/equips-de-calefaccio-portatil-industrial-comercial-i-agricola\/#article","isPartOf":{"@id":"https:\/\/www.metmann.com\/ca\/equips-de-calefaccio-portatil-industrial-comercial-i-agricola\/"},"author":{"name":"Marcelo Gonfar","@id":"https:\/\/www.metmann.com\/ca\/#\/schema\/person\/abb061f44d31128f243c7e8c9677bb01"},"headline":"Equips de calefacci\u00f3 port\u00e0til industrial, comercial i agr\u00edcola","datePublished":"2020-12-15T00:00:00+00:00","dateModified":"2020-12-15T00:00:00+00:00","mainEntityOfPage":{"@id":"https:\/\/www.metmann.com\/ca\/equips-de-calefaccio-portatil-industrial-comercial-i-agricola\/"},"wordCount":1109,"commentCount":0,"publisher":{"@id":"https:\/\/www.metmann.com\/ca\/#organization"},"image":{"@id":"https:\/\/www.metmann.com\/ca\/equips-de-calefaccio-portatil-industrial-comercial-i-agricola\/#primaryimage"},"thumbnailUrl":"https:\/\/www.metmann.com\/wp-content\/uploads\/2021\/09\/1609842482_aBX3-e1688548596231.jpg","articleSection":["Noticies"],"inLanguage":"ca","potentialAction":[{"@type":"CommentAction","name":"Comment","target":["https:\/\/www.metmann.com\/ca\/equips-de-calefaccio-portatil-industrial-comercial-i-agricola\/#respond"]}]},{"@type":"WebPage","@id":"https:\/\/www.metmann.com\/ca\/equips-de-calefaccio-portatil-industrial-comercial-i-agricola\/","url":"https:\/\/www.metmann.com\/ca\/equips-de-calefaccio-portatil-industrial-comercial-i-agricola\/","name":"Equips de calefacci\u00f3 port\u00e0til MET MANN","isPartOf":{"@id":"https:\/\/www.metmann.com\/ca\/#website"},"primaryImageOfPage":{"@id":"https:\/\/www.metmann.com\/ca\/equips-de-calefaccio-portatil-industrial-comercial-i-agricola\/#primaryimage"},"image":{"@id":"https:\/\/www.metmann.com\/ca\/equips-de-calefaccio-portatil-industrial-comercial-i-agricola\/#primaryimage"},"thumbnailUrl":"https:\/\/www.metmann.com\/wp-content\/uploads\/2021\/09\/1609842482_aBX3-e1688548596231.jpg","datePublished":"2020-12-15T00:00:00+00:00","dateModified":"2020-12-15T00:00:00+00:00","description":"La calefacci\u00f3 port\u00e0til industrial \u00e9s la millor opci\u00f3 si precises equips molt flexibles. T&#8242;ajudem a triar el sistema m\u00e9s adequat per al teu negoci.","breadcrumb":{"@id":"https:\/\/www.metmann.com\/ca\/equips-de-calefaccio-portatil-industrial-comercial-i-agricola\/#breadcrumb"},"inLanguage":"ca","potentialAction":[{"@type":"ReadAction","target":["https:\/\/www.metmann.com\/ca\/equips-de-calefaccio-portatil-industrial-comercial-i-agricola\/"]}]},{"@type":"ImageObject","inLanguage":"ca","@id":"https:\/\/www.metmann.com\/ca\/equips-de-calefaccio-portatil-industrial-comercial-i-agricola\/#primaryimage","url":"https:\/\/www.metmann.com\/wp-content\/uploads\/2021\/09\/1609842482_aBX3-e1688548596231.jpg","contentUrl":"https:\/\/www.metmann.com\/wp-content\/uploads\/2021\/09\/1609842482_aBX3-e1688548596231.jpg","width":400,"height":300},{"@type":"BreadcrumbList","@id":"https:\/\/www.metmann.com\/ca\/equips-de-calefaccio-portatil-industrial-comercial-i-agricola\/#breadcrumb","itemListElement":[{"@type":"ListItem","position":1,"name":"Inicio","item":"https:\/\/www.metmann.com\/ca\/"},{"@type":"ListItem","position":2,"name":"Noticies","item":"https:\/\/www.metmann.com\/ca\/category\/noticies\/"},{"@type":"ListItem","position":3,"name":"Equips de calefacci\u00f3 port\u00e0til industrial, comercial i agr\u00edcola"}]},{"@type":"WebSite","@id":"https:\/\/www.metmann.com\/ca\/#website","url":"https:\/\/www.metmann.com\/ca\/","name":"MET MANN","description":"Climatizaci\u00f3n industrial, Calefactores y Ventilaci\u00f3n para empresas","publisher":{"@id":"https:\/\/www.metmann.com\/ca\/#organization"},"potentialAction":[{"@type":"SearchAction","target":{"@type":"EntryPoint","urlTemplate":"https:\/\/www.metmann.com\/ca\/?s={search_term_string}"},"query-input":"required name=search_term_string"}],"inLanguage":"ca"},{"@type":"Organization","@id":"https:\/\/www.metmann.com\/ca\/#organization","name":"Met Mann","url":"https:\/\/www.metmann.com\/ca\/","logo":{"@type":"ImageObject","inLanguage":"ca","@id":"https:\/\/www.metmann.com\/ca\/#\/schema\/logo\/image\/","url":"https:\/\/www.metmann.com\/wp-content\/uploads\/2021\/12\/logo-color-met-mann-01.jpg","contentUrl":"https:\/\/www.metmann.com\/wp-content\/uploads\/2021\/12\/logo-color-met-mann-01.jpg","width":351,"height":133,"caption":"Met Mann"},"image":{"@id":"https:\/\/www.metmann.com\/ca\/#\/schema\/logo\/image\/"}},{"@type":"Person","@id":"https:\/\/www.metmann.com\/ca\/#\/schema\/person\/abb061f44d31128f243c7e8c9677bb01","name":"Marcelo Gonfar","image":{"@type":"ImageObject","inLanguage":"ca","@id":"https:\/\/www.metmann.com\/ca\/#\/schema\/person\/image\/","url":"https:\/\/secure.gravatar.com\/avatar\/f8e37661ecf23489bf1e65088ca5cfbd?s=96&d=mm&r=g","contentUrl":"https:\/\/secure.gravatar.com\/avatar\/f8e37661ecf23489bf1e65088ca5cfbd?s=96&d=mm&r=g","caption":"Marcelo Gonfar"},"url":"https:\/\/www.metmann.com\/ca\/author\/produccionvisualpublinet-com\/"}]}},"_links":{"self":[{"href":"https:\/\/www.metmann.com\/ca\/wp-json\/wp\/v2\/posts\/2870"}],"collection":[{"href":"https:\/\/www.metmann.com\/ca\/wp-json\/wp\/v2\/posts"}],"about":[{"href":"https:\/\/www.metmann.com\/ca\/wp-json\/wp\/v2\/types\/post"}],"author":[{"embeddable":true,"href":"https:\/\/www.metmann.com\/ca\/wp-json\/wp\/v2\/users\/1"}],"replies":[{"embeddable":true,"href":"https:\/\/www.metmann.com\/ca\/wp-json\/wp\/v2\/comments?post=2870"}],"version-history":[{"count":0,"href":"https:\/\/www.metmann.com\/ca\/wp-json\/wp\/v2\/posts\/2870\/revisions"}],"wp:featuredmedia":[{"embeddable":true,"href":"https:\/\/www.metmann.com\/ca\/wp-json\/wp\/v2\/media\/520"}],"wp:attachment":[{"href":"https:\/\/www.metmann.com\/ca\/wp-json\/wp\/v2\/media?parent=2870"}],"wp:term":[{"taxonomy":"category","embeddable":true,"href":"https:\/\/www.metmann.com\/ca\/wp-json\/wp\/v2\/categories?post=2870"},{"taxonomy":"post_tag","embeddable":true,"href":"https:\/\/www.metmann.com\/ca\/wp-json\/wp\/v2\/tags?post=2870"}],"curies":[{"name":"wp","href":"https:\/\/api.w.org\/{rel}","templated":true}]}}