{"id":2871,"date":"2021-02-18T00:00:00","date_gmt":"2021-02-18T00:00:00","guid":{"rendered":"https:\/\/metmann.com.185-176-9-81.185-176-9-81.visualpublinet.com\/climatitzacio-evaporativa-a-mercabarna\/"},"modified":"2021-02-18T00:00:00","modified_gmt":"2021-02-18T00:00:00","slug":"climatitzacio-evaporativa-a-mercabarna","status":"publish","type":"post","link":"https:\/\/www.metmann.com\/ca\/climatitzacio-evaporativa-a-mercabarna\/","title":{"rendered":"Climatitzaci\u00f3 evaporativa a MERCABARNA"},"content":{"rendered":"<p dir=\"ltr\" id=\"docs-internal-guid-43df5bce-7fff-d801-af13-021541e4a398\" style=\"-webkit-text-size-adjust: auto; line-height: 1.38; margin-top: 0pt; margin-bottom: 3pt;\"><span style=\"font-size: 26pt; font-family: Arial; font-variant-ligatures: normal; font-variant-east-asian: normal; font-variant-position: normal; vertical-align: baseline; white-space: pre-wrap;\">Climatitzaci\u00f3 evaporativa a <\/span><img decoding=\"async\" src=\"https:\/\/www.metmann.com\/wp-content\/uploads\/2021\/09\/logo-mercabarna.gif\" alt=\"\" style=\"margin-top:0px;margin-right:0px;margin-bottom:0px;margin-left:0px;;width:235px;;height:54px;\" border=\"0\" \/><\/p>\n<p><br style=\"-webkit-text-size-adjust: auto;\" \/> La climatitzaci\u00f3 evaporativa &eacute;s, tal com hem esmentat en molts altres post, una alternativa neta i sostenible per crear clima. Tant &eacute;s aix\u00ed que, recentment una icona de la ind\u00fastria aliment\u00e0ria a casa nostra com &eacute;s el cas de Mercabarna ha decidit apostar per aquesta innovadora i efica\u00e7 forma de climatitzar les instal\u00b7lacions del seu mercat ecol\u00f2gic.<\/p>\n<p> Vols saber com ha estat el proc&eacute;s? T&#8242;ho expliquem a continuaci\u00f3. <\/p>\n<div> \t<\/div>\n<p><img decoding=\"async\" src=\"https:\/\/www.metmann.com\/wp-content\/uploads\/2021\/09\/MARCABARNA-05.jpg\" alt=\"\" style=\"margin-top:0px;margin-right:0px;margin-bottom:0px;margin-left:0px;;width:350px;;height:350px;\" border=\"0\" \/> <\/p>\n<h2 dir=\"ltr\" style=\"-webkit-text-size-adjust: auto; line-height: 1.38; margin-top: 18pt; margin-bottom: 6pt;\"><span style=\"font-size: 16pt; font-family: Arial; font-weight: 400; font-variant-ligatures: normal; font-variant-east-asian: normal; font-variant-position: normal; vertical-align: baseline; white-space: pre-wrap;\">Per qu\u00e8 MERCABARNA apostaria per la climatitzaci\u00f3 evaporativa de MET MANN?<\/span><\/h2>\n<p><br style=\"-webkit-text-size-adjust: auto;\" \/> MERCABARNA &eacute;s un hub empresarial dedicat a la ind\u00fastria aliment\u00e0ria ja consolidat com un dels principals mercats majoristes d&#8242;aliments frescos a Europa. Concentrant m&eacute;s de 700 empreses en el seu recinte, s&#8242;especialitza en la distribuci\u00f3, elaboraci\u00f3 i a la importaci\u00f3 i exportaci\u00f3 d&#8242;aliments frescos i congelats.<\/p>\n<p> Per les seves caracter\u00edstiques, moltes de les seves naus requereixen de sistemes de climatitzaci\u00f3 molt potents que garanteixin la frescor i qualitat del producte que all\u00ed es gestiona.<\/p>\n<p> En els \u00faltims anys, MERCABARNA ha fet el salt cap a la sostenibilitat i entre moltes altres accions, ha posat en marxa el seu Biomarket, el primer mercat majorista d&#8242;aliments frescos a casa nostra.<\/p>\n<div>Dins d&#8242;aquesta aposta per la sostenibilitat, triar un sistema de climatitzaci\u00f3 evaporativa que permeti adequar la temperatura de les seves instal\u00b7lacions d&#8242;una manera respectuosa amb el medi ambient t&eacute; tot el sentit.<\/div>\n<div> \t<\/div>\n<p><img decoding=\"async\" src=\"https:\/\/www.metmann.com\/wp-content\/uploads\/2021\/09\/MARCABARNA-04.jpg\" alt=\"\" style=\"margin-top:0px;margin-right:0px;margin-bottom:0px;margin-left:0px;;width:350px;;height:350px;\" border=\"0\" \/><br style=\"-webkit-text-size-adjust: auto;\" \/>  <\/p>\n<h2 dir=\"ltr\" style=\"-webkit-text-size-adjust: auto; line-height: 1.38; margin-top: 18pt; margin-bottom: 6pt;\"><span style=\"font-size: 16pt; font-family: Arial; font-weight: 400; font-variant-ligatures: normal; font-variant-east-asian: normal; font-variant-position: normal; vertical-align: baseline; white-space: pre-wrap;\">Quins s\u00f3n els equips de climatitzaci\u00f3 per evaporaci\u00f3 que ha triat Mercabarna per les seves instal\u00b7lacions?<\/span><\/h2>\n<p><br style=\"-webkit-text-size-adjust: auto;\" \/> En MET MANN fabriquem solucions de climatitzaci\u00f3 per a tot tipus de necessitats, entre les quals podem trobar els refredadors evaporatius de la s\u00e8rie AD.<\/p>\n<p> A trav&eacute;s dels nostres clients col\u00b7laboradors, l&#8242;empresa instal\u00b7ladora AIR-MONT Instal\u00b7lacions s&#8242;ha encarregat de la instal\u00b7laci\u00f3 i posada en marxa de diverses unitats de el model AD-15-H.<\/p>\n<p> Aquests equips permeten gestionar un cabal d&#8242;aire de fins a 15.000 m3 \/ h garantint un refredament constant i eficient. La seva estructura exterior est\u00e0 constru\u00efda amb materials molt resistents a for\u00e7a de poliamides de gran espessor, la qual cosa permet a aquests equips estar a la intemp\u00e8rie i resistir sense problema les inclem\u00e8ncies de el temps.<\/p>\n<p> Per a la resta de components s&#8242;utilitzen materials de primera qualitat que garanteixen una llarga vida \u00fatil per als equips. Materials com l&#8242;acer galvanitzat dels ventiladors o l&#8242;acer inoxidable amb qualitat AISI-304 permeten que aquests equips treballin de manera segura i sense necessitat d&#8242;un cost\u00f3s manteniment dels equips.<\/p>\n<p> Els equips d&#8242;aquesta s\u00e8rie inclouen un sistema de buidatge autom\u00e0tic aix\u00ed com un component que permet a el sistema realitzar un drenatge continu de l&#8242;aigua per evitar altes concentracions de sals minerals en el dip\u00f2sit.<\/p>\n<p> Per\u00f2 el m&eacute;s interessant d&#8242;aquests equips &eacute;s el seu alt rendiment i la seva gran capacitat d&#8242;estalvi energ\u00e8tic. El valor de crear clima i condicionar grans espais sense repercutir en un alt consum d&#8242;energia o utilitzar elements que poden ser potencialment nocius per al medi ambient &eacute;s, sens dubte, el motiu principal pel qual MERCABARNA s&#8242;ha decidit per aquests models. <\/p>\n<p dir=\"ltr\" style=\"-webkit-text-size-adjust: auto; line-height: 1.38; text-align: justify; margin-top: 0pt; margin-bottom: 0pt;\">&nbsp;<\/p>\n<p><img decoding=\"async\" src=\"https:\/\/www.metmann.com\/wp-content\/uploads\/2021\/09\/MARCABARNA-03.jpg\" alt=\"\" style=\"margin-top:0px;margin-right:0px;margin-bottom:0px;margin-left:0px;;width:350px;;height:349px;\" border=\"0\" \/><br style=\"-webkit-text-size-adjust: auto;\" \/>  <\/p>\n<h2 dir=\"ltr\" style=\"-webkit-text-size-adjust: auto; line-height: 1.38; text-align: justify; margin-top: 18pt; margin-bottom: 6pt;\"><span style=\"font-size: 16pt; font-family: Arial; font-weight: 400; font-variant-ligatures: normal; font-variant-east-asian: normal; font-variant-position: normal; vertical-align: baseline; white-space: pre-wrap;\">MET MANN, experts en refredament evaporatiu<\/span><\/h2>\n<p dir=\"ltr\" style=\"-webkit-text-size-adjust: auto; line-height: 1.38; margin-top: 0pt; margin-bottom: 0pt;\"><span style=\"font-size: 11pt; font-family: Arial; font-variant-ligatures: normal; font-variant-east-asian: normal; font-variant-position: normal; vertical-align: baseline; white-space: pre-wrap;\">A la nostra empresa portem anys aportant solucions personalitzades per a empreses en termes de climatitzaci\u00f3 professional.&nbsp;<\/span><\/p>\n<p dir=\"ltr\" style=\"-webkit-text-size-adjust: auto; line-height: 1.38; margin-top: 0pt; margin-bottom: 0pt;\">&nbsp;<\/p>\n<p><img decoding=\"async\" src=\"https:\/\/www.metmann.com\/wp-content\/uploads\/2021\/09\/MARCABARNA-01.jpg\" alt=\"\" style=\"margin-top:0px;margin-right:0px;margin-bottom:0px;margin-left:0px;;width:350px;;height:349px;\" border=\"0\" \/><br style=\"-webkit-text-size-adjust: auto;\" \/>  <\/p>\n<div><span style=\"font-size: 11pt; font-family: Arial; font-variant-ligatures: normal; font-variant-east-asian: normal; font-variant-position: normal; vertical-align: baseline; white-space: pre-wrap;\"><\/span><\/div>\n<div>&nbsp;<\/div>\n<div><span style=\"font-size: 11pt; font-family: Arial; font-variant-ligatures: normal; font-variant-east-asian: normal; font-variant-position: normal; vertical-align: baseline; white-space: pre-wrap;\">Som experts en climatitzaci\u00f3 i refredament evaporatiu i disposem d&#8242;un ampli cat\u00e0leg per donar resposta a les necessitats de qualsevol tipus d&#8242;ind\u00fastria. Si necessites qualsevol tipus d&#8242;informaci\u00f3, tens dubtes sobre com climatitzar la teva empresa o t&#8242;interessa algun dels nostres productes, el nostre equip comercial estar\u00e0 encantat de con\u00e8ixer el teu cas, estudiar-lo i oferir-te una soluci\u00f3 personalitzada perqu\u00e8 la calor o el fred no torni a ser un problema en el teu negoci.<\/span><span style=\"font-size: 11pt; font-family: Arial; font-variant-ligatures: normal; font-variant-east-asian: normal; font-variant-position: normal; vertical-align: baseline; white-space: pre-wrap;\"><\/span><\/div>\n","protected":false},"excerpt":{"rendered":"<p>La climatitzaci\u00f3 evaporativa &eacute;s, tal com hem esmentat en molts altres post, una alternativa neta i sostenible per crear clima. Tant &eacute;s aix\u00ed que, recentment una icona de la ind\u00fastria aliment\u00e0ria a casa nostra com MERCABARNA ha decidit apostar per aquesta innovadora forma de climatitzar a les instal\u00b7lacions del seu mercat ecol\u00f2gic.<\/p>\n","protected":false},"author":1,"featured_media":21954,"comment_status":"open","ping_status":"open","sticky":false,"template":"","format":"standard","meta":{"_acf_changed":false,"_et_pb_use_builder":"","_et_pb_old_content":"","_et_gb_content_width":"","_joinchat":[],"footnotes":""},"categories":[51],"tags":[],"acf":[],"yoast_head":"<!-- This site is optimized with the Yoast SEO plugin v22.6 - https:\/\/yoast.com\/wordpress\/plugins\/seo\/ -->\r\n<title>Climatitzaci\u00f3 evaporativa a MERCABARNA<\/title>\r\n<meta name=\"description\" content=\"Els equips MET MANN de climatitzaci\u00f3 evaporativa presents en MERCABARNA s\u00f3n una alternativa efica\u00e7 i sostenible a altres sistemes. T&prime;expliquem per qu\u00e8 ens han triat.\" \/>\r\n<meta name=\"robots\" content=\"index, follow, max-snippet:-1, max-image-preview:large, max-video-preview:-1\" \/>\r\n<link rel=\"canonical\" href=\"https:\/\/www.metmann.com\/ca\/climatitzacio-evaporativa-a-mercabarna\/\" \/>\r\n<meta property=\"og:locale\" content=\"ca_ES\" \/>\r\n<meta property=\"og:type\" content=\"article\" \/>\r\n<meta property=\"og:title\" content=\"Climatitzaci\u00f3 evaporativa a MERCABARNA\" \/>\r\n<meta property=\"og:description\" content=\"Els equips MET MANN de climatitzaci\u00f3 evaporativa presents en MERCABARNA s\u00f3n una alternativa efica\u00e7 i sostenible a altres sistemes. T&prime;expliquem per qu\u00e8 ens han triat.\" \/>\r\n<meta property=\"og:url\" content=\"https:\/\/www.metmann.com\/ca\/climatitzacio-evaporativa-a-mercabarna\/\" \/>\r\n<meta property=\"og:site_name\" content=\"MET MANN\" \/>\r\n<meta property=\"article:published_time\" content=\"2021-02-18T00:00:00+00:00\" \/>\r\n<meta property=\"og:image\" content=\"https:\/\/www.metmann.com\/wp-content\/uploads\/2021\/09\/1616666465_l5ft.jpg\" \/>\r\n<meta name=\"author\" content=\"Marcelo Gonfar\" \/>\r\n<meta name=\"twitter:card\" content=\"summary_large_image\" \/>\r\n<meta name=\"twitter:title\" content=\"Climatitzaci\u00f3 evaporativa a MERCABARNA\" \/>\r\n<meta name=\"twitter:description\" content=\"Els equips MET MANN de climatitzaci\u00f3 evaporativa presents en MERCABARNA s\u00f3n una alternativa efica\u00e7 i sostenible a altres sistemes. T&prime;expliquem per qu\u00e8 ens han triat.\" \/>\r\n<meta name=\"twitter:image\" content=\"https:\/\/www.metmann.com\/wp-content\/uploads\/2021\/09\/1616666465_l5ft.jpg\" \/>\r\n<meta name=\"twitter:label1\" content=\"Escrit per\" \/>\n\t<meta name=\"twitter:data1\" content=\"Marcelo Gonfar\" \/>\n\t<meta name=\"twitter:label2\" content=\"Temps estimat de lectura\" \/>\n\t<meta name=\"twitter:data2\" content=\"3 minuts\" \/>\r\n<script type=\"application\/ld+json\" class=\"yoast-schema-graph\">{\"@context\":\"https:\/\/schema.org\",\"@graph\":[{\"@type\":\"Article\",\"@id\":\"https:\/\/www.metmann.com\/ca\/climatitzacio-evaporativa-a-mercabarna\/#article\",\"isPartOf\":{\"@id\":\"https:\/\/www.metmann.com\/ca\/climatitzacio-evaporativa-a-mercabarna\/\"},\"author\":{\"name\":\"Marcelo Gonfar\",\"@id\":\"https:\/\/www.metmann.com\/ca\/#\/schema\/person\/abb061f44d31128f243c7e8c9677bb01\"},\"headline\":\"Climatitzaci\u00f3 evaporativa a MERCABARNA\",\"datePublished\":\"2021-02-18T00:00:00+00:00\",\"dateModified\":\"2021-02-18T00:00:00+00:00\",\"mainEntityOfPage\":{\"@id\":\"https:\/\/www.metmann.com\/ca\/climatitzacio-evaporativa-a-mercabarna\/\"},\"wordCount\":658,\"commentCount\":0,\"publisher\":{\"@id\":\"https:\/\/www.metmann.com\/ca\/#organization\"},\"image\":{\"@id\":\"https:\/\/www.metmann.com\/ca\/climatitzacio-evaporativa-a-mercabarna\/#primaryimage\"},\"thumbnailUrl\":\"https:\/\/www.metmann.com\/wp-content\/uploads\/2021\/02\/400_1616666465_l5ft-e1688547505226.jpg\",\"articleSection\":[\"Noticies\"],\"inLanguage\":\"ca\",\"potentialAction\":[{\"@type\":\"CommentAction\",\"name\":\"Comment\",\"target\":[\"https:\/\/www.metmann.com\/ca\/climatitzacio-evaporativa-a-mercabarna\/#respond\"]}]},{\"@type\":\"WebPage\",\"@id\":\"https:\/\/www.metmann.com\/ca\/climatitzacio-evaporativa-a-mercabarna\/\",\"url\":\"https:\/\/www.metmann.com\/ca\/climatitzacio-evaporativa-a-mercabarna\/\",\"name\":\"Climatitzaci\u00f3 evaporativa a MERCABARNA\",\"isPartOf\":{\"@id\":\"https:\/\/www.metmann.com\/ca\/#website\"},\"primaryImageOfPage\":{\"@id\":\"https:\/\/www.metmann.com\/ca\/climatitzacio-evaporativa-a-mercabarna\/#primaryimage\"},\"image\":{\"@id\":\"https:\/\/www.metmann.com\/ca\/climatitzacio-evaporativa-a-mercabarna\/#primaryimage\"},\"thumbnailUrl\":\"https:\/\/www.metmann.com\/wp-content\/uploads\/2021\/02\/400_1616666465_l5ft-e1688547505226.jpg\",\"datePublished\":\"2021-02-18T00:00:00+00:00\",\"dateModified\":\"2021-02-18T00:00:00+00:00\",\"description\":\"Els equips MET MANN de climatitzaci\u00f3 evaporativa presents en MERCABARNA s\u00f3n una alternativa efica\u00e7 i sostenible a altres sistemes. T&prime;expliquem per qu\u00e8 ens han triat.\",\"breadcrumb\":{\"@id\":\"https:\/\/www.metmann.com\/ca\/climatitzacio-evaporativa-a-mercabarna\/#breadcrumb\"},\"inLanguage\":\"ca\",\"potentialAction\":[{\"@type\":\"ReadAction\",\"target\":[\"https:\/\/www.metmann.com\/ca\/climatitzacio-evaporativa-a-mercabarna\/\"]}]},{\"@type\":\"ImageObject\",\"inLanguage\":\"ca\",\"@id\":\"https:\/\/www.metmann.com\/ca\/climatitzacio-evaporativa-a-mercabarna\/#primaryimage\",\"url\":\"https:\/\/www.metmann.com\/wp-content\/uploads\/2021\/02\/400_1616666465_l5ft-e1688547505226.jpg\",\"contentUrl\":\"https:\/\/www.metmann.com\/wp-content\/uploads\/2021\/02\/400_1616666465_l5ft-e1688547505226.jpg\",\"width\":400,\"height\":399},{\"@type\":\"BreadcrumbList\",\"@id\":\"https:\/\/www.metmann.com\/ca\/climatitzacio-evaporativa-a-mercabarna\/#breadcrumb\",\"itemListElement\":[{\"@type\":\"ListItem\",\"position\":1,\"name\":\"Inicio\",\"item\":\"https:\/\/www.metmann.com\/ca\/\"},{\"@type\":\"ListItem\",\"position\":2,\"name\":\"Noticies\",\"item\":\"https:\/\/www.metmann.com\/ca\/category\/noticies\/\"},{\"@type\":\"ListItem\",\"position\":3,\"name\":\"Climatitzaci\u00f3 evaporativa a MERCABARNA\"}]},{\"@type\":\"WebSite\",\"@id\":\"https:\/\/www.metmann.com\/ca\/#website\",\"url\":\"https:\/\/www.metmann.com\/ca\/\",\"name\":\"MET MANN\",\"description\":\"Climatizaci\u00f3n industrial, Calefactores y Ventilaci\u00f3n para empresas\",\"publisher\":{\"@id\":\"https:\/\/www.metmann.com\/ca\/#organization\"},\"potentialAction\":[{\"@type\":\"SearchAction\",\"target\":{\"@type\":\"EntryPoint\",\"urlTemplate\":\"https:\/\/www.metmann.com\/ca\/?s={search_term_string}\"},\"query-input\":\"required name=search_term_string\"}],\"inLanguage\":\"ca\"},{\"@type\":\"Organization\",\"@id\":\"https:\/\/www.metmann.com\/ca\/#organization\",\"name\":\"Met Mann\",\"url\":\"https:\/\/www.metmann.com\/ca\/\",\"logo\":{\"@type\":\"ImageObject\",\"inLanguage\":\"ca\",\"@id\":\"https:\/\/www.metmann.com\/ca\/#\/schema\/logo\/image\/\",\"url\":\"https:\/\/www.metmann.com\/wp-content\/uploads\/2021\/12\/logo-color-met-mann-01.jpg\",\"contentUrl\":\"https:\/\/www.metmann.com\/wp-content\/uploads\/2021\/12\/logo-color-met-mann-01.jpg\",\"width\":351,\"height\":133,\"caption\":\"Met Mann\"},\"image\":{\"@id\":\"https:\/\/www.metmann.com\/ca\/#\/schema\/logo\/image\/\"}},{\"@type\":\"Person\",\"@id\":\"https:\/\/www.metmann.com\/ca\/#\/schema\/person\/abb061f44d31128f243c7e8c9677bb01\",\"name\":\"Marcelo Gonfar\",\"image\":{\"@type\":\"ImageObject\",\"inLanguage\":\"ca\",\"@id\":\"https:\/\/www.metmann.com\/ca\/#\/schema\/person\/image\/\",\"url\":\"https:\/\/secure.gravatar.com\/avatar\/f8e37661ecf23489bf1e65088ca5cfbd?s=96&d=mm&r=g\",\"contentUrl\":\"https:\/\/secure.gravatar.com\/avatar\/f8e37661ecf23489bf1e65088ca5cfbd?s=96&d=mm&r=g\",\"caption\":\"Marcelo Gonfar\"},\"url\":\"https:\/\/www.metmann.com\/ca\/author\/produccionvisualpublinet-com\/\"}]}<\/script>\r\n<!-- \/ Yoast SEO plugin. -->","yoast_head_json":{"title":"Climatitzaci\u00f3 evaporativa a MERCABARNA","description":"Els equips MET MANN de climatitzaci\u00f3 evaporativa presents en MERCABARNA s\u00f3n una alternativa efica\u00e7 i sostenible a altres sistemes. T&prime;expliquem per qu\u00e8 ens han triat.","robots":{"index":"index","follow":"follow","max-snippet":"max-snippet:-1","max-image-preview":"max-image-preview:large","max-video-preview":"max-video-preview:-1"},"canonical":"https:\/\/www.metmann.com\/ca\/climatitzacio-evaporativa-a-mercabarna\/","og_locale":"ca_ES","og_type":"article","og_title":"Climatitzaci\u00f3 evaporativa a MERCABARNA","og_description":"Els equips MET MANN de climatitzaci\u00f3 evaporativa presents en MERCABARNA s\u00f3n una alternativa efica\u00e7 i sostenible a altres sistemes. T&prime;expliquem per qu\u00e8 ens han triat.","og_url":"https:\/\/www.metmann.com\/ca\/climatitzacio-evaporativa-a-mercabarna\/","og_site_name":"MET MANN","article_published_time":"2021-02-18T00:00:00+00:00","og_image":[{"url":"https:\/\/www.metmann.com\/wp-content\/uploads\/2021\/09\/1616666465_l5ft.jpg"}],"author":"Marcelo Gonfar","twitter_card":"summary_large_image","twitter_title":"Climatitzaci\u00f3 evaporativa a MERCABARNA","twitter_description":"Els equips MET MANN de climatitzaci\u00f3 evaporativa presents en MERCABARNA s\u00f3n una alternativa efica\u00e7 i sostenible a altres sistemes. T&prime;expliquem per qu\u00e8 ens han triat.","twitter_image":"https:\/\/www.metmann.com\/wp-content\/uploads\/2021\/09\/1616666465_l5ft.jpg","twitter_misc":{"Escrit per":"Marcelo Gonfar","Temps estimat de lectura":"3 minuts"},"schema":{"@context":"https:\/\/schema.org","@graph":[{"@type":"Article","@id":"https:\/\/www.metmann.com\/ca\/climatitzacio-evaporativa-a-mercabarna\/#article","isPartOf":{"@id":"https:\/\/www.metmann.com\/ca\/climatitzacio-evaporativa-a-mercabarna\/"},"author":{"name":"Marcelo Gonfar","@id":"https:\/\/www.metmann.com\/ca\/#\/schema\/person\/abb061f44d31128f243c7e8c9677bb01"},"headline":"Climatitzaci\u00f3 evaporativa a MERCABARNA","datePublished":"2021-02-18T00:00:00+00:00","dateModified":"2021-02-18T00:00:00+00:00","mainEntityOfPage":{"@id":"https:\/\/www.metmann.com\/ca\/climatitzacio-evaporativa-a-mercabarna\/"},"wordCount":658,"commentCount":0,"publisher":{"@id":"https:\/\/www.metmann.com\/ca\/#organization"},"image":{"@id":"https:\/\/www.metmann.com\/ca\/climatitzacio-evaporativa-a-mercabarna\/#primaryimage"},"thumbnailUrl":"https:\/\/www.metmann.com\/wp-content\/uploads\/2021\/02\/400_1616666465_l5ft-e1688547505226.jpg","articleSection":["Noticies"],"inLanguage":"ca","potentialAction":[{"@type":"CommentAction","name":"Comment","target":["https:\/\/www.metmann.com\/ca\/climatitzacio-evaporativa-a-mercabarna\/#respond"]}]},{"@type":"WebPage","@id":"https:\/\/www.metmann.com\/ca\/climatitzacio-evaporativa-a-mercabarna\/","url":"https:\/\/www.metmann.com\/ca\/climatitzacio-evaporativa-a-mercabarna\/","name":"Climatitzaci\u00f3 evaporativa a MERCABARNA","isPartOf":{"@id":"https:\/\/www.metmann.com\/ca\/#website"},"primaryImageOfPage":{"@id":"https:\/\/www.metmann.com\/ca\/climatitzacio-evaporativa-a-mercabarna\/#primaryimage"},"image":{"@id":"https:\/\/www.metmann.com\/ca\/climatitzacio-evaporativa-a-mercabarna\/#primaryimage"},"thumbnailUrl":"https:\/\/www.metmann.com\/wp-content\/uploads\/2021\/02\/400_1616666465_l5ft-e1688547505226.jpg","datePublished":"2021-02-18T00:00:00+00:00","dateModified":"2021-02-18T00:00:00+00:00","description":"Els equips MET MANN de climatitzaci\u00f3 evaporativa presents en MERCABARNA s\u00f3n una alternativa efica\u00e7 i sostenible a altres sistemes. T&prime;expliquem per qu\u00e8 ens han triat.","breadcrumb":{"@id":"https:\/\/www.metmann.com\/ca\/climatitzacio-evaporativa-a-mercabarna\/#breadcrumb"},"inLanguage":"ca","potentialAction":[{"@type":"ReadAction","target":["https:\/\/www.metmann.com\/ca\/climatitzacio-evaporativa-a-mercabarna\/"]}]},{"@type":"ImageObject","inLanguage":"ca","@id":"https:\/\/www.metmann.com\/ca\/climatitzacio-evaporativa-a-mercabarna\/#primaryimage","url":"https:\/\/www.metmann.com\/wp-content\/uploads\/2021\/02\/400_1616666465_l5ft-e1688547505226.jpg","contentUrl":"https:\/\/www.metmann.com\/wp-content\/uploads\/2021\/02\/400_1616666465_l5ft-e1688547505226.jpg","width":400,"height":399},{"@type":"BreadcrumbList","@id":"https:\/\/www.metmann.com\/ca\/climatitzacio-evaporativa-a-mercabarna\/#breadcrumb","itemListElement":[{"@type":"ListItem","position":1,"name":"Inicio","item":"https:\/\/www.metmann.com\/ca\/"},{"@type":"ListItem","position":2,"name":"Noticies","item":"https:\/\/www.metmann.com\/ca\/category\/noticies\/"},{"@type":"ListItem","position":3,"name":"Climatitzaci\u00f3 evaporativa a MERCABARNA"}]},{"@type":"WebSite","@id":"https:\/\/www.metmann.com\/ca\/#website","url":"https:\/\/www.metmann.com\/ca\/","name":"MET MANN","description":"Climatizaci\u00f3n industrial, Calefactores y Ventilaci\u00f3n para empresas","publisher":{"@id":"https:\/\/www.metmann.com\/ca\/#organization"},"potentialAction":[{"@type":"SearchAction","target":{"@type":"EntryPoint","urlTemplate":"https:\/\/www.metmann.com\/ca\/?s={search_term_string}"},"query-input":"required name=search_term_string"}],"inLanguage":"ca"},{"@type":"Organization","@id":"https:\/\/www.metmann.com\/ca\/#organization","name":"Met Mann","url":"https:\/\/www.metmann.com\/ca\/","logo":{"@type":"ImageObject","inLanguage":"ca","@id":"https:\/\/www.metmann.com\/ca\/#\/schema\/logo\/image\/","url":"https:\/\/www.metmann.com\/wp-content\/uploads\/2021\/12\/logo-color-met-mann-01.jpg","contentUrl":"https:\/\/www.metmann.com\/wp-content\/uploads\/2021\/12\/logo-color-met-mann-01.jpg","width":351,"height":133,"caption":"Met Mann"},"image":{"@id":"https:\/\/www.metmann.com\/ca\/#\/schema\/logo\/image\/"}},{"@type":"Person","@id":"https:\/\/www.metmann.com\/ca\/#\/schema\/person\/abb061f44d31128f243c7e8c9677bb01","name":"Marcelo Gonfar","image":{"@type":"ImageObject","inLanguage":"ca","@id":"https:\/\/www.metmann.com\/ca\/#\/schema\/person\/image\/","url":"https:\/\/secure.gravatar.com\/avatar\/f8e37661ecf23489bf1e65088ca5cfbd?s=96&d=mm&r=g","contentUrl":"https:\/\/secure.gravatar.com\/avatar\/f8e37661ecf23489bf1e65088ca5cfbd?s=96&d=mm&r=g","caption":"Marcelo Gonfar"},"url":"https:\/\/www.metmann.com\/ca\/author\/produccionvisualpublinet-com\/"}]}},"_links":{"self":[{"href":"https:\/\/www.metmann.com\/ca\/wp-json\/wp\/v2\/posts\/2871"}],"collection":[{"href":"https:\/\/www.metmann.com\/ca\/wp-json\/wp\/v2\/posts"}],"about":[{"href":"https:\/\/www.metmann.com\/ca\/wp-json\/wp\/v2\/types\/post"}],"author":[{"embeddable":true,"href":"https:\/\/www.metmann.com\/ca\/wp-json\/wp\/v2\/users\/1"}],"replies":[{"embeddable":true,"href":"https:\/\/www.metmann.com\/ca\/wp-json\/wp\/v2\/comments?post=2871"}],"version-history":[{"count":0,"href":"https:\/\/www.metmann.com\/ca\/wp-json\/wp\/v2\/posts\/2871\/revisions"}],"wp:featuredmedia":[{"embeddable":true,"href":"https:\/\/www.metmann.com\/ca\/wp-json\/wp\/v2\/media\/21954"}],"wp:attachment":[{"href":"https:\/\/www.metmann.com\/ca\/wp-json\/wp\/v2\/media?parent=2871"}],"wp:term":[{"taxonomy":"category","embeddable":true,"href":"https:\/\/www.metmann.com\/ca\/wp-json\/wp\/v2\/categories?post=2871"},{"taxonomy":"post_tag","embeddable":true,"href":"https:\/\/www.metmann.com\/ca\/wp-json\/wp\/v2\/tags?post=2871"}],"curies":[{"name":"wp","href":"https:\/\/api.w.org\/{rel}","templated":true}]}}