{"id":34066,"date":"2025-10-30T12:32:41","date_gmt":"2025-10-30T11:32:41","guid":{"rendered":"https:\/\/www.metmann.com\/calefaccio-en-granges-avicoles-amb-generadors-daire-calent-met-mann\/"},"modified":"2025-10-30T12:33:58","modified_gmt":"2025-10-30T11:33:58","slug":"calefaccio-en-granges-avicoles-amb-generadors-daire-calent-met-mann","status":"publish","type":"post","link":"https:\/\/www.metmann.com\/ca\/calefaccio-en-granges-avicoles-amb-generadors-daire-calent-met-mann\/","title":{"rendered":"Calefacci\u00f3 en granges av\u00edcoles amb generadors d\u2019aire calent MET MANN"},"content":{"rendered":"<p>Recentment s\u2019han instal\u00b7lat diverses unitats del model <strong>AM-125<\/strong> en granges av\u00edcoles dedicades a la producci\u00f3 de pollastres de carn, garantint un ambient t\u00e8rmic \u00f2ptim des de les primeres etapes de creixement.<\/p>\n<p>En les explotacions av\u00edcoles, la <strong>calefacci\u00f3 t\u00e9 un paper fonamental en el benestar i el desenvolupament de les aus<\/strong>. Durant els primers dies de vida, els pollets encara no poden regular la seva temperatura corporal i requereixen, per tant, un entorn estable, amb temperatures al voltant dels 30 \u00b0C. Mantenir una calor homog\u00e8nia a tota la nau evita l\u2019estr\u00e8s t\u00e8rmic, millora la conversi\u00f3 aliment\u00e0ria i redueix la mortalitat.<\/p>\n<p>Els generadors d\u2019aire calent MET MANN ofereixen una soluci\u00f3 eficient, fiable i de f\u00e0cil manteniment per a aquest tipus d\u2019instal\u00b7lacions. Aquests equips permeten <strong>aconseguir r\u00e0pidament la temperatura desitjada<\/strong> i distribuir la calor de manera uniforme per tota la granja. A m\u00e9s, el seu alt rendiment energ\u00e8tic contribueix a <strong>reduir els costos operatius<\/strong> i a millorar la sostenibilitat de l\u2019explotaci\u00f3.<\/p>\n<p>La <strong>gamma AM de MET MANN<\/strong> s\u2019ha consolidat com una de les opcions m\u00e9s <strong>robustes i competitives<\/strong> del mercat, adequada no nom\u00e9s per a granges av\u00edcoles, sin\u00f3 tamb\u00e9 per a <strong>invernadors, explotacions ramaderes i entorns industrials<\/strong> que requereixen calefacci\u00f3 constant i segura.<\/p>\n<p><strong>Caracter\u00edstiques principals:<\/strong><\/p>\n<p>\u2705 Pot\u00e8ncia t\u00e8rmica: de 46 a 180 kW<br \/>\u2705 Rendiment superior al 89 %<br \/>\u2705 Estructura exterior en acer galvanitzat d\u2019alta durabilitat<br \/>\u2705 Cambra de combusti\u00f3 i intercanviador en acer inoxidable<br \/>\u2705 A\u00efllament t\u00e8rmic a les zones m\u00e9s exposades al calor<br \/>\u2705 Ventilador centr\u00edfug de baix nivell sonor<br \/>\u2705 Motor el\u00e8ctric IE3 d\u2019alta efici\u00e8ncia energ\u00e8tica<br \/>\u2705 Quadre el\u00e8ctric de control i seguretat conforme a les normatives europees<br \/>\u2705 Termostat d\u2019ambiente blindat<br \/>\u2705 Manillar i rodes de transport per facilitar la mobilitat<br \/>\u2705 Reixa d\u2019impulsi\u00f3 d\u2019aire integrada<br \/>\u2705 Sistema de seguretat per al control de la correcta depressi\u00f3 a la cambra de combusti\u00f3<\/p>\n<p>\u00a0<img loading=\"lazy\" decoding=\"async\" class=\"alignnone wp-image-34006\" src=\"https:\/\/www.metmann.com\/wp-content\/uploads\/2025\/10\/AM-125-GRANJA-POLLOS-1-1024x768.jpg\" alt=\"\" width=\"596\" height=\"447\" \/> <img loading=\"lazy\" decoding=\"async\" class=\"alignnone wp-image-34013\" src=\"https:\/\/www.metmann.com\/wp-content\/uploads\/2025\/10\/AM-125-GRANJA-POLLOS-2-1024x768.jpg\" alt=\"\" width=\"596\" height=\"447\" \/><\/p>\n","protected":false},"excerpt":{"rendered":"<p>Recentment s\u2019han instal\u00b7lat diverses unitats del model AM-125 en granges av\u00edcoles dedicades a la producci\u00f3 de pollastres de carn, garantint un ambient t\u00e8rmic \u00f2ptim des de les primeres etapes de creixement. En les explotacions av\u00edcoles, la calefacci\u00f3 t\u00e9 un paper fonamental en el benestar i el desenvolupament de les aus. Durant els primers dies de [&hellip;]<\/p>\n","protected":false},"author":4,"featured_media":34060,"comment_status":"closed","ping_status":"open","sticky":false,"template":"","format":"standard","meta":{"_acf_changed":false,"_et_pb_use_builder":"","_et_pb_old_content":"","_et_gb_content_width":"","_joinchat":[],"footnotes":""},"categories":[51],"tags":[],"acf":[],"yoast_head":"<!-- This site is optimized with the Yoast SEO plugin v22.6 - https:\/\/yoast.com\/wordpress\/plugins\/seo\/ -->\r\n<title>Calefacci\u00f3 en granges av\u00edcoles amb generadors d\u2019aire calent MET MANN | MET MANN<\/title>\r\n<meta name=\"robots\" content=\"index, follow, max-snippet:-1, max-image-preview:large, max-video-preview:-1\" \/>\r\n<link rel=\"canonical\" href=\"https:\/\/www.metmann.com\/ca\/calefaccio-en-granges-avicoles-amb-generadors-daire-calent-met-mann\/\" \/>\r\n<meta property=\"og:locale\" content=\"ca_ES\" \/>\r\n<meta property=\"og:type\" content=\"article\" \/>\r\n<meta property=\"og:title\" content=\"Calefacci\u00f3 en granges av\u00edcoles amb generadors d\u2019aire calent MET MANN | MET MANN\" \/>\r\n<meta property=\"og:description\" content=\"Recentment s\u2019han instal\u00b7lat diverses unitats del model AM-125 en granges av\u00edcoles dedicades a la producci\u00f3 de pollastres de carn, garantint un ambient t\u00e8rmic \u00f2ptim des de les primeres etapes de creixement. En les explotacions av\u00edcoles, la calefacci\u00f3 t\u00e9 un paper fonamental en el benestar i el desenvolupament de les aus. Durant els primers dies de [&hellip;]\" \/>\r\n<meta property=\"og:url\" content=\"https:\/\/www.metmann.com\/ca\/calefaccio-en-granges-avicoles-amb-generadors-daire-calent-met-mann\/\" \/>\r\n<meta property=\"og:site_name\" content=\"MET MANN\" \/>\r\n<meta property=\"article:published_time\" content=\"2025-10-30T11:32:41+00:00\" \/>\r\n<meta property=\"article:modified_time\" content=\"2025-10-30T11:33:58+00:00\" \/>\r\n<meta property=\"og:image\" content=\"https:\/\/www.metmann.com\/wp-content\/uploads\/2025\/10\/AM-125.png\" \/>\r\n\t<meta property=\"og:image:width\" content=\"1200\" \/>\r\n\t<meta property=\"og:image:height\" content=\"630\" \/>\r\n\t<meta property=\"og:image:type\" content=\"image\/png\" \/>\r\n<meta name=\"author\" content=\"Jaume Costa\" \/>\r\n<meta name=\"twitter:card\" content=\"summary_large_image\" \/>\r\n<meta name=\"twitter:label1\" content=\"Escrit per\" \/>\n\t<meta name=\"twitter:data1\" content=\"Jaume Costa\" \/>\n\t<meta name=\"twitter:label2\" content=\"Temps estimat de lectura\" \/>\n\t<meta name=\"twitter:data2\" content=\"2 minuts\" \/>\r\n<script type=\"application\/ld+json\" class=\"yoast-schema-graph\">{\"@context\":\"https:\/\/schema.org\",\"@graph\":[{\"@type\":\"Article\",\"@id\":\"https:\/\/www.metmann.com\/ca\/calefaccio-en-granges-avicoles-amb-generadors-daire-calent-met-mann\/#article\",\"isPartOf\":{\"@id\":\"https:\/\/www.metmann.com\/ca\/calefaccio-en-granges-avicoles-amb-generadors-daire-calent-met-mann\/\"},\"author\":{\"name\":\"Jaume Costa\",\"@id\":\"https:\/\/www.metmann.com\/ca\/#\/schema\/person\/3aea8279a6930c1705ef1fead0166f61\"},\"headline\":\"Calefacci\u00f3 en granges av\u00edcoles amb generadors d\u2019aire calent MET MANN\",\"datePublished\":\"2025-10-30T11:32:41+00:00\",\"dateModified\":\"2025-10-30T11:33:58+00:00\",\"mainEntityOfPage\":{\"@id\":\"https:\/\/www.metmann.com\/ca\/calefaccio-en-granges-avicoles-amb-generadors-daire-calent-met-mann\/\"},\"wordCount\":337,\"publisher\":{\"@id\":\"https:\/\/www.metmann.com\/ca\/#organization\"},\"image\":{\"@id\":\"https:\/\/www.metmann.com\/ca\/calefaccio-en-granges-avicoles-amb-generadors-daire-calent-met-mann\/#primaryimage\"},\"thumbnailUrl\":\"https:\/\/www.metmann.com\/wp-content\/uploads\/2025\/10\/AM-125.png\",\"articleSection\":[\"Noticies\"],\"inLanguage\":\"ca\"},{\"@type\":\"WebPage\",\"@id\":\"https:\/\/www.metmann.com\/ca\/calefaccio-en-granges-avicoles-amb-generadors-daire-calent-met-mann\/\",\"url\":\"https:\/\/www.metmann.com\/ca\/calefaccio-en-granges-avicoles-amb-generadors-daire-calent-met-mann\/\",\"name\":\"Calefacci\u00f3 en granges av\u00edcoles amb generadors d\u2019aire calent MET MANN | MET MANN\",\"isPartOf\":{\"@id\":\"https:\/\/www.metmann.com\/ca\/#website\"},\"primaryImageOfPage\":{\"@id\":\"https:\/\/www.metmann.com\/ca\/calefaccio-en-granges-avicoles-amb-generadors-daire-calent-met-mann\/#primaryimage\"},\"image\":{\"@id\":\"https:\/\/www.metmann.com\/ca\/calefaccio-en-granges-avicoles-amb-generadors-daire-calent-met-mann\/#primaryimage\"},\"thumbnailUrl\":\"https:\/\/www.metmann.com\/wp-content\/uploads\/2025\/10\/AM-125.png\",\"datePublished\":\"2025-10-30T11:32:41+00:00\",\"dateModified\":\"2025-10-30T11:33:58+00:00\",\"breadcrumb\":{\"@id\":\"https:\/\/www.metmann.com\/ca\/calefaccio-en-granges-avicoles-amb-generadors-daire-calent-met-mann\/#breadcrumb\"},\"inLanguage\":\"ca\",\"potentialAction\":[{\"@type\":\"ReadAction\",\"target\":[\"https:\/\/www.metmann.com\/ca\/calefaccio-en-granges-avicoles-amb-generadors-daire-calent-met-mann\/\"]}]},{\"@type\":\"ImageObject\",\"inLanguage\":\"ca\",\"@id\":\"https:\/\/www.metmann.com\/ca\/calefaccio-en-granges-avicoles-amb-generadors-daire-calent-met-mann\/#primaryimage\",\"url\":\"https:\/\/www.metmann.com\/wp-content\/uploads\/2025\/10\/AM-125.png\",\"contentUrl\":\"https:\/\/www.metmann.com\/wp-content\/uploads\/2025\/10\/AM-125.png\",\"width\":1200,\"height\":630},{\"@type\":\"BreadcrumbList\",\"@id\":\"https:\/\/www.metmann.com\/ca\/calefaccio-en-granges-avicoles-amb-generadors-daire-calent-met-mann\/#breadcrumb\",\"itemListElement\":[{\"@type\":\"ListItem\",\"position\":1,\"name\":\"Inicio\",\"item\":\"https:\/\/www.metmann.com\/ca\/\"},{\"@type\":\"ListItem\",\"position\":2,\"name\":\"Noticies\",\"item\":\"https:\/\/www.metmann.com\/ca\/category\/noticies\/\"},{\"@type\":\"ListItem\",\"position\":3,\"name\":\"Calefacci\u00f3 en granges av\u00edcoles amb generadors d\u2019aire calent MET MANN\"}]},{\"@type\":\"WebSite\",\"@id\":\"https:\/\/www.metmann.com\/ca\/#website\",\"url\":\"https:\/\/www.metmann.com\/ca\/\",\"name\":\"MET MANN\",\"description\":\"Climatizaci\u00f3n industrial, Calefactores y Ventilaci\u00f3n para empresas\",\"publisher\":{\"@id\":\"https:\/\/www.metmann.com\/ca\/#organization\"},\"potentialAction\":[{\"@type\":\"SearchAction\",\"target\":{\"@type\":\"EntryPoint\",\"urlTemplate\":\"https:\/\/www.metmann.com\/ca\/?s={search_term_string}\"},\"query-input\":\"required name=search_term_string\"}],\"inLanguage\":\"ca\"},{\"@type\":\"Organization\",\"@id\":\"https:\/\/www.metmann.com\/ca\/#organization\",\"name\":\"Met Mann\",\"url\":\"https:\/\/www.metmann.com\/ca\/\",\"logo\":{\"@type\":\"ImageObject\",\"inLanguage\":\"ca\",\"@id\":\"https:\/\/www.metmann.com\/ca\/#\/schema\/logo\/image\/\",\"url\":\"https:\/\/www.metmann.com\/wp-content\/uploads\/2021\/12\/logo-color-met-mann-01.jpg\",\"contentUrl\":\"https:\/\/www.metmann.com\/wp-content\/uploads\/2021\/12\/logo-color-met-mann-01.jpg\",\"width\":351,\"height\":133,\"caption\":\"Met Mann\"},\"image\":{\"@id\":\"https:\/\/www.metmann.com\/ca\/#\/schema\/logo\/image\/\"}},{\"@type\":\"Person\",\"@id\":\"https:\/\/www.metmann.com\/ca\/#\/schema\/person\/3aea8279a6930c1705ef1fead0166f61\",\"name\":\"Jaume Costa\",\"image\":{\"@type\":\"ImageObject\",\"inLanguage\":\"ca\",\"@id\":\"https:\/\/www.metmann.com\/ca\/#\/schema\/person\/image\/\",\"url\":\"https:\/\/secure.gravatar.com\/avatar\/b4af0c9ea1894d51fcbb764d735303db?s=96&d=mm&r=g\",\"contentUrl\":\"https:\/\/secure.gravatar.com\/avatar\/b4af0c9ea1894d51fcbb764d735303db?s=96&d=mm&r=g\",\"caption\":\"Jaume Costa\"},\"url\":\"https:\/\/www.metmann.com\/ca\/author\/jcostametmann-com\/\"}]}<\/script>\r\n<!-- \/ Yoast SEO plugin. -->","yoast_head_json":{"title":"Calefacci\u00f3 en granges av\u00edcoles amb generadors d\u2019aire calent MET MANN | MET MANN","robots":{"index":"index","follow":"follow","max-snippet":"max-snippet:-1","max-image-preview":"max-image-preview:large","max-video-preview":"max-video-preview:-1"},"canonical":"https:\/\/www.metmann.com\/ca\/calefaccio-en-granges-avicoles-amb-generadors-daire-calent-met-mann\/","og_locale":"ca_ES","og_type":"article","og_title":"Calefacci\u00f3 en granges av\u00edcoles amb generadors d\u2019aire calent MET MANN | MET MANN","og_description":"Recentment s\u2019han instal\u00b7lat diverses unitats del model AM-125 en granges av\u00edcoles dedicades a la producci\u00f3 de pollastres de carn, garantint un ambient t\u00e8rmic \u00f2ptim des de les primeres etapes de creixement. En les explotacions av\u00edcoles, la calefacci\u00f3 t\u00e9 un paper fonamental en el benestar i el desenvolupament de les aus. Durant els primers dies de [&hellip;]","og_url":"https:\/\/www.metmann.com\/ca\/calefaccio-en-granges-avicoles-amb-generadors-daire-calent-met-mann\/","og_site_name":"MET MANN","article_published_time":"2025-10-30T11:32:41+00:00","article_modified_time":"2025-10-30T11:33:58+00:00","og_image":[{"width":1200,"height":630,"url":"https:\/\/www.metmann.com\/wp-content\/uploads\/2025\/10\/AM-125.png","type":"image\/png"}],"author":"Jaume Costa","twitter_card":"summary_large_image","twitter_misc":{"Escrit per":"Jaume Costa","Temps estimat de lectura":"2 minuts"},"schema":{"@context":"https:\/\/schema.org","@graph":[{"@type":"Article","@id":"https:\/\/www.metmann.com\/ca\/calefaccio-en-granges-avicoles-amb-generadors-daire-calent-met-mann\/#article","isPartOf":{"@id":"https:\/\/www.metmann.com\/ca\/calefaccio-en-granges-avicoles-amb-generadors-daire-calent-met-mann\/"},"author":{"name":"Jaume Costa","@id":"https:\/\/www.metmann.com\/ca\/#\/schema\/person\/3aea8279a6930c1705ef1fead0166f61"},"headline":"Calefacci\u00f3 en granges av\u00edcoles amb generadors d\u2019aire calent MET MANN","datePublished":"2025-10-30T11:32:41+00:00","dateModified":"2025-10-30T11:33:58+00:00","mainEntityOfPage":{"@id":"https:\/\/www.metmann.com\/ca\/calefaccio-en-granges-avicoles-amb-generadors-daire-calent-met-mann\/"},"wordCount":337,"publisher":{"@id":"https:\/\/www.metmann.com\/ca\/#organization"},"image":{"@id":"https:\/\/www.metmann.com\/ca\/calefaccio-en-granges-avicoles-amb-generadors-daire-calent-met-mann\/#primaryimage"},"thumbnailUrl":"https:\/\/www.metmann.com\/wp-content\/uploads\/2025\/10\/AM-125.png","articleSection":["Noticies"],"inLanguage":"ca"},{"@type":"WebPage","@id":"https:\/\/www.metmann.com\/ca\/calefaccio-en-granges-avicoles-amb-generadors-daire-calent-met-mann\/","url":"https:\/\/www.metmann.com\/ca\/calefaccio-en-granges-avicoles-amb-generadors-daire-calent-met-mann\/","name":"Calefacci\u00f3 en granges av\u00edcoles amb generadors d\u2019aire calent MET MANN | MET MANN","isPartOf":{"@id":"https:\/\/www.metmann.com\/ca\/#website"},"primaryImageOfPage":{"@id":"https:\/\/www.metmann.com\/ca\/calefaccio-en-granges-avicoles-amb-generadors-daire-calent-met-mann\/#primaryimage"},"image":{"@id":"https:\/\/www.metmann.com\/ca\/calefaccio-en-granges-avicoles-amb-generadors-daire-calent-met-mann\/#primaryimage"},"thumbnailUrl":"https:\/\/www.metmann.com\/wp-content\/uploads\/2025\/10\/AM-125.png","datePublished":"2025-10-30T11:32:41+00:00","dateModified":"2025-10-30T11:33:58+00:00","breadcrumb":{"@id":"https:\/\/www.metmann.com\/ca\/calefaccio-en-granges-avicoles-amb-generadors-daire-calent-met-mann\/#breadcrumb"},"inLanguage":"ca","potentialAction":[{"@type":"ReadAction","target":["https:\/\/www.metmann.com\/ca\/calefaccio-en-granges-avicoles-amb-generadors-daire-calent-met-mann\/"]}]},{"@type":"ImageObject","inLanguage":"ca","@id":"https:\/\/www.metmann.com\/ca\/calefaccio-en-granges-avicoles-amb-generadors-daire-calent-met-mann\/#primaryimage","url":"https:\/\/www.metmann.com\/wp-content\/uploads\/2025\/10\/AM-125.png","contentUrl":"https:\/\/www.metmann.com\/wp-content\/uploads\/2025\/10\/AM-125.png","width":1200,"height":630},{"@type":"BreadcrumbList","@id":"https:\/\/www.metmann.com\/ca\/calefaccio-en-granges-avicoles-amb-generadors-daire-calent-met-mann\/#breadcrumb","itemListElement":[{"@type":"ListItem","position":1,"name":"Inicio","item":"https:\/\/www.metmann.com\/ca\/"},{"@type":"ListItem","position":2,"name":"Noticies","item":"https:\/\/www.metmann.com\/ca\/category\/noticies\/"},{"@type":"ListItem","position":3,"name":"Calefacci\u00f3 en granges av\u00edcoles amb generadors d\u2019aire calent MET MANN"}]},{"@type":"WebSite","@id":"https:\/\/www.metmann.com\/ca\/#website","url":"https:\/\/www.metmann.com\/ca\/","name":"MET MANN","description":"Climatizaci\u00f3n industrial, Calefactores y Ventilaci\u00f3n para empresas","publisher":{"@id":"https:\/\/www.metmann.com\/ca\/#organization"},"potentialAction":[{"@type":"SearchAction","target":{"@type":"EntryPoint","urlTemplate":"https:\/\/www.metmann.com\/ca\/?s={search_term_string}"},"query-input":"required name=search_term_string"}],"inLanguage":"ca"},{"@type":"Organization","@id":"https:\/\/www.metmann.com\/ca\/#organization","name":"Met Mann","url":"https:\/\/www.metmann.com\/ca\/","logo":{"@type":"ImageObject","inLanguage":"ca","@id":"https:\/\/www.metmann.com\/ca\/#\/schema\/logo\/image\/","url":"https:\/\/www.metmann.com\/wp-content\/uploads\/2021\/12\/logo-color-met-mann-01.jpg","contentUrl":"https:\/\/www.metmann.com\/wp-content\/uploads\/2021\/12\/logo-color-met-mann-01.jpg","width":351,"height":133,"caption":"Met Mann"},"image":{"@id":"https:\/\/www.metmann.com\/ca\/#\/schema\/logo\/image\/"}},{"@type":"Person","@id":"https:\/\/www.metmann.com\/ca\/#\/schema\/person\/3aea8279a6930c1705ef1fead0166f61","name":"Jaume Costa","image":{"@type":"ImageObject","inLanguage":"ca","@id":"https:\/\/www.metmann.com\/ca\/#\/schema\/person\/image\/","url":"https:\/\/secure.gravatar.com\/avatar\/b4af0c9ea1894d51fcbb764d735303db?s=96&d=mm&r=g","contentUrl":"https:\/\/secure.gravatar.com\/avatar\/b4af0c9ea1894d51fcbb764d735303db?s=96&d=mm&r=g","caption":"Jaume Costa"},"url":"https:\/\/www.metmann.com\/ca\/author\/jcostametmann-com\/"}]}},"_links":{"self":[{"href":"https:\/\/www.metmann.com\/ca\/wp-json\/wp\/v2\/posts\/34066"}],"collection":[{"href":"https:\/\/www.metmann.com\/ca\/wp-json\/wp\/v2\/posts"}],"about":[{"href":"https:\/\/www.metmann.com\/ca\/wp-json\/wp\/v2\/types\/post"}],"author":[{"embeddable":true,"href":"https:\/\/www.metmann.com\/ca\/wp-json\/wp\/v2\/users\/4"}],"replies":[{"embeddable":true,"href":"https:\/\/www.metmann.com\/ca\/wp-json\/wp\/v2\/comments?post=34066"}],"version-history":[{"count":1,"href":"https:\/\/www.metmann.com\/ca\/wp-json\/wp\/v2\/posts\/34066\/revisions"}],"predecessor-version":[{"id":34067,"href":"https:\/\/www.metmann.com\/ca\/wp-json\/wp\/v2\/posts\/34066\/revisions\/34067"}],"wp:featuredmedia":[{"embeddable":true,"href":"https:\/\/www.metmann.com\/ca\/wp-json\/wp\/v2\/media\/34060"}],"wp:attachment":[{"href":"https:\/\/www.metmann.com\/ca\/wp-json\/wp\/v2\/media?parent=34066"}],"wp:term":[{"taxonomy":"category","embeddable":true,"href":"https:\/\/www.metmann.com\/ca\/wp-json\/wp\/v2\/categories?post=34066"},{"taxonomy":"post_tag","embeddable":true,"href":"https:\/\/www.metmann.com\/ca\/wp-json\/wp\/v2\/tags?post=34066"}],"curies":[{"name":"wp","href":"https:\/\/api.w.org\/{rel}","templated":true}]}}