{"id":2743,"date":"2018-07-20T00:00:00","date_gmt":"2018-07-20T00:00:00","guid":{"rendered":"https:\/\/metmann.com.185-176-9-81.185-176-9-81.visualpublinet.com\/verdunstungskaelte-im-automobilbereich\/"},"modified":"2018-07-20T00:00:00","modified_gmt":"2018-07-20T00:00:00","slug":"verdunstungskaelte-im-automobilbereich","status":"publish","type":"post","link":"https:\/\/www.metmann.com\/de\/verdunstungskaelte-im-automobilbereich\/","title":{"rendered":"Verdunstungsk\u00e4lte im Automobilbereich"},"content":{"rendered":"<p><span id=\"result_box\" class=\"\" tabindex=\"-1\" lang=\"de\">MET MANN hat in einer Fabrik in der Provinz Ourense 4 Verdunstungsk\u00fchler mit 63.000 m3 \/ h geliefert.<\/p>\n<p> \tDie  Hauptt\u00e4tigkeit des Unternehmens ist die W\u00e4rme- und Schalld\u00e4mmung im  Automobilsektor und die mit unseren Ger\u00e4ten behandelte Oberfl\u00e4che  betr\u00e4gt 2.500 m2.<\/p>\n<p> \tDie Ausr\u00fcstung wurde auf dem Deck  des Schiffes mit unserer entsprechenden St\u00fctzbank installiert und die  Diffusion von Frischluft wurde durch unsere 6-Wege-Luftdurchl\u00e4sse  erreicht.<\/p>\n<p> \tMit der bereitgestellten L\u00f6sung betr\u00e4gt  der Stromverbrauch der Gesamtanlage 74 kW und das verwendete K\u00fchlelement  ist das Wasser im Netzwerk.<\/p>\n<p> \tMit dieser L\u00f6sung hat  der Kunde eine Energieeinsparung von 80% im Vergleich zu anderen  Klimaanlagen erzielt und tr\u00e4gt so zur Erhaltung unserer nat\u00fcrlichen  Umwelt bei.<\/p>\n<p> \t<span class=\"\">Hier einige Bilder von der Installation.<\/span><\/p>\n<p> \t<span style=\"font-weight: bold;\"><span class=\"\">Phase des Empfangs der Ausr\u00fcstung<\/span><\/span><\/span><span style=\"font-weight: bold;\"><\/span> <\/p>\n<div><img loading=\"lazy\" decoding=\"async\" src=\"https:\/\/www.metmann.com\/wp-content\/uploads\/2021\/09\/INSTALACION-GALICIA-07.jpg\" alt=\"\" style=\"margin: 0px; float: none; width: 350px; height: 467px;\" width=\"1212\" height=\"1617\" border=\"0\" \/>  \t<\/div>\n<div><span id=\"result_box\" class=\"short_text\" tabindex=\"-1\" style=\"font-weight: bold;\" lang=\"de\">Platzierung der Ausr\u00fcstung auf dem Deck<\/span><\/div>\n<p><img decoding=\"async\" src=\"https:\/\/www.metmann.com\/wp-content\/uploads\/2021\/09\/INSTALACION-GALICIA-06.jpg\" alt=\"\" style=\"margin-top:0px;margin-right:0px;margin-bottom:0px;margin-left:0px;;width:350px;;height:421px;\" border=\"0\" \/> <\/p>\n<div>&nbsp;<\/div>\n<div><span style=\"font-weight: bold;\"><span id=\"result_box\" class=\"short_text\" tabindex=\"-1\" lang=\"de\">Ausr\u00fcstung auf einer St\u00fctzbank platziert<\/span><\/span><\/div>\n<div><span style=\"font-weight: bold;\"><\/span><\/div>\n<div><img decoding=\"async\" src=\"https:\/\/www.metmann.com\/wp-content\/uploads\/2021\/09\/INSTALACION-GALICIA-03.jpg\" alt=\"\" style=\"margin-top:0px;margin-right:0px;margin-bottom:0px;margin-left:0px;;width:350px;;height:399px;\" border=\"0\" \/>&nbsp;<\/div>\n<div>&nbsp;<\/div>\n<div><span id=\"result_box\" class=\"short_text\" tabindex=\"-1\" lang=\"de\"><span style=\"font-weight: bold;\">Allgemeine Ansicht der 4 installierten Anlagen<\/span><\/span><\/div>\n<div><span style=\"font-weight: bold;\"><\/span><\/div>\n<div><img decoding=\"async\" src=\"https:\/\/www.metmann.com\/wp-content\/uploads\/2021\/09\/INSTALACION-GALICIA-02.jpg\" alt=\"\" style=\"margin-top:0px;margin-right:0px;margin-bottom:0px;margin-left:0px;;width:350px;;height:244px;\" border=\"0\" \/>&nbsp;<\/div>\n<div><span style=\"font-weight: bold;\"><\/span><\/div>\n<div>&nbsp;<\/div>\n<div><span style=\"font-weight: bold;\"><span id=\"result_box\" class=\"short_text\" tabindex=\"-1\" lang=\"de\">6-Wege-Luftdiffusor<\/span> <br \/> \t\t<\/span><\/div>\n<div>&nbsp;<span style=\"font-weight: bold;\"><img decoding=\"async\" src=\"https:\/\/www.metmann.com\/wp-content\/uploads\/2021\/09\/INSTALACION-GALICIA-05-2.jpg\" alt=\"\" style=\"margin-top:0px;margin-right:0px;margin-bottom:0px;margin-left:0px;;width:350px;;height:467px;\" border=\"0\" \/><\/span><\/div>\n<div><span style=\"font-weight: bold;\"><\/span><\/div>\n<div>&nbsp;<\/div>\n<div><a href=\"http:\/\/metmann.com\/de\/c17_Verdunstungsk-hler\" target=\"_blank\" rel=\"\"><span style=\"font-weight: bold;\"><span id=\"result_box\" class=\"short_text\" tabindex=\"-1\" lang=\"de\">REIHE VON MET MANN K\u00dcHLERN<\/span>&nbsp; <\/span><\/a><\/div>\n<div><span style=\"font-weight: bold;\"><\/span><\/div>\n<div>&nbsp;<\/div>\n<div><span id=\"result_box\" class=\"\" tabindex=\"-1\" lang=\"de\"><span style=\"font-weight: bold;\">F\u00fcr weitere Informationen zu unseren Verdunstungsklimasystemen k\u00f6nnen Sie uns unter Tel. +34 93 851 15 99 kontaktieren<\/span><\/span><\/div>\n","protected":false},"excerpt":{"rendered":"<p><span id=\"result_box\" class=\"\" tabindex=\"-1\" lang=\"de\">Verdunstungsk\u00e4lte im Automobilbereich mit Verdunstungsk\u00fchlern MET MANN<\/span><\/p>\n","protected":false},"author":1,"featured_media":300,"comment_status":"open","ping_status":"open","sticky":false,"template":"","format":"standard","meta":{"_acf_changed":false,"_et_pb_use_builder":"","_et_pb_old_content":"","_et_gb_content_width":"","_joinchat":[],"footnotes":""},"categories":[53],"tags":[],"acf":[],"yoast_head":"<!-- This site is optimized with the Yoast SEO plugin v22.6 - https:\/\/yoast.com\/wordpress\/plugins\/seo\/ -->\r\n<title>Verdunstungsk\u00e4lte im Automobilbereich<\/title>\r\n<meta name=\"description\" content=\"Die Verdunstungsk\u00e4lte im Automobilbereich ist eine \u00f6kologische, effiziente und wirtschaftliche L\u00f6sung.\" \/>\r\n<meta name=\"robots\" content=\"index, follow, max-snippet:-1, max-image-preview:large, max-video-preview:-1\" \/>\r\n<link rel=\"canonical\" href=\"https:\/\/www.metmann.com\/de\/verdunstungskaelte-im-automobilbereich\/\" \/>\r\n<meta property=\"og:locale\" content=\"de_DE\" \/>\r\n<meta property=\"og:type\" content=\"article\" \/>\r\n<meta property=\"og:title\" content=\"Verdunstungsk\u00e4lte im Automobilbereich\" \/>\r\n<meta property=\"og:description\" content=\"Die Verdunstungsk\u00e4lte im Automobilbereich ist eine \u00f6kologische, effiziente und wirtschaftliche L\u00f6sung.\" \/>\r\n<meta property=\"og:url\" content=\"https:\/\/www.metmann.com\/de\/verdunstungskaelte-im-automobilbereich\/\" \/>\r\n<meta property=\"og:site_name\" content=\"MET MANN\" \/>\r\n<meta property=\"article:published_time\" content=\"2018-07-20T00:00:00+00:00\" \/>\r\n<meta property=\"og:image\" content=\"https:\/\/www.metmann.com\/wp-content\/uploads\/2021\/09\/1533198939_ssLq.jpg\" \/>\r\n<meta name=\"author\" content=\"Marcelo Gonfar\" \/>\r\n<meta name=\"twitter:card\" content=\"summary_large_image\" \/>\r\n<meta name=\"twitter:title\" content=\"Verdunstungsk\u00e4lte im Automobilbereich\" \/>\r\n<meta name=\"twitter:description\" content=\"Die Verdunstungsk\u00e4lte im Automobilbereich ist eine \u00f6kologische, effiziente und wirtschaftliche L\u00f6sung.\" \/>\r\n<meta name=\"twitter:image\" content=\"https:\/\/www.metmann.com\/wp-content\/uploads\/2021\/09\/1533198939_ssLq.jpg\" \/>\r\n<meta name=\"twitter:label1\" content=\"Verfasst von\" \/>\n\t<meta name=\"twitter:data1\" content=\"Marcelo Gonfar\" \/>\n\t<meta name=\"twitter:label2\" content=\"Gesch\u00e4tzte Lesezeit\" \/>\n\t<meta name=\"twitter:data2\" content=\"1\u00a0Minute\" \/>\r\n<script type=\"application\/ld+json\" class=\"yoast-schema-graph\">{\"@context\":\"https:\/\/schema.org\",\"@graph\":[{\"@type\":\"Article\",\"@id\":\"https:\/\/www.metmann.com\/de\/verdunstungskaelte-im-automobilbereich\/#article\",\"isPartOf\":{\"@id\":\"https:\/\/www.metmann.com\/de\/verdunstungskaelte-im-automobilbereich\/\"},\"author\":{\"name\":\"Marcelo Gonfar\",\"@id\":\"https:\/\/www.metmann.com\/de\/#\/schema\/person\/abb061f44d31128f243c7e8c9677bb01\"},\"headline\":\"Verdunstungsk\u00e4lte im Automobilbereich\",\"datePublished\":\"2018-07-20T00:00:00+00:00\",\"dateModified\":\"2018-07-20T00:00:00+00:00\",\"mainEntityOfPage\":{\"@id\":\"https:\/\/www.metmann.com\/de\/verdunstungskaelte-im-automobilbereich\/\"},\"wordCount\":182,\"commentCount\":0,\"publisher\":{\"@id\":\"https:\/\/www.metmann.com\/de\/#organization\"},\"image\":{\"@id\":\"https:\/\/www.metmann.com\/de\/verdunstungskaelte-im-automobilbereich\/#primaryimage\"},\"thumbnailUrl\":\"https:\/\/www.metmann.com\/wp-content\/uploads\/2021\/09\/1533198939_ssLq.jpg\",\"articleSection\":[\"Nachrichten\"],\"inLanguage\":\"de\",\"potentialAction\":[{\"@type\":\"CommentAction\",\"name\":\"Comment\",\"target\":[\"https:\/\/www.metmann.com\/de\/verdunstungskaelte-im-automobilbereich\/#respond\"]}]},{\"@type\":\"WebPage\",\"@id\":\"https:\/\/www.metmann.com\/de\/verdunstungskaelte-im-automobilbereich\/\",\"url\":\"https:\/\/www.metmann.com\/de\/verdunstungskaelte-im-automobilbereich\/\",\"name\":\"Verdunstungsk\u00e4lte im Automobilbereich\",\"isPartOf\":{\"@id\":\"https:\/\/www.metmann.com\/de\/#website\"},\"primaryImageOfPage\":{\"@id\":\"https:\/\/www.metmann.com\/de\/verdunstungskaelte-im-automobilbereich\/#primaryimage\"},\"image\":{\"@id\":\"https:\/\/www.metmann.com\/de\/verdunstungskaelte-im-automobilbereich\/#primaryimage\"},\"thumbnailUrl\":\"https:\/\/www.metmann.com\/wp-content\/uploads\/2021\/09\/1533198939_ssLq.jpg\",\"datePublished\":\"2018-07-20T00:00:00+00:00\",\"dateModified\":\"2018-07-20T00:00:00+00:00\",\"description\":\"Die Verdunstungsk\u00e4lte im Automobilbereich ist eine \u00f6kologische, effiziente und wirtschaftliche L\u00f6sung.\",\"breadcrumb\":{\"@id\":\"https:\/\/www.metmann.com\/de\/verdunstungskaelte-im-automobilbereich\/#breadcrumb\"},\"inLanguage\":\"de\",\"potentialAction\":[{\"@type\":\"ReadAction\",\"target\":[\"https:\/\/www.metmann.com\/de\/verdunstungskaelte-im-automobilbereich\/\"]}]},{\"@type\":\"ImageObject\",\"inLanguage\":\"de\",\"@id\":\"https:\/\/www.metmann.com\/de\/verdunstungskaelte-im-automobilbereich\/#primaryimage\",\"url\":\"https:\/\/www.metmann.com\/wp-content\/uploads\/2021\/09\/1533198939_ssLq.jpg\",\"contentUrl\":\"https:\/\/www.metmann.com\/wp-content\/uploads\/2021\/09\/1533198939_ssLq.jpg\",\"width\":1200,\"height\":991},{\"@type\":\"BreadcrumbList\",\"@id\":\"https:\/\/www.metmann.com\/de\/verdunstungskaelte-im-automobilbereich\/#breadcrumb\",\"itemListElement\":[{\"@type\":\"ListItem\",\"position\":1,\"name\":\"Inicio\",\"item\":\"https:\/\/www.metmann.com\/de\/\"},{\"@type\":\"ListItem\",\"position\":2,\"name\":\"Nachrichten\",\"item\":\"https:\/\/www.metmann.com\/de\/category\/nachrichten\/\"},{\"@type\":\"ListItem\",\"position\":3,\"name\":\"Verdunstungsk\u00e4lte im Automobilbereich\"}]},{\"@type\":\"WebSite\",\"@id\":\"https:\/\/www.metmann.com\/de\/#website\",\"url\":\"https:\/\/www.metmann.com\/de\/\",\"name\":\"MET MANN\",\"description\":\"Climatizaci\u00f3n industrial, Calefactores y Ventilaci\u00f3n para empresas\",\"publisher\":{\"@id\":\"https:\/\/www.metmann.com\/de\/#organization\"},\"potentialAction\":[{\"@type\":\"SearchAction\",\"target\":{\"@type\":\"EntryPoint\",\"urlTemplate\":\"https:\/\/www.metmann.com\/de\/?s={search_term_string}\"},\"query-input\":\"required name=search_term_string\"}],\"inLanguage\":\"de\"},{\"@type\":\"Organization\",\"@id\":\"https:\/\/www.metmann.com\/de\/#organization\",\"name\":\"Met Mann\",\"url\":\"https:\/\/www.metmann.com\/de\/\",\"logo\":{\"@type\":\"ImageObject\",\"inLanguage\":\"de\",\"@id\":\"https:\/\/www.metmann.com\/de\/#\/schema\/logo\/image\/\",\"url\":\"https:\/\/www.metmann.com\/wp-content\/uploads\/2021\/12\/logo-color-met-mann-01.jpg\",\"contentUrl\":\"https:\/\/www.metmann.com\/wp-content\/uploads\/2021\/12\/logo-color-met-mann-01.jpg\",\"width\":351,\"height\":133,\"caption\":\"Met Mann\"},\"image\":{\"@id\":\"https:\/\/www.metmann.com\/de\/#\/schema\/logo\/image\/\"}},{\"@type\":\"Person\",\"@id\":\"https:\/\/www.metmann.com\/de\/#\/schema\/person\/abb061f44d31128f243c7e8c9677bb01\",\"name\":\"Marcelo Gonfar\",\"image\":{\"@type\":\"ImageObject\",\"inLanguage\":\"de\",\"@id\":\"https:\/\/www.metmann.com\/de\/#\/schema\/person\/image\/\",\"url\":\"https:\/\/secure.gravatar.com\/avatar\/f8e37661ecf23489bf1e65088ca5cfbd?s=96&d=mm&r=g\",\"contentUrl\":\"https:\/\/secure.gravatar.com\/avatar\/f8e37661ecf23489bf1e65088ca5cfbd?s=96&d=mm&r=g\",\"caption\":\"Marcelo Gonfar\"},\"url\":\"https:\/\/www.metmann.com\/de\/author\/produccionvisualpublinet-com\/\"}]}<\/script>\r\n<!-- \/ Yoast SEO plugin. -->","yoast_head_json":{"title":"Verdunstungsk\u00e4lte im Automobilbereich","description":"Die Verdunstungsk\u00e4lte im Automobilbereich ist eine \u00f6kologische, effiziente und wirtschaftliche L\u00f6sung.","robots":{"index":"index","follow":"follow","max-snippet":"max-snippet:-1","max-image-preview":"max-image-preview:large","max-video-preview":"max-video-preview:-1"},"canonical":"https:\/\/www.metmann.com\/de\/verdunstungskaelte-im-automobilbereich\/","og_locale":"de_DE","og_type":"article","og_title":"Verdunstungsk\u00e4lte im Automobilbereich","og_description":"Die Verdunstungsk\u00e4lte im Automobilbereich ist eine \u00f6kologische, effiziente und wirtschaftliche L\u00f6sung.","og_url":"https:\/\/www.metmann.com\/de\/verdunstungskaelte-im-automobilbereich\/","og_site_name":"MET MANN","article_published_time":"2018-07-20T00:00:00+00:00","og_image":[{"url":"https:\/\/www.metmann.com\/wp-content\/uploads\/2021\/09\/1533198939_ssLq.jpg"}],"author":"Marcelo Gonfar","twitter_card":"summary_large_image","twitter_title":"Verdunstungsk\u00e4lte im Automobilbereich","twitter_description":"Die Verdunstungsk\u00e4lte im Automobilbereich ist eine \u00f6kologische, effiziente und wirtschaftliche L\u00f6sung.","twitter_image":"https:\/\/www.metmann.com\/wp-content\/uploads\/2021\/09\/1533198939_ssLq.jpg","twitter_misc":{"Verfasst von":"Marcelo Gonfar","Gesch\u00e4tzte Lesezeit":"1\u00a0Minute"},"schema":{"@context":"https:\/\/schema.org","@graph":[{"@type":"Article","@id":"https:\/\/www.metmann.com\/de\/verdunstungskaelte-im-automobilbereich\/#article","isPartOf":{"@id":"https:\/\/www.metmann.com\/de\/verdunstungskaelte-im-automobilbereich\/"},"author":{"name":"Marcelo Gonfar","@id":"https:\/\/www.metmann.com\/de\/#\/schema\/person\/abb061f44d31128f243c7e8c9677bb01"},"headline":"Verdunstungsk\u00e4lte im Automobilbereich","datePublished":"2018-07-20T00:00:00+00:00","dateModified":"2018-07-20T00:00:00+00:00","mainEntityOfPage":{"@id":"https:\/\/www.metmann.com\/de\/verdunstungskaelte-im-automobilbereich\/"},"wordCount":182,"commentCount":0,"publisher":{"@id":"https:\/\/www.metmann.com\/de\/#organization"},"image":{"@id":"https:\/\/www.metmann.com\/de\/verdunstungskaelte-im-automobilbereich\/#primaryimage"},"thumbnailUrl":"https:\/\/www.metmann.com\/wp-content\/uploads\/2021\/09\/1533198939_ssLq.jpg","articleSection":["Nachrichten"],"inLanguage":"de","potentialAction":[{"@type":"CommentAction","name":"Comment","target":["https:\/\/www.metmann.com\/de\/verdunstungskaelte-im-automobilbereich\/#respond"]}]},{"@type":"WebPage","@id":"https:\/\/www.metmann.com\/de\/verdunstungskaelte-im-automobilbereich\/","url":"https:\/\/www.metmann.com\/de\/verdunstungskaelte-im-automobilbereich\/","name":"Verdunstungsk\u00e4lte im Automobilbereich","isPartOf":{"@id":"https:\/\/www.metmann.com\/de\/#website"},"primaryImageOfPage":{"@id":"https:\/\/www.metmann.com\/de\/verdunstungskaelte-im-automobilbereich\/#primaryimage"},"image":{"@id":"https:\/\/www.metmann.com\/de\/verdunstungskaelte-im-automobilbereich\/#primaryimage"},"thumbnailUrl":"https:\/\/www.metmann.com\/wp-content\/uploads\/2021\/09\/1533198939_ssLq.jpg","datePublished":"2018-07-20T00:00:00+00:00","dateModified":"2018-07-20T00:00:00+00:00","description":"Die Verdunstungsk\u00e4lte im Automobilbereich ist eine \u00f6kologische, effiziente und wirtschaftliche L\u00f6sung.","breadcrumb":{"@id":"https:\/\/www.metmann.com\/de\/verdunstungskaelte-im-automobilbereich\/#breadcrumb"},"inLanguage":"de","potentialAction":[{"@type":"ReadAction","target":["https:\/\/www.metmann.com\/de\/verdunstungskaelte-im-automobilbereich\/"]}]},{"@type":"ImageObject","inLanguage":"de","@id":"https:\/\/www.metmann.com\/de\/verdunstungskaelte-im-automobilbereich\/#primaryimage","url":"https:\/\/www.metmann.com\/wp-content\/uploads\/2021\/09\/1533198939_ssLq.jpg","contentUrl":"https:\/\/www.metmann.com\/wp-content\/uploads\/2021\/09\/1533198939_ssLq.jpg","width":1200,"height":991},{"@type":"BreadcrumbList","@id":"https:\/\/www.metmann.com\/de\/verdunstungskaelte-im-automobilbereich\/#breadcrumb","itemListElement":[{"@type":"ListItem","position":1,"name":"Inicio","item":"https:\/\/www.metmann.com\/de\/"},{"@type":"ListItem","position":2,"name":"Nachrichten","item":"https:\/\/www.metmann.com\/de\/category\/nachrichten\/"},{"@type":"ListItem","position":3,"name":"Verdunstungsk\u00e4lte im Automobilbereich"}]},{"@type":"WebSite","@id":"https:\/\/www.metmann.com\/de\/#website","url":"https:\/\/www.metmann.com\/de\/","name":"MET MANN","description":"Climatizaci\u00f3n industrial, Calefactores y Ventilaci\u00f3n para empresas","publisher":{"@id":"https:\/\/www.metmann.com\/de\/#organization"},"potentialAction":[{"@type":"SearchAction","target":{"@type":"EntryPoint","urlTemplate":"https:\/\/www.metmann.com\/de\/?s={search_term_string}"},"query-input":"required name=search_term_string"}],"inLanguage":"de"},{"@type":"Organization","@id":"https:\/\/www.metmann.com\/de\/#organization","name":"Met Mann","url":"https:\/\/www.metmann.com\/de\/","logo":{"@type":"ImageObject","inLanguage":"de","@id":"https:\/\/www.metmann.com\/de\/#\/schema\/logo\/image\/","url":"https:\/\/www.metmann.com\/wp-content\/uploads\/2021\/12\/logo-color-met-mann-01.jpg","contentUrl":"https:\/\/www.metmann.com\/wp-content\/uploads\/2021\/12\/logo-color-met-mann-01.jpg","width":351,"height":133,"caption":"Met Mann"},"image":{"@id":"https:\/\/www.metmann.com\/de\/#\/schema\/logo\/image\/"}},{"@type":"Person","@id":"https:\/\/www.metmann.com\/de\/#\/schema\/person\/abb061f44d31128f243c7e8c9677bb01","name":"Marcelo Gonfar","image":{"@type":"ImageObject","inLanguage":"de","@id":"https:\/\/www.metmann.com\/de\/#\/schema\/person\/image\/","url":"https:\/\/secure.gravatar.com\/avatar\/f8e37661ecf23489bf1e65088ca5cfbd?s=96&d=mm&r=g","contentUrl":"https:\/\/secure.gravatar.com\/avatar\/f8e37661ecf23489bf1e65088ca5cfbd?s=96&d=mm&r=g","caption":"Marcelo Gonfar"},"url":"https:\/\/www.metmann.com\/de\/author\/produccionvisualpublinet-com\/"}]}},"_links":{"self":[{"href":"https:\/\/www.metmann.com\/de\/wp-json\/wp\/v2\/posts\/2743"}],"collection":[{"href":"https:\/\/www.metmann.com\/de\/wp-json\/wp\/v2\/posts"}],"about":[{"href":"https:\/\/www.metmann.com\/de\/wp-json\/wp\/v2\/types\/post"}],"author":[{"embeddable":true,"href":"https:\/\/www.metmann.com\/de\/wp-json\/wp\/v2\/users\/1"}],"replies":[{"embeddable":true,"href":"https:\/\/www.metmann.com\/de\/wp-json\/wp\/v2\/comments?post=2743"}],"version-history":[{"count":0,"href":"https:\/\/www.metmann.com\/de\/wp-json\/wp\/v2\/posts\/2743\/revisions"}],"wp:featuredmedia":[{"embeddable":true,"href":"https:\/\/www.metmann.com\/de\/wp-json\/wp\/v2\/media\/300"}],"wp:attachment":[{"href":"https:\/\/www.metmann.com\/de\/wp-json\/wp\/v2\/media?parent=2743"}],"wp:term":[{"taxonomy":"category","embeddable":true,"href":"https:\/\/www.metmann.com\/de\/wp-json\/wp\/v2\/categories?post=2743"},{"taxonomy":"post_tag","embeddable":true,"href":"https:\/\/www.metmann.com\/de\/wp-json\/wp\/v2\/tags?post=2743"}],"curies":[{"name":"wp","href":"https:\/\/api.w.org\/{rel}","templated":true}]}}