{"id":2764,"date":"2020-08-10T00:00:00","date_gmt":"2020-08-10T00:00:00","guid":{"rendered":"https:\/\/metmann.com.185-176-9-81.185-176-9-81.visualpublinet.com\/optimale-buerotemperatur-welche-ist-die-ideale\/"},"modified":"2020-08-10T00:00:00","modified_gmt":"2020-08-10T00:00:00","slug":"optimale-buerotemperatur-welche-ist-die-ideale","status":"publish","type":"post","link":"https:\/\/www.metmann.com\/de\/optimale-buerotemperatur-welche-ist-die-ideale\/","title":{"rendered":"Optimale B\u00fcrotemperatur: Welche ist die ideale?"},"content":{"rendered":"<p>Ein Teil dieses Konflikts ist auf eine schlechte Konfiguration der Klimaanlage in Geb\u00e4uden zur\u00fcckzuf\u00fchren, insbesondere in den hei\u00dfesten Monaten des Jahres, da die Klimaanlage nicht mit Strom versorgt wird. Die Kontrolle der idealen Temperatur im B\u00fcro ist neben anderen Faktoren wie Beleuchtung und L\u00e4rm ein Schl\u00fcsselfaktor f\u00fcr die Kontrolle des Umgebungskomforts.<br \/> &nbsp;<\/p>\n<p> Vor einigen Jahren hat die Regierung beschlossen, die Innentemperatur in den Geb\u00e4uden, in denen sich die Ministerien befinden, auf 24 \u00b0 C einzustellen, um Energie zu sparen und den Komfort ihrer Mitarbeiter zu f\u00f6rdern. Aber ist dies die ideale Temperatur f\u00fcr die Klimatisierung in B\u00fcros? Was sagen die Experten? Sie sind am richtigen Ort, lesen Sie weiter und wir werden es Ihnen sagen.<span id=\"docs-internal-guid-9b14b9bd-7fff-df5c-d561-974aa6477ace\"> \t \t<\/p>\n<h2 dir=\"ltr\" style=\"line-height:1.38;margin-top:18pt;margin-bottom:6pt;\"><span style=\"font-variant-numeric: normal; font-variant-east-asian: normal; vertical-align: baseline;\">Die Wichtigkeit einer korrekten Regulierung der Temperatur in B\u00fcros<\/span><\/h2>\n<p>Es wird allgemein angenommen, dass eine Temperatur zwischen 21 und 22 Grad Celsius ideal f\u00fcr eine Arbeitsumgebung ist, so dass der Komfort der Arbeiter maximiert und ihr W\u00e4rmegef\u00fchl reguliert wird.<\/p>\n<p> \tJ\u00fcngste Studien, wie die der Universit\u00e4t Maastrich (Holland), die in der Zeitschrift Building Research &amp; Information ver\u00f6ffentlicht wurden, zeigen jedoch, dass das Erreichen der idealen Temperatur im B\u00fcro zur Schaffung eines dynamischen Arbeitsumfelds, in dem Abweichungen auftreten kontinuierliche Temperatur, um die Gesundheit der Menschen zu f\u00f6rdern, die dort arbeiten.<\/p>\n<p> \tDiese Studien kommen auch zu dem Schluss, dass die Exposition des K\u00f6rpers gegen\u00fcber Temperaturschwankungen \u00fcber 22 \u00b0 C und unter 21 \u00b0 C sich positiv auf die Gesundheit der Arbeitnehmer auswirken und ein angenehmes Arbeitsumfeld schaffen kann. Diese Temperaturschwankungen f\u00fchren zu einer Beschleunigung des Stoffwechsels, wodurch mehr Energie verbraucht und positive Auswirkungen auf das Immunsystem und das Herz-Kreislauf-Niveau erzielt werden. \t \t<\/p>\n<h2 dir=\"ltr\" style=\"line-height:1.38;margin-top:18pt;margin-bottom:6pt;\"><span style=\"font-variant-numeric: normal; font-variant-east-asian: normal; vertical-align: baseline;\">Der Schl\u00fcssel zur optimalen Temperatur in B\u00fcros: Luftfeuchtigkeit und Luftgeschwindigkeit<\/span><span style=\"font-variant-numeric: normal; font-variant-east-asian: normal; vertical-align: baseline;\"><\/span><\/h2>\n<p> \tUm das Ziel der Maximierung des Komforts von B\u00fcroangestellten zu erreichen, muss das W\u00e4rmegef\u00fchl umgangen werden. In diesem Aspekt beeinflussen neben der vom Thermostat eingestellten Temperatur auch andere Faktoren. Dies sind die Geschwindigkeit und die relative Luftfeuchtigkeit.<\/p>\n<p> \tDie Luftgeschwindigkeit ist ein Element, das je nach Jahreszeit und Intensit\u00e4t sowohl positive als auch negative Auswirkungen auf den Komfort der Arbeitnehmer haben kann. Im Sommer kann eine h\u00f6here Geschwindigkeit eine Freude sein, w\u00e4hrend sie im Winter das thermische K\u00e4ltegef\u00fchl verschlechtern kann. Daher wird berechnet, dass die ideale Geschwindigkeit der Klimaanlage im B\u00fcro maximal 0,1 Meter pro Sekunde betr\u00e4gt.<\/p>\n<p> \t&nbsp;<\/p>\n<p> \tDie relative Luftfeuchtigkeit muss ebenfalls ber\u00fccksichtigt werden. Die empfohlenen Werte in B\u00fcros sollten zwischen 30% und 70% liegen, abh\u00e4ngig von der Luftfeuchtigkeit in dem Gebiet, in dem wir uns befinden. In K\u00fcstengebieten, in denen die Luftfeuchtigkeit von Natur aus h\u00f6her ist, sollte sie kontrolliert werden<\/p>\n<p> \t\u00c4hnliches passiert mit Feuchtigkeit. Weil die relative Luftfeuchtigkeit in unseren B\u00fcros zwischen 30% und 70% liegen muss, abh\u00e4ngig von der Luftfeuchtigkeit in dem geografischen Gebiet, in dem wir uns befinden. \t<\/p>\n<h2 dir=\"ltr\" style=\"line-height:1.38;margin-top:18pt;margin-bottom:6pt;\"><span style=\"font-variant-numeric: normal; font-variant-east-asian: normal; vertical-align: baseline;\">Temperatur in B\u00fcros: Vorschriften anzuwenden<\/span><\/h2>\n<p> \tDie in Arbeitspl\u00e4tzen und B\u00fcros herrschende Temperatur ist ein Schl\u00fcsselfaktor f\u00fcr die Arbeitsbedingungen und wird im Bereich der Ergonomie bei der Verh\u00fctung von Arbeitsrisiken festgelegt.<\/p>\n<p> \tAus diesem Grund gibt es im Royal Decree 486\/1997 eine Verordnung, die die Mindestbestimmungen f\u00fcr Sicherheit und Gesundheitsschutz am Arbeitsplatz regelt. In Anhang III dieses Textes sind die Bedingungen f\u00fcr Mindest- und H\u00f6chsttemperaturen in geschlossenen Arbeitspl\u00e4tzen angegeben, wobei zu beachten ist, dass extreme Temperaturen und Luftfeuchtigkeit, pl\u00f6tzliche Temperatur\u00e4nderungen und st\u00f6rende Luftstr\u00f6mungen vermieden werden m\u00fcssen , unangenehme Ger\u00fcche, \u00fcberm\u00e4\u00dfige Bestrahlung und insbesondere Sonneneinstrahlung durch Fenster, Lichter oder Glastrennw\u00e4nde &#8222;.<\/p>\n<p> \tAn Orten, an denen sitzende oder statische Arbeiten ausgef\u00fchrt werden, wie im Fall von B\u00fcros, muss die Temperatur zwischen 17 \u00b0 C und 25 \u00b0 C liegen<\/p>\n<p> \tBei Arbeitspl\u00e4tzen, an denen leichte Arbeiten ausgef\u00fchrt werden (Lager, Logistikzentren\u2026), liegt der festgelegte Temperaturbereich zwischen 14 \u00b0 C und 25 \u00b0 C. \t \t<\/p>\n<h2 dir=\"ltr\" style=\"line-height:1.38;margin-top:18pt;margin-bottom:6pt;\"><span style=\"font-variant-numeric: normal; font-variant-east-asian: normal; vertical-align: baseline;\">Ideale Temperatur im B\u00fcro f\u00fcr den Sommer<\/span><span style=\"font-variant-numeric: normal; font-variant-east-asian: normal; vertical-align: baseline;\"><\/span><\/h2>\n<p>Es ist wichtig, dass die Temperatur der B\u00fcros im Sommer zwischen 23 \u00b0 C und 27 \u00b0 C liegt, ohne dass der Unterschied zur Au\u00dfentemperatur 12 Grad \u00fcberschreitet, um pl\u00f6tzliche Temperatur\u00e4nderungen am Ende des Tages zu vermeiden.<\/p>\n<p> \tAndererseits wird eine fortschreitende K\u00fchlung des Raums empfohlen, um zu vermeiden, dass am Thermostat eine sehr niedrige Starttemperatur eingestellt wird, um einen h\u00f6heren Energieverbrauch und eine unangenehme Situation f\u00fcr die Arbeitnehmer zu vermeiden.<\/p>\n<p> \tHierzu ist die Verwendung programmierbarer Thermostate wichtig, um eine ideale Temperatur f\u00fcr die Klimatisierung in B\u00fcros und einen effizienteren Einsatz von Ger\u00e4ten zu erreichen.<\/p>\n<p> \tNachdem Sie die Schl\u00fcssel zur Konditionierung Ihres B\u00fcros in diesem Sommer kennen, stellen Sie sich folgende Frage: Verf\u00fcgt Ihr Unternehmen \u00fcber optimale Temperaturbedingungen im B\u00fcro? Sind Ihre Ger\u00e4te energieeffizient?<\/p>\n<p> \tWenn Sie in Ihrem B\u00fcro eine geeignete Temperatur einstellen, werden Ihre Mitarbeiter dazu ermutigt, produktiver zu arbeiten und unter besseren Komfortbedingungen zu arbeiten. Bei Met Mann k\u00f6nnen wir Ihnen raten, Ihr B\u00fcro klimatisiert und die ideale Temperatur zu erreichen, damit die Arbeit in diesen Sommermonaten zum Vergn\u00fcgen wird.<\/p>\n<p> \tKonsultieren Sie unseren Produktkatalog und z\u00f6gern Sie nicht, uns zu kontaktieren, wenn Sie Fragen haben.<\/span><\/p>\n","protected":false},"excerpt":{"rendered":"<p>Es ist Sommer und daher steigt die Temperatur in den B\u00fcros und am Arbeitsplatz. Dieser Aspekt wird von einer der Debatten begleitet, die Jahr f\u00fcr Jahr zwischen Mitarbeitern oder Kunden stattfinden, die sich \u00fcber K\u00e4lte oder Hitze beschweren: Was ist die optimale Temperatur in B\u00fcros?<\/p>\n","protected":false},"author":1,"featured_media":475,"comment_status":"open","ping_status":"open","sticky":false,"template":"","format":"standard","meta":{"_acf_changed":false,"_et_pb_use_builder":"","_et_pb_old_content":"","_et_gb_content_width":"","_joinchat":[],"footnotes":""},"categories":[53],"tags":[],"acf":[],"yoast_head":"<!-- This site is optimized with the Yoast SEO plugin v22.6 - https:\/\/yoast.com\/wordpress\/plugins\/seo\/ -->\r\n<title>Optimale B\u00fcrotemperatur: Welche ist die ideale?<\/title>\r\n<meta name=\"description\" content=\"Im Sommer wird es noch wichtiger, im B\u00fcro eine optimale Temperatur zu haben. Befolgen Sie diese Tipps, um Ihren Arbeitsplatz komfortabel und komfortabel zu gestalten.\" \/>\r\n<meta name=\"robots\" content=\"index, follow, max-snippet:-1, max-image-preview:large, max-video-preview:-1\" \/>\r\n<link rel=\"canonical\" href=\"https:\/\/www.metmann.com\/de\/optimale-buerotemperatur-welche-ist-die-ideale\/\" \/>\r\n<meta property=\"og:locale\" content=\"de_DE\" \/>\r\n<meta property=\"og:type\" content=\"article\" \/>\r\n<meta property=\"og:title\" content=\"Optimale B\u00fcrotemperatur: Welche ist die ideale?\" \/>\r\n<meta property=\"og:description\" content=\"Im Sommer wird es noch wichtiger, im B\u00fcro eine optimale Temperatur zu haben. Befolgen Sie diese Tipps, um Ihren Arbeitsplatz komfortabel und komfortabel zu gestalten.\" \/>\r\n<meta property=\"og:url\" content=\"https:\/\/www.metmann.com\/de\/optimale-buerotemperatur-welche-ist-die-ideale\/\" \/>\r\n<meta property=\"og:site_name\" content=\"MET MANN\" \/>\r\n<meta property=\"article:published_time\" content=\"2020-08-10T00:00:00+00:00\" \/>\r\n<meta property=\"og:image\" content=\"https:\/\/www.metmann.com\/wp-content\/uploads\/2021\/09\/1597056763_RjZm.jpg\" \/>\r\n<meta name=\"author\" content=\"Marcelo Gonfar\" \/>\r\n<meta name=\"twitter:card\" content=\"summary_large_image\" \/>\r\n<meta name=\"twitter:title\" content=\"Optimale B\u00fcrotemperatur: Welche ist die ideale?\" \/>\r\n<meta name=\"twitter:description\" content=\"Im Sommer wird es noch wichtiger, im B\u00fcro eine optimale Temperatur zu haben. Befolgen Sie diese Tipps, um Ihren Arbeitsplatz komfortabel und komfortabel zu gestalten.\" \/>\r\n<meta name=\"twitter:image\" content=\"https:\/\/www.metmann.com\/wp-content\/uploads\/2021\/09\/1597056763_RjZm.jpg\" \/>\r\n<meta name=\"twitter:label1\" content=\"Verfasst von\" \/>\n\t<meta name=\"twitter:data1\" content=\"Marcelo Gonfar\" \/>\n\t<meta name=\"twitter:label2\" content=\"Gesch\u00e4tzte Lesezeit\" \/>\n\t<meta name=\"twitter:data2\" content=\"4\u00a0Minuten\" \/>\r\n<script type=\"application\/ld+json\" class=\"yoast-schema-graph\">{\"@context\":\"https:\/\/schema.org\",\"@graph\":[{\"@type\":\"Article\",\"@id\":\"https:\/\/www.metmann.com\/de\/optimale-buerotemperatur-welche-ist-die-ideale\/#article\",\"isPartOf\":{\"@id\":\"https:\/\/www.metmann.com\/de\/optimale-buerotemperatur-welche-ist-die-ideale\/\"},\"author\":{\"name\":\"Marcelo Gonfar\",\"@id\":\"https:\/\/www.metmann.com\/de\/#\/schema\/person\/abb061f44d31128f243c7e8c9677bb01\"},\"headline\":\"Optimale B\u00fcrotemperatur: Welche ist die ideale?\",\"datePublished\":\"2020-08-10T00:00:00+00:00\",\"dateModified\":\"2020-08-10T00:00:00+00:00\",\"mainEntityOfPage\":{\"@id\":\"https:\/\/www.metmann.com\/de\/optimale-buerotemperatur-welche-ist-die-ideale\/\"},\"wordCount\":850,\"commentCount\":0,\"publisher\":{\"@id\":\"https:\/\/www.metmann.com\/de\/#organization\"},\"image\":{\"@id\":\"https:\/\/www.metmann.com\/de\/optimale-buerotemperatur-welche-ist-die-ideale\/#primaryimage\"},\"thumbnailUrl\":\"https:\/\/www.metmann.com\/wp-content\/uploads\/2021\/09\/1597056763_RjZm.jpg\",\"articleSection\":[\"Nachrichten\"],\"inLanguage\":\"de\",\"potentialAction\":[{\"@type\":\"CommentAction\",\"name\":\"Comment\",\"target\":[\"https:\/\/www.metmann.com\/de\/optimale-buerotemperatur-welche-ist-die-ideale\/#respond\"]}]},{\"@type\":\"WebPage\",\"@id\":\"https:\/\/www.metmann.com\/de\/optimale-buerotemperatur-welche-ist-die-ideale\/\",\"url\":\"https:\/\/www.metmann.com\/de\/optimale-buerotemperatur-welche-ist-die-ideale\/\",\"name\":\"Optimale B\u00fcrotemperatur: Welche ist die ideale?\",\"isPartOf\":{\"@id\":\"https:\/\/www.metmann.com\/de\/#website\"},\"primaryImageOfPage\":{\"@id\":\"https:\/\/www.metmann.com\/de\/optimale-buerotemperatur-welche-ist-die-ideale\/#primaryimage\"},\"image\":{\"@id\":\"https:\/\/www.metmann.com\/de\/optimale-buerotemperatur-welche-ist-die-ideale\/#primaryimage\"},\"thumbnailUrl\":\"https:\/\/www.metmann.com\/wp-content\/uploads\/2021\/09\/1597056763_RjZm.jpg\",\"datePublished\":\"2020-08-10T00:00:00+00:00\",\"dateModified\":\"2020-08-10T00:00:00+00:00\",\"description\":\"Im Sommer wird es noch wichtiger, im B\u00fcro eine optimale Temperatur zu haben. Befolgen Sie diese Tipps, um Ihren Arbeitsplatz komfortabel und komfortabel zu gestalten.\",\"breadcrumb\":{\"@id\":\"https:\/\/www.metmann.com\/de\/optimale-buerotemperatur-welche-ist-die-ideale\/#breadcrumb\"},\"inLanguage\":\"de\",\"potentialAction\":[{\"@type\":\"ReadAction\",\"target\":[\"https:\/\/www.metmann.com\/de\/optimale-buerotemperatur-welche-ist-die-ideale\/\"]}]},{\"@type\":\"ImageObject\",\"inLanguage\":\"de\",\"@id\":\"https:\/\/www.metmann.com\/de\/optimale-buerotemperatur-welche-ist-die-ideale\/#primaryimage\",\"url\":\"https:\/\/www.metmann.com\/wp-content\/uploads\/2021\/09\/1597056763_RjZm.jpg\",\"contentUrl\":\"https:\/\/www.metmann.com\/wp-content\/uploads\/2021\/09\/1597056763_RjZm.jpg\",\"width\":400,\"height\":300},{\"@type\":\"BreadcrumbList\",\"@id\":\"https:\/\/www.metmann.com\/de\/optimale-buerotemperatur-welche-ist-die-ideale\/#breadcrumb\",\"itemListElement\":[{\"@type\":\"ListItem\",\"position\":1,\"name\":\"Inicio\",\"item\":\"https:\/\/www.metmann.com\/de\/\"},{\"@type\":\"ListItem\",\"position\":2,\"name\":\"Nachrichten\",\"item\":\"https:\/\/www.metmann.com\/de\/category\/nachrichten\/\"},{\"@type\":\"ListItem\",\"position\":3,\"name\":\"Optimale B\u00fcrotemperatur: Welche ist die ideale?\"}]},{\"@type\":\"WebSite\",\"@id\":\"https:\/\/www.metmann.com\/de\/#website\",\"url\":\"https:\/\/www.metmann.com\/de\/\",\"name\":\"MET MANN\",\"description\":\"Climatizaci\u00f3n industrial, Calefactores y Ventilaci\u00f3n para empresas\",\"publisher\":{\"@id\":\"https:\/\/www.metmann.com\/de\/#organization\"},\"potentialAction\":[{\"@type\":\"SearchAction\",\"target\":{\"@type\":\"EntryPoint\",\"urlTemplate\":\"https:\/\/www.metmann.com\/de\/?s={search_term_string}\"},\"query-input\":\"required name=search_term_string\"}],\"inLanguage\":\"de\"},{\"@type\":\"Organization\",\"@id\":\"https:\/\/www.metmann.com\/de\/#organization\",\"name\":\"Met Mann\",\"url\":\"https:\/\/www.metmann.com\/de\/\",\"logo\":{\"@type\":\"ImageObject\",\"inLanguage\":\"de\",\"@id\":\"https:\/\/www.metmann.com\/de\/#\/schema\/logo\/image\/\",\"url\":\"https:\/\/www.metmann.com\/wp-content\/uploads\/2021\/12\/logo-color-met-mann-01.jpg\",\"contentUrl\":\"https:\/\/www.metmann.com\/wp-content\/uploads\/2021\/12\/logo-color-met-mann-01.jpg\",\"width\":351,\"height\":133,\"caption\":\"Met Mann\"},\"image\":{\"@id\":\"https:\/\/www.metmann.com\/de\/#\/schema\/logo\/image\/\"}},{\"@type\":\"Person\",\"@id\":\"https:\/\/www.metmann.com\/de\/#\/schema\/person\/abb061f44d31128f243c7e8c9677bb01\",\"name\":\"Marcelo Gonfar\",\"image\":{\"@type\":\"ImageObject\",\"inLanguage\":\"de\",\"@id\":\"https:\/\/www.metmann.com\/de\/#\/schema\/person\/image\/\",\"url\":\"https:\/\/secure.gravatar.com\/avatar\/f8e37661ecf23489bf1e65088ca5cfbd?s=96&d=mm&r=g\",\"contentUrl\":\"https:\/\/secure.gravatar.com\/avatar\/f8e37661ecf23489bf1e65088ca5cfbd?s=96&d=mm&r=g\",\"caption\":\"Marcelo Gonfar\"},\"url\":\"https:\/\/www.metmann.com\/de\/author\/produccionvisualpublinet-com\/\"}]}<\/script>\r\n<!-- \/ Yoast SEO plugin. -->","yoast_head_json":{"title":"Optimale B\u00fcrotemperatur: Welche ist die ideale?","description":"Im Sommer wird es noch wichtiger, im B\u00fcro eine optimale Temperatur zu haben. Befolgen Sie diese Tipps, um Ihren Arbeitsplatz komfortabel und komfortabel zu gestalten.","robots":{"index":"index","follow":"follow","max-snippet":"max-snippet:-1","max-image-preview":"max-image-preview:large","max-video-preview":"max-video-preview:-1"},"canonical":"https:\/\/www.metmann.com\/de\/optimale-buerotemperatur-welche-ist-die-ideale\/","og_locale":"de_DE","og_type":"article","og_title":"Optimale B\u00fcrotemperatur: Welche ist die ideale?","og_description":"Im Sommer wird es noch wichtiger, im B\u00fcro eine optimale Temperatur zu haben. Befolgen Sie diese Tipps, um Ihren Arbeitsplatz komfortabel und komfortabel zu gestalten.","og_url":"https:\/\/www.metmann.com\/de\/optimale-buerotemperatur-welche-ist-die-ideale\/","og_site_name":"MET MANN","article_published_time":"2020-08-10T00:00:00+00:00","og_image":[{"url":"https:\/\/www.metmann.com\/wp-content\/uploads\/2021\/09\/1597056763_RjZm.jpg"}],"author":"Marcelo Gonfar","twitter_card":"summary_large_image","twitter_title":"Optimale B\u00fcrotemperatur: Welche ist die ideale?","twitter_description":"Im Sommer wird es noch wichtiger, im B\u00fcro eine optimale Temperatur zu haben. Befolgen Sie diese Tipps, um Ihren Arbeitsplatz komfortabel und komfortabel zu gestalten.","twitter_image":"https:\/\/www.metmann.com\/wp-content\/uploads\/2021\/09\/1597056763_RjZm.jpg","twitter_misc":{"Verfasst von":"Marcelo Gonfar","Gesch\u00e4tzte Lesezeit":"4\u00a0Minuten"},"schema":{"@context":"https:\/\/schema.org","@graph":[{"@type":"Article","@id":"https:\/\/www.metmann.com\/de\/optimale-buerotemperatur-welche-ist-die-ideale\/#article","isPartOf":{"@id":"https:\/\/www.metmann.com\/de\/optimale-buerotemperatur-welche-ist-die-ideale\/"},"author":{"name":"Marcelo Gonfar","@id":"https:\/\/www.metmann.com\/de\/#\/schema\/person\/abb061f44d31128f243c7e8c9677bb01"},"headline":"Optimale B\u00fcrotemperatur: Welche ist die ideale?","datePublished":"2020-08-10T00:00:00+00:00","dateModified":"2020-08-10T00:00:00+00:00","mainEntityOfPage":{"@id":"https:\/\/www.metmann.com\/de\/optimale-buerotemperatur-welche-ist-die-ideale\/"},"wordCount":850,"commentCount":0,"publisher":{"@id":"https:\/\/www.metmann.com\/de\/#organization"},"image":{"@id":"https:\/\/www.metmann.com\/de\/optimale-buerotemperatur-welche-ist-die-ideale\/#primaryimage"},"thumbnailUrl":"https:\/\/www.metmann.com\/wp-content\/uploads\/2021\/09\/1597056763_RjZm.jpg","articleSection":["Nachrichten"],"inLanguage":"de","potentialAction":[{"@type":"CommentAction","name":"Comment","target":["https:\/\/www.metmann.com\/de\/optimale-buerotemperatur-welche-ist-die-ideale\/#respond"]}]},{"@type":"WebPage","@id":"https:\/\/www.metmann.com\/de\/optimale-buerotemperatur-welche-ist-die-ideale\/","url":"https:\/\/www.metmann.com\/de\/optimale-buerotemperatur-welche-ist-die-ideale\/","name":"Optimale B\u00fcrotemperatur: Welche ist die ideale?","isPartOf":{"@id":"https:\/\/www.metmann.com\/de\/#website"},"primaryImageOfPage":{"@id":"https:\/\/www.metmann.com\/de\/optimale-buerotemperatur-welche-ist-die-ideale\/#primaryimage"},"image":{"@id":"https:\/\/www.metmann.com\/de\/optimale-buerotemperatur-welche-ist-die-ideale\/#primaryimage"},"thumbnailUrl":"https:\/\/www.metmann.com\/wp-content\/uploads\/2021\/09\/1597056763_RjZm.jpg","datePublished":"2020-08-10T00:00:00+00:00","dateModified":"2020-08-10T00:00:00+00:00","description":"Im Sommer wird es noch wichtiger, im B\u00fcro eine optimale Temperatur zu haben. Befolgen Sie diese Tipps, um Ihren Arbeitsplatz komfortabel und komfortabel zu gestalten.","breadcrumb":{"@id":"https:\/\/www.metmann.com\/de\/optimale-buerotemperatur-welche-ist-die-ideale\/#breadcrumb"},"inLanguage":"de","potentialAction":[{"@type":"ReadAction","target":["https:\/\/www.metmann.com\/de\/optimale-buerotemperatur-welche-ist-die-ideale\/"]}]},{"@type":"ImageObject","inLanguage":"de","@id":"https:\/\/www.metmann.com\/de\/optimale-buerotemperatur-welche-ist-die-ideale\/#primaryimage","url":"https:\/\/www.metmann.com\/wp-content\/uploads\/2021\/09\/1597056763_RjZm.jpg","contentUrl":"https:\/\/www.metmann.com\/wp-content\/uploads\/2021\/09\/1597056763_RjZm.jpg","width":400,"height":300},{"@type":"BreadcrumbList","@id":"https:\/\/www.metmann.com\/de\/optimale-buerotemperatur-welche-ist-die-ideale\/#breadcrumb","itemListElement":[{"@type":"ListItem","position":1,"name":"Inicio","item":"https:\/\/www.metmann.com\/de\/"},{"@type":"ListItem","position":2,"name":"Nachrichten","item":"https:\/\/www.metmann.com\/de\/category\/nachrichten\/"},{"@type":"ListItem","position":3,"name":"Optimale B\u00fcrotemperatur: Welche ist die ideale?"}]},{"@type":"WebSite","@id":"https:\/\/www.metmann.com\/de\/#website","url":"https:\/\/www.metmann.com\/de\/","name":"MET MANN","description":"Climatizaci\u00f3n industrial, Calefactores y Ventilaci\u00f3n para empresas","publisher":{"@id":"https:\/\/www.metmann.com\/de\/#organization"},"potentialAction":[{"@type":"SearchAction","target":{"@type":"EntryPoint","urlTemplate":"https:\/\/www.metmann.com\/de\/?s={search_term_string}"},"query-input":"required name=search_term_string"}],"inLanguage":"de"},{"@type":"Organization","@id":"https:\/\/www.metmann.com\/de\/#organization","name":"Met Mann","url":"https:\/\/www.metmann.com\/de\/","logo":{"@type":"ImageObject","inLanguage":"de","@id":"https:\/\/www.metmann.com\/de\/#\/schema\/logo\/image\/","url":"https:\/\/www.metmann.com\/wp-content\/uploads\/2021\/12\/logo-color-met-mann-01.jpg","contentUrl":"https:\/\/www.metmann.com\/wp-content\/uploads\/2021\/12\/logo-color-met-mann-01.jpg","width":351,"height":133,"caption":"Met Mann"},"image":{"@id":"https:\/\/www.metmann.com\/de\/#\/schema\/logo\/image\/"}},{"@type":"Person","@id":"https:\/\/www.metmann.com\/de\/#\/schema\/person\/abb061f44d31128f243c7e8c9677bb01","name":"Marcelo Gonfar","image":{"@type":"ImageObject","inLanguage":"de","@id":"https:\/\/www.metmann.com\/de\/#\/schema\/person\/image\/","url":"https:\/\/secure.gravatar.com\/avatar\/f8e37661ecf23489bf1e65088ca5cfbd?s=96&d=mm&r=g","contentUrl":"https:\/\/secure.gravatar.com\/avatar\/f8e37661ecf23489bf1e65088ca5cfbd?s=96&d=mm&r=g","caption":"Marcelo Gonfar"},"url":"https:\/\/www.metmann.com\/de\/author\/produccionvisualpublinet-com\/"}]}},"_links":{"self":[{"href":"https:\/\/www.metmann.com\/de\/wp-json\/wp\/v2\/posts\/2764"}],"collection":[{"href":"https:\/\/www.metmann.com\/de\/wp-json\/wp\/v2\/posts"}],"about":[{"href":"https:\/\/www.metmann.com\/de\/wp-json\/wp\/v2\/types\/post"}],"author":[{"embeddable":true,"href":"https:\/\/www.metmann.com\/de\/wp-json\/wp\/v2\/users\/1"}],"replies":[{"embeddable":true,"href":"https:\/\/www.metmann.com\/de\/wp-json\/wp\/v2\/comments?post=2764"}],"version-history":[{"count":0,"href":"https:\/\/www.metmann.com\/de\/wp-json\/wp\/v2\/posts\/2764\/revisions"}],"wp:featuredmedia":[{"embeddable":true,"href":"https:\/\/www.metmann.com\/de\/wp-json\/wp\/v2\/media\/475"}],"wp:attachment":[{"href":"https:\/\/www.metmann.com\/de\/wp-json\/wp\/v2\/media?parent=2764"}],"wp:term":[{"taxonomy":"category","embeddable":true,"href":"https:\/\/www.metmann.com\/de\/wp-json\/wp\/v2\/categories?post=2764"},{"taxonomy":"post_tag","embeddable":true,"href":"https:\/\/www.metmann.com\/de\/wp-json\/wp\/v2\/tags?post=2764"}],"curies":[{"name":"wp","href":"https:\/\/api.w.org\/{rel}","templated":true}]}}