{"id":2772,"date":"2020-09-24T00:00:00","date_gmt":"2020-09-24T00:00:00","guid":{"rendered":"https:\/\/metmann.com.185-176-9-81.185-176-9-81.visualpublinet.com\/preisliste-der-met-mann-klimaanlagen\/"},"modified":"2020-09-24T00:00:00","modified_gmt":"2020-09-24T00:00:00","slug":"preisliste-der-met-mann-klimaanlagen","status":"publish","type":"post","link":"https:\/\/www.metmann.com\/de\/preisliste-der-met-mann-klimaanlagen\/","title":{"rendered":"Preisliste der MET MANN Klimaanlagen"},"content":{"rendered":"<p>MET MANN, Hersteller von Klimaanlagen, informiert Sie dar\u00fcber, dass der neue Tarif f\u00fcr Klimaanlagen jetzt verf\u00fcgbar ist<br \/> &nbsp;<br \/> In unserer Preisliste finden Sie Heizungsl\u00f6sungen mit Hei\u00dfluftgeneratoren, Verdunstungsklimaanlagen, Hei\u00dflufttrocknungsprozessen, L\u00fcftungssystemen und Luftentfeuchtungsger\u00e4ten.<br \/> &nbsp;<br \/> MET MANN ist mit mehr als 50 Jahren Erfahrung in der Herstellung von Klimaanlagen einer der wichtigsten europ\u00e4ischen Hersteller von Hei\u00dfluftgeneratoren und Verdunstungsk\u00fchlern und f\u00fcr die Qualit\u00e4t und Leistung seiner Produkte bekannt.<br \/> &nbsp;<br \/> Unsere Handelsabteilung steht Ihnen zur Verf\u00fcgung, um die beste L\u00f6sung f\u00fcr Probleme mit Klima-, Trocknungs- oder L\u00fcftungsprozessen zu finden.<br \/> &nbsp;<br \/> Sie k\u00f6nnen die Preisliste unter folgendem Link herunterladen: <\/p>\n<div><a href=\"http:\/\/www.metmann.com\/es\/documentacion\" target=\"_blank\" rel=\"noopener\">https:\/\/www.metmann.com\/es\/documentacion<\/a> \t<\/div>\n<div> \t<\/div>\n<div>Wenn Sie die Preise in Papierform erhalten m\u00f6chten, m\u00fcssen Sie uns nur unter der Telefonnummer +34 93 851 15 99 kontaktieren. Wir werden sie Ihnen so schnell wie m\u00f6glich zusenden.<\/div>\n","protected":false},"excerpt":{"rendered":"<p>Rate der Klimaanlagen M\u00c4RZ 2021 von MET MANN<\/p>\n","protected":false},"author":1,"featured_media":539,"comment_status":"open","ping_status":"open","sticky":false,"template":"","format":"standard","meta":{"_acf_changed":false,"_et_pb_use_builder":"","_et_pb_old_content":"","_et_gb_content_width":"","_joinchat":[],"footnotes":""},"categories":[53],"tags":[],"acf":[],"yoast_head":"<!-- This site is optimized with the Yoast SEO plugin v22.6 - https:\/\/yoast.com\/wordpress\/plugins\/seo\/ -->\r\n<title>Preisliste der MET MANN Klimaanlagen<\/title>\r\n<meta name=\"description\" content=\"MET MANN Preisliste f\u00fcr Verdunstungsklimaanlagen, Hei\u00dfluftgeneratoren, L\u00fcftungssysteme, Luftentfeuchtungsanlagen.\" \/>\r\n<meta name=\"robots\" content=\"index, follow, max-snippet:-1, max-image-preview:large, max-video-preview:-1\" \/>\r\n<link rel=\"canonical\" href=\"https:\/\/www.metmann.com\/de\/preisliste-der-met-mann-klimaanlagen\/\" \/>\r\n<meta property=\"og:locale\" content=\"de_DE\" \/>\r\n<meta property=\"og:type\" content=\"article\" \/>\r\n<meta property=\"og:title\" content=\"Preisliste der MET MANN Klimaanlagen\" \/>\r\n<meta property=\"og:description\" content=\"MET MANN Preisliste f\u00fcr Verdunstungsklimaanlagen, Hei\u00dfluftgeneratoren, L\u00fcftungssysteme, Luftentfeuchtungsanlagen.\" \/>\r\n<meta property=\"og:url\" content=\"https:\/\/www.metmann.com\/de\/preisliste-der-met-mann-klimaanlagen\/\" \/>\r\n<meta property=\"og:site_name\" content=\"MET MANN\" \/>\r\n<meta property=\"article:published_time\" content=\"2020-09-24T00:00:00+00:00\" \/>\r\n<meta property=\"og:image\" content=\"https:\/\/www.metmann.com\/wp-content\/uploads\/2021\/09\/1614680553_83Od.jpg\" \/>\r\n<meta name=\"author\" content=\"Marcelo Gonfar\" \/>\r\n<meta name=\"twitter:card\" content=\"summary_large_image\" \/>\r\n<meta name=\"twitter:title\" content=\"Preisliste der MET MANN Klimaanlagen\" \/>\r\n<meta name=\"twitter:description\" content=\"MET MANN Preisliste f\u00fcr Verdunstungsklimaanlagen, Hei\u00dfluftgeneratoren, L\u00fcftungssysteme, Luftentfeuchtungsanlagen.\" \/>\r\n<meta name=\"twitter:image\" content=\"https:\/\/www.metmann.com\/wp-content\/uploads\/2021\/09\/1614680553_83Od.jpg\" \/>\r\n<meta name=\"twitter:label1\" content=\"Verfasst von\" \/>\n\t<meta name=\"twitter:data1\" content=\"Marcelo Gonfar\" \/>\n\t<meta name=\"twitter:label2\" content=\"Gesch\u00e4tzte Lesezeit\" \/>\n\t<meta name=\"twitter:data2\" content=\"1\u00a0Minute\" \/>\r\n<script type=\"application\/ld+json\" class=\"yoast-schema-graph\">{\"@context\":\"https:\/\/schema.org\",\"@graph\":[{\"@type\":\"Article\",\"@id\":\"https:\/\/www.metmann.com\/de\/preisliste-der-met-mann-klimaanlagen\/#article\",\"isPartOf\":{\"@id\":\"https:\/\/www.metmann.com\/de\/preisliste-der-met-mann-klimaanlagen\/\"},\"author\":{\"name\":\"Marcelo Gonfar\",\"@id\":\"https:\/\/www.metmann.com\/de\/#\/schema\/person\/abb061f44d31128f243c7e8c9677bb01\"},\"headline\":\"Preisliste der MET MANN Klimaanlagen\",\"datePublished\":\"2020-09-24T00:00:00+00:00\",\"dateModified\":\"2020-09-24T00:00:00+00:00\",\"mainEntityOfPage\":{\"@id\":\"https:\/\/www.metmann.com\/de\/preisliste-der-met-mann-klimaanlagen\/\"},\"wordCount\":149,\"commentCount\":0,\"publisher\":{\"@id\":\"https:\/\/www.metmann.com\/de\/#organization\"},\"image\":{\"@id\":\"https:\/\/www.metmann.com\/de\/preisliste-der-met-mann-klimaanlagen\/#primaryimage\"},\"thumbnailUrl\":\"https:\/\/www.metmann.com\/wp-content\/uploads\/2021\/09\/1614680553_83Od.jpg\",\"articleSection\":[\"Nachrichten\"],\"inLanguage\":\"de\",\"potentialAction\":[{\"@type\":\"CommentAction\",\"name\":\"Comment\",\"target\":[\"https:\/\/www.metmann.com\/de\/preisliste-der-met-mann-klimaanlagen\/#respond\"]}]},{\"@type\":\"WebPage\",\"@id\":\"https:\/\/www.metmann.com\/de\/preisliste-der-met-mann-klimaanlagen\/\",\"url\":\"https:\/\/www.metmann.com\/de\/preisliste-der-met-mann-klimaanlagen\/\",\"name\":\"Preisliste der MET MANN Klimaanlagen\",\"isPartOf\":{\"@id\":\"https:\/\/www.metmann.com\/de\/#website\"},\"primaryImageOfPage\":{\"@id\":\"https:\/\/www.metmann.com\/de\/preisliste-der-met-mann-klimaanlagen\/#primaryimage\"},\"image\":{\"@id\":\"https:\/\/www.metmann.com\/de\/preisliste-der-met-mann-klimaanlagen\/#primaryimage\"},\"thumbnailUrl\":\"https:\/\/www.metmann.com\/wp-content\/uploads\/2021\/09\/1614680553_83Od.jpg\",\"datePublished\":\"2020-09-24T00:00:00+00:00\",\"dateModified\":\"2020-09-24T00:00:00+00:00\",\"description\":\"MET MANN Preisliste f\u00fcr Verdunstungsklimaanlagen, Hei\u00dfluftgeneratoren, L\u00fcftungssysteme, Luftentfeuchtungsanlagen.\",\"breadcrumb\":{\"@id\":\"https:\/\/www.metmann.com\/de\/preisliste-der-met-mann-klimaanlagen\/#breadcrumb\"},\"inLanguage\":\"de\",\"potentialAction\":[{\"@type\":\"ReadAction\",\"target\":[\"https:\/\/www.metmann.com\/de\/preisliste-der-met-mann-klimaanlagen\/\"]}]},{\"@type\":\"ImageObject\",\"inLanguage\":\"de\",\"@id\":\"https:\/\/www.metmann.com\/de\/preisliste-der-met-mann-klimaanlagen\/#primaryimage\",\"url\":\"https:\/\/www.metmann.com\/wp-content\/uploads\/2021\/09\/1614680553_83Od.jpg\",\"contentUrl\":\"https:\/\/www.metmann.com\/wp-content\/uploads\/2021\/09\/1614680553_83Od.jpg\",\"width\":600,\"height\":848},{\"@type\":\"BreadcrumbList\",\"@id\":\"https:\/\/www.metmann.com\/de\/preisliste-der-met-mann-klimaanlagen\/#breadcrumb\",\"itemListElement\":[{\"@type\":\"ListItem\",\"position\":1,\"name\":\"Inicio\",\"item\":\"https:\/\/www.metmann.com\/de\/\"},{\"@type\":\"ListItem\",\"position\":2,\"name\":\"Nachrichten\",\"item\":\"https:\/\/www.metmann.com\/de\/category\/nachrichten\/\"},{\"@type\":\"ListItem\",\"position\":3,\"name\":\"Preisliste der MET MANN Klimaanlagen\"}]},{\"@type\":\"WebSite\",\"@id\":\"https:\/\/www.metmann.com\/de\/#website\",\"url\":\"https:\/\/www.metmann.com\/de\/\",\"name\":\"MET MANN\",\"description\":\"Climatizaci\u00f3n industrial, Calefactores y Ventilaci\u00f3n para empresas\",\"publisher\":{\"@id\":\"https:\/\/www.metmann.com\/de\/#organization\"},\"potentialAction\":[{\"@type\":\"SearchAction\",\"target\":{\"@type\":\"EntryPoint\",\"urlTemplate\":\"https:\/\/www.metmann.com\/de\/?s={search_term_string}\"},\"query-input\":\"required name=search_term_string\"}],\"inLanguage\":\"de\"},{\"@type\":\"Organization\",\"@id\":\"https:\/\/www.metmann.com\/de\/#organization\",\"name\":\"Met Mann\",\"url\":\"https:\/\/www.metmann.com\/de\/\",\"logo\":{\"@type\":\"ImageObject\",\"inLanguage\":\"de\",\"@id\":\"https:\/\/www.metmann.com\/de\/#\/schema\/logo\/image\/\",\"url\":\"https:\/\/www.metmann.com\/wp-content\/uploads\/2021\/12\/logo-color-met-mann-01.jpg\",\"contentUrl\":\"https:\/\/www.metmann.com\/wp-content\/uploads\/2021\/12\/logo-color-met-mann-01.jpg\",\"width\":351,\"height\":133,\"caption\":\"Met Mann\"},\"image\":{\"@id\":\"https:\/\/www.metmann.com\/de\/#\/schema\/logo\/image\/\"}},{\"@type\":\"Person\",\"@id\":\"https:\/\/www.metmann.com\/de\/#\/schema\/person\/abb061f44d31128f243c7e8c9677bb01\",\"name\":\"Marcelo Gonfar\",\"image\":{\"@type\":\"ImageObject\",\"inLanguage\":\"de\",\"@id\":\"https:\/\/www.metmann.com\/de\/#\/schema\/person\/image\/\",\"url\":\"https:\/\/secure.gravatar.com\/avatar\/f8e37661ecf23489bf1e65088ca5cfbd?s=96&d=mm&r=g\",\"contentUrl\":\"https:\/\/secure.gravatar.com\/avatar\/f8e37661ecf23489bf1e65088ca5cfbd?s=96&d=mm&r=g\",\"caption\":\"Marcelo Gonfar\"},\"url\":\"https:\/\/www.metmann.com\/de\/author\/produccionvisualpublinet-com\/\"}]}<\/script>\r\n<!-- \/ Yoast SEO plugin. -->","yoast_head_json":{"title":"Preisliste der MET MANN Klimaanlagen","description":"MET MANN Preisliste f\u00fcr Verdunstungsklimaanlagen, Hei\u00dfluftgeneratoren, L\u00fcftungssysteme, Luftentfeuchtungsanlagen.","robots":{"index":"index","follow":"follow","max-snippet":"max-snippet:-1","max-image-preview":"max-image-preview:large","max-video-preview":"max-video-preview:-1"},"canonical":"https:\/\/www.metmann.com\/de\/preisliste-der-met-mann-klimaanlagen\/","og_locale":"de_DE","og_type":"article","og_title":"Preisliste der MET MANN Klimaanlagen","og_description":"MET MANN Preisliste f\u00fcr Verdunstungsklimaanlagen, Hei\u00dfluftgeneratoren, L\u00fcftungssysteme, Luftentfeuchtungsanlagen.","og_url":"https:\/\/www.metmann.com\/de\/preisliste-der-met-mann-klimaanlagen\/","og_site_name":"MET MANN","article_published_time":"2020-09-24T00:00:00+00:00","og_image":[{"url":"https:\/\/www.metmann.com\/wp-content\/uploads\/2021\/09\/1614680553_83Od.jpg"}],"author":"Marcelo Gonfar","twitter_card":"summary_large_image","twitter_title":"Preisliste der MET MANN Klimaanlagen","twitter_description":"MET MANN Preisliste f\u00fcr Verdunstungsklimaanlagen, Hei\u00dfluftgeneratoren, L\u00fcftungssysteme, Luftentfeuchtungsanlagen.","twitter_image":"https:\/\/www.metmann.com\/wp-content\/uploads\/2021\/09\/1614680553_83Od.jpg","twitter_misc":{"Verfasst von":"Marcelo Gonfar","Gesch\u00e4tzte Lesezeit":"1\u00a0Minute"},"schema":{"@context":"https:\/\/schema.org","@graph":[{"@type":"Article","@id":"https:\/\/www.metmann.com\/de\/preisliste-der-met-mann-klimaanlagen\/#article","isPartOf":{"@id":"https:\/\/www.metmann.com\/de\/preisliste-der-met-mann-klimaanlagen\/"},"author":{"name":"Marcelo Gonfar","@id":"https:\/\/www.metmann.com\/de\/#\/schema\/person\/abb061f44d31128f243c7e8c9677bb01"},"headline":"Preisliste der MET MANN Klimaanlagen","datePublished":"2020-09-24T00:00:00+00:00","dateModified":"2020-09-24T00:00:00+00:00","mainEntityOfPage":{"@id":"https:\/\/www.metmann.com\/de\/preisliste-der-met-mann-klimaanlagen\/"},"wordCount":149,"commentCount":0,"publisher":{"@id":"https:\/\/www.metmann.com\/de\/#organization"},"image":{"@id":"https:\/\/www.metmann.com\/de\/preisliste-der-met-mann-klimaanlagen\/#primaryimage"},"thumbnailUrl":"https:\/\/www.metmann.com\/wp-content\/uploads\/2021\/09\/1614680553_83Od.jpg","articleSection":["Nachrichten"],"inLanguage":"de","potentialAction":[{"@type":"CommentAction","name":"Comment","target":["https:\/\/www.metmann.com\/de\/preisliste-der-met-mann-klimaanlagen\/#respond"]}]},{"@type":"WebPage","@id":"https:\/\/www.metmann.com\/de\/preisliste-der-met-mann-klimaanlagen\/","url":"https:\/\/www.metmann.com\/de\/preisliste-der-met-mann-klimaanlagen\/","name":"Preisliste der MET MANN Klimaanlagen","isPartOf":{"@id":"https:\/\/www.metmann.com\/de\/#website"},"primaryImageOfPage":{"@id":"https:\/\/www.metmann.com\/de\/preisliste-der-met-mann-klimaanlagen\/#primaryimage"},"image":{"@id":"https:\/\/www.metmann.com\/de\/preisliste-der-met-mann-klimaanlagen\/#primaryimage"},"thumbnailUrl":"https:\/\/www.metmann.com\/wp-content\/uploads\/2021\/09\/1614680553_83Od.jpg","datePublished":"2020-09-24T00:00:00+00:00","dateModified":"2020-09-24T00:00:00+00:00","description":"MET MANN Preisliste f\u00fcr Verdunstungsklimaanlagen, Hei\u00dfluftgeneratoren, L\u00fcftungssysteme, Luftentfeuchtungsanlagen.","breadcrumb":{"@id":"https:\/\/www.metmann.com\/de\/preisliste-der-met-mann-klimaanlagen\/#breadcrumb"},"inLanguage":"de","potentialAction":[{"@type":"ReadAction","target":["https:\/\/www.metmann.com\/de\/preisliste-der-met-mann-klimaanlagen\/"]}]},{"@type":"ImageObject","inLanguage":"de","@id":"https:\/\/www.metmann.com\/de\/preisliste-der-met-mann-klimaanlagen\/#primaryimage","url":"https:\/\/www.metmann.com\/wp-content\/uploads\/2021\/09\/1614680553_83Od.jpg","contentUrl":"https:\/\/www.metmann.com\/wp-content\/uploads\/2021\/09\/1614680553_83Od.jpg","width":600,"height":848},{"@type":"BreadcrumbList","@id":"https:\/\/www.metmann.com\/de\/preisliste-der-met-mann-klimaanlagen\/#breadcrumb","itemListElement":[{"@type":"ListItem","position":1,"name":"Inicio","item":"https:\/\/www.metmann.com\/de\/"},{"@type":"ListItem","position":2,"name":"Nachrichten","item":"https:\/\/www.metmann.com\/de\/category\/nachrichten\/"},{"@type":"ListItem","position":3,"name":"Preisliste der MET MANN Klimaanlagen"}]},{"@type":"WebSite","@id":"https:\/\/www.metmann.com\/de\/#website","url":"https:\/\/www.metmann.com\/de\/","name":"MET MANN","description":"Climatizaci\u00f3n industrial, Calefactores y Ventilaci\u00f3n para empresas","publisher":{"@id":"https:\/\/www.metmann.com\/de\/#organization"},"potentialAction":[{"@type":"SearchAction","target":{"@type":"EntryPoint","urlTemplate":"https:\/\/www.metmann.com\/de\/?s={search_term_string}"},"query-input":"required name=search_term_string"}],"inLanguage":"de"},{"@type":"Organization","@id":"https:\/\/www.metmann.com\/de\/#organization","name":"Met Mann","url":"https:\/\/www.metmann.com\/de\/","logo":{"@type":"ImageObject","inLanguage":"de","@id":"https:\/\/www.metmann.com\/de\/#\/schema\/logo\/image\/","url":"https:\/\/www.metmann.com\/wp-content\/uploads\/2021\/12\/logo-color-met-mann-01.jpg","contentUrl":"https:\/\/www.metmann.com\/wp-content\/uploads\/2021\/12\/logo-color-met-mann-01.jpg","width":351,"height":133,"caption":"Met Mann"},"image":{"@id":"https:\/\/www.metmann.com\/de\/#\/schema\/logo\/image\/"}},{"@type":"Person","@id":"https:\/\/www.metmann.com\/de\/#\/schema\/person\/abb061f44d31128f243c7e8c9677bb01","name":"Marcelo Gonfar","image":{"@type":"ImageObject","inLanguage":"de","@id":"https:\/\/www.metmann.com\/de\/#\/schema\/person\/image\/","url":"https:\/\/secure.gravatar.com\/avatar\/f8e37661ecf23489bf1e65088ca5cfbd?s=96&d=mm&r=g","contentUrl":"https:\/\/secure.gravatar.com\/avatar\/f8e37661ecf23489bf1e65088ca5cfbd?s=96&d=mm&r=g","caption":"Marcelo Gonfar"},"url":"https:\/\/www.metmann.com\/de\/author\/produccionvisualpublinet-com\/"}]}},"_links":{"self":[{"href":"https:\/\/www.metmann.com\/de\/wp-json\/wp\/v2\/posts\/2772"}],"collection":[{"href":"https:\/\/www.metmann.com\/de\/wp-json\/wp\/v2\/posts"}],"about":[{"href":"https:\/\/www.metmann.com\/de\/wp-json\/wp\/v2\/types\/post"}],"author":[{"embeddable":true,"href":"https:\/\/www.metmann.com\/de\/wp-json\/wp\/v2\/users\/1"}],"replies":[{"embeddable":true,"href":"https:\/\/www.metmann.com\/de\/wp-json\/wp\/v2\/comments?post=2772"}],"version-history":[{"count":0,"href":"https:\/\/www.metmann.com\/de\/wp-json\/wp\/v2\/posts\/2772\/revisions"}],"wp:featuredmedia":[{"embeddable":true,"href":"https:\/\/www.metmann.com\/de\/wp-json\/wp\/v2\/media\/539"}],"wp:attachment":[{"href":"https:\/\/www.metmann.com\/de\/wp-json\/wp\/v2\/media?parent=2772"}],"wp:term":[{"taxonomy":"category","embeddable":true,"href":"https:\/\/www.metmann.com\/de\/wp-json\/wp\/v2\/categories?post=2772"},{"taxonomy":"post_tag","embeddable":true,"href":"https:\/\/www.metmann.com\/de\/wp-json\/wp\/v2\/tags?post=2772"}],"curies":[{"name":"wp","href":"https:\/\/api.w.org\/{rel}","templated":true}]}}