{"id":2680,"date":"2020-08-25T00:00:00","date_gmt":"2020-08-25T00:00:00","guid":{"rendered":"https:\/\/metmann.com.185-176-9-81.185-176-9-81.visualpublinet.com\/la-qualite-de-lair-dans-lindustrie-alimentaire-un-defi-pour-les-producteurs\/"},"modified":"2020-08-25T00:00:00","modified_gmt":"2020-08-25T00:00:00","slug":"la-qualite-de-lair-dans-lindustrie-alimentaire-un-defi-pour-les-producteurs","status":"publish","type":"post","link":"https:\/\/www.metmann.com\/fr\/la-qualite-de-lair-dans-lindustrie-alimentaire-un-defi-pour-les-producteurs\/","title":{"rendered":"La qualit\u00e9 de l&#8242;air dans l&#8242;industrie alimentaire, un d\u00e9fi pour les producteurs"},"content":{"rendered":"<p dir=\"ltr\">Dans cet article, nous vous expliquerons comment am&eacute;liorer la qualit&eacute; de l&#8242;air dans l&#8242;industrie alimentaire, quels syst\u00e8mes permettent de maintenir des conditions d&#8242;hygi\u00e8ne et de s&eacute;curit&eacute; optimales qui sont plus que jamais n&eacute;cessaires.<\/p>\n<p dir=\"ltr\">&nbsp;<\/p>\n<h2 dir=\"ltr\" id=\"docs-internal-guid-af90cb7d-7fff-a721-3bf4-4ad33538b9e4\"><span style=\"font-weight: normal;\">Purification de l&#8242;air dans l&#8242;industrie alimentaire<\/span><\/h2>\n<p>Les installations de production alimentaire n&eacute;cessitent parfois des m&eacute;canismes de production complexes, des manipulations par les op&eacute;rateurs et d&#8242;autres processus qui n&eacute;cessitent des conditions d&#8242;assainissement et de d&eacute;sinfection tr\u00e8s m&eacute;ticuleuses.<\/p>\n<p> Dans ce contexte, la ma\u00eetrise de la qualit&eacute; de l&#8242;air dans les zones de production, notamment en relation avec la temp&eacute;rature et l&#8242;humidit&eacute; de l&#8242;environnement, est une exigence essentielle. Un degr&eacute; &eacute;lev&eacute; d&#8242;humidit&eacute; pourrait provoquer de la condensation sur les surfaces et favoriser l&#8242;apparition de moisissures, la d&eacute;t&eacute;rioration des installations et des machines, ainsi que la prolif&eacute;ration de bact&eacute;ries contaminantes.<\/p>\n<p> Tous ces facteurs doivent \u00eatre g&eacute;r&eacute;s par la qualit&eacute; de l&#8242;air int&eacute;rieur des installations qui reste stable dans tous les secteurs (stockage, conditionnement\u2026) pour pr&eacute;server la s&eacute;curit&eacute; et la qualit&eacute; des produits.<\/p>\n<p> Ceci est r&eacute;alis&eacute; gr\u00e2ce \u00e0 un processus de filtrage de l&#8242;air qui n&eacute;cessite une analyse pr&eacute;alable des syst\u00e8mes de ventilation existants et des dangers potentiels qu&#8242;ils comportent. Une fois l&#8242;&eacute;tude technique des risques de contamination r&eacute;alis&eacute;e, les zones de risques potentiels de chaque zone de production doivent \u00eatre &eacute;tablies ainsi que la d&eacute;finition de la puret&eacute; n&eacute;cessaire dans chaque environnement. <\/p>\n<p dir=\"ltr\" style=\"line-height:1.38;text-align: justify;margin-top:0pt;margin-bottom:0pt;\">&nbsp;<\/p>\n<h2 dir=\"ltr\" style=\" line-height:1.38;margin-top:18pt;margin-bottom:6pt;\" id=\"docs-internal-guid-64f36487-7fff-ffef-31de-28cb493638ed\"><span style=\"font-weight: normal;\">Filtres \u00e0 air pour am&eacute;liorer la qualit&eacute; de l&#8242;air dans les industries alimentaires<\/span><\/h2>\n<p> Lors du choix d&#8242;un syst\u00e8me de filtrage de l&#8242;air pour am&eacute;liorer la qualit&eacute; de l&#8242;air dans l&#8242;industrie alimentaire, il est n&eacute;cessaire de prendre en compte le fait qu&#8242;ils doivent \u00eatre install&eacute;s de mani\u00e8re \u00e0 ce que les syst\u00e8mes de climatisation et de ventilation soient maintenus exempts de polluants en suspension et conditions d&#8242;hygi\u00e8ne intactes \u00e0 tout moment.<\/p>\n<p> Il convient de prendre en compte les filtres n&eacute;cessaires pour maintenir la puret&eacute; de l&#8242;air intacte, en distinguant les poussi\u00e8res, les a&eacute;rosols ou les composants gazeux pour lesquels il sera n&eacute;cessaire d&#8242;utiliser des filtres en phase gazeuse. En cas de concentration de poussi\u00e8res &eacute;lev&eacute;e, des syst\u00e8mes d&#8242;extraction de poussi\u00e8res avec filtres lavables seront utilis&eacute;s, pour des raisons techniques et &eacute;conomiques.<\/p>\n<p> De plus, pour garantir la qualit&eacute; de l&#8242;air, il est recommand&eacute; de toujours utiliser des filtres de la plus grande puret&eacute;, tels que EPA, HEPA et ULPA approuv&eacute;s selon les certifications officielles: ISO 29463, DIN EN 779 (pour les particules grossi\u00e8res G3 et G4) et DIN EN 1822 ( pour les particules fines de M5 \u00e0 F9). <\/p>\n<p dir=\"ltr\" style=\"line-height:1.38;text-align: justify;margin-top:0pt;margin-bottom:0pt;\" id=\"docs-internal-guid-2b490afb-7fff-efc2-757d-c8e6b33e1cbe\">&nbsp;<\/p>\n<h2 dir=\"ltr\" style=\"line-height:1.38;margin-top:18pt;margin-bottom:6pt;\" id=\"docs-internal-guid-55f05fdd-7fff-3ca7-f86e-b3147af72284\"><span style=\"font-weight: normal;\">Comment am&eacute;liorer la qualit&eacute; de l&#8242;air dans l&#8242;industrie alimentaire <br \/> \t\t<\/span><\/h2>\n<p dir=\"ltr\" style=\"line-height:1.38;margin-top:0pt;margin-bottom:0pt;\">\u00c0 ce stade, il est pratique d&#8242;examiner quels facteurs doivent \u00eatre contr\u00f4l&eacute;s lors de l&#8242;optimisation de la qualit&eacute; de l&#8242;air dans l&#8242;industrie alimentaire. <span style=\"font-size:11pt;font-family:Arial;color:#000000;background-color:transparent;font-weight:700;font-style:normal;font-variant:normal;text-decoration:none;vertical-align:baseline;white-space:pre;white-space:pre-wrap;\"><\/span><\/p>\n<p dir=\"ltr\" style=\"line-height:1.38;margin-top:0pt;margin-bottom:0pt;\">&nbsp;<\/p>\n<h3 dir=\"ltr\" style=\"line-height:1.38;text-align: justify;background-color:#ffffff;margin-top:16pt;margin-bottom:0pt;padding:0pt 0pt 8pt 0pt;\" id=\"docs-internal-guid-e0c5aaf2-7fff-8ee2-4fab-f01a29a27715\"><span style=\"font-weight: normal;\">Faire circuler l&#8242;air<\/span><\/h3>\n<p>Une bonne circulation de l&#8242;air peut &eacute;liminer la plupart des probl\u00e8mes de qualit&eacute; de l&#8242;air dans une industrie. Dans le contexte de l&#8242;alimentation &eacute;lectrique, les ventilateurs industriels HVLS sont souvent utilis&eacute;s pour d&eacute;placer de grandes quantit&eacute;s d&#8242;air \u00e0 faible vitesse et optimiser l&#8242;&eacute;nergie consomm&eacute;e.<\/p>\n<p> Ce type de ventilateurs de plafond fournit un flux d&#8242;air continu, qui, avec les syst\u00e8mes CVC (acronyme en anglais qui correspondent au chauffage, \u00e0 la ventilation et \u00e0 la climatisation), sont constitu&eacute;s comme des outils fondamentaux pour r&eacute;guler des facteurs tels que la temp&eacute;rature et l&#8242;humidit&eacute; des pi\u00e8ces. installations &eacute;liminant les substances toxiques en suspension et &eacute;vitant l&#8242;accumulation de poussi\u00e8res. <\/p>\n<p dir=\"ltr\" style=\"line-height:1.38;text-align: justify;margin-top:0pt;margin-bottom:0pt;\" id=\"docs-internal-guid-2b490afb-7fff-efc2-757d-c8e6b33e1cbe\">&nbsp;<\/p>\n<h3 dir=\"ltr\" style=\"line-height:1.38;text-align: justify;background-color:#ffffff;margin-top:16pt;margin-bottom:0pt;padding:0pt 0pt 8pt 0pt;\" id=\"docs-internal-guid-73640077-7fff-4298-3719-0584f1226a63\"><span style=\"font-weight: normal;\">G&eacute;rez l&#8242;humidit&eacute; et la condensation.<\/span><\/h3>\n<p>Comme nous l&#8242;avons d&eacute;j\u00e0 mentionn&eacute; pr&eacute;c&eacute;demment, l&#8242;humidit&eacute; est ce grand ennemi \u00e0 battre dans les industries alimentaires. Les processus de lavage en continu ainsi que la pr&eacute;sence de produits qui peuvent incorporer un degr&eacute; d&#8242;humidit&eacute; plus &eacute;lev&eacute; dans l&#8242;environnement rendent le contr\u00f4le de ce facteur difficile.<\/p>\n<p> En revanche, la condensation peut conduire \u00e0 des probl\u00e8mes de s&eacute;curit&eacute;, provoquant des glissades et des accidents parmi les op&eacute;rateurs en s&#8242;accumulant au sol ou entre deux environnements \u00e0 temp&eacute;ratures contr\u00f4l&eacute;es mais diff&eacute;rentes l&#8242;une de l&#8242;autre.<\/p>\n<p> Pour r&eacute;soudre cette question, les ventilateurs industriels HVLS sont \u00e0 nouveau la solution. Ses grandes dimensions permettent \u00e0 une plus grande quantit&eacute; d&#8242;air de circuler dans l&#8242;environnement de travail, ce qui am&eacute;liore l&#8242;&eacute;vaporation d&#8242;&eacute;ventuels points de ros&eacute;e, contribuant ainsi \u00e0 am&eacute;liorer la qualit&eacute; de l&#8242;air dans les industries alimentaires qui souffrent de ce probl\u00e8me. <\/p>\n<p dir=\"ltr\" style=\"line-height:1.38;text-align: justify;background-color:#ffffff;margin-top:0pt;margin-bottom:8pt;\">&nbsp;<\/p>\n<h3 dir=\"ltr\" style=\"line-height:1.38;text-align: justify;background-color:#ffffff;margin-top:16pt;margin-bottom:0pt;padding:0pt 0pt 8pt 0pt;\" id=\"docs-internal-guid-a908b30f-7fff-d55e-d112-a14798ccb42a\"><span style=\"font-weight: normal;\">R&eacute;gule la temp&eacute;rature <br \/> \t\t<\/span><\/h3>\n<p>Normalement, les industries alimentaires n&eacute;cessitent des environnements froids pour la fabrication d&#8242;aliments destin&eacute;s \u00e0 la consommation humaine. Ces temp&eacute;ratures doivent \u00eatre stables afin de pr&eacute;server la qualit&eacute; et la s&eacute;curit&eacute; du produit.<\/p>\n<p> Lorsqu&#8242;il s&#8242;agit de petites pi\u00e8ces, maintenir des niveaux de temp&eacute;rature stables ne demande pas beaucoup d&#8242;efforts, mais les choses changent beaucoup lorsque nous agrandissons les zones de travail (grandes zones de conditionnement, grands entrep\u00f4ts pour produits froids &#8230;)<\/p>\n<p> Ces situations n&eacute;cessitent donc des syst\u00e8mes HVAC charg&eacute;s de refroidir la pi\u00e8ce qui doivent \u00eatre utilis&eacute;s avec des ventilateurs HVLS qui permettent la g&eacute;n&eacute;ration de courants d&#8242;air qui r&eacute;partissent ad&eacute;quatement le froid dans la pi\u00e8ce, emp\u00eachant l&#8242;air chaud de monter et la temp&eacute;rature de se maintenir. uniforme dans tout l&#8242;environnement.<\/p>\n<p> &nbsp;<\/p>\n<p> La gestion de la qualit&eacute; de l&#8242;air dans les industries est un &eacute;l&eacute;ment cl&eacute; pour am&eacute;liorer les conditions de travail, assurer le confort des salari&eacute;s et dans de nombreux secteurs n&eacute;cessaires \u00e0 la bonne gestion de la production.<\/p>\n<p> Comme nous l&#8242;avons vu tout au long de cet article, veiller \u00e0 la qualit&eacute; de l&#8242;air dans l&#8242;industrie alimentaire est un facteur n&eacute;cessaire pour garantir les conditions d&#8242;hygi\u00e8ne et de s&eacute;curit&eacute;, &eacute;viter les contaminations ind&eacute;sirables, les accidents et pr&eacute;server la qualit&eacute; des produits.<\/p>\n<p> Si vous avez besoin de conseils pour am&eacute;liorer les conditions de travail et l&#8242;hygi\u00e8ne de l&#8242;environnement de vos installations, n&#8242;h&eacute;sitez pas \u00e0 contacter nos conseillers experts. Chez Met Mann, nous pouvons vous offrir les solutions dont vous avez besoin pour am&eacute;liorer la qualit&eacute; de l&#8242;air dans votre entreprise. N&#8242;h&eacute;sitez pas et contactez-nous sans engagement.<\/p>\n","protected":false},"excerpt":{"rendered":"<p>Dans l&#8242;industrie alimentaire, il existe des r&eacute;glementations tr\u00e8s strictes qui r&eacute;gissent les conditions de manipulation et de transformation des produits destin&eacute;s \u00e0 la consommation humaine. Ces exigences comprennent des contr\u00f4les de la temp&eacute;rature, de l&#8242;humidit&eacute; et de la pr&eacute;sence de particules dans l&#8242;air qui peuvent affecter la qualit&eacute; des produits manufactur&eacute;s.<\/p>\n","protected":false},"author":1,"featured_media":21979,"comment_status":"open","ping_status":"open","sticky":false,"template":"","format":"standard","meta":{"_acf_changed":false,"_et_pb_use_builder":"","_et_pb_old_content":"","_et_gb_content_width":"","_joinchat":[],"footnotes":""},"categories":[52],"tags":[],"acf":[],"yoast_head":"<!-- This site is optimized with the Yoast SEO plugin v22.6 - https:\/\/yoast.com\/wordpress\/plugins\/seo\/ -->\r\n<title>Qualit\u00e9 de l&#8242;air dans l&#8242;industrie alimentaire<\/title>\r\n<meta name=\"description\" content=\"L&#8242;industrie alimentaire est l&#8242;une des plus exigeantes en termes de qualit\u00e9 de l&#8242;air. Il influe sur le confort des \u00e9quipements et \u00e9galement sur la gestion de la production.\" \/>\r\n<meta name=\"robots\" content=\"index, follow, max-snippet:-1, max-image-preview:large, max-video-preview:-1\" \/>\r\n<link rel=\"canonical\" href=\"https:\/\/www.metmann.com\/fr\/la-qualite-de-lair-dans-lindustrie-alimentaire-un-defi-pour-les-producteurs\/\" \/>\r\n<meta property=\"og:locale\" content=\"fr_FR\" \/>\r\n<meta property=\"og:type\" content=\"article\" \/>\r\n<meta property=\"og:title\" content=\"Qualit\u00e9 de l&#8242;air dans l&#8242;industrie alimentaire\" \/>\r\n<meta property=\"og:description\" content=\"L&#8242;industrie alimentaire est l&#8242;une des plus exigeantes en termes de qualit\u00e9 de l&#8242;air. Il influe sur le confort des \u00e9quipements et \u00e9galement sur la gestion de la production.\" \/>\r\n<meta property=\"og:url\" content=\"https:\/\/www.metmann.com\/fr\/la-qualite-de-lair-dans-lindustrie-alimentaire-un-defi-pour-les-producteurs\/\" \/>\r\n<meta property=\"og:site_name\" content=\"MET MANN\" \/>\r\n<meta property=\"article:published_time\" content=\"2020-08-25T00:00:00+00:00\" \/>\r\n<meta property=\"og:image\" content=\"https:\/\/www.metmann.com\/wp-content\/uploads\/2021\/09\/1600757946_Cprc-scaled.jpg\" \/>\r\n<meta name=\"author\" content=\"Marcelo Gonfar\" \/>\r\n<meta name=\"twitter:card\" content=\"summary_large_image\" \/>\r\n<meta name=\"twitter:title\" content=\"Qualit\u00e9 de l&#8242;air dans l&#8242;industrie alimentaire\" \/>\r\n<meta name=\"twitter:description\" content=\"L&#8242;industrie alimentaire est l&#8242;une des plus exigeantes en termes de qualit\u00e9 de l&#8242;air. Il influe sur le confort des \u00e9quipements et \u00e9galement sur la gestion de la production.\" \/>\r\n<meta name=\"twitter:image\" content=\"https:\/\/www.metmann.com\/wp-content\/uploads\/2021\/09\/1600757946_Cprc-scaled.jpg\" \/>\r\n<meta name=\"twitter:label1\" content=\"\u00c9crit par\" \/>\n\t<meta name=\"twitter:data1\" content=\"Marcelo Gonfar\" \/>\n\t<meta name=\"twitter:label2\" content=\"Dur\u00e9e de lecture estim\u00e9e\" \/>\n\t<meta name=\"twitter:data2\" content=\"6 minutes\" \/>\r\n<script type=\"application\/ld+json\" class=\"yoast-schema-graph\">{\"@context\":\"https:\/\/schema.org\",\"@graph\":[{\"@type\":\"Article\",\"@id\":\"https:\/\/www.metmann.com\/fr\/la-qualite-de-lair-dans-lindustrie-alimentaire-un-defi-pour-les-producteurs\/#article\",\"isPartOf\":{\"@id\":\"https:\/\/www.metmann.com\/fr\/la-qualite-de-lair-dans-lindustrie-alimentaire-un-defi-pour-les-producteurs\/\"},\"author\":{\"name\":\"Marcelo Gonfar\",\"@id\":\"https:\/\/www.metmann.com\/fr\/#\/schema\/person\/abb061f44d31128f243c7e8c9677bb01\"},\"headline\":\"La qualit\u00e9 de l&#8242;air dans l&#8242;industrie alimentaire, un d\u00e9fi pour les producteurs\",\"datePublished\":\"2020-08-25T00:00:00+00:00\",\"dateModified\":\"2020-08-25T00:00:00+00:00\",\"mainEntityOfPage\":{\"@id\":\"https:\/\/www.metmann.com\/fr\/la-qualite-de-lair-dans-lindustrie-alimentaire-un-defi-pour-les-producteurs\/\"},\"wordCount\":1276,\"commentCount\":0,\"publisher\":{\"@id\":\"https:\/\/www.metmann.com\/fr\/#organization\"},\"image\":{\"@id\":\"https:\/\/www.metmann.com\/fr\/la-qualite-de-lair-dans-lindustrie-alimentaire-un-defi-pour-les-producteurs\/#primaryimage\"},\"thumbnailUrl\":\"https:\/\/www.metmann.com\/wp-content\/uploads\/2020\/08\/400_1600757946_Cprc-e1688641279649.jpg\",\"articleSection\":[\"nouvelles\"],\"inLanguage\":\"fr-FR\",\"potentialAction\":[{\"@type\":\"CommentAction\",\"name\":\"Comment\",\"target\":[\"https:\/\/www.metmann.com\/fr\/la-qualite-de-lair-dans-lindustrie-alimentaire-un-defi-pour-les-producteurs\/#respond\"]}]},{\"@type\":\"WebPage\",\"@id\":\"https:\/\/www.metmann.com\/fr\/la-qualite-de-lair-dans-lindustrie-alimentaire-un-defi-pour-les-producteurs\/\",\"url\":\"https:\/\/www.metmann.com\/fr\/la-qualite-de-lair-dans-lindustrie-alimentaire-un-defi-pour-les-producteurs\/\",\"name\":\"Qualit\u00e9 de l&#8242;air dans l&#8242;industrie alimentaire\",\"isPartOf\":{\"@id\":\"https:\/\/www.metmann.com\/fr\/#website\"},\"primaryImageOfPage\":{\"@id\":\"https:\/\/www.metmann.com\/fr\/la-qualite-de-lair-dans-lindustrie-alimentaire-un-defi-pour-les-producteurs\/#primaryimage\"},\"image\":{\"@id\":\"https:\/\/www.metmann.com\/fr\/la-qualite-de-lair-dans-lindustrie-alimentaire-un-defi-pour-les-producteurs\/#primaryimage\"},\"thumbnailUrl\":\"https:\/\/www.metmann.com\/wp-content\/uploads\/2020\/08\/400_1600757946_Cprc-e1688641279649.jpg\",\"datePublished\":\"2020-08-25T00:00:00+00:00\",\"dateModified\":\"2020-08-25T00:00:00+00:00\",\"description\":\"L&#8242;industrie alimentaire est l&#8242;une des plus exigeantes en termes de qualit\u00e9 de l&#8242;air. Il influe sur le confort des \u00e9quipements et \u00e9galement sur la gestion de la production.\",\"breadcrumb\":{\"@id\":\"https:\/\/www.metmann.com\/fr\/la-qualite-de-lair-dans-lindustrie-alimentaire-un-defi-pour-les-producteurs\/#breadcrumb\"},\"inLanguage\":\"fr-FR\",\"potentialAction\":[{\"@type\":\"ReadAction\",\"target\":[\"https:\/\/www.metmann.com\/fr\/la-qualite-de-lair-dans-lindustrie-alimentaire-un-defi-pour-les-producteurs\/\"]}]},{\"@type\":\"ImageObject\",\"inLanguage\":\"fr-FR\",\"@id\":\"https:\/\/www.metmann.com\/fr\/la-qualite-de-lair-dans-lindustrie-alimentaire-un-defi-pour-les-producteurs\/#primaryimage\",\"url\":\"https:\/\/www.metmann.com\/wp-content\/uploads\/2020\/08\/400_1600757946_Cprc-e1688641279649.jpg\",\"contentUrl\":\"https:\/\/www.metmann.com\/wp-content\/uploads\/2020\/08\/400_1600757946_Cprc-e1688641279649.jpg\",\"width\":400,\"height\":533},{\"@type\":\"BreadcrumbList\",\"@id\":\"https:\/\/www.metmann.com\/fr\/la-qualite-de-lair-dans-lindustrie-alimentaire-un-defi-pour-les-producteurs\/#breadcrumb\",\"itemListElement\":[{\"@type\":\"ListItem\",\"position\":1,\"name\":\"Inicio\",\"item\":\"https:\/\/www.metmann.com\/fr\/\"},{\"@type\":\"ListItem\",\"position\":2,\"name\":\"nouvelles\",\"item\":\"https:\/\/www.metmann.com\/fr\/category\/nouvelles\/\"},{\"@type\":\"ListItem\",\"position\":3,\"name\":\"La qualit\u00e9 de l&#8242;air dans l&#8242;industrie alimentaire, un d\u00e9fi pour les producteurs\"}]},{\"@type\":\"WebSite\",\"@id\":\"https:\/\/www.metmann.com\/fr\/#website\",\"url\":\"https:\/\/www.metmann.com\/fr\/\",\"name\":\"MET MANN\",\"description\":\"Climatizaci\u00f3n industrial, Calefactores y Ventilaci\u00f3n para empresas\",\"publisher\":{\"@id\":\"https:\/\/www.metmann.com\/fr\/#organization\"},\"potentialAction\":[{\"@type\":\"SearchAction\",\"target\":{\"@type\":\"EntryPoint\",\"urlTemplate\":\"https:\/\/www.metmann.com\/fr\/?s={search_term_string}\"},\"query-input\":\"required name=search_term_string\"}],\"inLanguage\":\"fr-FR\"},{\"@type\":\"Organization\",\"@id\":\"https:\/\/www.metmann.com\/fr\/#organization\",\"name\":\"Met Mann\",\"url\":\"https:\/\/www.metmann.com\/fr\/\",\"logo\":{\"@type\":\"ImageObject\",\"inLanguage\":\"fr-FR\",\"@id\":\"https:\/\/www.metmann.com\/fr\/#\/schema\/logo\/image\/\",\"url\":\"https:\/\/www.metmann.com\/wp-content\/uploads\/2021\/12\/logo-color-met-mann-01.jpg\",\"contentUrl\":\"https:\/\/www.metmann.com\/wp-content\/uploads\/2021\/12\/logo-color-met-mann-01.jpg\",\"width\":351,\"height\":133,\"caption\":\"Met Mann\"},\"image\":{\"@id\":\"https:\/\/www.metmann.com\/fr\/#\/schema\/logo\/image\/\"}},{\"@type\":\"Person\",\"@id\":\"https:\/\/www.metmann.com\/fr\/#\/schema\/person\/abb061f44d31128f243c7e8c9677bb01\",\"name\":\"Marcelo Gonfar\",\"image\":{\"@type\":\"ImageObject\",\"inLanguage\":\"fr-FR\",\"@id\":\"https:\/\/www.metmann.com\/fr\/#\/schema\/person\/image\/\",\"url\":\"https:\/\/secure.gravatar.com\/avatar\/f8e37661ecf23489bf1e65088ca5cfbd?s=96&d=mm&r=g\",\"contentUrl\":\"https:\/\/secure.gravatar.com\/avatar\/f8e37661ecf23489bf1e65088ca5cfbd?s=96&d=mm&r=g\",\"caption\":\"Marcelo Gonfar\"},\"url\":\"https:\/\/www.metmann.com\/fr\/author\/produccionvisualpublinet-com\/\"}]}<\/script>\r\n<!-- \/ Yoast SEO plugin. -->","yoast_head_json":{"title":"Qualit\u00e9 de l&#8242;air dans l&#8242;industrie alimentaire","description":"L&#8242;industrie alimentaire est l&#8242;une des plus exigeantes en termes de qualit\u00e9 de l&#8242;air. Il influe sur le confort des \u00e9quipements et \u00e9galement sur la gestion de la production.","robots":{"index":"index","follow":"follow","max-snippet":"max-snippet:-1","max-image-preview":"max-image-preview:large","max-video-preview":"max-video-preview:-1"},"canonical":"https:\/\/www.metmann.com\/fr\/la-qualite-de-lair-dans-lindustrie-alimentaire-un-defi-pour-les-producteurs\/","og_locale":"fr_FR","og_type":"article","og_title":"Qualit\u00e9 de l&#8242;air dans l&#8242;industrie alimentaire","og_description":"L&#8242;industrie alimentaire est l&#8242;une des plus exigeantes en termes de qualit\u00e9 de l&#8242;air. Il influe sur le confort des \u00e9quipements et \u00e9galement sur la gestion de la production.","og_url":"https:\/\/www.metmann.com\/fr\/la-qualite-de-lair-dans-lindustrie-alimentaire-un-defi-pour-les-producteurs\/","og_site_name":"MET MANN","article_published_time":"2020-08-25T00:00:00+00:00","og_image":[{"url":"https:\/\/www.metmann.com\/wp-content\/uploads\/2021\/09\/1600757946_Cprc-scaled.jpg"}],"author":"Marcelo Gonfar","twitter_card":"summary_large_image","twitter_title":"Qualit\u00e9 de l&#8242;air dans l&#8242;industrie alimentaire","twitter_description":"L&#8242;industrie alimentaire est l&#8242;une des plus exigeantes en termes de qualit\u00e9 de l&#8242;air. Il influe sur le confort des \u00e9quipements et \u00e9galement sur la gestion de la production.","twitter_image":"https:\/\/www.metmann.com\/wp-content\/uploads\/2021\/09\/1600757946_Cprc-scaled.jpg","twitter_misc":{"\u00c9crit par":"Marcelo Gonfar","Dur\u00e9e de lecture estim\u00e9e":"6 minutes"},"schema":{"@context":"https:\/\/schema.org","@graph":[{"@type":"Article","@id":"https:\/\/www.metmann.com\/fr\/la-qualite-de-lair-dans-lindustrie-alimentaire-un-defi-pour-les-producteurs\/#article","isPartOf":{"@id":"https:\/\/www.metmann.com\/fr\/la-qualite-de-lair-dans-lindustrie-alimentaire-un-defi-pour-les-producteurs\/"},"author":{"name":"Marcelo Gonfar","@id":"https:\/\/www.metmann.com\/fr\/#\/schema\/person\/abb061f44d31128f243c7e8c9677bb01"},"headline":"La qualit\u00e9 de l&#8242;air dans l&#8242;industrie alimentaire, un d\u00e9fi pour les producteurs","datePublished":"2020-08-25T00:00:00+00:00","dateModified":"2020-08-25T00:00:00+00:00","mainEntityOfPage":{"@id":"https:\/\/www.metmann.com\/fr\/la-qualite-de-lair-dans-lindustrie-alimentaire-un-defi-pour-les-producteurs\/"},"wordCount":1276,"commentCount":0,"publisher":{"@id":"https:\/\/www.metmann.com\/fr\/#organization"},"image":{"@id":"https:\/\/www.metmann.com\/fr\/la-qualite-de-lair-dans-lindustrie-alimentaire-un-defi-pour-les-producteurs\/#primaryimage"},"thumbnailUrl":"https:\/\/www.metmann.com\/wp-content\/uploads\/2020\/08\/400_1600757946_Cprc-e1688641279649.jpg","articleSection":["nouvelles"],"inLanguage":"fr-FR","potentialAction":[{"@type":"CommentAction","name":"Comment","target":["https:\/\/www.metmann.com\/fr\/la-qualite-de-lair-dans-lindustrie-alimentaire-un-defi-pour-les-producteurs\/#respond"]}]},{"@type":"WebPage","@id":"https:\/\/www.metmann.com\/fr\/la-qualite-de-lair-dans-lindustrie-alimentaire-un-defi-pour-les-producteurs\/","url":"https:\/\/www.metmann.com\/fr\/la-qualite-de-lair-dans-lindustrie-alimentaire-un-defi-pour-les-producteurs\/","name":"Qualit\u00e9 de l&#8242;air dans l&#8242;industrie alimentaire","isPartOf":{"@id":"https:\/\/www.metmann.com\/fr\/#website"},"primaryImageOfPage":{"@id":"https:\/\/www.metmann.com\/fr\/la-qualite-de-lair-dans-lindustrie-alimentaire-un-defi-pour-les-producteurs\/#primaryimage"},"image":{"@id":"https:\/\/www.metmann.com\/fr\/la-qualite-de-lair-dans-lindustrie-alimentaire-un-defi-pour-les-producteurs\/#primaryimage"},"thumbnailUrl":"https:\/\/www.metmann.com\/wp-content\/uploads\/2020\/08\/400_1600757946_Cprc-e1688641279649.jpg","datePublished":"2020-08-25T00:00:00+00:00","dateModified":"2020-08-25T00:00:00+00:00","description":"L&#8242;industrie alimentaire est l&#8242;une des plus exigeantes en termes de qualit\u00e9 de l&#8242;air. Il influe sur le confort des \u00e9quipements et \u00e9galement sur la gestion de la production.","breadcrumb":{"@id":"https:\/\/www.metmann.com\/fr\/la-qualite-de-lair-dans-lindustrie-alimentaire-un-defi-pour-les-producteurs\/#breadcrumb"},"inLanguage":"fr-FR","potentialAction":[{"@type":"ReadAction","target":["https:\/\/www.metmann.com\/fr\/la-qualite-de-lair-dans-lindustrie-alimentaire-un-defi-pour-les-producteurs\/"]}]},{"@type":"ImageObject","inLanguage":"fr-FR","@id":"https:\/\/www.metmann.com\/fr\/la-qualite-de-lair-dans-lindustrie-alimentaire-un-defi-pour-les-producteurs\/#primaryimage","url":"https:\/\/www.metmann.com\/wp-content\/uploads\/2020\/08\/400_1600757946_Cprc-e1688641279649.jpg","contentUrl":"https:\/\/www.metmann.com\/wp-content\/uploads\/2020\/08\/400_1600757946_Cprc-e1688641279649.jpg","width":400,"height":533},{"@type":"BreadcrumbList","@id":"https:\/\/www.metmann.com\/fr\/la-qualite-de-lair-dans-lindustrie-alimentaire-un-defi-pour-les-producteurs\/#breadcrumb","itemListElement":[{"@type":"ListItem","position":1,"name":"Inicio","item":"https:\/\/www.metmann.com\/fr\/"},{"@type":"ListItem","position":2,"name":"nouvelles","item":"https:\/\/www.metmann.com\/fr\/category\/nouvelles\/"},{"@type":"ListItem","position":3,"name":"La qualit\u00e9 de l&#8242;air dans l&#8242;industrie alimentaire, un d\u00e9fi pour les producteurs"}]},{"@type":"WebSite","@id":"https:\/\/www.metmann.com\/fr\/#website","url":"https:\/\/www.metmann.com\/fr\/","name":"MET MANN","description":"Climatizaci\u00f3n industrial, Calefactores y Ventilaci\u00f3n para empresas","publisher":{"@id":"https:\/\/www.metmann.com\/fr\/#organization"},"potentialAction":[{"@type":"SearchAction","target":{"@type":"EntryPoint","urlTemplate":"https:\/\/www.metmann.com\/fr\/?s={search_term_string}"},"query-input":"required name=search_term_string"}],"inLanguage":"fr-FR"},{"@type":"Organization","@id":"https:\/\/www.metmann.com\/fr\/#organization","name":"Met Mann","url":"https:\/\/www.metmann.com\/fr\/","logo":{"@type":"ImageObject","inLanguage":"fr-FR","@id":"https:\/\/www.metmann.com\/fr\/#\/schema\/logo\/image\/","url":"https:\/\/www.metmann.com\/wp-content\/uploads\/2021\/12\/logo-color-met-mann-01.jpg","contentUrl":"https:\/\/www.metmann.com\/wp-content\/uploads\/2021\/12\/logo-color-met-mann-01.jpg","width":351,"height":133,"caption":"Met Mann"},"image":{"@id":"https:\/\/www.metmann.com\/fr\/#\/schema\/logo\/image\/"}},{"@type":"Person","@id":"https:\/\/www.metmann.com\/fr\/#\/schema\/person\/abb061f44d31128f243c7e8c9677bb01","name":"Marcelo Gonfar","image":{"@type":"ImageObject","inLanguage":"fr-FR","@id":"https:\/\/www.metmann.com\/fr\/#\/schema\/person\/image\/","url":"https:\/\/secure.gravatar.com\/avatar\/f8e37661ecf23489bf1e65088ca5cfbd?s=96&d=mm&r=g","contentUrl":"https:\/\/secure.gravatar.com\/avatar\/f8e37661ecf23489bf1e65088ca5cfbd?s=96&d=mm&r=g","caption":"Marcelo Gonfar"},"url":"https:\/\/www.metmann.com\/fr\/author\/produccionvisualpublinet-com\/"}]}},"_links":{"self":[{"href":"https:\/\/www.metmann.com\/fr\/wp-json\/wp\/v2\/posts\/2680"}],"collection":[{"href":"https:\/\/www.metmann.com\/fr\/wp-json\/wp\/v2\/posts"}],"about":[{"href":"https:\/\/www.metmann.com\/fr\/wp-json\/wp\/v2\/types\/post"}],"author":[{"embeddable":true,"href":"https:\/\/www.metmann.com\/fr\/wp-json\/wp\/v2\/users\/1"}],"replies":[{"embeddable":true,"href":"https:\/\/www.metmann.com\/fr\/wp-json\/wp\/v2\/comments?post=2680"}],"version-history":[{"count":0,"href":"https:\/\/www.metmann.com\/fr\/wp-json\/wp\/v2\/posts\/2680\/revisions"}],"wp:featuredmedia":[{"embeddable":true,"href":"https:\/\/www.metmann.com\/fr\/wp-json\/wp\/v2\/media\/21979"}],"wp:attachment":[{"href":"https:\/\/www.metmann.com\/fr\/wp-json\/wp\/v2\/media?parent=2680"}],"wp:term":[{"taxonomy":"category","embeddable":true,"href":"https:\/\/www.metmann.com\/fr\/wp-json\/wp\/v2\/categories?post=2680"},{"taxonomy":"post_tag","embeddable":true,"href":"https:\/\/www.metmann.com\/fr\/wp-json\/wp\/v2\/tags?post=2680"}],"curies":[{"name":"wp","href":"https:\/\/api.w.org\/{rel}","templated":true}]}}