{"id":2686,"date":"2020-09-24T00:00:00","date_gmt":"2020-09-24T00:00:00","guid":{"rendered":"https:\/\/metmann.com.185-176-9-81.185-176-9-81.visualpublinet.com\/liste-de-prix-des-equipements-de-climatisation-met-mann\/"},"modified":"2020-09-24T00:00:00","modified_gmt":"2020-09-24T00:00:00","slug":"liste-de-prix-des-equipements-de-climatisation-met-mann","status":"publish","type":"post","link":"https:\/\/www.metmann.com\/fr\/liste-de-prix-des-equipements-de-climatisation-met-mann\/","title":{"rendered":"Liste de prix des \u00e9quipements de climatisation MET MANN"},"content":{"rendered":"<p>MET MANN, fabricant d&#8242;&eacute;quipements de climatisation, vous informe que le nouveau tarif pour les &eacute;quipements de climatisation <br \/> &nbsp;<br \/> Dans notre liste de prix, vous trouverez des solutions de chauffage avec des g&eacute;n&eacute;rateurs d&#8242;air chaud, des syst\u00e8mes de climatisation par &eacute;vaporation, des processus de s&eacute;chage \u00e0 air chaud, des syst\u00e8mes de ventilation et des &eacute;quipements de d&eacute;shumidification de l&#8242;air.<br \/> &nbsp;<br \/> MET MANN, avec plus de 50 ans d&#8242;exp&eacute;rience dans la fabrication d&#8242;&eacute;quipements de climatisation, est l&#8242;un des principaux fabricants europ&eacute;ens de g&eacute;n&eacute;rateurs d&#8242;air chaud et de refroidisseurs &eacute;vaporatifs et est reconnu pour la qualit&eacute; et les performances de ses produits.<br \/> &nbsp;<br \/> Notre service commercial est \u00e0 votre enti\u00e8re disposition pour apporter la meilleure solution aux probl\u00e8mes de proc&eacute;d&eacute;s de climatisation, de s&eacute;chage ou de ventilation.<br \/> &nbsp;<br \/> Vous pouvez t&eacute;l&eacute;charger la liste de prix \u00e0 ce lien: <\/p>\n<div><a href=\"http:\/\/www.metmann.com\/es\/documentacion\" target=\"_blank\" rel=\"noopener\">https:\/\/www.metmann.com\/es\/documentacion<\/a> \t<\/div>\n<div> \t<\/div>\n<div>Si vous souhaitez recevoir les tarifs au format papier, il vous suffit de nous contacter au T&eacute;l. + 34 93 851 15 99 et nous vous les enverrons dans les plus brefs d&eacute;lais.<\/div>\n","protected":false},"excerpt":{"rendered":"<p>Taux d&#8242;&eacute;quipement de climatisation MARS 2021 de MET MANN<\/p>\n","protected":false},"author":1,"featured_media":538,"comment_status":"open","ping_status":"open","sticky":false,"template":"","format":"standard","meta":{"_acf_changed":false,"_et_pb_use_builder":"","_et_pb_old_content":"","_et_gb_content_width":"","_joinchat":[],"footnotes":""},"categories":[52],"tags":[],"acf":[],"yoast_head":"<!-- This site is optimized with the Yoast SEO plugin v22.6 - https:\/\/yoast.com\/wordpress\/plugins\/seo\/ -->\r\n<title>Liste de prix des \u00e9quipements de climatisation MET MANN<\/title>\r\n<meta name=\"description\" content=\"Liste de prix MET MANN pour les \u00e9quipements de climatisation par \u00e9vaporation, g\u00e9n\u00e9rateurs d&#8242;air chaud, syst\u00e8mes de ventilation, \u00e9quipements de d\u00e9shumidification de l&#8242;air.\" \/>\r\n<meta name=\"robots\" content=\"index, follow, max-snippet:-1, max-image-preview:large, max-video-preview:-1\" \/>\r\n<link rel=\"canonical\" href=\"https:\/\/www.metmann.com\/fr\/liste-de-prix-des-equipements-de-climatisation-met-mann\/\" \/>\r\n<meta property=\"og:locale\" content=\"fr_FR\" \/>\r\n<meta property=\"og:type\" content=\"article\" \/>\r\n<meta property=\"og:title\" content=\"Liste de prix des \u00e9quipements de climatisation MET MANN\" \/>\r\n<meta property=\"og:description\" content=\"Liste de prix MET MANN pour les \u00e9quipements de climatisation par \u00e9vaporation, g\u00e9n\u00e9rateurs d&#8242;air chaud, syst\u00e8mes de ventilation, \u00e9quipements de d\u00e9shumidification de l&#8242;air.\" \/>\r\n<meta property=\"og:url\" content=\"https:\/\/www.metmann.com\/fr\/liste-de-prix-des-equipements-de-climatisation-met-mann\/\" \/>\r\n<meta property=\"og:site_name\" content=\"MET MANN\" \/>\r\n<meta property=\"article:published_time\" content=\"2020-09-24T00:00:00+00:00\" \/>\r\n<meta property=\"og:image\" content=\"https:\/\/www.metmann.com\/wp-content\/uploads\/2021\/09\/1614680553_83Od.jpg\" \/>\r\n<meta name=\"author\" content=\"Marcelo Gonfar\" \/>\r\n<meta name=\"twitter:card\" content=\"summary_large_image\" \/>\r\n<meta name=\"twitter:title\" content=\"Liste de prix des \u00e9quipements de climatisation MET MANN\" \/>\r\n<meta name=\"twitter:description\" content=\"Liste de prix MET MANN pour les \u00e9quipements de climatisation par \u00e9vaporation, g\u00e9n\u00e9rateurs d&#8242;air chaud, syst\u00e8mes de ventilation, \u00e9quipements de d\u00e9shumidification de l&#8242;air.\" \/>\r\n<meta name=\"twitter:image\" content=\"https:\/\/www.metmann.com\/wp-content\/uploads\/2021\/09\/1614680553_83Od.jpg\" \/>\r\n<meta name=\"twitter:label1\" content=\"\u00c9crit par\" \/>\n\t<meta name=\"twitter:data1\" content=\"Marcelo Gonfar\" \/>\n\t<meta name=\"twitter:label2\" content=\"Dur\u00e9e de lecture estim\u00e9e\" \/>\n\t<meta name=\"twitter:data2\" content=\"1 minute\" \/>\r\n<script type=\"application\/ld+json\" class=\"yoast-schema-graph\">{\"@context\":\"https:\/\/schema.org\",\"@graph\":[{\"@type\":\"Article\",\"@id\":\"https:\/\/www.metmann.com\/fr\/liste-de-prix-des-equipements-de-climatisation-met-mann\/#article\",\"isPartOf\":{\"@id\":\"https:\/\/www.metmann.com\/fr\/liste-de-prix-des-equipements-de-climatisation-met-mann\/\"},\"author\":{\"name\":\"Marcelo Gonfar\",\"@id\":\"https:\/\/www.metmann.com\/fr\/#\/schema\/person\/abb061f44d31128f243c7e8c9677bb01\"},\"headline\":\"Liste de prix des \u00e9quipements de climatisation MET MANN\",\"datePublished\":\"2020-09-24T00:00:00+00:00\",\"dateModified\":\"2020-09-24T00:00:00+00:00\",\"mainEntityOfPage\":{\"@id\":\"https:\/\/www.metmann.com\/fr\/liste-de-prix-des-equipements-de-climatisation-met-mann\/\"},\"wordCount\":221,\"commentCount\":0,\"publisher\":{\"@id\":\"https:\/\/www.metmann.com\/fr\/#organization\"},\"image\":{\"@id\":\"https:\/\/www.metmann.com\/fr\/liste-de-prix-des-equipements-de-climatisation-met-mann\/#primaryimage\"},\"thumbnailUrl\":\"https:\/\/www.metmann.com\/wp-content\/uploads\/2021\/09\/1614680553_83Od.jpg\",\"articleSection\":[\"nouvelles\"],\"inLanguage\":\"fr-FR\",\"potentialAction\":[{\"@type\":\"CommentAction\",\"name\":\"Comment\",\"target\":[\"https:\/\/www.metmann.com\/fr\/liste-de-prix-des-equipements-de-climatisation-met-mann\/#respond\"]}]},{\"@type\":\"WebPage\",\"@id\":\"https:\/\/www.metmann.com\/fr\/liste-de-prix-des-equipements-de-climatisation-met-mann\/\",\"url\":\"https:\/\/www.metmann.com\/fr\/liste-de-prix-des-equipements-de-climatisation-met-mann\/\",\"name\":\"Liste de prix des \u00e9quipements de climatisation MET MANN\",\"isPartOf\":{\"@id\":\"https:\/\/www.metmann.com\/fr\/#website\"},\"primaryImageOfPage\":{\"@id\":\"https:\/\/www.metmann.com\/fr\/liste-de-prix-des-equipements-de-climatisation-met-mann\/#primaryimage\"},\"image\":{\"@id\":\"https:\/\/www.metmann.com\/fr\/liste-de-prix-des-equipements-de-climatisation-met-mann\/#primaryimage\"},\"thumbnailUrl\":\"https:\/\/www.metmann.com\/wp-content\/uploads\/2021\/09\/1614680553_83Od.jpg\",\"datePublished\":\"2020-09-24T00:00:00+00:00\",\"dateModified\":\"2020-09-24T00:00:00+00:00\",\"description\":\"Liste de prix MET MANN pour les \u00e9quipements de climatisation par \u00e9vaporation, g\u00e9n\u00e9rateurs d&#8242;air chaud, syst\u00e8mes de ventilation, \u00e9quipements de d\u00e9shumidification de l&#8242;air.\",\"breadcrumb\":{\"@id\":\"https:\/\/www.metmann.com\/fr\/liste-de-prix-des-equipements-de-climatisation-met-mann\/#breadcrumb\"},\"inLanguage\":\"fr-FR\",\"potentialAction\":[{\"@type\":\"ReadAction\",\"target\":[\"https:\/\/www.metmann.com\/fr\/liste-de-prix-des-equipements-de-climatisation-met-mann\/\"]}]},{\"@type\":\"ImageObject\",\"inLanguage\":\"fr-FR\",\"@id\":\"https:\/\/www.metmann.com\/fr\/liste-de-prix-des-equipements-de-climatisation-met-mann\/#primaryimage\",\"url\":\"https:\/\/www.metmann.com\/wp-content\/uploads\/2021\/09\/1614680553_83Od.jpg\",\"contentUrl\":\"https:\/\/www.metmann.com\/wp-content\/uploads\/2021\/09\/1614680553_83Od.jpg\",\"width\":600,\"height\":848},{\"@type\":\"BreadcrumbList\",\"@id\":\"https:\/\/www.metmann.com\/fr\/liste-de-prix-des-equipements-de-climatisation-met-mann\/#breadcrumb\",\"itemListElement\":[{\"@type\":\"ListItem\",\"position\":1,\"name\":\"Inicio\",\"item\":\"https:\/\/www.metmann.com\/fr\/\"},{\"@type\":\"ListItem\",\"position\":2,\"name\":\"nouvelles\",\"item\":\"https:\/\/www.metmann.com\/fr\/category\/nouvelles\/\"},{\"@type\":\"ListItem\",\"position\":3,\"name\":\"Liste de prix des \u00e9quipements de climatisation MET MANN\"}]},{\"@type\":\"WebSite\",\"@id\":\"https:\/\/www.metmann.com\/fr\/#website\",\"url\":\"https:\/\/www.metmann.com\/fr\/\",\"name\":\"MET MANN\",\"description\":\"Climatizaci\u00f3n industrial, Calefactores y Ventilaci\u00f3n para empresas\",\"publisher\":{\"@id\":\"https:\/\/www.metmann.com\/fr\/#organization\"},\"potentialAction\":[{\"@type\":\"SearchAction\",\"target\":{\"@type\":\"EntryPoint\",\"urlTemplate\":\"https:\/\/www.metmann.com\/fr\/?s={search_term_string}\"},\"query-input\":\"required name=search_term_string\"}],\"inLanguage\":\"fr-FR\"},{\"@type\":\"Organization\",\"@id\":\"https:\/\/www.metmann.com\/fr\/#organization\",\"name\":\"Met Mann\",\"url\":\"https:\/\/www.metmann.com\/fr\/\",\"logo\":{\"@type\":\"ImageObject\",\"inLanguage\":\"fr-FR\",\"@id\":\"https:\/\/www.metmann.com\/fr\/#\/schema\/logo\/image\/\",\"url\":\"https:\/\/www.metmann.com\/wp-content\/uploads\/2021\/12\/logo-color-met-mann-01.jpg\",\"contentUrl\":\"https:\/\/www.metmann.com\/wp-content\/uploads\/2021\/12\/logo-color-met-mann-01.jpg\",\"width\":351,\"height\":133,\"caption\":\"Met Mann\"},\"image\":{\"@id\":\"https:\/\/www.metmann.com\/fr\/#\/schema\/logo\/image\/\"}},{\"@type\":\"Person\",\"@id\":\"https:\/\/www.metmann.com\/fr\/#\/schema\/person\/abb061f44d31128f243c7e8c9677bb01\",\"name\":\"Marcelo Gonfar\",\"image\":{\"@type\":\"ImageObject\",\"inLanguage\":\"fr-FR\",\"@id\":\"https:\/\/www.metmann.com\/fr\/#\/schema\/person\/image\/\",\"url\":\"https:\/\/secure.gravatar.com\/avatar\/f8e37661ecf23489bf1e65088ca5cfbd?s=96&d=mm&r=g\",\"contentUrl\":\"https:\/\/secure.gravatar.com\/avatar\/f8e37661ecf23489bf1e65088ca5cfbd?s=96&d=mm&r=g\",\"caption\":\"Marcelo Gonfar\"},\"url\":\"https:\/\/www.metmann.com\/fr\/author\/produccionvisualpublinet-com\/\"}]}<\/script>\r\n<!-- \/ Yoast SEO plugin. -->","yoast_head_json":{"title":"Liste de prix des \u00e9quipements de climatisation MET MANN","description":"Liste de prix MET MANN pour les \u00e9quipements de climatisation par \u00e9vaporation, g\u00e9n\u00e9rateurs d&#8242;air chaud, syst\u00e8mes de ventilation, \u00e9quipements de d\u00e9shumidification de l&#8242;air.","robots":{"index":"index","follow":"follow","max-snippet":"max-snippet:-1","max-image-preview":"max-image-preview:large","max-video-preview":"max-video-preview:-1"},"canonical":"https:\/\/www.metmann.com\/fr\/liste-de-prix-des-equipements-de-climatisation-met-mann\/","og_locale":"fr_FR","og_type":"article","og_title":"Liste de prix des \u00e9quipements de climatisation MET MANN","og_description":"Liste de prix MET MANN pour les \u00e9quipements de climatisation par \u00e9vaporation, g\u00e9n\u00e9rateurs d&#8242;air chaud, syst\u00e8mes de ventilation, \u00e9quipements de d\u00e9shumidification de l&#8242;air.","og_url":"https:\/\/www.metmann.com\/fr\/liste-de-prix-des-equipements-de-climatisation-met-mann\/","og_site_name":"MET MANN","article_published_time":"2020-09-24T00:00:00+00:00","og_image":[{"url":"https:\/\/www.metmann.com\/wp-content\/uploads\/2021\/09\/1614680553_83Od.jpg"}],"author":"Marcelo Gonfar","twitter_card":"summary_large_image","twitter_title":"Liste de prix des \u00e9quipements de climatisation MET MANN","twitter_description":"Liste de prix MET MANN pour les \u00e9quipements de climatisation par \u00e9vaporation, g\u00e9n\u00e9rateurs d&#8242;air chaud, syst\u00e8mes de ventilation, \u00e9quipements de d\u00e9shumidification de l&#8242;air.","twitter_image":"https:\/\/www.metmann.com\/wp-content\/uploads\/2021\/09\/1614680553_83Od.jpg","twitter_misc":{"\u00c9crit par":"Marcelo Gonfar","Dur\u00e9e de lecture estim\u00e9e":"1 minute"},"schema":{"@context":"https:\/\/schema.org","@graph":[{"@type":"Article","@id":"https:\/\/www.metmann.com\/fr\/liste-de-prix-des-equipements-de-climatisation-met-mann\/#article","isPartOf":{"@id":"https:\/\/www.metmann.com\/fr\/liste-de-prix-des-equipements-de-climatisation-met-mann\/"},"author":{"name":"Marcelo Gonfar","@id":"https:\/\/www.metmann.com\/fr\/#\/schema\/person\/abb061f44d31128f243c7e8c9677bb01"},"headline":"Liste de prix des \u00e9quipements de climatisation MET MANN","datePublished":"2020-09-24T00:00:00+00:00","dateModified":"2020-09-24T00:00:00+00:00","mainEntityOfPage":{"@id":"https:\/\/www.metmann.com\/fr\/liste-de-prix-des-equipements-de-climatisation-met-mann\/"},"wordCount":221,"commentCount":0,"publisher":{"@id":"https:\/\/www.metmann.com\/fr\/#organization"},"image":{"@id":"https:\/\/www.metmann.com\/fr\/liste-de-prix-des-equipements-de-climatisation-met-mann\/#primaryimage"},"thumbnailUrl":"https:\/\/www.metmann.com\/wp-content\/uploads\/2021\/09\/1614680553_83Od.jpg","articleSection":["nouvelles"],"inLanguage":"fr-FR","potentialAction":[{"@type":"CommentAction","name":"Comment","target":["https:\/\/www.metmann.com\/fr\/liste-de-prix-des-equipements-de-climatisation-met-mann\/#respond"]}]},{"@type":"WebPage","@id":"https:\/\/www.metmann.com\/fr\/liste-de-prix-des-equipements-de-climatisation-met-mann\/","url":"https:\/\/www.metmann.com\/fr\/liste-de-prix-des-equipements-de-climatisation-met-mann\/","name":"Liste de prix des \u00e9quipements de climatisation MET MANN","isPartOf":{"@id":"https:\/\/www.metmann.com\/fr\/#website"},"primaryImageOfPage":{"@id":"https:\/\/www.metmann.com\/fr\/liste-de-prix-des-equipements-de-climatisation-met-mann\/#primaryimage"},"image":{"@id":"https:\/\/www.metmann.com\/fr\/liste-de-prix-des-equipements-de-climatisation-met-mann\/#primaryimage"},"thumbnailUrl":"https:\/\/www.metmann.com\/wp-content\/uploads\/2021\/09\/1614680553_83Od.jpg","datePublished":"2020-09-24T00:00:00+00:00","dateModified":"2020-09-24T00:00:00+00:00","description":"Liste de prix MET MANN pour les \u00e9quipements de climatisation par \u00e9vaporation, g\u00e9n\u00e9rateurs d&#8242;air chaud, syst\u00e8mes de ventilation, \u00e9quipements de d\u00e9shumidification de l&#8242;air.","breadcrumb":{"@id":"https:\/\/www.metmann.com\/fr\/liste-de-prix-des-equipements-de-climatisation-met-mann\/#breadcrumb"},"inLanguage":"fr-FR","potentialAction":[{"@type":"ReadAction","target":["https:\/\/www.metmann.com\/fr\/liste-de-prix-des-equipements-de-climatisation-met-mann\/"]}]},{"@type":"ImageObject","inLanguage":"fr-FR","@id":"https:\/\/www.metmann.com\/fr\/liste-de-prix-des-equipements-de-climatisation-met-mann\/#primaryimage","url":"https:\/\/www.metmann.com\/wp-content\/uploads\/2021\/09\/1614680553_83Od.jpg","contentUrl":"https:\/\/www.metmann.com\/wp-content\/uploads\/2021\/09\/1614680553_83Od.jpg","width":600,"height":848},{"@type":"BreadcrumbList","@id":"https:\/\/www.metmann.com\/fr\/liste-de-prix-des-equipements-de-climatisation-met-mann\/#breadcrumb","itemListElement":[{"@type":"ListItem","position":1,"name":"Inicio","item":"https:\/\/www.metmann.com\/fr\/"},{"@type":"ListItem","position":2,"name":"nouvelles","item":"https:\/\/www.metmann.com\/fr\/category\/nouvelles\/"},{"@type":"ListItem","position":3,"name":"Liste de prix des \u00e9quipements de climatisation MET MANN"}]},{"@type":"WebSite","@id":"https:\/\/www.metmann.com\/fr\/#website","url":"https:\/\/www.metmann.com\/fr\/","name":"MET MANN","description":"Climatizaci\u00f3n industrial, Calefactores y Ventilaci\u00f3n para empresas","publisher":{"@id":"https:\/\/www.metmann.com\/fr\/#organization"},"potentialAction":[{"@type":"SearchAction","target":{"@type":"EntryPoint","urlTemplate":"https:\/\/www.metmann.com\/fr\/?s={search_term_string}"},"query-input":"required name=search_term_string"}],"inLanguage":"fr-FR"},{"@type":"Organization","@id":"https:\/\/www.metmann.com\/fr\/#organization","name":"Met Mann","url":"https:\/\/www.metmann.com\/fr\/","logo":{"@type":"ImageObject","inLanguage":"fr-FR","@id":"https:\/\/www.metmann.com\/fr\/#\/schema\/logo\/image\/","url":"https:\/\/www.metmann.com\/wp-content\/uploads\/2021\/12\/logo-color-met-mann-01.jpg","contentUrl":"https:\/\/www.metmann.com\/wp-content\/uploads\/2021\/12\/logo-color-met-mann-01.jpg","width":351,"height":133,"caption":"Met Mann"},"image":{"@id":"https:\/\/www.metmann.com\/fr\/#\/schema\/logo\/image\/"}},{"@type":"Person","@id":"https:\/\/www.metmann.com\/fr\/#\/schema\/person\/abb061f44d31128f243c7e8c9677bb01","name":"Marcelo Gonfar","image":{"@type":"ImageObject","inLanguage":"fr-FR","@id":"https:\/\/www.metmann.com\/fr\/#\/schema\/person\/image\/","url":"https:\/\/secure.gravatar.com\/avatar\/f8e37661ecf23489bf1e65088ca5cfbd?s=96&d=mm&r=g","contentUrl":"https:\/\/secure.gravatar.com\/avatar\/f8e37661ecf23489bf1e65088ca5cfbd?s=96&d=mm&r=g","caption":"Marcelo Gonfar"},"url":"https:\/\/www.metmann.com\/fr\/author\/produccionvisualpublinet-com\/"}]}},"_links":{"self":[{"href":"https:\/\/www.metmann.com\/fr\/wp-json\/wp\/v2\/posts\/2686"}],"collection":[{"href":"https:\/\/www.metmann.com\/fr\/wp-json\/wp\/v2\/posts"}],"about":[{"href":"https:\/\/www.metmann.com\/fr\/wp-json\/wp\/v2\/types\/post"}],"author":[{"embeddable":true,"href":"https:\/\/www.metmann.com\/fr\/wp-json\/wp\/v2\/users\/1"}],"replies":[{"embeddable":true,"href":"https:\/\/www.metmann.com\/fr\/wp-json\/wp\/v2\/comments?post=2686"}],"version-history":[{"count":0,"href":"https:\/\/www.metmann.com\/fr\/wp-json\/wp\/v2\/posts\/2686\/revisions"}],"wp:featuredmedia":[{"embeddable":true,"href":"https:\/\/www.metmann.com\/fr\/wp-json\/wp\/v2\/media\/538"}],"wp:attachment":[{"href":"https:\/\/www.metmann.com\/fr\/wp-json\/wp\/v2\/media?parent=2686"}],"wp:term":[{"taxonomy":"category","embeddable":true,"href":"https:\/\/www.metmann.com\/fr\/wp-json\/wp\/v2\/categories?post=2686"},{"taxonomy":"post_tag","embeddable":true,"href":"https:\/\/www.metmann.com\/fr\/wp-json\/wp\/v2\/tags?post=2686"}],"curies":[{"name":"wp","href":"https:\/\/api.w.org\/{rel}","templated":true}]}}