{"id":33626,"date":"2025-07-30T11:30:23","date_gmt":"2025-07-30T09:30:23","guid":{"rendered":"https:\/\/www.metmann.com\/chauffage-des-serres-avec-des-generateurs-dair-chaud-met-mann\/"},"modified":"2025-07-30T11:30:23","modified_gmt":"2025-07-30T09:30:23","slug":"chauffage-des-serres-avec-des-generateurs-dair-chaud-met-mann","status":"publish","type":"post","link":"https:\/\/www.metmann.com\/fr\/chauffage-des-serres-avec-des-generateurs-dair-chaud-met-mann\/","title":{"rendered":"Chauffage des serres avec des g\u00e9n\u00e9rateurs d&rsquo;air chaud MET MANN"},"content":{"rendered":"<p>Chez MET MANN, nous pr\u00e9sentons une installation r\u00e9cente de g\u00e9n\u00e9rateurs d&rsquo;air chaud dans un complexe de serres de 1,5 hectare (15\u00a0000 m\u00b2) situ\u00e9 au Portugal.<\/p>\n<p><strong>Installation de g\u00e9n\u00e9rateurs mod\u00e8le MM-350-G<\/strong><\/p>\n<p>Afin de garantir des conditions thermiques id\u00e9ales pendant les mois les plus froids, huit g\u00e9n\u00e9rateurs d&rsquo;air chaud MET MANN mod\u00e8le MM-350-G ont \u00e9t\u00e9 install\u00e9s. Ils sont \u00e9quip\u00e9s de br\u00fbleurs au gaz propane et de buses rotatives, optimisant ainsi la distribution de l&rsquo;air chaud sur toute la surface de la serre.<\/p>\n<p><strong>Caract\u00e9ristiques techniques du mod\u00e8le MM-350-G<\/strong><\/p>\n<p>\u2022 Puissance nominale\u00a0: 350 kW<br \/>\u2022 Rendement thermique\u00a0: 92\u00a0%<br \/>\u2022 D\u00e9bit d&rsquo;air\u00a0: 25\u00a0500 m\u00b3\/h<br \/>\u2022 Pression statique disponible\u00a0: 120 Pa<br \/>\u2022 Diff\u00e9rence thermique\u00a0: 34\u00a0\u00b0C<br \/>\u2022 Puissance \u00e9lectrique\u00a0: 5,5 kW<\/p>\n<p><strong>Haute efficacit\u00e9 pour les climats froids<\/strong><\/p>\n<p>Le chauffage des serres exige des solutions rapides, efficaces et fiables. Les g\u00e9n\u00e9rateurs d&rsquo;air chaud MET MANN peuvent exploiter 92 % de la chaleur produite, r\u00e9duisant ainsi les pertes \u00e9nerg\u00e9tiques associ\u00e9es aux autres syst\u00e8mes.<br \/>Cela fait de nos g\u00e9n\u00e9rateurs une solution efficace pour prot\u00e9ger les cultures des basses temp\u00e9ratures automnales et hivernales.<\/p>\n<p><strong>Large gamme de solutions de chauffage<\/strong><\/p>\n<p>Chez MET MANN, nous proposons une gamme compl\u00e8te de g\u00e9n\u00e9rateurs d&rsquo;air chaud d&rsquo;une puissance allant de 43 kW \u00e0 500 kW, adapt\u00e9s \u00e0 diff\u00e9rents besoins et sources d&rsquo;\u00e9nergie\u00a0:<\/p>\n<p>\u2022 Fonctionnement au diesel, au gaz naturel ou au GPL<br \/>\u2022 Mod\u00e8les disponibles pour les granul\u00e9s de biomasse<br \/>\u2022 Po\u00eales \u00e0 bois \u00e0 chargement manuel pour les applications plus traditionnelles<\/p>\n","protected":false},"excerpt":{"rendered":"<p>Chez MET MANN, nous pr\u00e9sentons une installation r\u00e9cente de g\u00e9n\u00e9rateurs d&rsquo;air chaud dans un complexe de serres de 1,5 hectare (15\u00a0000 m\u00b2) situ\u00e9 au Portugal. Installation de g\u00e9n\u00e9rateurs mod\u00e8le MM-350-G Afin de garantir des conditions thermiques id\u00e9ales pendant les mois les plus froids, huit g\u00e9n\u00e9rateurs d&rsquo;air chaud MET MANN mod\u00e8le MM-350-G ont \u00e9t\u00e9 install\u00e9s. Ils [&hellip;]<\/p>\n","protected":false},"author":4,"featured_media":33655,"comment_status":"closed","ping_status":"open","sticky":false,"template":"","format":"standard","meta":{"_acf_changed":false,"_et_pb_use_builder":"off","_et_pb_old_content":"","_et_gb_content_width":"","_joinchat":[],"footnotes":""},"categories":[52],"tags":[],"acf":[],"yoast_head":"<!-- This site is optimized with the Yoast SEO plugin v22.6 - https:\/\/yoast.com\/wordpress\/plugins\/seo\/ -->\r\n<title>Chauffage des serres avec des g\u00e9n\u00e9rateurs d&#039;air chaud MET MANN | MET MANN<\/title>\r\n<meta name=\"description\" content=\"Chez MET MANN, nous pr\u00e9sentons une installation r\u00e9cente de g\u00e9n\u00e9rateurs d&#039;air chaud dans un complexe de serres de 1,5 hectare (15\u00a0000 m\u00b2) situ\u00e9 au Portugal.\" \/>\r\n<meta name=\"robots\" content=\"index, follow, max-snippet:-1, max-image-preview:large, max-video-preview:-1\" \/>\r\n<link rel=\"canonical\" href=\"https:\/\/www.metmann.com\/fr\/chauffage-des-serres-avec-des-generateurs-dair-chaud-met-mann\/\" \/>\r\n<meta property=\"og:locale\" content=\"fr_FR\" \/>\r\n<meta property=\"og:type\" content=\"article\" \/>\r\n<meta property=\"og:title\" content=\"Chauffage des serres avec des g\u00e9n\u00e9rateurs d&#039;air chaud MET MANN | MET MANN\" \/>\r\n<meta property=\"og:description\" content=\"Chez MET MANN, nous pr\u00e9sentons une installation r\u00e9cente de g\u00e9n\u00e9rateurs d&#039;air chaud dans un complexe de serres de 1,5 hectare (15\u00a0000 m\u00b2) situ\u00e9 au Portugal.\" \/>\r\n<meta property=\"og:url\" content=\"https:\/\/www.metmann.com\/fr\/chauffage-des-serres-avec-des-generateurs-dair-chaud-met-mann\/\" \/>\r\n<meta property=\"og:site_name\" content=\"MET MANN\" \/>\r\n<meta property=\"article:published_time\" content=\"2025-07-30T09:30:23+00:00\" \/>\r\n<meta name=\"author\" content=\"Jaume Costa\" \/>\r\n<meta name=\"twitter:card\" content=\"summary_large_image\" \/>\r\n<meta name=\"twitter:label1\" content=\"\u00c9crit par\" \/>\n\t<meta name=\"twitter:data1\" content=\"Jaume Costa\" \/>\n\t<meta name=\"twitter:label2\" content=\"Dur\u00e9e de lecture estim\u00e9e\" \/>\n\t<meta name=\"twitter:data2\" content=\"1 minute\" \/>\r\n<script type=\"application\/ld+json\" class=\"yoast-schema-graph\">{\"@context\":\"https:\/\/schema.org\",\"@graph\":[{\"@type\":\"Article\",\"@id\":\"https:\/\/www.metmann.com\/fr\/chauffage-des-serres-avec-des-generateurs-dair-chaud-met-mann\/#article\",\"isPartOf\":{\"@id\":\"https:\/\/www.metmann.com\/fr\/chauffage-des-serres-avec-des-generateurs-dair-chaud-met-mann\/\"},\"author\":{\"name\":\"Jaume Costa\",\"@id\":\"https:\/\/www.metmann.com\/fr\/#\/schema\/person\/3aea8279a6930c1705ef1fead0166f61\"},\"headline\":\"Chauffage des serres avec des g\u00e9n\u00e9rateurs d&rsquo;air chaud MET MANN\",\"datePublished\":\"2025-07-30T09:30:23+00:00\",\"dateModified\":\"2025-07-30T09:30:23+00:00\",\"mainEntityOfPage\":{\"@id\":\"https:\/\/www.metmann.com\/fr\/chauffage-des-serres-avec-des-generateurs-dair-chaud-met-mann\/\"},\"wordCount\":265,\"publisher\":{\"@id\":\"https:\/\/www.metmann.com\/fr\/#organization\"},\"image\":{\"@id\":\"https:\/\/www.metmann.com\/fr\/chauffage-des-serres-avec-des-generateurs-dair-chaud-met-mann\/#primaryimage\"},\"thumbnailUrl\":\"https:\/\/www.metmann.com\/wp-content\/uploads\/2025\/07\/0008.jpg\",\"articleSection\":[\"nouvelles\"],\"inLanguage\":\"fr-FR\"},{\"@type\":\"WebPage\",\"@id\":\"https:\/\/www.metmann.com\/fr\/chauffage-des-serres-avec-des-generateurs-dair-chaud-met-mann\/\",\"url\":\"https:\/\/www.metmann.com\/fr\/chauffage-des-serres-avec-des-generateurs-dair-chaud-met-mann\/\",\"name\":\"Chauffage des serres avec des g\u00e9n\u00e9rateurs d'air chaud MET MANN | MET MANN\",\"isPartOf\":{\"@id\":\"https:\/\/www.metmann.com\/fr\/#website\"},\"primaryImageOfPage\":{\"@id\":\"https:\/\/www.metmann.com\/fr\/chauffage-des-serres-avec-des-generateurs-dair-chaud-met-mann\/#primaryimage\"},\"image\":{\"@id\":\"https:\/\/www.metmann.com\/fr\/chauffage-des-serres-avec-des-generateurs-dair-chaud-met-mann\/#primaryimage\"},\"thumbnailUrl\":\"https:\/\/www.metmann.com\/wp-content\/uploads\/2025\/07\/0008.jpg\",\"datePublished\":\"2025-07-30T09:30:23+00:00\",\"dateModified\":\"2025-07-30T09:30:23+00:00\",\"description\":\"Chez MET MANN, nous pr\u00e9sentons une installation r\u00e9cente de g\u00e9n\u00e9rateurs d'air chaud dans un complexe de serres de 1,5 hectare (15\u00a0000 m\u00b2) situ\u00e9 au Portugal.\",\"breadcrumb\":{\"@id\":\"https:\/\/www.metmann.com\/fr\/chauffage-des-serres-avec-des-generateurs-dair-chaud-met-mann\/#breadcrumb\"},\"inLanguage\":\"fr-FR\",\"potentialAction\":[{\"@type\":\"ReadAction\",\"target\":[\"https:\/\/www.metmann.com\/fr\/chauffage-des-serres-avec-des-generateurs-dair-chaud-met-mann\/\"]}]},{\"@type\":\"ImageObject\",\"inLanguage\":\"fr-FR\",\"@id\":\"https:\/\/www.metmann.com\/fr\/chauffage-des-serres-avec-des-generateurs-dair-chaud-met-mann\/#primaryimage\",\"url\":\"https:\/\/www.metmann.com\/wp-content\/uploads\/2025\/07\/0008.jpg\",\"contentUrl\":\"https:\/\/www.metmann.com\/wp-content\/uploads\/2025\/07\/0008.jpg\",\"width\":2048,\"height\":1152},{\"@type\":\"BreadcrumbList\",\"@id\":\"https:\/\/www.metmann.com\/fr\/chauffage-des-serres-avec-des-generateurs-dair-chaud-met-mann\/#breadcrumb\",\"itemListElement\":[{\"@type\":\"ListItem\",\"position\":1,\"name\":\"Inicio\",\"item\":\"https:\/\/www.metmann.com\/fr\/\"},{\"@type\":\"ListItem\",\"position\":2,\"name\":\"Blog\/Actualit\u00e9s\",\"item\":\"https:\/\/www.metmann.com\/fr\/category\/blog-actualites\/\"},{\"@type\":\"ListItem\",\"position\":3,\"name\":\"Chauffage des serres avec des g\u00e9n\u00e9rateurs d&rsquo;air chaud MET MANN\"}]},{\"@type\":\"WebSite\",\"@id\":\"https:\/\/www.metmann.com\/fr\/#website\",\"url\":\"https:\/\/www.metmann.com\/fr\/\",\"name\":\"MET MANN\",\"description\":\"Climatizaci\u00f3n industrial, Calefactores y Ventilaci\u00f3n para empresas\",\"publisher\":{\"@id\":\"https:\/\/www.metmann.com\/fr\/#organization\"},\"potentialAction\":[{\"@type\":\"SearchAction\",\"target\":{\"@type\":\"EntryPoint\",\"urlTemplate\":\"https:\/\/www.metmann.com\/fr\/?s={search_term_string}\"},\"query-input\":\"required name=search_term_string\"}],\"inLanguage\":\"fr-FR\"},{\"@type\":\"Organization\",\"@id\":\"https:\/\/www.metmann.com\/fr\/#organization\",\"name\":\"Met Mann\",\"url\":\"https:\/\/www.metmann.com\/fr\/\",\"logo\":{\"@type\":\"ImageObject\",\"inLanguage\":\"fr-FR\",\"@id\":\"https:\/\/www.metmann.com\/fr\/#\/schema\/logo\/image\/\",\"url\":\"https:\/\/www.metmann.com\/wp-content\/uploads\/2021\/12\/logo-color-met-mann-01.jpg\",\"contentUrl\":\"https:\/\/www.metmann.com\/wp-content\/uploads\/2021\/12\/logo-color-met-mann-01.jpg\",\"width\":351,\"height\":133,\"caption\":\"Met Mann\"},\"image\":{\"@id\":\"https:\/\/www.metmann.com\/fr\/#\/schema\/logo\/image\/\"}},{\"@type\":\"Person\",\"@id\":\"https:\/\/www.metmann.com\/fr\/#\/schema\/person\/3aea8279a6930c1705ef1fead0166f61\",\"name\":\"Jaume Costa\",\"image\":{\"@type\":\"ImageObject\",\"inLanguage\":\"fr-FR\",\"@id\":\"https:\/\/www.metmann.com\/fr\/#\/schema\/person\/image\/\",\"url\":\"https:\/\/secure.gravatar.com\/avatar\/b4af0c9ea1894d51fcbb764d735303db?s=96&d=mm&r=g\",\"contentUrl\":\"https:\/\/secure.gravatar.com\/avatar\/b4af0c9ea1894d51fcbb764d735303db?s=96&d=mm&r=g\",\"caption\":\"Jaume Costa\"},\"url\":\"https:\/\/www.metmann.com\/fr\/author\/jcostametmann-com\/\"}]}<\/script>\r\n<!-- \/ Yoast SEO plugin. -->","yoast_head_json":{"title":"Chauffage des serres avec des g\u00e9n\u00e9rateurs d'air chaud MET MANN | MET MANN","description":"Chez MET MANN, nous pr\u00e9sentons une installation r\u00e9cente de g\u00e9n\u00e9rateurs d'air chaud dans un complexe de serres de 1,5 hectare (15\u00a0000 m\u00b2) situ\u00e9 au Portugal.","robots":{"index":"index","follow":"follow","max-snippet":"max-snippet:-1","max-image-preview":"max-image-preview:large","max-video-preview":"max-video-preview:-1"},"canonical":"https:\/\/www.metmann.com\/fr\/chauffage-des-serres-avec-des-generateurs-dair-chaud-met-mann\/","og_locale":"fr_FR","og_type":"article","og_title":"Chauffage des serres avec des g\u00e9n\u00e9rateurs d'air chaud MET MANN | MET MANN","og_description":"Chez MET MANN, nous pr\u00e9sentons une installation r\u00e9cente de g\u00e9n\u00e9rateurs d'air chaud dans un complexe de serres de 1,5 hectare (15\u00a0000 m\u00b2) situ\u00e9 au Portugal.","og_url":"https:\/\/www.metmann.com\/fr\/chauffage-des-serres-avec-des-generateurs-dair-chaud-met-mann\/","og_site_name":"MET MANN","article_published_time":"2025-07-30T09:30:23+00:00","author":"Jaume Costa","twitter_card":"summary_large_image","twitter_misc":{"\u00c9crit par":"Jaume Costa","Dur\u00e9e de lecture estim\u00e9e":"1 minute"},"schema":{"@context":"https:\/\/schema.org","@graph":[{"@type":"Article","@id":"https:\/\/www.metmann.com\/fr\/chauffage-des-serres-avec-des-generateurs-dair-chaud-met-mann\/#article","isPartOf":{"@id":"https:\/\/www.metmann.com\/fr\/chauffage-des-serres-avec-des-generateurs-dair-chaud-met-mann\/"},"author":{"name":"Jaume Costa","@id":"https:\/\/www.metmann.com\/fr\/#\/schema\/person\/3aea8279a6930c1705ef1fead0166f61"},"headline":"Chauffage des serres avec des g\u00e9n\u00e9rateurs d&rsquo;air chaud MET MANN","datePublished":"2025-07-30T09:30:23+00:00","dateModified":"2025-07-30T09:30:23+00:00","mainEntityOfPage":{"@id":"https:\/\/www.metmann.com\/fr\/chauffage-des-serres-avec-des-generateurs-dair-chaud-met-mann\/"},"wordCount":265,"publisher":{"@id":"https:\/\/www.metmann.com\/fr\/#organization"},"image":{"@id":"https:\/\/www.metmann.com\/fr\/chauffage-des-serres-avec-des-generateurs-dair-chaud-met-mann\/#primaryimage"},"thumbnailUrl":"https:\/\/www.metmann.com\/wp-content\/uploads\/2025\/07\/0008.jpg","articleSection":["nouvelles"],"inLanguage":"fr-FR"},{"@type":"WebPage","@id":"https:\/\/www.metmann.com\/fr\/chauffage-des-serres-avec-des-generateurs-dair-chaud-met-mann\/","url":"https:\/\/www.metmann.com\/fr\/chauffage-des-serres-avec-des-generateurs-dair-chaud-met-mann\/","name":"Chauffage des serres avec des g\u00e9n\u00e9rateurs d'air chaud MET MANN | MET MANN","isPartOf":{"@id":"https:\/\/www.metmann.com\/fr\/#website"},"primaryImageOfPage":{"@id":"https:\/\/www.metmann.com\/fr\/chauffage-des-serres-avec-des-generateurs-dair-chaud-met-mann\/#primaryimage"},"image":{"@id":"https:\/\/www.metmann.com\/fr\/chauffage-des-serres-avec-des-generateurs-dair-chaud-met-mann\/#primaryimage"},"thumbnailUrl":"https:\/\/www.metmann.com\/wp-content\/uploads\/2025\/07\/0008.jpg","datePublished":"2025-07-30T09:30:23+00:00","dateModified":"2025-07-30T09:30:23+00:00","description":"Chez MET MANN, nous pr\u00e9sentons une installation r\u00e9cente de g\u00e9n\u00e9rateurs d'air chaud dans un complexe de serres de 1,5 hectare (15\u00a0000 m\u00b2) situ\u00e9 au Portugal.","breadcrumb":{"@id":"https:\/\/www.metmann.com\/fr\/chauffage-des-serres-avec-des-generateurs-dair-chaud-met-mann\/#breadcrumb"},"inLanguage":"fr-FR","potentialAction":[{"@type":"ReadAction","target":["https:\/\/www.metmann.com\/fr\/chauffage-des-serres-avec-des-generateurs-dair-chaud-met-mann\/"]}]},{"@type":"ImageObject","inLanguage":"fr-FR","@id":"https:\/\/www.metmann.com\/fr\/chauffage-des-serres-avec-des-generateurs-dair-chaud-met-mann\/#primaryimage","url":"https:\/\/www.metmann.com\/wp-content\/uploads\/2025\/07\/0008.jpg","contentUrl":"https:\/\/www.metmann.com\/wp-content\/uploads\/2025\/07\/0008.jpg","width":2048,"height":1152},{"@type":"BreadcrumbList","@id":"https:\/\/www.metmann.com\/fr\/chauffage-des-serres-avec-des-generateurs-dair-chaud-met-mann\/#breadcrumb","itemListElement":[{"@type":"ListItem","position":1,"name":"Inicio","item":"https:\/\/www.metmann.com\/fr\/"},{"@type":"ListItem","position":2,"name":"Blog\/Actualit\u00e9s","item":"https:\/\/www.metmann.com\/fr\/category\/blog-actualites\/"},{"@type":"ListItem","position":3,"name":"Chauffage des serres avec des g\u00e9n\u00e9rateurs d&rsquo;air chaud MET MANN"}]},{"@type":"WebSite","@id":"https:\/\/www.metmann.com\/fr\/#website","url":"https:\/\/www.metmann.com\/fr\/","name":"MET MANN","description":"Climatizaci\u00f3n industrial, Calefactores y Ventilaci\u00f3n para empresas","publisher":{"@id":"https:\/\/www.metmann.com\/fr\/#organization"},"potentialAction":[{"@type":"SearchAction","target":{"@type":"EntryPoint","urlTemplate":"https:\/\/www.metmann.com\/fr\/?s={search_term_string}"},"query-input":"required name=search_term_string"}],"inLanguage":"fr-FR"},{"@type":"Organization","@id":"https:\/\/www.metmann.com\/fr\/#organization","name":"Met Mann","url":"https:\/\/www.metmann.com\/fr\/","logo":{"@type":"ImageObject","inLanguage":"fr-FR","@id":"https:\/\/www.metmann.com\/fr\/#\/schema\/logo\/image\/","url":"https:\/\/www.metmann.com\/wp-content\/uploads\/2021\/12\/logo-color-met-mann-01.jpg","contentUrl":"https:\/\/www.metmann.com\/wp-content\/uploads\/2021\/12\/logo-color-met-mann-01.jpg","width":351,"height":133,"caption":"Met Mann"},"image":{"@id":"https:\/\/www.metmann.com\/fr\/#\/schema\/logo\/image\/"}},{"@type":"Person","@id":"https:\/\/www.metmann.com\/fr\/#\/schema\/person\/3aea8279a6930c1705ef1fead0166f61","name":"Jaume Costa","image":{"@type":"ImageObject","inLanguage":"fr-FR","@id":"https:\/\/www.metmann.com\/fr\/#\/schema\/person\/image\/","url":"https:\/\/secure.gravatar.com\/avatar\/b4af0c9ea1894d51fcbb764d735303db?s=96&d=mm&r=g","contentUrl":"https:\/\/secure.gravatar.com\/avatar\/b4af0c9ea1894d51fcbb764d735303db?s=96&d=mm&r=g","caption":"Jaume Costa"},"url":"https:\/\/www.metmann.com\/fr\/author\/jcostametmann-com\/"}]}},"_links":{"self":[{"href":"https:\/\/www.metmann.com\/fr\/wp-json\/wp\/v2\/posts\/33626"}],"collection":[{"href":"https:\/\/www.metmann.com\/fr\/wp-json\/wp\/v2\/posts"}],"about":[{"href":"https:\/\/www.metmann.com\/fr\/wp-json\/wp\/v2\/types\/post"}],"author":[{"embeddable":true,"href":"https:\/\/www.metmann.com\/fr\/wp-json\/wp\/v2\/users\/4"}],"replies":[{"embeddable":true,"href":"https:\/\/www.metmann.com\/fr\/wp-json\/wp\/v2\/comments?post=33626"}],"version-history":[{"count":0,"href":"https:\/\/www.metmann.com\/fr\/wp-json\/wp\/v2\/posts\/33626\/revisions"}],"wp:featuredmedia":[{"embeddable":true,"href":"https:\/\/www.metmann.com\/fr\/wp-json\/wp\/v2\/media\/33655"}],"wp:attachment":[{"href":"https:\/\/www.metmann.com\/fr\/wp-json\/wp\/v2\/media?parent=33626"}],"wp:term":[{"taxonomy":"category","embeddable":true,"href":"https:\/\/www.metmann.com\/fr\/wp-json\/wp\/v2\/categories?post=33626"},{"taxonomy":"post_tag","embeddable":true,"href":"https:\/\/www.metmann.com\/fr\/wp-json\/wp\/v2\/tags?post=33626"}],"curies":[{"name":"wp","href":"https:\/\/api.w.org\/{rel}","templated":true}]}}