{"id":34069,"date":"2025-10-30T12:40:26","date_gmt":"2025-10-30T11:40:26","guid":{"rendered":"https:\/\/www.metmann.com\/chauffage-dans-les-elevages-avicoles-avec-les-generateurs-dair-chaud-met-mann\/"},"modified":"2025-10-30T12:40:26","modified_gmt":"2025-10-30T11:40:26","slug":"chauffage-dans-les-elevages-avicoles-avec-les-generateurs-dair-chaud-met-mann","status":"publish","type":"post","link":"https:\/\/www.metmann.com\/fr\/chauffage-dans-les-elevages-avicoles-avec-les-generateurs-dair-chaud-met-mann\/","title":{"rendered":"Chauffage dans les \u00e9levages avicoles avec les g\u00e9n\u00e9rateurs d\u2019air chaud MET MANN"},"content":{"rendered":"<p>Plusieurs unit\u00e9s du mod\u00e8le <strong>AM-125<\/strong> ont r\u00e9cemment \u00e9t\u00e9 install\u00e9es dans des <strong>\u00e9levages avicoles destin\u00e9s \u00e0 la production de poulets de chair<\/strong>, assurant un environnement thermique optimal d\u00e8s les premi\u00e8res \u00e9tapes de croissance.<\/p>\n<p>Dans les exploitations avicoles, le <strong>chauffage joue un r\u00f4le essentiel dans le bien-\u00eatre et le d\u00e9veloppement des volailles<\/strong>. Durant les premiers jours de vie, les poussins ne peuvent pas encore r\u00e9guler leur temp\u00e9rature corporelle et n\u00e9cessitent donc un environnement stable, avec des temp\u00e9ratures avoisinant 30 \u00b0C. Le maintien d\u2019une chaleur homog\u00e8ne dans tout le b\u00e2timent permet d\u2019\u00e9viter le stress thermique, d\u2019am\u00e9liorer la conversion alimentaire et de r\u00e9duire la mortalit\u00e9.<\/p>\n<p>Les <strong>g\u00e9n\u00e9rateurs d\u2019air chaud MET MANN<\/strong> offrent une solution efficace, fiable et facile \u00e0 entretenir pour ce type d\u2019installation. Ces \u00e9quipements permettent <strong>d\u2019atteindre rapidement la temp\u00e9rature souhait\u00e9e<\/strong> et de <strong>distribuer la chaleur de mani\u00e8re uniforme<\/strong> dans toute la structure. Leur haut rendement \u00e9nerg\u00e9tique contribue \u00e9galement \u00e0 <strong>r\u00e9duire les co\u00fbts d\u2019exploitation<\/strong> et \u00e0 am\u00e9liorer la durabilit\u00e9 de l\u2019exploitation agricole.<\/p>\n<p>La <strong>gamme AM de MET MANN<\/strong> s\u2019est impos\u00e9e comme l\u2019une des options les plus <strong>robustes et \u00e9conomiques<\/strong> du march\u00e9, adapt\u00e9e non seulement aux \u00e9levages avicoles, mais aussi aux <strong>serres, exploitations d\u2019\u00e9levage et environnements industriels<\/strong> n\u00e9cessitant un chauffage constant et s\u00e9curis\u00e9.<\/p>\n<p><strong>Caract\u00e9ristiques principales :<\/strong><\/p>\n<p>\u2705 Puissance calorifique : de 46 \u00e0 180 kW<br \/>\u2705 Rendement sup\u00e9rieur \u00e0 89 %<br \/>\u2705 Structure ext\u00e9rieure en acier galvanis\u00e9 tr\u00e8s r\u00e9sistant<br \/>\u2705 Chambre de combustion et \u00e9changeur de chaleur en acier inoxydable<br \/>\u2705 Isolation thermique dans les zones les plus expos\u00e9es \u00e0 la chaleur<br \/>\u2705 Ventilateur centrifuge \u00e0 faible niveau sonore<br \/>\u2705 Moteur \u00e9lectrique IE3 \u00e0 haute efficacit\u00e9 \u00e9nerg\u00e9tique<br \/>\u2705 Tableau \u00e9lectrique de commande et de s\u00e9curit\u00e9 conforme aux normes europ\u00e9ennes<br \/>\u2705 Thermostat d\u2019ambiance blind\u00e9<br \/>\u2705 Poign\u00e9e et roues de transport pour une mobilit\u00e9 facilit\u00e9e<br \/>\u2705 Grille de soufflage d\u2019air int\u00e9gr\u00e9e<br \/>\u2705 Syst\u00e8me de s\u00e9curit\u00e9 pour le contr\u00f4le de la d\u00e9pression dans la chambre de combustion\u00a0<\/p>\n<p><img loading=\"lazy\" decoding=\"async\" class=\"alignnone wp-image-34006\" src=\"https:\/\/www.metmann.com\/wp-content\/uploads\/2025\/10\/AM-125-GRANJA-POLLOS-1-1024x768.jpg\" alt=\"\" width=\"596\" height=\"447\" \/> <img loading=\"lazy\" decoding=\"async\" class=\"alignnone wp-image-34013\" src=\"https:\/\/www.metmann.com\/wp-content\/uploads\/2025\/10\/AM-125-GRANJA-POLLOS-2-1024x768.jpg\" alt=\"\" width=\"596\" height=\"447\" \/><\/p>\n","protected":false},"excerpt":{"rendered":"<p>Plusieurs unit\u00e9s du mod\u00e8le AM-125 ont r\u00e9cemment \u00e9t\u00e9 install\u00e9es dans des \u00e9levages avicoles destin\u00e9s \u00e0 la production de poulets de chair, assurant un environnement thermique optimal d\u00e8s les premi\u00e8res \u00e9tapes de croissance. Dans les exploitations avicoles, le chauffage joue un r\u00f4le essentiel dans le bien-\u00eatre et le d\u00e9veloppement des volailles. Durant les premiers jours de [&hellip;]<\/p>\n","protected":false},"author":4,"featured_media":34062,"comment_status":"closed","ping_status":"open","sticky":false,"template":"","format":"standard","meta":{"_acf_changed":false,"_et_pb_use_builder":"","_et_pb_old_content":"","_et_gb_content_width":"","_joinchat":[],"footnotes":""},"categories":[52],"tags":[],"acf":[],"yoast_head":"<!-- This site is optimized with the Yoast SEO plugin v22.6 - https:\/\/yoast.com\/wordpress\/plugins\/seo\/ -->\r\n<title>Chauffage dans les \u00e9levages avicoles avec les g\u00e9n\u00e9rateurs d\u2019air chaud MET MANN | MET MANN<\/title>\r\n<meta name=\"robots\" content=\"index, follow, max-snippet:-1, max-image-preview:large, max-video-preview:-1\" \/>\r\n<link rel=\"canonical\" href=\"https:\/\/www.metmann.com\/fr\/chauffage-dans-les-elevages-avicoles-avec-les-generateurs-dair-chaud-met-mann\/\" \/>\r\n<meta property=\"og:locale\" content=\"fr_FR\" \/>\r\n<meta property=\"og:type\" content=\"article\" \/>\r\n<meta property=\"og:title\" content=\"Chauffage dans les \u00e9levages avicoles avec les g\u00e9n\u00e9rateurs d\u2019air chaud MET MANN | MET MANN\" \/>\r\n<meta property=\"og:description\" content=\"Plusieurs unit\u00e9s du mod\u00e8le AM-125 ont r\u00e9cemment \u00e9t\u00e9 install\u00e9es dans des \u00e9levages avicoles destin\u00e9s \u00e0 la production de poulets de chair, assurant un environnement thermique optimal d\u00e8s les premi\u00e8res \u00e9tapes de croissance. Dans les exploitations avicoles, le chauffage joue un r\u00f4le essentiel dans le bien-\u00eatre et le d\u00e9veloppement des volailles. Durant les premiers jours de [&hellip;]\" \/>\r\n<meta property=\"og:url\" content=\"https:\/\/www.metmann.com\/fr\/chauffage-dans-les-elevages-avicoles-avec-les-generateurs-dair-chaud-met-mann\/\" \/>\r\n<meta property=\"og:site_name\" content=\"MET MANN\" \/>\r\n<meta property=\"article:published_time\" content=\"2025-10-30T11:40:26+00:00\" \/>\r\n<meta property=\"og:image\" content=\"https:\/\/www.metmann.com\/wp-content\/uploads\/2025\/10\/AM-125.png\" \/>\r\n\t<meta property=\"og:image:width\" content=\"1200\" \/>\r\n\t<meta property=\"og:image:height\" content=\"630\" \/>\r\n\t<meta property=\"og:image:type\" content=\"image\/png\" \/>\r\n<meta name=\"author\" content=\"Jaume Costa\" \/>\r\n<meta name=\"twitter:card\" content=\"summary_large_image\" \/>\r\n<meta name=\"twitter:label1\" content=\"\u00c9crit par\" \/>\n\t<meta name=\"twitter:data1\" content=\"Jaume Costa\" \/>\n\t<meta name=\"twitter:label2\" content=\"Dur\u00e9e de lecture estim\u00e9e\" \/>\n\t<meta name=\"twitter:data2\" content=\"2 minutes\" \/>\r\n<script type=\"application\/ld+json\" class=\"yoast-schema-graph\">{\"@context\":\"https:\/\/schema.org\",\"@graph\":[{\"@type\":\"Article\",\"@id\":\"https:\/\/www.metmann.com\/fr\/chauffage-dans-les-elevages-avicoles-avec-les-generateurs-dair-chaud-met-mann\/#article\",\"isPartOf\":{\"@id\":\"https:\/\/www.metmann.com\/fr\/chauffage-dans-les-elevages-avicoles-avec-les-generateurs-dair-chaud-met-mann\/\"},\"author\":{\"name\":\"Jaume Costa\",\"@id\":\"https:\/\/www.metmann.com\/fr\/#\/schema\/person\/3aea8279a6930c1705ef1fead0166f61\"},\"headline\":\"Chauffage dans les \u00e9levages avicoles avec les g\u00e9n\u00e9rateurs d\u2019air chaud MET MANN\",\"datePublished\":\"2025-10-30T11:40:26+00:00\",\"dateModified\":\"2025-10-30T11:40:26+00:00\",\"mainEntityOfPage\":{\"@id\":\"https:\/\/www.metmann.com\/fr\/chauffage-dans-les-elevages-avicoles-avec-les-generateurs-dair-chaud-met-mann\/\"},\"wordCount\":358,\"publisher\":{\"@id\":\"https:\/\/www.metmann.com\/fr\/#organization\"},\"image\":{\"@id\":\"https:\/\/www.metmann.com\/fr\/chauffage-dans-les-elevages-avicoles-avec-les-generateurs-dair-chaud-met-mann\/#primaryimage\"},\"thumbnailUrl\":\"https:\/\/www.metmann.com\/wp-content\/uploads\/2025\/10\/AM-125.png\",\"articleSection\":[\"nouvelles\"],\"inLanguage\":\"fr-FR\"},{\"@type\":\"WebPage\",\"@id\":\"https:\/\/www.metmann.com\/fr\/chauffage-dans-les-elevages-avicoles-avec-les-generateurs-dair-chaud-met-mann\/\",\"url\":\"https:\/\/www.metmann.com\/fr\/chauffage-dans-les-elevages-avicoles-avec-les-generateurs-dair-chaud-met-mann\/\",\"name\":\"Chauffage dans les \u00e9levages avicoles avec les g\u00e9n\u00e9rateurs d\u2019air chaud MET MANN | MET MANN\",\"isPartOf\":{\"@id\":\"https:\/\/www.metmann.com\/fr\/#website\"},\"primaryImageOfPage\":{\"@id\":\"https:\/\/www.metmann.com\/fr\/chauffage-dans-les-elevages-avicoles-avec-les-generateurs-dair-chaud-met-mann\/#primaryimage\"},\"image\":{\"@id\":\"https:\/\/www.metmann.com\/fr\/chauffage-dans-les-elevages-avicoles-avec-les-generateurs-dair-chaud-met-mann\/#primaryimage\"},\"thumbnailUrl\":\"https:\/\/www.metmann.com\/wp-content\/uploads\/2025\/10\/AM-125.png\",\"datePublished\":\"2025-10-30T11:40:26+00:00\",\"dateModified\":\"2025-10-30T11:40:26+00:00\",\"breadcrumb\":{\"@id\":\"https:\/\/www.metmann.com\/fr\/chauffage-dans-les-elevages-avicoles-avec-les-generateurs-dair-chaud-met-mann\/#breadcrumb\"},\"inLanguage\":\"fr-FR\",\"potentialAction\":[{\"@type\":\"ReadAction\",\"target\":[\"https:\/\/www.metmann.com\/fr\/chauffage-dans-les-elevages-avicoles-avec-les-generateurs-dair-chaud-met-mann\/\"]}]},{\"@type\":\"ImageObject\",\"inLanguage\":\"fr-FR\",\"@id\":\"https:\/\/www.metmann.com\/fr\/chauffage-dans-les-elevages-avicoles-avec-les-generateurs-dair-chaud-met-mann\/#primaryimage\",\"url\":\"https:\/\/www.metmann.com\/wp-content\/uploads\/2025\/10\/AM-125.png\",\"contentUrl\":\"https:\/\/www.metmann.com\/wp-content\/uploads\/2025\/10\/AM-125.png\",\"width\":1200,\"height\":630},{\"@type\":\"BreadcrumbList\",\"@id\":\"https:\/\/www.metmann.com\/fr\/chauffage-dans-les-elevages-avicoles-avec-les-generateurs-dair-chaud-met-mann\/#breadcrumb\",\"itemListElement\":[{\"@type\":\"ListItem\",\"position\":1,\"name\":\"Inicio\",\"item\":\"https:\/\/www.metmann.com\/fr\/\"},{\"@type\":\"ListItem\",\"position\":2,\"name\":\"Blog\/Actualit\u00e9s\",\"item\":\"https:\/\/www.metmann.com\/fr\/category\/blog-actualites\/\"},{\"@type\":\"ListItem\",\"position\":3,\"name\":\"Chauffage dans les \u00e9levages avicoles avec les g\u00e9n\u00e9rateurs d\u2019air chaud MET MANN\"}]},{\"@type\":\"WebSite\",\"@id\":\"https:\/\/www.metmann.com\/fr\/#website\",\"url\":\"https:\/\/www.metmann.com\/fr\/\",\"name\":\"MET MANN\",\"description\":\"Climatizaci\u00f3n industrial, Calefactores y Ventilaci\u00f3n para empresas\",\"publisher\":{\"@id\":\"https:\/\/www.metmann.com\/fr\/#organization\"},\"potentialAction\":[{\"@type\":\"SearchAction\",\"target\":{\"@type\":\"EntryPoint\",\"urlTemplate\":\"https:\/\/www.metmann.com\/fr\/?s={search_term_string}\"},\"query-input\":\"required name=search_term_string\"}],\"inLanguage\":\"fr-FR\"},{\"@type\":\"Organization\",\"@id\":\"https:\/\/www.metmann.com\/fr\/#organization\",\"name\":\"Met Mann\",\"url\":\"https:\/\/www.metmann.com\/fr\/\",\"logo\":{\"@type\":\"ImageObject\",\"inLanguage\":\"fr-FR\",\"@id\":\"https:\/\/www.metmann.com\/fr\/#\/schema\/logo\/image\/\",\"url\":\"https:\/\/www.metmann.com\/wp-content\/uploads\/2021\/12\/logo-color-met-mann-01.jpg\",\"contentUrl\":\"https:\/\/www.metmann.com\/wp-content\/uploads\/2021\/12\/logo-color-met-mann-01.jpg\",\"width\":351,\"height\":133,\"caption\":\"Met Mann\"},\"image\":{\"@id\":\"https:\/\/www.metmann.com\/fr\/#\/schema\/logo\/image\/\"}},{\"@type\":\"Person\",\"@id\":\"https:\/\/www.metmann.com\/fr\/#\/schema\/person\/3aea8279a6930c1705ef1fead0166f61\",\"name\":\"Jaume Costa\",\"image\":{\"@type\":\"ImageObject\",\"inLanguage\":\"fr-FR\",\"@id\":\"https:\/\/www.metmann.com\/fr\/#\/schema\/person\/image\/\",\"url\":\"https:\/\/secure.gravatar.com\/avatar\/b4af0c9ea1894d51fcbb764d735303db?s=96&d=mm&r=g\",\"contentUrl\":\"https:\/\/secure.gravatar.com\/avatar\/b4af0c9ea1894d51fcbb764d735303db?s=96&d=mm&r=g\",\"caption\":\"Jaume Costa\"},\"url\":\"https:\/\/www.metmann.com\/fr\/author\/jcostametmann-com\/\"}]}<\/script>\r\n<!-- \/ Yoast SEO plugin. -->","yoast_head_json":{"title":"Chauffage dans les \u00e9levages avicoles avec les g\u00e9n\u00e9rateurs d\u2019air chaud MET MANN | MET MANN","robots":{"index":"index","follow":"follow","max-snippet":"max-snippet:-1","max-image-preview":"max-image-preview:large","max-video-preview":"max-video-preview:-1"},"canonical":"https:\/\/www.metmann.com\/fr\/chauffage-dans-les-elevages-avicoles-avec-les-generateurs-dair-chaud-met-mann\/","og_locale":"fr_FR","og_type":"article","og_title":"Chauffage dans les \u00e9levages avicoles avec les g\u00e9n\u00e9rateurs d\u2019air chaud MET MANN | MET MANN","og_description":"Plusieurs unit\u00e9s du mod\u00e8le AM-125 ont r\u00e9cemment \u00e9t\u00e9 install\u00e9es dans des \u00e9levages avicoles destin\u00e9s \u00e0 la production de poulets de chair, assurant un environnement thermique optimal d\u00e8s les premi\u00e8res \u00e9tapes de croissance. Dans les exploitations avicoles, le chauffage joue un r\u00f4le essentiel dans le bien-\u00eatre et le d\u00e9veloppement des volailles. Durant les premiers jours de [&hellip;]","og_url":"https:\/\/www.metmann.com\/fr\/chauffage-dans-les-elevages-avicoles-avec-les-generateurs-dair-chaud-met-mann\/","og_site_name":"MET MANN","article_published_time":"2025-10-30T11:40:26+00:00","og_image":[{"width":1200,"height":630,"url":"https:\/\/www.metmann.com\/wp-content\/uploads\/2025\/10\/AM-125.png","type":"image\/png"}],"author":"Jaume Costa","twitter_card":"summary_large_image","twitter_misc":{"\u00c9crit par":"Jaume Costa","Dur\u00e9e de lecture estim\u00e9e":"2 minutes"},"schema":{"@context":"https:\/\/schema.org","@graph":[{"@type":"Article","@id":"https:\/\/www.metmann.com\/fr\/chauffage-dans-les-elevages-avicoles-avec-les-generateurs-dair-chaud-met-mann\/#article","isPartOf":{"@id":"https:\/\/www.metmann.com\/fr\/chauffage-dans-les-elevages-avicoles-avec-les-generateurs-dair-chaud-met-mann\/"},"author":{"name":"Jaume Costa","@id":"https:\/\/www.metmann.com\/fr\/#\/schema\/person\/3aea8279a6930c1705ef1fead0166f61"},"headline":"Chauffage dans les \u00e9levages avicoles avec les g\u00e9n\u00e9rateurs d\u2019air chaud MET MANN","datePublished":"2025-10-30T11:40:26+00:00","dateModified":"2025-10-30T11:40:26+00:00","mainEntityOfPage":{"@id":"https:\/\/www.metmann.com\/fr\/chauffage-dans-les-elevages-avicoles-avec-les-generateurs-dair-chaud-met-mann\/"},"wordCount":358,"publisher":{"@id":"https:\/\/www.metmann.com\/fr\/#organization"},"image":{"@id":"https:\/\/www.metmann.com\/fr\/chauffage-dans-les-elevages-avicoles-avec-les-generateurs-dair-chaud-met-mann\/#primaryimage"},"thumbnailUrl":"https:\/\/www.metmann.com\/wp-content\/uploads\/2025\/10\/AM-125.png","articleSection":["nouvelles"],"inLanguage":"fr-FR"},{"@type":"WebPage","@id":"https:\/\/www.metmann.com\/fr\/chauffage-dans-les-elevages-avicoles-avec-les-generateurs-dair-chaud-met-mann\/","url":"https:\/\/www.metmann.com\/fr\/chauffage-dans-les-elevages-avicoles-avec-les-generateurs-dair-chaud-met-mann\/","name":"Chauffage dans les \u00e9levages avicoles avec les g\u00e9n\u00e9rateurs d\u2019air chaud MET MANN | MET MANN","isPartOf":{"@id":"https:\/\/www.metmann.com\/fr\/#website"},"primaryImageOfPage":{"@id":"https:\/\/www.metmann.com\/fr\/chauffage-dans-les-elevages-avicoles-avec-les-generateurs-dair-chaud-met-mann\/#primaryimage"},"image":{"@id":"https:\/\/www.metmann.com\/fr\/chauffage-dans-les-elevages-avicoles-avec-les-generateurs-dair-chaud-met-mann\/#primaryimage"},"thumbnailUrl":"https:\/\/www.metmann.com\/wp-content\/uploads\/2025\/10\/AM-125.png","datePublished":"2025-10-30T11:40:26+00:00","dateModified":"2025-10-30T11:40:26+00:00","breadcrumb":{"@id":"https:\/\/www.metmann.com\/fr\/chauffage-dans-les-elevages-avicoles-avec-les-generateurs-dair-chaud-met-mann\/#breadcrumb"},"inLanguage":"fr-FR","potentialAction":[{"@type":"ReadAction","target":["https:\/\/www.metmann.com\/fr\/chauffage-dans-les-elevages-avicoles-avec-les-generateurs-dair-chaud-met-mann\/"]}]},{"@type":"ImageObject","inLanguage":"fr-FR","@id":"https:\/\/www.metmann.com\/fr\/chauffage-dans-les-elevages-avicoles-avec-les-generateurs-dair-chaud-met-mann\/#primaryimage","url":"https:\/\/www.metmann.com\/wp-content\/uploads\/2025\/10\/AM-125.png","contentUrl":"https:\/\/www.metmann.com\/wp-content\/uploads\/2025\/10\/AM-125.png","width":1200,"height":630},{"@type":"BreadcrumbList","@id":"https:\/\/www.metmann.com\/fr\/chauffage-dans-les-elevages-avicoles-avec-les-generateurs-dair-chaud-met-mann\/#breadcrumb","itemListElement":[{"@type":"ListItem","position":1,"name":"Inicio","item":"https:\/\/www.metmann.com\/fr\/"},{"@type":"ListItem","position":2,"name":"Blog\/Actualit\u00e9s","item":"https:\/\/www.metmann.com\/fr\/category\/blog-actualites\/"},{"@type":"ListItem","position":3,"name":"Chauffage dans les \u00e9levages avicoles avec les g\u00e9n\u00e9rateurs d\u2019air chaud MET MANN"}]},{"@type":"WebSite","@id":"https:\/\/www.metmann.com\/fr\/#website","url":"https:\/\/www.metmann.com\/fr\/","name":"MET MANN","description":"Climatizaci\u00f3n industrial, Calefactores y Ventilaci\u00f3n para empresas","publisher":{"@id":"https:\/\/www.metmann.com\/fr\/#organization"},"potentialAction":[{"@type":"SearchAction","target":{"@type":"EntryPoint","urlTemplate":"https:\/\/www.metmann.com\/fr\/?s={search_term_string}"},"query-input":"required name=search_term_string"}],"inLanguage":"fr-FR"},{"@type":"Organization","@id":"https:\/\/www.metmann.com\/fr\/#organization","name":"Met Mann","url":"https:\/\/www.metmann.com\/fr\/","logo":{"@type":"ImageObject","inLanguage":"fr-FR","@id":"https:\/\/www.metmann.com\/fr\/#\/schema\/logo\/image\/","url":"https:\/\/www.metmann.com\/wp-content\/uploads\/2021\/12\/logo-color-met-mann-01.jpg","contentUrl":"https:\/\/www.metmann.com\/wp-content\/uploads\/2021\/12\/logo-color-met-mann-01.jpg","width":351,"height":133,"caption":"Met Mann"},"image":{"@id":"https:\/\/www.metmann.com\/fr\/#\/schema\/logo\/image\/"}},{"@type":"Person","@id":"https:\/\/www.metmann.com\/fr\/#\/schema\/person\/3aea8279a6930c1705ef1fead0166f61","name":"Jaume Costa","image":{"@type":"ImageObject","inLanguage":"fr-FR","@id":"https:\/\/www.metmann.com\/fr\/#\/schema\/person\/image\/","url":"https:\/\/secure.gravatar.com\/avatar\/b4af0c9ea1894d51fcbb764d735303db?s=96&d=mm&r=g","contentUrl":"https:\/\/secure.gravatar.com\/avatar\/b4af0c9ea1894d51fcbb764d735303db?s=96&d=mm&r=g","caption":"Jaume Costa"},"url":"https:\/\/www.metmann.com\/fr\/author\/jcostametmann-com\/"}]}},"_links":{"self":[{"href":"https:\/\/www.metmann.com\/fr\/wp-json\/wp\/v2\/posts\/34069"}],"collection":[{"href":"https:\/\/www.metmann.com\/fr\/wp-json\/wp\/v2\/posts"}],"about":[{"href":"https:\/\/www.metmann.com\/fr\/wp-json\/wp\/v2\/types\/post"}],"author":[{"embeddable":true,"href":"https:\/\/www.metmann.com\/fr\/wp-json\/wp\/v2\/users\/4"}],"replies":[{"embeddable":true,"href":"https:\/\/www.metmann.com\/fr\/wp-json\/wp\/v2\/comments?post=34069"}],"version-history":[{"count":0,"href":"https:\/\/www.metmann.com\/fr\/wp-json\/wp\/v2\/posts\/34069\/revisions"}],"wp:featuredmedia":[{"embeddable":true,"href":"https:\/\/www.metmann.com\/fr\/wp-json\/wp\/v2\/media\/34062"}],"wp:attachment":[{"href":"https:\/\/www.metmann.com\/fr\/wp-json\/wp\/v2\/media?parent=34069"}],"wp:term":[{"taxonomy":"category","embeddable":true,"href":"https:\/\/www.metmann.com\/fr\/wp-json\/wp\/v2\/categories?post=34069"},{"taxonomy":"post_tag","embeddable":true,"href":"https:\/\/www.metmann.com\/fr\/wp-json\/wp\/v2\/tags?post=34069"}],"curies":[{"name":"wp","href":"https:\/\/api.w.org\/{rel}","templated":true}]}}