{"id":25315,"date":"2024-01-16T13:29:32","date_gmt":"2024-01-16T12:29:32","guid":{"rendered":"https:\/\/www.metmann.com\/riscaldamento-industriale-a-legna-in-agro-comercios\/"},"modified":"2024-01-16T13:29:32","modified_gmt":"2024-01-16T12:29:32","slug":"riscaldamento-industriale-a-legna-in-agro-comercios","status":"publish","type":"post","link":"https:\/\/www.metmann.com\/it\/riscaldamento-industriale-a-legna-in-agro-comercios\/","title":{"rendered":"Riscaldamento industriale a legna in Agro Comercios"},"content":{"rendered":"<p><img loading=\"lazy\" decoding=\"async\" class=\"alignnone size-large wp-image-25288\" src=\"https:\/\/www.metmann.com\/wp-content\/uploads\/2024\/01\/AGRO-COMERCIO-001-1024x971.png\" alt=\"\" width=\"1024\" height=\"971\" \/> <img loading=\"lazy\" decoding=\"async\" class=\"alignnone size-large wp-image-25295\" src=\"https:\/\/www.metmann.com\/wp-content\/uploads\/2024\/01\/AGRO-COMERCIO-002-1024x768.png\" alt=\"\" width=\"1024\" height=\"768\" \/> <img loading=\"lazy\" decoding=\"async\" class=\"alignnone size-large wp-image-25302\" src=\"https:\/\/www.metmann.com\/wp-content\/uploads\/2024\/01\/AGRO-COMERCIO-003-1024x768.png\" alt=\"\" width=\"1024\" height=\"768\" \/>? Soluzione di riscaldamento industriale per Agro Comercio a Vic (Barcellona) ?<\/p>\n<p>Siamo orgogliosi di annunciare il successo dell&#8217;implementazione del nostro sistema di riscaldamento industriale a legna in un&#8217;azienda agroalimentare leader a Vic. Abbiamo affrontato la sfida di riscaldare uno spazio di vendita di 450 m2 e 5 metri di altezza con l&#8217;efficienza che caratterizza i nostri prodotti.<\/p>\n<p>Abbiamo optato per l&#8217;installazione del robusto modello EP-100-C da 100 kW, dotato di un ventilatore centrifugo ad alta potenza. Questo sistema non solo soddisfa le esigenze di riscaldamento, ma distribuisce anche il calore in modo efficiente attraverso condotti strategicamente posizionati.<\/p>\n<p>La scelta del legno come fonte di energia non \u00e8 casuale. Nell&#8217;industria, il riscaldamento a legna \u00e8 diventato un&#8217;opzione sempre pi\u00f9 popolare, che offre un risparmio immediato e la possibilit\u00e0 di utilizzare i rifiuti legnosi generati nell&#8217;attivit\u00e0 quotidiana.<\/p>\n<p>MET MANN, con oltre 50 anni di esperienza nella produzione di apparecchiature per il riscaldamento industriale, presenta le cucine a legna ECO POL, disponibili con potenze di 50 e 100 kW. Garantiamo soluzioni di riscaldamento affidabili ed efficienti per ambienti industriali esigenti.<\/p>\n<p>Contattateci oggi stesso per incrementare le prestazioni termiche della vostra azienda agricola con MET MANN, leader nell&#8217;innovazione industriale dal 1959. ??<\/p>\n","protected":false},"excerpt":{"rendered":"<p>? Soluzione di riscaldamento industriale per Agro Comercio a Vic (Barcellona) ? Siamo orgogliosi di annunciare il successo dell&#8217;implementazione del nostro sistema di riscaldamento industriale a legna in un&#8217;azienda agroalimentare leader a Vic. Abbiamo affrontato la sfida di riscaldare uno spazio di vendita di 450 m2 e 5 metri di altezza con l&#8217;efficienza che caratterizza [&hellip;]<\/p>\n","protected":false},"author":4,"featured_media":25293,"comment_status":"closed","ping_status":"open","sticky":false,"template":"","format":"standard","meta":{"_acf_changed":false,"_et_pb_use_builder":"","_et_pb_old_content":"","_et_gb_content_width":"","_joinchat":[],"footnotes":""},"categories":[54],"tags":[],"acf":[],"yoast_head":"<!-- This site is optimized with the Yoast SEO plugin v22.6 - https:\/\/yoast.com\/wordpress\/plugins\/seo\/ -->\r\n<title>Riscaldamento industriale a legna in Agro Comercios | MET MANN<\/title>\r\n<meta name=\"robots\" content=\"index, follow, max-snippet:-1, max-image-preview:large, max-video-preview:-1\" \/>\r\n<link rel=\"canonical\" href=\"https:\/\/www.metmann.com\/it\/riscaldamento-industriale-a-legna-in-agro-comercios\/\" \/>\r\n<meta property=\"og:locale\" content=\"it_IT\" \/>\r\n<meta property=\"og:type\" content=\"article\" \/>\r\n<meta property=\"og:title\" content=\"Riscaldamento industriale a legna in Agro Comercios | MET MANN\" \/>\r\n<meta property=\"og:description\" content=\"? Soluzione di riscaldamento industriale per Agro Comercio a Vic (Barcellona) ? Siamo orgogliosi di annunciare il successo dell&#8217;implementazione del nostro sistema di riscaldamento industriale a legna in un&#8217;azienda agroalimentare leader a Vic. Abbiamo affrontato la sfida di riscaldare uno spazio di vendita di 450 m2 e 5 metri di altezza con l&#8217;efficienza che caratterizza [&hellip;]\" \/>\r\n<meta property=\"og:url\" content=\"https:\/\/www.metmann.com\/it\/riscaldamento-industriale-a-legna-in-agro-comercios\/\" \/>\r\n<meta property=\"og:site_name\" content=\"MET MANN\" \/>\r\n<meta property=\"article:published_time\" content=\"2024-01-16T12:29:32+00:00\" \/>\r\n<meta property=\"og:image\" content=\"https:\/\/www.metmann.com\/wp-content\/uploads\/2024\/01\/AGRO-COMERCIO-001.png\" \/>\r\n\t<meta property=\"og:image:width\" content=\"1469\" \/>\r\n\t<meta property=\"og:image:height\" content=\"1393\" \/>\r\n\t<meta property=\"og:image:type\" content=\"image\/png\" \/>\r\n<meta name=\"author\" content=\"Jaume Costa\" \/>\r\n<meta name=\"twitter:card\" content=\"summary_large_image\" \/>\r\n<meta name=\"twitter:label1\" content=\"Scritto da\" \/>\n\t<meta name=\"twitter:data1\" content=\"Jaume Costa\" \/>\n\t<meta name=\"twitter:label2\" content=\"Tempo di lettura stimato\" \/>\n\t<meta name=\"twitter:data2\" content=\"1 minuto\" \/>\r\n<script type=\"application\/ld+json\" class=\"yoast-schema-graph\">{\"@context\":\"https:\/\/schema.org\",\"@graph\":[{\"@type\":\"Article\",\"@id\":\"https:\/\/www.metmann.com\/it\/riscaldamento-industriale-a-legna-in-agro-comercios\/#article\",\"isPartOf\":{\"@id\":\"https:\/\/www.metmann.com\/it\/riscaldamento-industriale-a-legna-in-agro-comercios\/\"},\"author\":{\"name\":\"Jaume Costa\",\"@id\":\"https:\/\/www.metmann.com\/it\/#\/schema\/person\/3aea8279a6930c1705ef1fead0166f61\"},\"headline\":\"Riscaldamento industriale a legna in Agro Comercios\",\"datePublished\":\"2024-01-16T12:29:32+00:00\",\"dateModified\":\"2024-01-16T12:29:32+00:00\",\"mainEntityOfPage\":{\"@id\":\"https:\/\/www.metmann.com\/it\/riscaldamento-industriale-a-legna-in-agro-comercios\/\"},\"wordCount\":195,\"publisher\":{\"@id\":\"https:\/\/www.metmann.com\/it\/#organization\"},\"image\":{\"@id\":\"https:\/\/www.metmann.com\/it\/riscaldamento-industriale-a-legna-in-agro-comercios\/#primaryimage\"},\"thumbnailUrl\":\"https:\/\/www.metmann.com\/wp-content\/uploads\/2024\/01\/AGRO-COMERCIO-001-e1764662942337.png\",\"articleSection\":[\"Notizies\"],\"inLanguage\":\"it-IT\"},{\"@type\":\"WebPage\",\"@id\":\"https:\/\/www.metmann.com\/it\/riscaldamento-industriale-a-legna-in-agro-comercios\/\",\"url\":\"https:\/\/www.metmann.com\/it\/riscaldamento-industriale-a-legna-in-agro-comercios\/\",\"name\":\"Riscaldamento industriale a legna in Agro Comercios | MET MANN\",\"isPartOf\":{\"@id\":\"https:\/\/www.metmann.com\/it\/#website\"},\"primaryImageOfPage\":{\"@id\":\"https:\/\/www.metmann.com\/it\/riscaldamento-industriale-a-legna-in-agro-comercios\/#primaryimage\"},\"image\":{\"@id\":\"https:\/\/www.metmann.com\/it\/riscaldamento-industriale-a-legna-in-agro-comercios\/#primaryimage\"},\"thumbnailUrl\":\"https:\/\/www.metmann.com\/wp-content\/uploads\/2024\/01\/AGRO-COMERCIO-001-e1764662942337.png\",\"datePublished\":\"2024-01-16T12:29:32+00:00\",\"dateModified\":\"2024-01-16T12:29:32+00:00\",\"breadcrumb\":{\"@id\":\"https:\/\/www.metmann.com\/it\/riscaldamento-industriale-a-legna-in-agro-comercios\/#breadcrumb\"},\"inLanguage\":\"it-IT\",\"potentialAction\":[{\"@type\":\"ReadAction\",\"target\":[\"https:\/\/www.metmann.com\/it\/riscaldamento-industriale-a-legna-in-agro-comercios\/\"]}]},{\"@type\":\"ImageObject\",\"inLanguage\":\"it-IT\",\"@id\":\"https:\/\/www.metmann.com\/it\/riscaldamento-industriale-a-legna-in-agro-comercios\/#primaryimage\",\"url\":\"https:\/\/www.metmann.com\/wp-content\/uploads\/2024\/01\/AGRO-COMERCIO-001-e1764662942337.png\",\"contentUrl\":\"https:\/\/www.metmann.com\/wp-content\/uploads\/2024\/01\/AGRO-COMERCIO-001-e1764662942337.png\",\"width\":1469,\"height\":1393},{\"@type\":\"BreadcrumbList\",\"@id\":\"https:\/\/www.metmann.com\/it\/riscaldamento-industriale-a-legna-in-agro-comercios\/#breadcrumb\",\"itemListElement\":[{\"@type\":\"ListItem\",\"position\":1,\"name\":\"Inicio\",\"item\":\"https:\/\/www.metmann.com\/it\/\"},{\"@type\":\"ListItem\",\"position\":2,\"name\":\"Blog\/Notizies\",\"item\":\"https:\/\/www.metmann.com\/it\/category\/blog-notizies\/\"},{\"@type\":\"ListItem\",\"position\":3,\"name\":\"Riscaldamento industriale a legna in Agro Comercios\"}]},{\"@type\":\"WebSite\",\"@id\":\"https:\/\/www.metmann.com\/it\/#website\",\"url\":\"https:\/\/www.metmann.com\/it\/\",\"name\":\"MET MANN\",\"description\":\"Climatizaci\u00f3n industrial, Calefactores y Ventilaci\u00f3n para empresas\",\"publisher\":{\"@id\":\"https:\/\/www.metmann.com\/it\/#organization\"},\"potentialAction\":[{\"@type\":\"SearchAction\",\"target\":{\"@type\":\"EntryPoint\",\"urlTemplate\":\"https:\/\/www.metmann.com\/it\/?s={search_term_string}\"},\"query-input\":\"required name=search_term_string\"}],\"inLanguage\":\"it-IT\"},{\"@type\":\"Organization\",\"@id\":\"https:\/\/www.metmann.com\/it\/#organization\",\"name\":\"Met Mann\",\"url\":\"https:\/\/www.metmann.com\/it\/\",\"logo\":{\"@type\":\"ImageObject\",\"inLanguage\":\"it-IT\",\"@id\":\"https:\/\/www.metmann.com\/it\/#\/schema\/logo\/image\/\",\"url\":\"https:\/\/www.metmann.com\/wp-content\/uploads\/2021\/12\/logo-color-met-mann-01.jpg\",\"contentUrl\":\"https:\/\/www.metmann.com\/wp-content\/uploads\/2021\/12\/logo-color-met-mann-01.jpg\",\"width\":351,\"height\":133,\"caption\":\"Met Mann\"},\"image\":{\"@id\":\"https:\/\/www.metmann.com\/it\/#\/schema\/logo\/image\/\"}},{\"@type\":\"Person\",\"@id\":\"https:\/\/www.metmann.com\/it\/#\/schema\/person\/3aea8279a6930c1705ef1fead0166f61\",\"name\":\"Jaume Costa\",\"image\":{\"@type\":\"ImageObject\",\"inLanguage\":\"it-IT\",\"@id\":\"https:\/\/www.metmann.com\/it\/#\/schema\/person\/image\/\",\"url\":\"https:\/\/secure.gravatar.com\/avatar\/b4af0c9ea1894d51fcbb764d735303db?s=96&d=mm&r=g\",\"contentUrl\":\"https:\/\/secure.gravatar.com\/avatar\/b4af0c9ea1894d51fcbb764d735303db?s=96&d=mm&r=g\",\"caption\":\"Jaume Costa\"},\"url\":\"https:\/\/www.metmann.com\/it\/author\/jcostametmann-com\/\"}]}<\/script>\r\n<!-- \/ Yoast SEO plugin. -->","yoast_head_json":{"title":"Riscaldamento industriale a legna in Agro Comercios | MET MANN","robots":{"index":"index","follow":"follow","max-snippet":"max-snippet:-1","max-image-preview":"max-image-preview:large","max-video-preview":"max-video-preview:-1"},"canonical":"https:\/\/www.metmann.com\/it\/riscaldamento-industriale-a-legna-in-agro-comercios\/","og_locale":"it_IT","og_type":"article","og_title":"Riscaldamento industriale a legna in Agro Comercios | MET MANN","og_description":"? Soluzione di riscaldamento industriale per Agro Comercio a Vic (Barcellona) ? Siamo orgogliosi di annunciare il successo dell&#8217;implementazione del nostro sistema di riscaldamento industriale a legna in un&#8217;azienda agroalimentare leader a Vic. Abbiamo affrontato la sfida di riscaldare uno spazio di vendita di 450 m2 e 5 metri di altezza con l&#8217;efficienza che caratterizza [&hellip;]","og_url":"https:\/\/www.metmann.com\/it\/riscaldamento-industriale-a-legna-in-agro-comercios\/","og_site_name":"MET MANN","article_published_time":"2024-01-16T12:29:32+00:00","og_image":[{"width":1469,"height":1393,"url":"https:\/\/www.metmann.com\/wp-content\/uploads\/2024\/01\/AGRO-COMERCIO-001.png","type":"image\/png"}],"author":"Jaume Costa","twitter_card":"summary_large_image","twitter_misc":{"Scritto da":"Jaume Costa","Tempo di lettura stimato":"1 minuto"},"schema":{"@context":"https:\/\/schema.org","@graph":[{"@type":"Article","@id":"https:\/\/www.metmann.com\/it\/riscaldamento-industriale-a-legna-in-agro-comercios\/#article","isPartOf":{"@id":"https:\/\/www.metmann.com\/it\/riscaldamento-industriale-a-legna-in-agro-comercios\/"},"author":{"name":"Jaume Costa","@id":"https:\/\/www.metmann.com\/it\/#\/schema\/person\/3aea8279a6930c1705ef1fead0166f61"},"headline":"Riscaldamento industriale a legna in Agro Comercios","datePublished":"2024-01-16T12:29:32+00:00","dateModified":"2024-01-16T12:29:32+00:00","mainEntityOfPage":{"@id":"https:\/\/www.metmann.com\/it\/riscaldamento-industriale-a-legna-in-agro-comercios\/"},"wordCount":195,"publisher":{"@id":"https:\/\/www.metmann.com\/it\/#organization"},"image":{"@id":"https:\/\/www.metmann.com\/it\/riscaldamento-industriale-a-legna-in-agro-comercios\/#primaryimage"},"thumbnailUrl":"https:\/\/www.metmann.com\/wp-content\/uploads\/2024\/01\/AGRO-COMERCIO-001-e1764662942337.png","articleSection":["Notizies"],"inLanguage":"it-IT"},{"@type":"WebPage","@id":"https:\/\/www.metmann.com\/it\/riscaldamento-industriale-a-legna-in-agro-comercios\/","url":"https:\/\/www.metmann.com\/it\/riscaldamento-industriale-a-legna-in-agro-comercios\/","name":"Riscaldamento industriale a legna in Agro Comercios | MET MANN","isPartOf":{"@id":"https:\/\/www.metmann.com\/it\/#website"},"primaryImageOfPage":{"@id":"https:\/\/www.metmann.com\/it\/riscaldamento-industriale-a-legna-in-agro-comercios\/#primaryimage"},"image":{"@id":"https:\/\/www.metmann.com\/it\/riscaldamento-industriale-a-legna-in-agro-comercios\/#primaryimage"},"thumbnailUrl":"https:\/\/www.metmann.com\/wp-content\/uploads\/2024\/01\/AGRO-COMERCIO-001-e1764662942337.png","datePublished":"2024-01-16T12:29:32+00:00","dateModified":"2024-01-16T12:29:32+00:00","breadcrumb":{"@id":"https:\/\/www.metmann.com\/it\/riscaldamento-industriale-a-legna-in-agro-comercios\/#breadcrumb"},"inLanguage":"it-IT","potentialAction":[{"@type":"ReadAction","target":["https:\/\/www.metmann.com\/it\/riscaldamento-industriale-a-legna-in-agro-comercios\/"]}]},{"@type":"ImageObject","inLanguage":"it-IT","@id":"https:\/\/www.metmann.com\/it\/riscaldamento-industriale-a-legna-in-agro-comercios\/#primaryimage","url":"https:\/\/www.metmann.com\/wp-content\/uploads\/2024\/01\/AGRO-COMERCIO-001-e1764662942337.png","contentUrl":"https:\/\/www.metmann.com\/wp-content\/uploads\/2024\/01\/AGRO-COMERCIO-001-e1764662942337.png","width":1469,"height":1393},{"@type":"BreadcrumbList","@id":"https:\/\/www.metmann.com\/it\/riscaldamento-industriale-a-legna-in-agro-comercios\/#breadcrumb","itemListElement":[{"@type":"ListItem","position":1,"name":"Inicio","item":"https:\/\/www.metmann.com\/it\/"},{"@type":"ListItem","position":2,"name":"Blog\/Notizies","item":"https:\/\/www.metmann.com\/it\/category\/blog-notizies\/"},{"@type":"ListItem","position":3,"name":"Riscaldamento industriale a legna in Agro Comercios"}]},{"@type":"WebSite","@id":"https:\/\/www.metmann.com\/it\/#website","url":"https:\/\/www.metmann.com\/it\/","name":"MET MANN","description":"Climatizaci\u00f3n industrial, Calefactores y Ventilaci\u00f3n para empresas","publisher":{"@id":"https:\/\/www.metmann.com\/it\/#organization"},"potentialAction":[{"@type":"SearchAction","target":{"@type":"EntryPoint","urlTemplate":"https:\/\/www.metmann.com\/it\/?s={search_term_string}"},"query-input":"required name=search_term_string"}],"inLanguage":"it-IT"},{"@type":"Organization","@id":"https:\/\/www.metmann.com\/it\/#organization","name":"Met Mann","url":"https:\/\/www.metmann.com\/it\/","logo":{"@type":"ImageObject","inLanguage":"it-IT","@id":"https:\/\/www.metmann.com\/it\/#\/schema\/logo\/image\/","url":"https:\/\/www.metmann.com\/wp-content\/uploads\/2021\/12\/logo-color-met-mann-01.jpg","contentUrl":"https:\/\/www.metmann.com\/wp-content\/uploads\/2021\/12\/logo-color-met-mann-01.jpg","width":351,"height":133,"caption":"Met Mann"},"image":{"@id":"https:\/\/www.metmann.com\/it\/#\/schema\/logo\/image\/"}},{"@type":"Person","@id":"https:\/\/www.metmann.com\/it\/#\/schema\/person\/3aea8279a6930c1705ef1fead0166f61","name":"Jaume Costa","image":{"@type":"ImageObject","inLanguage":"it-IT","@id":"https:\/\/www.metmann.com\/it\/#\/schema\/person\/image\/","url":"https:\/\/secure.gravatar.com\/avatar\/b4af0c9ea1894d51fcbb764d735303db?s=96&d=mm&r=g","contentUrl":"https:\/\/secure.gravatar.com\/avatar\/b4af0c9ea1894d51fcbb764d735303db?s=96&d=mm&r=g","caption":"Jaume Costa"},"url":"https:\/\/www.metmann.com\/it\/author\/jcostametmann-com\/"}]}},"_links":{"self":[{"href":"https:\/\/www.metmann.com\/it\/wp-json\/wp\/v2\/posts\/25315"}],"collection":[{"href":"https:\/\/www.metmann.com\/it\/wp-json\/wp\/v2\/posts"}],"about":[{"href":"https:\/\/www.metmann.com\/it\/wp-json\/wp\/v2\/types\/post"}],"author":[{"embeddable":true,"href":"https:\/\/www.metmann.com\/it\/wp-json\/wp\/v2\/users\/4"}],"replies":[{"embeddable":true,"href":"https:\/\/www.metmann.com\/it\/wp-json\/wp\/v2\/comments?post=25315"}],"version-history":[{"count":0,"href":"https:\/\/www.metmann.com\/it\/wp-json\/wp\/v2\/posts\/25315\/revisions"}],"wp:featuredmedia":[{"embeddable":true,"href":"https:\/\/www.metmann.com\/it\/wp-json\/wp\/v2\/media\/25293"}],"wp:attachment":[{"href":"https:\/\/www.metmann.com\/it\/wp-json\/wp\/v2\/media?parent=25315"}],"wp:term":[{"taxonomy":"category","embeddable":true,"href":"https:\/\/www.metmann.com\/it\/wp-json\/wp\/v2\/categories?post=25315"},{"taxonomy":"post_tag","embeddable":true,"href":"https:\/\/www.metmann.com\/it\/wp-json\/wp\/v2\/tags?post=25315"}],"curies":[{"name":"wp","href":"https:\/\/api.w.org\/{rel}","templated":true}]}}