{"id":2995,"date":"2020-05-08T00:00:00","date_gmt":"2020-05-08T00:00:00","guid":{"rendered":"https:\/\/metmann.com.185-176-9-81.185-176-9-81.visualpublinet.com\/le-cortine-daria-sono-efficaci\/"},"modified":"2020-05-08T00:00:00","modified_gmt":"2020-05-08T00:00:00","slug":"le-cortine-daria-sono-efficaci","status":"publish","type":"post","link":"https:\/\/www.metmann.com\/it\/le-cortine-daria-sono-efficaci\/","title":{"rendered":"Le cortine d&prime;aria sono efficaci?"},"content":{"rendered":"<p>Bene, tutti gli studi effettuati hanno dimostrato che attraverso un&prime;installazione efficiente di questi sistemi, riusciamo a condizionare l&prime;ingresso della stanza allo stesso livello del resto dello spazio, mantenendolo a una temperatura piacevole e senza entrare in cattivi odori, insetti o batteri di qualsiasi tipo. tipo che pu\u00f2 inquinare l&prime;ambiente.<\/p>\n<p> Di seguito spieghiamo pi\u00f9 in dettaglio i motivi per cui le barriere d&prime;aria sono efficaci e perch&eacute; dovresti installarne uno gi\u00e0 nella tua attivit\u00e0. Iniziamo! <\/p>\n<div> \t<\/div>\n<h2>In cosa consistono le cortine d&prime;aria e come funzionano?<\/h2>\n<p>Le barriere d&prime;aria sono un sistema di aria condizionata che rilascia un getto d&prime;aria creando una barriera invisibile tra interno ed esterno. Contribuiscono a generare spazi confortevoli riducendo le correnti d&prime;aria e regolando la temperatura interna, riuscendo a separare due diversi ambienti in modo efficiente e senza reprimere l&prime;accesso alle persone. Come se ci\u00f2 non bastasse, consentono anche di ottimizzare l&prime;efficienza energetica e il consumo di energia. Stai iniziando a capire perch&eacute; le cortine d&prime;aria sono efficaci?<\/p>\n<p> Queste unit\u00e0 di condizionamento hanno una griglia attraverso la quale entra l&prime;aria, che successivamente passa attraverso i ventilatori installati all&prime;interno e la dirige verso l&prime;uscita. Possono funzionare in modo continuo, sia manualmente che a distanza tramite un telecomando. Inoltre, ci sono anche modelli con sensori che rilevano l&prime;apertura della porta e fanno funzionare la tenda. <\/p>\n<div>&nbsp;<\/div>\n<h2>Ragioni per cui utilizzare le cortine d&prime;aria<\/h2>\n<p>Se ancora non conosci in prima persona le prestazioni di questi dispositivi di climatizzazione, ti diremo i motivi principali per cui le barriere d&prime;aria sono cos\u00ec efficaci. Una serie di motivi che rendono questo sistema una modalit\u00e0 di climatizzazione ideale per la tua azienda.<\/p>\n<p> &#8211; Garantiscono comfort all&prime;interno dello stabilimento di clienti e lavoratori, aiutandoli a svolgere il loro lavoro in un ambiente molto pi\u00f9 piacevole e aumentando cos\u00ec la loro produttivit\u00e0. Indipendentemente dalla data dell&prime;anno in cui ci troviamo, viene creato un clima adatto e si evitano fastidiose correnti d&prime;aria.<\/p>\n<p> &#8211; Riduzione delle perdite di energia derivanti dal condizionamento dello spazio e dal miglioramento delle condizioni termiche. Con la sua installazione, ridurrete i costi di manutenzione riducendo le emissioni di CO2.<\/p>\n<p> &#8211; Ti consentono di tenere aperta la porta della tua attivit\u00e0, incoraggiando cos\u00ec l&prime;afflusso di persone nei tuoi locali e ampliando le possibilit\u00e0 di aumentare il numero delle vendite.<\/p>\n<p> &#8211; Riesci ad aumentare lo spazio utile dell&prime;ingresso ai locali, senza dover installare una sala. Un altro punto a favore \u00e8 che la porta business pu\u00f2 essere utilizzata come vetrina, aumentando la visibilit\u00e0 degli interni.<\/p>\n<p> &#8211; Agisce da barriera contro l&prime;eventuale ingresso di polvere, fumi, cattivi odori e tutti i tipi di particelle in sospensione, senza dimenticare possibili parassiti e insetti.<\/p>\n<p> &#8211; L&prime;accesso ai locali \u00e8 facilitato per le persone a mobilit\u00e0 ridotta, che devono utilizzare una sedia a rotelle o che devono trasportare una carrozzina.<\/p>\n<p> &#8211; A differenza di altre apparecchiature di climatizzazione, il suo funzionamento \u00e8 molto silenzioso, quindi non generer\u00e0 inquinamento acustico. <\/p>\n<div> \t<\/div>\n<h2>Trova la cortina d&prime;aria pi\u00f9 efficiente<\/h2>\n<div>A seconda delle sue caratteristiche tecniche, possiamo trovare due principali tipi di cortine d&prime;aria:<\/div>\n<div> \t<\/div>\n<h3>Tende a ricircolo d&prime;aria<\/h3>\n<div>Sono i sistemi di aria pi\u00f9 efficienti, poich&eacute; l&prime;aria viene espulsa e raccolta per tornare attraverso la cortina. Il lato negativo \u00e8 che hanno un costo maggiore a causa della loro complessit\u00e0.<\/div>\n<div> \t<\/div>\n<h3>Tende senza ricircolo<\/h3>\n<p>Sono molto facili da installare e mantenere correttamente le barriere d&prime;aria. Il suo costo \u00e8 inferiore e in questo caso espellono l&prime;aria nell&prime;ambiente.<\/p>\n<p> Inoltre, per ottenere le massime prestazioni ed efficacia dalle barriere d&prime;aria, \u00e8 necessario tenere conto di diversi aspetti che possono influire sul suo funzionamento:<\/p>\n<p> &#8211; Dimensioni della porta: se vuoi assicurarti che la tua barriera d&prime;aria sia completamente efficace, dovresti sapere che le sue dimensioni devono essere pi\u00f9 larghe della porta che coprir\u00e0 per garantire il controllo totale della presa d&prime;aria. Deve inoltre esserci spazio sufficiente per posizionare la barriera d&prime;aria il pi\u00f9 vicino possibile alla porta.<\/p>\n<p> &#8211; Circostanze ambientali: l&prime;efficacia delle barriere d&prime;aria \u00e8 anche alterata da fattori esterni come la temperatura e la velocit\u00e0 dell&prime;aria all&prime;esterno. Per questo motivo, \u00e8 necessario utilizzare pi\u00f9 energia nei luoghi in cui le correnti di aria fredda pi\u00f9 elevate sono pi\u00f9 frequenti, mentre la potenza sar\u00e0 inferiore nelle aree con temperature pi\u00f9 calde.<\/p>\n<p> &#8211; Altezza di installazione: l&prime;apparecchiatura deve emettere aria a una velocit\u00e0 sufficientemente forte da coprire l&prime;intera altezza e larghezza della porta dello stabilimento. <\/p>\n<div> \t<\/div>\n<h2>Installare le barriere d&prime;aria con MET MANN<\/h2>\n<div>Si despu&eacute;s de leer este art\u00edculo te vuelven a preguntar acerca de si <span style=\"font-weight: bold;\">son efectivas las cortinas de aire<\/span>,  creemos que esta vez tu respuesta va a ser muy clara: rotundamente s\u00ed.  Este sistema supone una perfecta soluci\u00f3n para solventar los problemas  de climatizaci\u00f3n de todo tipo de locales comerciales, consiguiendo  generar un espacio en el que se re\u00fanen las condiciones de climatizaci\u00f3n  id\u00f3neas tanto para empleados como para clientes.<\/div>\n<div> \t<\/div>\n<div>Si todav\u00eda no dispones de este sistema, en MET MANN te asesoramos  para que encuentres las mejores cortinas de aire para tu negocio. Ponte  en contacto con nuestro equipo profesional y pide tu presupuesto. Nos  encargaremos de todo lo necesario para su instalaci\u00f3n.<\/div>\n<div> \t<\/div>\n","protected":false},"excerpt":{"rendered":"<p>Le cortine d&prime;aria sono diventate i dispositivi di condizionamento d&prime;aria per eccellenza in molti locali commerciali negli ultimi anni, siano essi piccoli negozi o grandi aree come i centri commerciali. Data la grande popolarit\u00e0 raggiunta da questi sistemi, sorge una domanda: le cortine d&prime;aria sono davvero efficaci?<\/p>\n","protected":false},"author":1,"featured_media":444,"comment_status":"open","ping_status":"open","sticky":false,"template":"","format":"standard","meta":{"_acf_changed":false,"_et_pb_use_builder":"","_et_pb_old_content":"","_et_gb_content_width":"","_joinchat":[],"footnotes":""},"categories":[54],"tags":[],"acf":[],"yoast_head":"<!-- This site is optimized with the Yoast SEO plugin v22.6 - https:\/\/yoast.com\/wordpress\/plugins\/seo\/ -->\r\n<title>Le cortine d&prime;aria sono efficaci?<\/title>\r\n<meta name=\"description\" content=\"Sempre pi\u00f9 persone scommettono sulle cortine d&prime;aria come sistema di aria condizionata, ma sono davvero efficaci? Te lo diciamo\" \/>\r\n<meta name=\"robots\" content=\"index, follow, max-snippet:-1, max-image-preview:large, max-video-preview:-1\" \/>\r\n<link rel=\"canonical\" href=\"https:\/\/www.metmann.com\/it\/le-cortine-daria-sono-efficaci\/\" \/>\r\n<meta property=\"og:locale\" content=\"it_IT\" \/>\r\n<meta property=\"og:type\" content=\"article\" \/>\r\n<meta property=\"og:title\" content=\"Le cortine d&prime;aria sono efficaci?\" \/>\r\n<meta property=\"og:description\" content=\"Sempre pi\u00f9 persone scommettono sulle cortine d&prime;aria come sistema di aria condizionata, ma sono davvero efficaci? Te lo diciamo\" \/>\r\n<meta property=\"og:url\" content=\"https:\/\/www.metmann.com\/it\/le-cortine-daria-sono-efficaci\/\" \/>\r\n<meta property=\"og:site_name\" content=\"MET MANN\" \/>\r\n<meta property=\"article:published_time\" content=\"2020-05-08T00:00:00+00:00\" \/>\r\n<meta property=\"og:image\" content=\"https:\/\/www.metmann.com\/wp-content\/uploads\/2021\/09\/1588925906_FFFX.jpg\" \/>\r\n<meta name=\"author\" content=\"Marcelo Gonfar\" \/>\r\n<meta name=\"twitter:card\" content=\"summary_large_image\" \/>\r\n<meta name=\"twitter:title\" content=\"Le cortine d&prime;aria sono efficaci?\" \/>\r\n<meta name=\"twitter:description\" content=\"Sempre pi\u00f9 persone scommettono sulle cortine d&prime;aria come sistema di aria condizionata, ma sono davvero efficaci? Te lo diciamo\" \/>\r\n<meta name=\"twitter:image\" content=\"https:\/\/www.metmann.com\/wp-content\/uploads\/2021\/09\/1588925906_FFFX.jpg\" \/>\r\n<meta name=\"twitter:label1\" content=\"Scritto da\" \/>\n\t<meta name=\"twitter:data1\" content=\"Marcelo Gonfar\" \/>\n\t<meta name=\"twitter:label2\" content=\"Tempo di lettura stimato\" \/>\n\t<meta name=\"twitter:data2\" content=\"5 minuti\" \/>\r\n<script type=\"application\/ld+json\" class=\"yoast-schema-graph\">{\"@context\":\"https:\/\/schema.org\",\"@graph\":[{\"@type\":\"Article\",\"@id\":\"https:\/\/www.metmann.com\/it\/le-cortine-daria-sono-efficaci\/#article\",\"isPartOf\":{\"@id\":\"https:\/\/www.metmann.com\/it\/le-cortine-daria-sono-efficaci\/\"},\"author\":{\"name\":\"Marcelo Gonfar\",\"@id\":\"https:\/\/www.metmann.com\/it\/#\/schema\/person\/abb061f44d31128f243c7e8c9677bb01\"},\"headline\":\"Le cortine d&prime;aria sono efficaci?\",\"datePublished\":\"2020-05-08T00:00:00+00:00\",\"dateModified\":\"2020-05-08T00:00:00+00:00\",\"mainEntityOfPage\":{\"@id\":\"https:\/\/www.metmann.com\/it\/le-cortine-daria-sono-efficaci\/\"},\"wordCount\":929,\"commentCount\":0,\"publisher\":{\"@id\":\"https:\/\/www.metmann.com\/it\/#organization\"},\"image\":{\"@id\":\"https:\/\/www.metmann.com\/it\/le-cortine-daria-sono-efficaci\/#primaryimage\"},\"thumbnailUrl\":\"https:\/\/www.metmann.com\/wp-content\/uploads\/2021\/09\/1588925906_FFFX.jpg\",\"articleSection\":[\"Notizies\"],\"inLanguage\":\"it-IT\",\"potentialAction\":[{\"@type\":\"CommentAction\",\"name\":\"Comment\",\"target\":[\"https:\/\/www.metmann.com\/it\/le-cortine-daria-sono-efficaci\/#respond\"]}]},{\"@type\":\"WebPage\",\"@id\":\"https:\/\/www.metmann.com\/it\/le-cortine-daria-sono-efficaci\/\",\"url\":\"https:\/\/www.metmann.com\/it\/le-cortine-daria-sono-efficaci\/\",\"name\":\"Le cortine d&prime;aria sono efficaci?\",\"isPartOf\":{\"@id\":\"https:\/\/www.metmann.com\/it\/#website\"},\"primaryImageOfPage\":{\"@id\":\"https:\/\/www.metmann.com\/it\/le-cortine-daria-sono-efficaci\/#primaryimage\"},\"image\":{\"@id\":\"https:\/\/www.metmann.com\/it\/le-cortine-daria-sono-efficaci\/#primaryimage\"},\"thumbnailUrl\":\"https:\/\/www.metmann.com\/wp-content\/uploads\/2021\/09\/1588925906_FFFX.jpg\",\"datePublished\":\"2020-05-08T00:00:00+00:00\",\"dateModified\":\"2020-05-08T00:00:00+00:00\",\"description\":\"Sempre pi\u00f9 persone scommettono sulle cortine d&prime;aria come sistema di aria condizionata, ma sono davvero efficaci? Te lo diciamo\",\"breadcrumb\":{\"@id\":\"https:\/\/www.metmann.com\/it\/le-cortine-daria-sono-efficaci\/#breadcrumb\"},\"inLanguage\":\"it-IT\",\"potentialAction\":[{\"@type\":\"ReadAction\",\"target\":[\"https:\/\/www.metmann.com\/it\/le-cortine-daria-sono-efficaci\/\"]}]},{\"@type\":\"ImageObject\",\"inLanguage\":\"it-IT\",\"@id\":\"https:\/\/www.metmann.com\/it\/le-cortine-daria-sono-efficaci\/#primaryimage\",\"url\":\"https:\/\/www.metmann.com\/wp-content\/uploads\/2021\/09\/1588925906_FFFX.jpg\",\"contentUrl\":\"https:\/\/www.metmann.com\/wp-content\/uploads\/2021\/09\/1588925906_FFFX.jpg\",\"width\":400,\"height\":300},{\"@type\":\"BreadcrumbList\",\"@id\":\"https:\/\/www.metmann.com\/it\/le-cortine-daria-sono-efficaci\/#breadcrumb\",\"itemListElement\":[{\"@type\":\"ListItem\",\"position\":1,\"name\":\"Inicio\",\"item\":\"https:\/\/www.metmann.com\/it\/\"},{\"@type\":\"ListItem\",\"position\":2,\"name\":\"Notizies\",\"item\":\"https:\/\/www.metmann.com\/it\/category\/notizies\/\"},{\"@type\":\"ListItem\",\"position\":3,\"name\":\"Le cortine d&prime;aria sono efficaci?\"}]},{\"@type\":\"WebSite\",\"@id\":\"https:\/\/www.metmann.com\/it\/#website\",\"url\":\"https:\/\/www.metmann.com\/it\/\",\"name\":\"MET MANN\",\"description\":\"Climatizaci\u00f3n industrial, Calefactores y Ventilaci\u00f3n para empresas\",\"publisher\":{\"@id\":\"https:\/\/www.metmann.com\/it\/#organization\"},\"potentialAction\":[{\"@type\":\"SearchAction\",\"target\":{\"@type\":\"EntryPoint\",\"urlTemplate\":\"https:\/\/www.metmann.com\/it\/?s={search_term_string}\"},\"query-input\":\"required name=search_term_string\"}],\"inLanguage\":\"it-IT\"},{\"@type\":\"Organization\",\"@id\":\"https:\/\/www.metmann.com\/it\/#organization\",\"name\":\"Met Mann\",\"url\":\"https:\/\/www.metmann.com\/it\/\",\"logo\":{\"@type\":\"ImageObject\",\"inLanguage\":\"it-IT\",\"@id\":\"https:\/\/www.metmann.com\/it\/#\/schema\/logo\/image\/\",\"url\":\"https:\/\/www.metmann.com\/wp-content\/uploads\/2021\/12\/logo-color-met-mann-01.jpg\",\"contentUrl\":\"https:\/\/www.metmann.com\/wp-content\/uploads\/2021\/12\/logo-color-met-mann-01.jpg\",\"width\":351,\"height\":133,\"caption\":\"Met Mann\"},\"image\":{\"@id\":\"https:\/\/www.metmann.com\/it\/#\/schema\/logo\/image\/\"}},{\"@type\":\"Person\",\"@id\":\"https:\/\/www.metmann.com\/it\/#\/schema\/person\/abb061f44d31128f243c7e8c9677bb01\",\"name\":\"Marcelo Gonfar\",\"image\":{\"@type\":\"ImageObject\",\"inLanguage\":\"it-IT\",\"@id\":\"https:\/\/www.metmann.com\/it\/#\/schema\/person\/image\/\",\"url\":\"https:\/\/secure.gravatar.com\/avatar\/f8e37661ecf23489bf1e65088ca5cfbd?s=96&d=mm&r=g\",\"contentUrl\":\"https:\/\/secure.gravatar.com\/avatar\/f8e37661ecf23489bf1e65088ca5cfbd?s=96&d=mm&r=g\",\"caption\":\"Marcelo Gonfar\"},\"url\":\"https:\/\/www.metmann.com\/it\/author\/produccionvisualpublinet-com\/\"}]}<\/script>\r\n<!-- \/ Yoast SEO plugin. -->","yoast_head_json":{"title":"Le cortine d&prime;aria sono efficaci?","description":"Sempre pi\u00f9 persone scommettono sulle cortine d&prime;aria come sistema di aria condizionata, ma sono davvero efficaci? Te lo diciamo","robots":{"index":"index","follow":"follow","max-snippet":"max-snippet:-1","max-image-preview":"max-image-preview:large","max-video-preview":"max-video-preview:-1"},"canonical":"https:\/\/www.metmann.com\/it\/le-cortine-daria-sono-efficaci\/","og_locale":"it_IT","og_type":"article","og_title":"Le cortine d&prime;aria sono efficaci?","og_description":"Sempre pi\u00f9 persone scommettono sulle cortine d&prime;aria come sistema di aria condizionata, ma sono davvero efficaci? Te lo diciamo","og_url":"https:\/\/www.metmann.com\/it\/le-cortine-daria-sono-efficaci\/","og_site_name":"MET MANN","article_published_time":"2020-05-08T00:00:00+00:00","og_image":[{"url":"https:\/\/www.metmann.com\/wp-content\/uploads\/2021\/09\/1588925906_FFFX.jpg"}],"author":"Marcelo Gonfar","twitter_card":"summary_large_image","twitter_title":"Le cortine d&prime;aria sono efficaci?","twitter_description":"Sempre pi\u00f9 persone scommettono sulle cortine d&prime;aria come sistema di aria condizionata, ma sono davvero efficaci? Te lo diciamo","twitter_image":"https:\/\/www.metmann.com\/wp-content\/uploads\/2021\/09\/1588925906_FFFX.jpg","twitter_misc":{"Scritto da":"Marcelo Gonfar","Tempo di lettura stimato":"5 minuti"},"schema":{"@context":"https:\/\/schema.org","@graph":[{"@type":"Article","@id":"https:\/\/www.metmann.com\/it\/le-cortine-daria-sono-efficaci\/#article","isPartOf":{"@id":"https:\/\/www.metmann.com\/it\/le-cortine-daria-sono-efficaci\/"},"author":{"name":"Marcelo Gonfar","@id":"https:\/\/www.metmann.com\/it\/#\/schema\/person\/abb061f44d31128f243c7e8c9677bb01"},"headline":"Le cortine d&prime;aria sono efficaci?","datePublished":"2020-05-08T00:00:00+00:00","dateModified":"2020-05-08T00:00:00+00:00","mainEntityOfPage":{"@id":"https:\/\/www.metmann.com\/it\/le-cortine-daria-sono-efficaci\/"},"wordCount":929,"commentCount":0,"publisher":{"@id":"https:\/\/www.metmann.com\/it\/#organization"},"image":{"@id":"https:\/\/www.metmann.com\/it\/le-cortine-daria-sono-efficaci\/#primaryimage"},"thumbnailUrl":"https:\/\/www.metmann.com\/wp-content\/uploads\/2021\/09\/1588925906_FFFX.jpg","articleSection":["Notizies"],"inLanguage":"it-IT","potentialAction":[{"@type":"CommentAction","name":"Comment","target":["https:\/\/www.metmann.com\/it\/le-cortine-daria-sono-efficaci\/#respond"]}]},{"@type":"WebPage","@id":"https:\/\/www.metmann.com\/it\/le-cortine-daria-sono-efficaci\/","url":"https:\/\/www.metmann.com\/it\/le-cortine-daria-sono-efficaci\/","name":"Le cortine d&prime;aria sono efficaci?","isPartOf":{"@id":"https:\/\/www.metmann.com\/it\/#website"},"primaryImageOfPage":{"@id":"https:\/\/www.metmann.com\/it\/le-cortine-daria-sono-efficaci\/#primaryimage"},"image":{"@id":"https:\/\/www.metmann.com\/it\/le-cortine-daria-sono-efficaci\/#primaryimage"},"thumbnailUrl":"https:\/\/www.metmann.com\/wp-content\/uploads\/2021\/09\/1588925906_FFFX.jpg","datePublished":"2020-05-08T00:00:00+00:00","dateModified":"2020-05-08T00:00:00+00:00","description":"Sempre pi\u00f9 persone scommettono sulle cortine d&prime;aria come sistema di aria condizionata, ma sono davvero efficaci? Te lo diciamo","breadcrumb":{"@id":"https:\/\/www.metmann.com\/it\/le-cortine-daria-sono-efficaci\/#breadcrumb"},"inLanguage":"it-IT","potentialAction":[{"@type":"ReadAction","target":["https:\/\/www.metmann.com\/it\/le-cortine-daria-sono-efficaci\/"]}]},{"@type":"ImageObject","inLanguage":"it-IT","@id":"https:\/\/www.metmann.com\/it\/le-cortine-daria-sono-efficaci\/#primaryimage","url":"https:\/\/www.metmann.com\/wp-content\/uploads\/2021\/09\/1588925906_FFFX.jpg","contentUrl":"https:\/\/www.metmann.com\/wp-content\/uploads\/2021\/09\/1588925906_FFFX.jpg","width":400,"height":300},{"@type":"BreadcrumbList","@id":"https:\/\/www.metmann.com\/it\/le-cortine-daria-sono-efficaci\/#breadcrumb","itemListElement":[{"@type":"ListItem","position":1,"name":"Inicio","item":"https:\/\/www.metmann.com\/it\/"},{"@type":"ListItem","position":2,"name":"Notizies","item":"https:\/\/www.metmann.com\/it\/category\/notizies\/"},{"@type":"ListItem","position":3,"name":"Le cortine d&prime;aria sono efficaci?"}]},{"@type":"WebSite","@id":"https:\/\/www.metmann.com\/it\/#website","url":"https:\/\/www.metmann.com\/it\/","name":"MET MANN","description":"Climatizaci\u00f3n industrial, Calefactores y Ventilaci\u00f3n para empresas","publisher":{"@id":"https:\/\/www.metmann.com\/it\/#organization"},"potentialAction":[{"@type":"SearchAction","target":{"@type":"EntryPoint","urlTemplate":"https:\/\/www.metmann.com\/it\/?s={search_term_string}"},"query-input":"required name=search_term_string"}],"inLanguage":"it-IT"},{"@type":"Organization","@id":"https:\/\/www.metmann.com\/it\/#organization","name":"Met Mann","url":"https:\/\/www.metmann.com\/it\/","logo":{"@type":"ImageObject","inLanguage":"it-IT","@id":"https:\/\/www.metmann.com\/it\/#\/schema\/logo\/image\/","url":"https:\/\/www.metmann.com\/wp-content\/uploads\/2021\/12\/logo-color-met-mann-01.jpg","contentUrl":"https:\/\/www.metmann.com\/wp-content\/uploads\/2021\/12\/logo-color-met-mann-01.jpg","width":351,"height":133,"caption":"Met Mann"},"image":{"@id":"https:\/\/www.metmann.com\/it\/#\/schema\/logo\/image\/"}},{"@type":"Person","@id":"https:\/\/www.metmann.com\/it\/#\/schema\/person\/abb061f44d31128f243c7e8c9677bb01","name":"Marcelo Gonfar","image":{"@type":"ImageObject","inLanguage":"it-IT","@id":"https:\/\/www.metmann.com\/it\/#\/schema\/person\/image\/","url":"https:\/\/secure.gravatar.com\/avatar\/f8e37661ecf23489bf1e65088ca5cfbd?s=96&d=mm&r=g","contentUrl":"https:\/\/secure.gravatar.com\/avatar\/f8e37661ecf23489bf1e65088ca5cfbd?s=96&d=mm&r=g","caption":"Marcelo Gonfar"},"url":"https:\/\/www.metmann.com\/it\/author\/produccionvisualpublinet-com\/"}]}},"_links":{"self":[{"href":"https:\/\/www.metmann.com\/it\/wp-json\/wp\/v2\/posts\/2995"}],"collection":[{"href":"https:\/\/www.metmann.com\/it\/wp-json\/wp\/v2\/posts"}],"about":[{"href":"https:\/\/www.metmann.com\/it\/wp-json\/wp\/v2\/types\/post"}],"author":[{"embeddable":true,"href":"https:\/\/www.metmann.com\/it\/wp-json\/wp\/v2\/users\/1"}],"replies":[{"embeddable":true,"href":"https:\/\/www.metmann.com\/it\/wp-json\/wp\/v2\/comments?post=2995"}],"version-history":[{"count":0,"href":"https:\/\/www.metmann.com\/it\/wp-json\/wp\/v2\/posts\/2995\/revisions"}],"wp:featuredmedia":[{"embeddable":true,"href":"https:\/\/www.metmann.com\/it\/wp-json\/wp\/v2\/media\/444"}],"wp:attachment":[{"href":"https:\/\/www.metmann.com\/it\/wp-json\/wp\/v2\/media?parent=2995"}],"wp:term":[{"taxonomy":"category","embeddable":true,"href":"https:\/\/www.metmann.com\/it\/wp-json\/wp\/v2\/categories?post=2995"},{"taxonomy":"post_tag","embeddable":true,"href":"https:\/\/www.metmann.com\/it\/wp-json\/wp\/v2\/tags?post=2995"}],"curies":[{"name":"wp","href":"https:\/\/api.w.org\/{rel}","templated":true}]}}