{"id":3000,"date":"2020-08-21T00:00:00","date_gmt":"2020-08-21T00:00:00","guid":{"rendered":"https:\/\/metmann.com.185-176-9-81.185-176-9-81.visualpublinet.com\/perche-e-necessario-calcolare-la-ventilazione-e-lestrazione-di-un-edificio-industriale\/"},"modified":"2020-08-21T00:00:00","modified_gmt":"2020-08-21T00:00:00","slug":"perche-e-necessario-calcolare-la-ventilazione-e-lestrazione-di-un-edificio-industriale","status":"publish","type":"post","link":"https:\/\/www.metmann.com\/it\/perche-e-necessario-calcolare-la-ventilazione-e-lestrazione-di-un-edificio-industriale\/","title":{"rendered":"Perch\u00e9 \u00e8 necessario calcolare la ventilazione e l&#8242;estrazione di un edificio industriale"},"content":{"rendered":"<p><span id=\"docs-internal-guid-9e42799d-7fff-8312-2899-ffaf7f56c243\">In molte occasioni, quando un&#8242;azienda acquista o affitta un edificio industriale, ignora lo stato del sistema di ventilazione esistente negli impianti, cosa che pu\u00f2 portare a problemi e procedure che rallentano l&#8242;avvio dell&#8242;attivit\u00e0 commerciale. L&#8242;importanza della ventilazione industriale risiede nelle normative che devono essere rispettate per evitare possibili sanzioni.<\/p>\n<p> \tPer evitare questo tipo di problema e come esperti nel calcolo della ventilazione industriale, abbiamo preparato questo post in cui troverai una piccola guida con tutti gli aspetti legali e le raccomandazioni necessarie affinch&eacute; il calcolo del sistema di ventilazione industriale della tua azienda non diventi in una vecchia preoccupazione. \t<\/p>\n<p dir=\"ltr\" style=\"line-height: 1.38; margin-top: 0pt; margin-bottom: 0pt;\">&nbsp;<\/p>\n<p dir=\"ltr\" style=\"line-height: 1.38; margin-top: 0pt; margin-bottom: 0pt;\"><span id=\"docs-internal-guid-293cf620-7fff-12d9-6894-2c3809263705\"><\/span><\/p>\n<h2 dir=\"ltr\" style=\"line-height:1.38;margin-top:18pt;margin-bottom:6pt;\">Normative sulla ventilazione industriale<\/h2>\n<p>Sebbene non esista una normativa specifica in relazione al calcolo della ventilazione industriale, \u00e8 necessario rispettare un livello minimo di qualit\u00e0 dell&#8242;aria in modo che gli operatori che lavorano nel magazzino respirino aria di qualit\u00e0 adeguata entro le loro possibilit\u00e0.<\/p>\n<p> \tNel regio decreto 427 si menziona l&#8242;ambito di ventilazione degli edifici industriali, in base a tale regolamento, per il calcolo della ventilazione di un edificio industriale si deve tener conto che \u00e8 necessario applicare un rinnovo d&#8242;aria di 30 m3 per lavoratore ogni ora in Nel caso in cui non ci fossero fumi di tabacco a bordo della nave (cosa oggi obbligatoria e che riporta alla luce l&#8242;antichit\u00e0 dei regolamenti) nel caso ipotetico che ci fosse fumo di tabacco a bordo, il rinnovo dell&#8242;aria aumenterebbe a 50m3 per lavoratore e ora.<\/p>\n<p> \tTenendo conto delle normali condizioni di lavoro negli edifici industriali, i livelli proposti dal regio decreto 427 sono insufficienti per mantenere una qualit\u00e0 dell&#8242;aria confortevole e impedire che l&#8242;ambiente diventi stantio. Questo \u00e8 cos\u00ec dato che il rinnovo dell&#8242;aria \u00e8 preso in considerazione solo per persona nel regolamento e non le dimensioni dell&#8242;edificio o la capacit\u00e0 di inquinamento atmosferico.<\/p>\n<p> \tPertanto, il calcolo della ventilazione e dell&#8242;estrazione in un capannone industriale non \u00e8 lo stesso per un team di 30 persone che lavorano in un magazzino di 2500 m2 saldatura metalli, come le stesse persone in uno spazio pi\u00f9 piccolo utilizzato come magazzino e in cui non c&#8242;\u00e8 quasi nessuno macchinari.<\/p>\n<p> \tEsistono diversi criteri da applicare a seconda delle dimensioni delle strutture, del lavoro svolto all&#8242;interno e del numero di lavoratori che operano all&#8242;interno. \t<\/p>\n<div><span style=\"font-size: 11pt; font-family: Arial; font-variant-numeric: normal; font-variant-east-asian: normal; vertical-align: baseline; white-space: pre-wrap;\"><\/span><\/div>\n<div>&nbsp;<\/div>\n<div><span id=\"docs-internal-guid-0d649b83-7fff-f94a-4ecd-f60e2bdc7265\"> \t\t\t<\/p>\n<h2 dir=\"ltr\" style=\"line-height:1.38;margin-top:18pt;margin-bottom:6pt;\"><span style=\"font-variant-numeric: normal; font-variant-east-asian: normal; vertical-align: baseline;\">Come calcolare la ventilazione e l&#8242;estrazione di un edificio industriale<\/span><\/h2>\n<p dir=\"ltr\" style=\"line-height: 1.38; margin-top: 0pt; margin-bottom: 0pt;\"><span style=\"font-variant-numeric: normal; font-variant-east-asian: normal; vertical-align: baseline;\">A questo punto ti chiederai sicuramente quali aspetti tenere in considerazione quando si stabilisce la ventilazione di un capannone industriale. In qualit\u00e0 di esperti nel calcolo della ventilazione e dell&#8242;estrazione di edifici industriali presso MET MANN, consigliamo di tenere in considerazione i seguenti punti chiave.<\/span><span style=\"font-variant-numeric: normal; font-variant-east-asian: normal; vertical-align: baseline;\"><\/span><\/p>\n<p> \t\t\t \t\t\t<\/p>\n<ul style=\"margin-top:0;margin-bottom:0;\">\n<li dir=\"ltr\" style=\"list-style-type: disc; font-variant-numeric: normal; font-variant-east-asian: normal; vertical-align: baseline;\">\n<p dir=\"ltr\" style=\"line-height: 1.38; margin-top: 0pt; margin-bottom: 0pt;\" role=\"presentation\"><span style=\"font-variant-numeric: normal; font-variant-east-asian: normal; vertical-align: baseline;\">\u00c8 necessario tener conto del contesto dell&#8242;involucro quando si stabilisce il calcolo della ventilazione necessaria in base all&#8242;attivit\u00e0 svolta all&#8242;interno, l&#8242;inquinamento apportato dai macchinari, la temperatura, il numero di lavoratori e, naturalmente, l&#8242;estensione del recinto.<\/span><\/p>\n<\/li>\n<\/ul>\n<p> \t\t\t \t\t\t<\/p>\n<ul style=\"margin-top:0;margin-bottom:0;\">\n<li dir=\"ltr\" style=\"list-style-type: disc; font-variant-numeric: normal; font-variant-east-asian: normal; vertical-align: baseline;\">\n<p dir=\"ltr\" style=\"line-height: 1.38; margin-top: 0pt; margin-bottom: 0pt;\" role=\"presentation\"><span style=\"font-variant-numeric: normal; font-variant-east-asian: normal; vertical-align: baseline;\">Una volta considerati tutti i fattori sopra indicati, \u00e8 necessario effettuare un numero minimo di rinnovi orari, in modo tale che l&#8242;aria venga rinnovata completamente da 4 a 10 volte in ogni ora di attivit\u00e0.<\/span><\/p>\n<\/li>\n<\/ul>\n<p> \t\t\t \t\t\t<\/p>\n<p dir=\"ltr\" style=\"line-height: 1.38; margin-top: 0pt; margin-bottom: 0pt;\"><span style=\"font-variant-numeric: normal; font-variant-east-asian: normal; vertical-align: baseline;\">In questo modo, ipotizzando di avere uno spazio di 50 metri di lunghezza, 20 di larghezza e 6 di altezza, il calcolo verr\u00e0 effettuato come segue:<\/span><\/p>\n<p dir=\"ltr\" style=\"line-height: 1.38; margin-top: 0pt; margin-bottom: 0pt;\">&nbsp;<\/p>\n<h3 style=\"line-height: 1.38; margin-top: 0pt; margin-bottom: 0pt;\"><span id=\"docs-internal-guid-d3b155dc-7fff-8c77-2e3d-0dc26ee34a54\">Calcola i metri cubi totali<\/span><\/h3>\n<div>\n<div><span style=\"font-style: italic;\"><\/span><\/div>\n<div>&nbsp;<\/div>\n<p>50 m x 20 m x 6 m = 6000 m3<br \/> \t\t\t\tQuesti 6000m3 corrispondono al volume totale della custodia che deve essere preso in considerazione. \t\t\t\t<\/p>\n<div>&nbsp;<\/div>\n<div> \t\t\t\t\t<\/div>\n<h3>Calcola il volume da rinnovare all&#8242;ora in base al numero di rinnovi desiderati<\/h3>\n<div><span style=\"font-style: italic;\"><\/span><\/div>\n<div><span style=\"font-style: italic;\"><\/span><\/div>\n<div>Impostazione dei rinnovi minimi consigliati (4 rinnovi all&#8242;ora)<br \/> \t\t\t\t\t6000m3 x 4 = 24.000m3<br \/> \t\t\t\t\t&nbsp;<\/p>\n<p> \t\t\t\t\tPer rinnovare completamente l&#8242;aria negli impianti per un totale di 4 volte l&#8242;ora, \u00e8 necessario stabilire una portata d&#8242;aria di 24.000 m3 per la quale sar\u00e0 necessario un sistema di ventilazione industriale.<\/p>\n<p> \t\t\t\t\tUn sistema di ventilazione industriale si basa su punti di entrata e uscita dell&#8242;aria verso l&#8242;esterno che creano una corrente che spinge l&#8242;aria viziata verso l&#8242;uscita. L&#8242;aria fresca e rinnovata entra all&#8242;interno attraverso le prese d&#8242;aria e spazza l&#8242;aria viziata verso l&#8242;alto, dove sono presenti degli estrattori che la restituiscono all&#8242;esterno.  \t\t\t\t\t<\/div>\n<div><span id=\"docs-internal-guid-d527339e-7fff-c2a5-2e5f-a52605f74207\"> \t\t\t\t\t\t<\/p>\n<p dir=\"ltr\" style=\"line-height: 1.38; margin-top: 0pt; margin-bottom: 0pt;\">&nbsp;<\/p>\n<p dir=\"ltr\" style=\"line-height: 1.38; margin-top: 0pt; margin-bottom: 0pt;\">&nbsp;<span id=\"docs-internal-guid-458b35b6-7fff-e9d5-f0dd-91134e1f2821\"><\/span><\/p>\n<h2 dir=\"ltr\" style=\"line-height: 1.38; margin-top: 18pt; margin-bottom: 6pt;\"><span style=\"font-variant-numeric: normal; font-variant-east-asian: normal; vertical-align: baseline;\">Progettazione del sistema di ventilazione<\/span><\/h2>\n<p>Per l&#8242;installazione di un adeguato sistema di ventilazione negli edifici industriali \u00e8 necessario tener conto di una serie di fattori oltre alla portata d&#8242;aria necessaria per il rinnovo dell&#8242;aria interna. Per ottimizzare questo processo \u00e8 necessario tenere conto del tipo di ventilatori, dell&#8242;ubicazione degli estrattori e delle griglie di ventilazione, in modo tale che la corrente d&#8242;aria rimuova l&#8242;aria viziata senza produrre alcun ricircolo d&#8242;aria.<\/p>\n<p> \t\t\t\t\t\tSe ritieni che le tue strutture non siano adeguatamente condizionate o hai dubbi sul calcolo della ventilazione e dell&#8242;estrazione del tuo capannone industriale, noi di MET MANN possiamo aiutarti. Siamo esperti nello studio e installazione di questo tipo di sistemi di ventilazione in industrie e magazzini di ogni tipo.<\/p>\n<p> \t\t\t\t\t\tNon esitate a contattarci in modo che i nostri specialisti possano consigliarvi su come migliorare le condizioni di lavoro nel vostro magazzino industriale. \t\t\t\t\t\t<\/p>\n<div><span style=\"font-size: 11pt; font-family: Arial; font-variant-numeric: normal; font-variant-east-asian: normal; vertical-align: baseline; white-space: pre-wrap;\"><br \/> \t\t\t\t\t\t\t\t<\/span><\/div>\n<p><\/span> \t\t\t\t\t<\/p>\n<p>&nbsp;<\/p>\n<p> \t\t\t\t\t<\/div>\n<p> \t\t\t\t<\/div>\n<p><\/span><span id=\"docs-internal-guid-086a50cd-7fff-adfd-946a-8ddbf82d73fa\"> \t\t\t<\/p>\n<p dir=\"ltr\" style=\"line-height: 1.38; margin-left: 36pt; margin-top: 0pt; margin-bottom: 0pt;\"><span style=\"font-variant-numeric: normal; font-variant-east-asian: normal; vertical-align: baseline;\"><\/span><\/p>\n<p dir=\"ltr\" style=\"line-height: 1.38; margin-left: 36pt; margin-top: 0pt; margin-bottom: 0pt;\"> \t\t\t\t<\/p>\n<p><\/span> \t\t<\/div>\n<p><\/span> <\/p>\n<p>&nbsp;<\/p>\n<p dir=\"ltr\" style=\"line-height: 1.38; margin-top: 0pt; margin-bottom: 0pt;\"> \t<\/p>\n<div><span style=\"font-variant-numeric: normal; font-variant-east-asian: normal; vertical-align: baseline;\"><br \/> \t\t<\/span><\/div>\n","protected":false},"excerpt":{"rendered":"<p>Gli edifici industriali sono ambienti in cui molte volte la ventilazione \u00e8 evidente per la sua assenza. Ci\u00f2 rende necessario che il <span style=\"font-weight: bold;\">calcolo della ventilazione e dell&#8242;estrazione<\/span> di un capannone industriale sia un requisito quasi obbligatorio e che dovrebbe essere ignorato.<\/p>\n","protected":false},"author":1,"featured_media":484,"comment_status":"open","ping_status":"open","sticky":false,"template":"","format":"standard","meta":{"_acf_changed":false,"_et_pb_use_builder":"","_et_pb_old_content":"","_et_gb_content_width":"","_joinchat":[],"footnotes":""},"categories":[54],"tags":[],"acf":[],"yoast_head":"<!-- This site is optimized with the Yoast SEO plugin v22.6 - https:\/\/yoast.com\/wordpress\/plugins\/seo\/ -->\r\n<title>Calcolo della ventilazione ed estrazione di un edificio industriale<\/title>\r\n<meta name=\"description\" content=\"Il calcolo della quantit\u00e0 di ventilazione ed estrazione necessaria a un edificio industriale \u00e8 essenziale per garantire una corretta qualit\u00e0 dell&prime;aria. Spieghiamo come farlo.\" \/>\r\n<meta name=\"robots\" content=\"index, follow, max-snippet:-1, max-image-preview:large, max-video-preview:-1\" \/>\r\n<link rel=\"canonical\" href=\"https:\/\/www.metmann.com\/it\/perche-e-necessario-calcolare-la-ventilazione-e-lestrazione-di-un-edificio-industriale\/\" \/>\r\n<meta property=\"og:locale\" content=\"it_IT\" \/>\r\n<meta property=\"og:type\" content=\"article\" \/>\r\n<meta property=\"og:title\" content=\"Calcolo della ventilazione ed estrazione di un edificio industriale\" \/>\r\n<meta property=\"og:description\" content=\"Il calcolo della quantit\u00e0 di ventilazione ed estrazione necessaria a un edificio industriale \u00e8 essenziale per garantire una corretta qualit\u00e0 dell&prime;aria. Spieghiamo come farlo.\" \/>\r\n<meta property=\"og:url\" content=\"https:\/\/www.metmann.com\/it\/perche-e-necessario-calcolare-la-ventilazione-e-lestrazione-di-un-edificio-industriale\/\" \/>\r\n<meta property=\"og:site_name\" content=\"MET MANN\" \/>\r\n<meta property=\"article:published_time\" content=\"2020-08-21T00:00:00+00:00\" \/>\r\n<meta property=\"og:image\" content=\"https:\/\/www.metmann.com\/wp-content\/uploads\/2021\/09\/1600322352_8qkH.jpg\" \/>\r\n<meta name=\"author\" content=\"Marcelo Gonfar\" \/>\r\n<meta name=\"twitter:card\" content=\"summary_large_image\" \/>\r\n<meta name=\"twitter:title\" content=\"Calcolo della ventilazione ed estrazione di un edificio industriale\" \/>\r\n<meta name=\"twitter:description\" content=\"Il calcolo della quantit\u00e0 di ventilazione ed estrazione necessaria a un edificio industriale \u00e8 essenziale per garantire una corretta qualit\u00e0 dell&prime;aria. Spieghiamo come farlo.\" \/>\r\n<meta name=\"twitter:image\" content=\"https:\/\/www.metmann.com\/wp-content\/uploads\/2021\/09\/1600322352_8qkH.jpg\" \/>\r\n<meta name=\"twitter:label1\" content=\"Scritto da\" \/>\n\t<meta name=\"twitter:data1\" content=\"Marcelo Gonfar\" \/>\n\t<meta name=\"twitter:label2\" content=\"Tempo di lettura stimato\" \/>\n\t<meta name=\"twitter:data2\" content=\"4 minuti\" \/>\r\n<script type=\"application\/ld+json\" class=\"yoast-schema-graph\">{\"@context\":\"https:\/\/schema.org\",\"@graph\":[{\"@type\":\"Article\",\"@id\":\"https:\/\/www.metmann.com\/it\/perche-e-necessario-calcolare-la-ventilazione-e-lestrazione-di-un-edificio-industriale\/#article\",\"isPartOf\":{\"@id\":\"https:\/\/www.metmann.com\/it\/perche-e-necessario-calcolare-la-ventilazione-e-lestrazione-di-un-edificio-industriale\/\"},\"author\":{\"name\":\"Marcelo Gonfar\",\"@id\":\"https:\/\/www.metmann.com\/it\/#\/schema\/person\/abb061f44d31128f243c7e8c9677bb01\"},\"headline\":\"Perch\u00e9 \u00e8 necessario calcolare la ventilazione e l&#8242;estrazione di un edificio industriale\",\"datePublished\":\"2020-08-21T00:00:00+00:00\",\"dateModified\":\"2020-08-21T00:00:00+00:00\",\"mainEntityOfPage\":{\"@id\":\"https:\/\/www.metmann.com\/it\/perche-e-necessario-calcolare-la-ventilazione-e-lestrazione-di-un-edificio-industriale\/\"},\"wordCount\":838,\"commentCount\":0,\"publisher\":{\"@id\":\"https:\/\/www.metmann.com\/it\/#organization\"},\"image\":{\"@id\":\"https:\/\/www.metmann.com\/it\/perche-e-necessario-calcolare-la-ventilazione-e-lestrazione-di-un-edificio-industriale\/#primaryimage\"},\"thumbnailUrl\":\"https:\/\/www.metmann.com\/wp-content\/uploads\/2021\/09\/1600322352_8qkH-e1688643982774.jpg\",\"articleSection\":[\"Notizies\"],\"inLanguage\":\"it-IT\",\"potentialAction\":[{\"@type\":\"CommentAction\",\"name\":\"Comment\",\"target\":[\"https:\/\/www.metmann.com\/it\/perche-e-necessario-calcolare-la-ventilazione-e-lestrazione-di-un-edificio-industriale\/#respond\"]}]},{\"@type\":\"WebPage\",\"@id\":\"https:\/\/www.metmann.com\/it\/perche-e-necessario-calcolare-la-ventilazione-e-lestrazione-di-un-edificio-industriale\/\",\"url\":\"https:\/\/www.metmann.com\/it\/perche-e-necessario-calcolare-la-ventilazione-e-lestrazione-di-un-edificio-industriale\/\",\"name\":\"Calcolo della ventilazione ed estrazione di un edificio industriale\",\"isPartOf\":{\"@id\":\"https:\/\/www.metmann.com\/it\/#website\"},\"primaryImageOfPage\":{\"@id\":\"https:\/\/www.metmann.com\/it\/perche-e-necessario-calcolare-la-ventilazione-e-lestrazione-di-un-edificio-industriale\/#primaryimage\"},\"image\":{\"@id\":\"https:\/\/www.metmann.com\/it\/perche-e-necessario-calcolare-la-ventilazione-e-lestrazione-di-un-edificio-industriale\/#primaryimage\"},\"thumbnailUrl\":\"https:\/\/www.metmann.com\/wp-content\/uploads\/2021\/09\/1600322352_8qkH-e1688643982774.jpg\",\"datePublished\":\"2020-08-21T00:00:00+00:00\",\"dateModified\":\"2020-08-21T00:00:00+00:00\",\"description\":\"Il calcolo della quantit\u00e0 di ventilazione ed estrazione necessaria a un edificio industriale \u00e8 essenziale per garantire una corretta qualit\u00e0 dell&prime;aria. Spieghiamo come farlo.\",\"breadcrumb\":{\"@id\":\"https:\/\/www.metmann.com\/it\/perche-e-necessario-calcolare-la-ventilazione-e-lestrazione-di-un-edificio-industriale\/#breadcrumb\"},\"inLanguage\":\"it-IT\",\"potentialAction\":[{\"@type\":\"ReadAction\",\"target\":[\"https:\/\/www.metmann.com\/it\/perche-e-necessario-calcolare-la-ventilazione-e-lestrazione-di-un-edificio-industriale\/\"]}]},{\"@type\":\"ImageObject\",\"inLanguage\":\"it-IT\",\"@id\":\"https:\/\/www.metmann.com\/it\/perche-e-necessario-calcolare-la-ventilazione-e-lestrazione-di-un-edificio-industriale\/#primaryimage\",\"url\":\"https:\/\/www.metmann.com\/wp-content\/uploads\/2021\/09\/1600322352_8qkH-e1688643982774.jpg\",\"contentUrl\":\"https:\/\/www.metmann.com\/wp-content\/uploads\/2021\/09\/1600322352_8qkH-e1688643982774.jpg\",\"width\":600,\"height\":484},{\"@type\":\"BreadcrumbList\",\"@id\":\"https:\/\/www.metmann.com\/it\/perche-e-necessario-calcolare-la-ventilazione-e-lestrazione-di-un-edificio-industriale\/#breadcrumb\",\"itemListElement\":[{\"@type\":\"ListItem\",\"position\":1,\"name\":\"Inicio\",\"item\":\"https:\/\/www.metmann.com\/it\/\"},{\"@type\":\"ListItem\",\"position\":2,\"name\":\"Notizies\",\"item\":\"https:\/\/www.metmann.com\/it\/category\/notizies\/\"},{\"@type\":\"ListItem\",\"position\":3,\"name\":\"Perch\u00e9 \u00e8 necessario calcolare la ventilazione e l&#8242;estrazione di un edificio industriale\"}]},{\"@type\":\"WebSite\",\"@id\":\"https:\/\/www.metmann.com\/it\/#website\",\"url\":\"https:\/\/www.metmann.com\/it\/\",\"name\":\"MET MANN\",\"description\":\"Climatizaci\u00f3n industrial, Calefactores y Ventilaci\u00f3n para empresas\",\"publisher\":{\"@id\":\"https:\/\/www.metmann.com\/it\/#organization\"},\"potentialAction\":[{\"@type\":\"SearchAction\",\"target\":{\"@type\":\"EntryPoint\",\"urlTemplate\":\"https:\/\/www.metmann.com\/it\/?s={search_term_string}\"},\"query-input\":\"required name=search_term_string\"}],\"inLanguage\":\"it-IT\"},{\"@type\":\"Organization\",\"@id\":\"https:\/\/www.metmann.com\/it\/#organization\",\"name\":\"Met Mann\",\"url\":\"https:\/\/www.metmann.com\/it\/\",\"logo\":{\"@type\":\"ImageObject\",\"inLanguage\":\"it-IT\",\"@id\":\"https:\/\/www.metmann.com\/it\/#\/schema\/logo\/image\/\",\"url\":\"https:\/\/www.metmann.com\/wp-content\/uploads\/2021\/12\/logo-color-met-mann-01.jpg\",\"contentUrl\":\"https:\/\/www.metmann.com\/wp-content\/uploads\/2021\/12\/logo-color-met-mann-01.jpg\",\"width\":351,\"height\":133,\"caption\":\"Met Mann\"},\"image\":{\"@id\":\"https:\/\/www.metmann.com\/it\/#\/schema\/logo\/image\/\"}},{\"@type\":\"Person\",\"@id\":\"https:\/\/www.metmann.com\/it\/#\/schema\/person\/abb061f44d31128f243c7e8c9677bb01\",\"name\":\"Marcelo Gonfar\",\"image\":{\"@type\":\"ImageObject\",\"inLanguage\":\"it-IT\",\"@id\":\"https:\/\/www.metmann.com\/it\/#\/schema\/person\/image\/\",\"url\":\"https:\/\/secure.gravatar.com\/avatar\/f8e37661ecf23489bf1e65088ca5cfbd?s=96&d=mm&r=g\",\"contentUrl\":\"https:\/\/secure.gravatar.com\/avatar\/f8e37661ecf23489bf1e65088ca5cfbd?s=96&d=mm&r=g\",\"caption\":\"Marcelo Gonfar\"},\"url\":\"https:\/\/www.metmann.com\/it\/author\/produccionvisualpublinet-com\/\"}]}<\/script>\r\n<!-- \/ Yoast SEO plugin. -->","yoast_head_json":{"title":"Calcolo della ventilazione ed estrazione di un edificio industriale","description":"Il calcolo della quantit\u00e0 di ventilazione ed estrazione necessaria a un edificio industriale \u00e8 essenziale per garantire una corretta qualit\u00e0 dell&prime;aria. Spieghiamo come farlo.","robots":{"index":"index","follow":"follow","max-snippet":"max-snippet:-1","max-image-preview":"max-image-preview:large","max-video-preview":"max-video-preview:-1"},"canonical":"https:\/\/www.metmann.com\/it\/perche-e-necessario-calcolare-la-ventilazione-e-lestrazione-di-un-edificio-industriale\/","og_locale":"it_IT","og_type":"article","og_title":"Calcolo della ventilazione ed estrazione di un edificio industriale","og_description":"Il calcolo della quantit\u00e0 di ventilazione ed estrazione necessaria a un edificio industriale \u00e8 essenziale per garantire una corretta qualit\u00e0 dell&prime;aria. Spieghiamo come farlo.","og_url":"https:\/\/www.metmann.com\/it\/perche-e-necessario-calcolare-la-ventilazione-e-lestrazione-di-un-edificio-industriale\/","og_site_name":"MET MANN","article_published_time":"2020-08-21T00:00:00+00:00","og_image":[{"url":"https:\/\/www.metmann.com\/wp-content\/uploads\/2021\/09\/1600322352_8qkH.jpg"}],"author":"Marcelo Gonfar","twitter_card":"summary_large_image","twitter_title":"Calcolo della ventilazione ed estrazione di un edificio industriale","twitter_description":"Il calcolo della quantit\u00e0 di ventilazione ed estrazione necessaria a un edificio industriale \u00e8 essenziale per garantire una corretta qualit\u00e0 dell&prime;aria. Spieghiamo come farlo.","twitter_image":"https:\/\/www.metmann.com\/wp-content\/uploads\/2021\/09\/1600322352_8qkH.jpg","twitter_misc":{"Scritto da":"Marcelo Gonfar","Tempo di lettura stimato":"4 minuti"},"schema":{"@context":"https:\/\/schema.org","@graph":[{"@type":"Article","@id":"https:\/\/www.metmann.com\/it\/perche-e-necessario-calcolare-la-ventilazione-e-lestrazione-di-un-edificio-industriale\/#article","isPartOf":{"@id":"https:\/\/www.metmann.com\/it\/perche-e-necessario-calcolare-la-ventilazione-e-lestrazione-di-un-edificio-industriale\/"},"author":{"name":"Marcelo Gonfar","@id":"https:\/\/www.metmann.com\/it\/#\/schema\/person\/abb061f44d31128f243c7e8c9677bb01"},"headline":"Perch\u00e9 \u00e8 necessario calcolare la ventilazione e l&#8242;estrazione di un edificio industriale","datePublished":"2020-08-21T00:00:00+00:00","dateModified":"2020-08-21T00:00:00+00:00","mainEntityOfPage":{"@id":"https:\/\/www.metmann.com\/it\/perche-e-necessario-calcolare-la-ventilazione-e-lestrazione-di-un-edificio-industriale\/"},"wordCount":838,"commentCount":0,"publisher":{"@id":"https:\/\/www.metmann.com\/it\/#organization"},"image":{"@id":"https:\/\/www.metmann.com\/it\/perche-e-necessario-calcolare-la-ventilazione-e-lestrazione-di-un-edificio-industriale\/#primaryimage"},"thumbnailUrl":"https:\/\/www.metmann.com\/wp-content\/uploads\/2021\/09\/1600322352_8qkH-e1688643982774.jpg","articleSection":["Notizies"],"inLanguage":"it-IT","potentialAction":[{"@type":"CommentAction","name":"Comment","target":["https:\/\/www.metmann.com\/it\/perche-e-necessario-calcolare-la-ventilazione-e-lestrazione-di-un-edificio-industriale\/#respond"]}]},{"@type":"WebPage","@id":"https:\/\/www.metmann.com\/it\/perche-e-necessario-calcolare-la-ventilazione-e-lestrazione-di-un-edificio-industriale\/","url":"https:\/\/www.metmann.com\/it\/perche-e-necessario-calcolare-la-ventilazione-e-lestrazione-di-un-edificio-industriale\/","name":"Calcolo della ventilazione ed estrazione di un edificio industriale","isPartOf":{"@id":"https:\/\/www.metmann.com\/it\/#website"},"primaryImageOfPage":{"@id":"https:\/\/www.metmann.com\/it\/perche-e-necessario-calcolare-la-ventilazione-e-lestrazione-di-un-edificio-industriale\/#primaryimage"},"image":{"@id":"https:\/\/www.metmann.com\/it\/perche-e-necessario-calcolare-la-ventilazione-e-lestrazione-di-un-edificio-industriale\/#primaryimage"},"thumbnailUrl":"https:\/\/www.metmann.com\/wp-content\/uploads\/2021\/09\/1600322352_8qkH-e1688643982774.jpg","datePublished":"2020-08-21T00:00:00+00:00","dateModified":"2020-08-21T00:00:00+00:00","description":"Il calcolo della quantit\u00e0 di ventilazione ed estrazione necessaria a un edificio industriale \u00e8 essenziale per garantire una corretta qualit\u00e0 dell&prime;aria. Spieghiamo come farlo.","breadcrumb":{"@id":"https:\/\/www.metmann.com\/it\/perche-e-necessario-calcolare-la-ventilazione-e-lestrazione-di-un-edificio-industriale\/#breadcrumb"},"inLanguage":"it-IT","potentialAction":[{"@type":"ReadAction","target":["https:\/\/www.metmann.com\/it\/perche-e-necessario-calcolare-la-ventilazione-e-lestrazione-di-un-edificio-industriale\/"]}]},{"@type":"ImageObject","inLanguage":"it-IT","@id":"https:\/\/www.metmann.com\/it\/perche-e-necessario-calcolare-la-ventilazione-e-lestrazione-di-un-edificio-industriale\/#primaryimage","url":"https:\/\/www.metmann.com\/wp-content\/uploads\/2021\/09\/1600322352_8qkH-e1688643982774.jpg","contentUrl":"https:\/\/www.metmann.com\/wp-content\/uploads\/2021\/09\/1600322352_8qkH-e1688643982774.jpg","width":600,"height":484},{"@type":"BreadcrumbList","@id":"https:\/\/www.metmann.com\/it\/perche-e-necessario-calcolare-la-ventilazione-e-lestrazione-di-un-edificio-industriale\/#breadcrumb","itemListElement":[{"@type":"ListItem","position":1,"name":"Inicio","item":"https:\/\/www.metmann.com\/it\/"},{"@type":"ListItem","position":2,"name":"Notizies","item":"https:\/\/www.metmann.com\/it\/category\/notizies\/"},{"@type":"ListItem","position":3,"name":"Perch\u00e9 \u00e8 necessario calcolare la ventilazione e l&#8242;estrazione di un edificio industriale"}]},{"@type":"WebSite","@id":"https:\/\/www.metmann.com\/it\/#website","url":"https:\/\/www.metmann.com\/it\/","name":"MET MANN","description":"Climatizaci\u00f3n industrial, Calefactores y Ventilaci\u00f3n para empresas","publisher":{"@id":"https:\/\/www.metmann.com\/it\/#organization"},"potentialAction":[{"@type":"SearchAction","target":{"@type":"EntryPoint","urlTemplate":"https:\/\/www.metmann.com\/it\/?s={search_term_string}"},"query-input":"required name=search_term_string"}],"inLanguage":"it-IT"},{"@type":"Organization","@id":"https:\/\/www.metmann.com\/it\/#organization","name":"Met Mann","url":"https:\/\/www.metmann.com\/it\/","logo":{"@type":"ImageObject","inLanguage":"it-IT","@id":"https:\/\/www.metmann.com\/it\/#\/schema\/logo\/image\/","url":"https:\/\/www.metmann.com\/wp-content\/uploads\/2021\/12\/logo-color-met-mann-01.jpg","contentUrl":"https:\/\/www.metmann.com\/wp-content\/uploads\/2021\/12\/logo-color-met-mann-01.jpg","width":351,"height":133,"caption":"Met Mann"},"image":{"@id":"https:\/\/www.metmann.com\/it\/#\/schema\/logo\/image\/"}},{"@type":"Person","@id":"https:\/\/www.metmann.com\/it\/#\/schema\/person\/abb061f44d31128f243c7e8c9677bb01","name":"Marcelo Gonfar","image":{"@type":"ImageObject","inLanguage":"it-IT","@id":"https:\/\/www.metmann.com\/it\/#\/schema\/person\/image\/","url":"https:\/\/secure.gravatar.com\/avatar\/f8e37661ecf23489bf1e65088ca5cfbd?s=96&d=mm&r=g","contentUrl":"https:\/\/secure.gravatar.com\/avatar\/f8e37661ecf23489bf1e65088ca5cfbd?s=96&d=mm&r=g","caption":"Marcelo Gonfar"},"url":"https:\/\/www.metmann.com\/it\/author\/produccionvisualpublinet-com\/"}]}},"_links":{"self":[{"href":"https:\/\/www.metmann.com\/it\/wp-json\/wp\/v2\/posts\/3000"}],"collection":[{"href":"https:\/\/www.metmann.com\/it\/wp-json\/wp\/v2\/posts"}],"about":[{"href":"https:\/\/www.metmann.com\/it\/wp-json\/wp\/v2\/types\/post"}],"author":[{"embeddable":true,"href":"https:\/\/www.metmann.com\/it\/wp-json\/wp\/v2\/users\/1"}],"replies":[{"embeddable":true,"href":"https:\/\/www.metmann.com\/it\/wp-json\/wp\/v2\/comments?post=3000"}],"version-history":[{"count":0,"href":"https:\/\/www.metmann.com\/it\/wp-json\/wp\/v2\/posts\/3000\/revisions"}],"wp:featuredmedia":[{"embeddable":true,"href":"https:\/\/www.metmann.com\/it\/wp-json\/wp\/v2\/media\/484"}],"wp:attachment":[{"href":"https:\/\/www.metmann.com\/it\/wp-json\/wp\/v2\/media?parent=3000"}],"wp:term":[{"taxonomy":"category","embeddable":true,"href":"https:\/\/www.metmann.com\/it\/wp-json\/wp\/v2\/categories?post=3000"},{"taxonomy":"post_tag","embeddable":true,"href":"https:\/\/www.metmann.com\/it\/wp-json\/wp\/v2\/tags?post=3000"}],"curies":[{"name":"wp","href":"https:\/\/api.w.org\/{rel}","templated":true}]}}