{"id":3006,"date":"2021-02-18T00:00:00","date_gmt":"2021-02-18T00:00:00","guid":{"rendered":"https:\/\/metmann.com.185-176-9-81.185-176-9-81.visualpublinet.com\/condizionamento-evaporativo-a-mercabarna\/"},"modified":"2021-02-18T00:00:00","modified_gmt":"2021-02-18T00:00:00","slug":"condizionamento-evaporativo-a-mercabarna","status":"publish","type":"post","link":"https:\/\/www.metmann.com\/it\/condizionamento-evaporativo-a-mercabarna\/","title":{"rendered":"Condizionamento evaporativo a MERCABARNA"},"content":{"rendered":"<p dir=\"ltr\" id=\"docs-internal-guid-43df5bce-7fff-d801-af13-021541e4a398\" style=\"-webkit-text-size-adjust: auto; line-height: 1.38; margin-top: 0pt; margin-bottom: 3pt;\"><span style=\"font-size: 26pt; font-family: Arial; font-variant-ligatures: normal; font-variant-east-asian: normal; font-variant-position: normal; vertical-align: baseline; white-space: pre-wrap;\">Condizionamento evaporativo in <\/span><img decoding=\"async\" src=\"https:\/\/www.metmann.com\/wp-content\/uploads\/2021\/09\/logo-mercabarna.gif\" alt=\"\" style=\"margin-top:0px;margin-right:0px;margin-bottom:0px;margin-left:0px;;width:235px;;height:54px;\" border=\"0\" \/><\/p>\n<p><br style=\"-webkit-text-size-adjust: auto;\" \/>  <\/p>\n<p dir=\"ltr\" style=\"-webkit-text-size-adjust: auto; line-height: 1.38; text-align: justify; margin-top: 0pt; margin-bottom: 0pt;\"><span style=\"font-size: 11pt; font-family: Arial; font-variant-ligatures: normal; font-variant-east-asian: normal; font-variant-position: normal; vertical-align: baseline; white-space: pre-wrap;\">L&#8242;aria condizionata evaporativa \u00e8, come abbiamo accennato in molti altri post, un&#8242;alternativa pulita e sostenibile per creare clima. Tant&#8242;\u00e8 che recentemente un&#8242;icona dell&#8242;industria alimentare del nostro Paese come Mercabarna ha deciso di scommettere su questo modo innovativo ed efficiente di climatizzare gli impianti del proprio mercato biologico.<\/span><\/p>\n<p><br style=\"-webkit-text-size-adjust: auto;\" \/>  <\/p>\n<p dir=\"ltr\" style=\"-webkit-text-size-adjust: auto; line-height: 1.38; text-align: justify; margin-top: 0pt; margin-bottom: 0pt;\"><span style=\"font-size: 11pt; font-family: Arial; font-variant-ligatures: normal; font-variant-east-asian: normal; font-variant-position: normal; vertical-align: baseline; white-space: pre-wrap;\">Vuoi sapere come \u00e8 stato il processo? Te lo diremo allora.<\/span><\/p>\n<div> \t<\/div>\n<p><img decoding=\"async\" src=\"https:\/\/www.metmann.com\/wp-content\/uploads\/2021\/09\/MARCABARNA-05.jpg\" alt=\"\" style=\"margin-top:0px;margin-right:0px;margin-bottom:0px;margin-left:0px;;width:350px;;height:350px;\" border=\"0\" \/> <\/p>\n<h2 dir=\"ltr\" style=\"-webkit-text-size-adjust: auto; line-height: 1.38; margin-top: 18pt; margin-bottom: 6pt;\"><span style=\"font-size: 16pt; font-family: Arial; font-weight: 400; font-variant-ligatures: normal; font-variant-east-asian: normal; font-variant-position: normal; vertical-align: baseline; white-space: pre-wrap;\">Perch&eacute; MERCABARNA scommetterebbe sull&#8242;aria condizionata evaporativa di MET MANN?<\/span><\/h2>\n<p><br style=\"-webkit-text-size-adjust: auto;\" \/> MERCABARNA \u00e8 un business hub dedicato all&#8242;industria alimentare, gi\u00e0 consolidato come uno dei principali mercati all&#8242;ingrosso di alimenti freschi in Europa. Concentrando pi\u00f9 di 700 aziende nei suoi locali, \u00e8 specializzata nella distribuzione, lavorazione e importazione ed esportazione di alimenti freschi e congelati.<\/p>\n<p> Per le sue caratteristiche molti dei suoi magazzini richiedono impianti di condizionamento molto potenti che garantiscano la freschezza e la qualit\u00e0 del prodotto che vi viene gestito.<\/p>\n<p> Negli ultimi anni MERCABARNA ha fatto il salto verso la sostenibilit\u00e0 e, tra le tante altre azioni, ha lanciato il suo Biomarket, il primo mercato all&#8242;ingrosso di alimenti freschi nel nostro Paese.<\/p>\n<div>Nell&#8242;ambito di questo impegno per la sostenibilit\u00e0, la scelta di un sistema di condizionamento evaporativo che ti consenta di regolare la temperatura delle tue strutture in modo ecologico ha perfettamente senso.<\/div>\n<div> \t<\/div>\n<p><img decoding=\"async\" src=\"https:\/\/www.metmann.com\/wp-content\/uploads\/2021\/09\/MARCABARNA-04.jpg\" alt=\"\" style=\"margin-top:0px;margin-right:0px;margin-bottom:0px;margin-left:0px;;width:350px;;height:350px;\" border=\"0\" \/><br style=\"-webkit-text-size-adjust: auto;\" \/>  <\/p>\n<h2 dir=\"ltr\" style=\"-webkit-text-size-adjust: auto; line-height: 1.38; margin-top: 18pt; margin-bottom: 6pt;\"><span style=\"font-size: 16pt; font-family: Arial; font-weight: 400; font-variant-ligatures: normal; font-variant-east-asian: normal; font-variant-position: normal; vertical-align: baseline; white-space: pre-wrap;\">Quali sono gli impianti di condizionamento evaporativo che Mercabarna ha scelto per i suoi impianti?<\/span><\/h2>\n<p><br style=\"-webkit-text-size-adjust: auto;\" \/> In MET MANN produciamo soluzioni di condizionamento per ogni tipo di esigenza, tra le quali troviamo i raffrescatori evaporativi della serie AD.<\/p>\n<p> Attraverso i nostri clienti che collaborano, la societ\u00e0 di installazione AIR-MONT Instalaciones si \u00e8 occupata dell&#8242;installazione e della messa in servizio di diverse unit\u00e0 del modello AD-15-H.<\/p>\n<p> Queste apparecchiature consentono di gestire una portata d&#8242;aria fino a 15.000 m3 \/ h garantendo un raffreddamento costante ed efficiente. La sua struttura esterna \u00e8 costruita con materiali molto resistenti a base di poliammidi spesse, che consente a queste apparecchiature di essere all&#8242;aperto e resistere alle intemperie senza alcun problema.<\/p>\n<p> Per il resto dei componenti vengono utilizzati materiali di prima qualit\u00e0 che garantiscono una lunga vita utile alle apparecchiature. Materiali come l&#8242;acciaio zincato per i ventilatori o l&#8242;acciaio inossidabile con qualit\u00e0 AISI-304 consentono a queste apparecchiature di lavorare in sicurezza e senza la necessit\u00e0 di costose manutenzioni.<\/p>\n<p> L&#8242;apparecchiatura di questa serie comprende un sistema di svuotamento automatico oltre a un componente che consente al sistema di drenare l&#8242;acqua in modo continuo per evitare alte concentrazioni di sali minerali nel serbatoio.<\/p>\n<p> Ma la cosa pi\u00f9 interessante di queste apparecchiature sono le sue elevate prestazioni e la sua grande capacit\u00e0 di risparmio energetico. Il valore di creare clima e condizionare grandi spazi senza intaccare alti consumi energetici o utilizzare elementi potenzialmente dannosi per l&#8242;ambiente \u00e8 senza dubbio il motivo principale per cui MERCABARNA ha scelto questi modelli. <\/p>\n<p dir=\"ltr\" style=\"-webkit-text-size-adjust: auto; line-height: 1.38; text-align: justify; margin-top: 0pt; margin-bottom: 0pt;\">&nbsp;<\/p>\n<p><img decoding=\"async\" src=\"https:\/\/www.metmann.com\/wp-content\/uploads\/2021\/09\/MARCABARNA-03.jpg\" alt=\"\" style=\"margin-top:0px;margin-right:0px;margin-bottom:0px;margin-left:0px;;width:350px;;height:349px;\" border=\"0\" \/><br style=\"-webkit-text-size-adjust: auto;\" \/>  <\/p>\n<h2 dir=\"ltr\" style=\"-webkit-text-size-adjust: auto; line-height: 1.38; text-align: justify; margin-top: 18pt; margin-bottom: 6pt;\"><span style=\"font-size: 16pt; font-family: Arial; font-weight: 400; font-variant-ligatures: normal; font-variant-east-asian: normal; font-variant-position: normal; vertical-align: baseline; white-space: pre-wrap;\">MET MANN, esperti in raffrescamento evaporativo<\/span><\/h2>\n<p dir=\"ltr\" style=\"-webkit-text-size-adjust: auto; line-height: 1.38; margin-top: 0pt; margin-bottom: 0pt;\"><span style=\"font-size: 11pt; font-family: Arial; font-variant-ligatures: normal; font-variant-east-asian: normal; font-variant-position: normal; vertical-align: baseline; white-space: pre-wrap;\">Nella nostra azienda forniamo da anni soluzioni personalizzate per le aziende in termini di climatizzazione professionale.&nbsp;<\/span><\/p>\n<p dir=\"ltr\" style=\"-webkit-text-size-adjust: auto; line-height: 1.38; margin-top: 0pt; margin-bottom: 0pt;\">&nbsp;<\/p>\n<p><img decoding=\"async\" src=\"https:\/\/www.metmann.com\/wp-content\/uploads\/2021\/09\/MARCABARNA-01.jpg\" alt=\"\" style=\"margin-top:0px;margin-right:0px;margin-bottom:0px;margin-left:0px;;width:350px;;height:349px;\" border=\"0\" \/><br style=\"-webkit-text-size-adjust: auto;\" \/>  <\/p>\n<div><span style=\"font-size: 11pt; font-family: Arial; font-variant-ligatures: normal; font-variant-east-asian: normal; font-variant-position: normal; vertical-align: baseline; white-space: pre-wrap;\"><\/span><\/div>\n<div>&nbsp;<\/div>\n<div><span style=\"font-size: 11pt; font-family: Arial; font-variant-ligatures: normal; font-variant-east-asian: normal; font-variant-position: normal; vertical-align: baseline; white-space: pre-wrap;\">Siamo esperti di condizionamento e raffrescamento evaporativo e disponiamo di un ampio catalogo per rispondere alle esigenze di qualsiasi tipo di industria. Se hai bisogno di qualsiasi tipo di informazione, hai dubbi su come climatizzare la tua azienda o sei interessato a uno qualsiasi dei nostri prodotti, il nostro team di vendita sar\u00e0 lieto di conoscere il tuo caso, studiarlo e offrirti una soluzione personalizzata in modo che riscaldi o il freddo non diventa pi\u00f9 un problema problema nella tua azienda.<\/span><span style=\"font-size: 11pt; font-family: Arial; font-variant-ligatures: normal; font-variant-east-asian: normal; font-variant-position: normal; vertical-align: baseline; white-space: pre-wrap;\"><\/span><\/div>\n","protected":false},"excerpt":{"rendered":"<p>L&#8242;aria condizionata evaporativa \u00e8, come abbiamo accennato in molti altri post, un&#8242;alternativa pulita e sostenibile per creare clima. Tant&#8242;\u00e8 che recentemente un&#8242;icona dell&#8242;industria alimentare nel nostro Paese come MERCABARNA ha deciso di puntare su questo innovativo modo di climatizzare nelle strutture del proprio mercato biologico.<\/p>\n","protected":false},"author":1,"featured_media":21958,"comment_status":"open","ping_status":"open","sticky":false,"template":"","format":"standard","meta":{"_acf_changed":false,"_et_pb_use_builder":"","_et_pb_old_content":"","_et_gb_content_width":"","_joinchat":[],"footnotes":""},"categories":[54],"tags":[],"acf":[],"yoast_head":"<!-- This site is optimized with the Yoast SEO plugin v22.6 - https:\/\/yoast.com\/wordpress\/plugins\/seo\/ -->\r\n<title>Condizionamento evaporativo a MERCABARNA<\/title>\r\n<meta name=\"description\" content=\"I condizionatori evaporativi MET MANN presenti in MERCABARNA rappresentano un&prime;alternativa efficiente e sostenibile ad altri sistemi. Vi diciamo perch\u00e9 ci hanno scelto.\" \/>\r\n<meta name=\"robots\" content=\"index, follow, max-snippet:-1, max-image-preview:large, max-video-preview:-1\" \/>\r\n<link rel=\"canonical\" href=\"https:\/\/www.metmann.com\/it\/condizionamento-evaporativo-a-mercabarna\/\" \/>\r\n<meta property=\"og:locale\" content=\"it_IT\" \/>\r\n<meta property=\"og:type\" content=\"article\" \/>\r\n<meta property=\"og:title\" content=\"Condizionamento evaporativo a MERCABARNA\" \/>\r\n<meta property=\"og:description\" content=\"I condizionatori evaporativi MET MANN presenti in MERCABARNA rappresentano un&prime;alternativa efficiente e sostenibile ad altri sistemi. Vi diciamo perch\u00e9 ci hanno scelto.\" \/>\r\n<meta property=\"og:url\" content=\"https:\/\/www.metmann.com\/it\/condizionamento-evaporativo-a-mercabarna\/\" \/>\r\n<meta property=\"og:site_name\" content=\"MET MANN\" \/>\r\n<meta property=\"article:published_time\" content=\"2021-02-18T00:00:00+00:00\" \/>\r\n<meta property=\"og:image\" content=\"https:\/\/www.metmann.com\/wp-content\/uploads\/2021\/09\/1616666465_l5ft.jpg\" \/>\r\n<meta name=\"author\" content=\"Marcelo Gonfar\" \/>\r\n<meta name=\"twitter:card\" content=\"summary_large_image\" \/>\r\n<meta name=\"twitter:title\" content=\"Condizionamento evaporativo a MERCABARNA\" \/>\r\n<meta name=\"twitter:description\" content=\"I condizionatori evaporativi MET MANN presenti in MERCABARNA rappresentano un&prime;alternativa efficiente e sostenibile ad altri sistemi. Vi diciamo perch\u00e9 ci hanno scelto.\" \/>\r\n<meta name=\"twitter:image\" content=\"https:\/\/www.metmann.com\/wp-content\/uploads\/2021\/09\/1616666465_l5ft.jpg\" \/>\r\n<meta name=\"twitter:label1\" content=\"Scritto da\" \/>\n\t<meta name=\"twitter:data1\" content=\"Marcelo Gonfar\" \/>\n\t<meta name=\"twitter:label2\" content=\"Tempo di lettura stimato\" \/>\n\t<meta name=\"twitter:data2\" content=\"3 minuti\" \/>\r\n<script type=\"application\/ld+json\" class=\"yoast-schema-graph\">{\"@context\":\"https:\/\/schema.org\",\"@graph\":[{\"@type\":\"Article\",\"@id\":\"https:\/\/www.metmann.com\/it\/condizionamento-evaporativo-a-mercabarna\/#article\",\"isPartOf\":{\"@id\":\"https:\/\/www.metmann.com\/it\/condizionamento-evaporativo-a-mercabarna\/\"},\"author\":{\"name\":\"Marcelo Gonfar\",\"@id\":\"https:\/\/www.metmann.com\/it\/#\/schema\/person\/abb061f44d31128f243c7e8c9677bb01\"},\"headline\":\"Condizionamento evaporativo a MERCABARNA\",\"datePublished\":\"2021-02-18T00:00:00+00:00\",\"dateModified\":\"2021-02-18T00:00:00+00:00\",\"mainEntityOfPage\":{\"@id\":\"https:\/\/www.metmann.com\/it\/condizionamento-evaporativo-a-mercabarna\/\"},\"wordCount\":572,\"commentCount\":0,\"publisher\":{\"@id\":\"https:\/\/www.metmann.com\/it\/#organization\"},\"image\":{\"@id\":\"https:\/\/www.metmann.com\/it\/condizionamento-evaporativo-a-mercabarna\/#primaryimage\"},\"thumbnailUrl\":\"https:\/\/www.metmann.com\/wp-content\/uploads\/2021\/02\/400_1616666465_l5ft-e1688547505226.jpg\",\"articleSection\":[\"Notizies\"],\"inLanguage\":\"it-IT\",\"potentialAction\":[{\"@type\":\"CommentAction\",\"name\":\"Comment\",\"target\":[\"https:\/\/www.metmann.com\/it\/condizionamento-evaporativo-a-mercabarna\/#respond\"]}]},{\"@type\":\"WebPage\",\"@id\":\"https:\/\/www.metmann.com\/it\/condizionamento-evaporativo-a-mercabarna\/\",\"url\":\"https:\/\/www.metmann.com\/it\/condizionamento-evaporativo-a-mercabarna\/\",\"name\":\"Condizionamento evaporativo a MERCABARNA\",\"isPartOf\":{\"@id\":\"https:\/\/www.metmann.com\/it\/#website\"},\"primaryImageOfPage\":{\"@id\":\"https:\/\/www.metmann.com\/it\/condizionamento-evaporativo-a-mercabarna\/#primaryimage\"},\"image\":{\"@id\":\"https:\/\/www.metmann.com\/it\/condizionamento-evaporativo-a-mercabarna\/#primaryimage\"},\"thumbnailUrl\":\"https:\/\/www.metmann.com\/wp-content\/uploads\/2021\/02\/400_1616666465_l5ft-e1688547505226.jpg\",\"datePublished\":\"2021-02-18T00:00:00+00:00\",\"dateModified\":\"2021-02-18T00:00:00+00:00\",\"description\":\"I condizionatori evaporativi MET MANN presenti in MERCABARNA rappresentano un&prime;alternativa efficiente e sostenibile ad altri sistemi. Vi diciamo perch\u00e9 ci hanno scelto.\",\"breadcrumb\":{\"@id\":\"https:\/\/www.metmann.com\/it\/condizionamento-evaporativo-a-mercabarna\/#breadcrumb\"},\"inLanguage\":\"it-IT\",\"potentialAction\":[{\"@type\":\"ReadAction\",\"target\":[\"https:\/\/www.metmann.com\/it\/condizionamento-evaporativo-a-mercabarna\/\"]}]},{\"@type\":\"ImageObject\",\"inLanguage\":\"it-IT\",\"@id\":\"https:\/\/www.metmann.com\/it\/condizionamento-evaporativo-a-mercabarna\/#primaryimage\",\"url\":\"https:\/\/www.metmann.com\/wp-content\/uploads\/2021\/02\/400_1616666465_l5ft-e1688547505226.jpg\",\"contentUrl\":\"https:\/\/www.metmann.com\/wp-content\/uploads\/2021\/02\/400_1616666465_l5ft-e1688547505226.jpg\",\"width\":400,\"height\":399},{\"@type\":\"BreadcrumbList\",\"@id\":\"https:\/\/www.metmann.com\/it\/condizionamento-evaporativo-a-mercabarna\/#breadcrumb\",\"itemListElement\":[{\"@type\":\"ListItem\",\"position\":1,\"name\":\"Inicio\",\"item\":\"https:\/\/www.metmann.com\/it\/\"},{\"@type\":\"ListItem\",\"position\":2,\"name\":\"Notizies\",\"item\":\"https:\/\/www.metmann.com\/it\/category\/notizies\/\"},{\"@type\":\"ListItem\",\"position\":3,\"name\":\"Condizionamento evaporativo a MERCABARNA\"}]},{\"@type\":\"WebSite\",\"@id\":\"https:\/\/www.metmann.com\/it\/#website\",\"url\":\"https:\/\/www.metmann.com\/it\/\",\"name\":\"MET MANN\",\"description\":\"Climatizaci\u00f3n industrial, Calefactores y Ventilaci\u00f3n para empresas\",\"publisher\":{\"@id\":\"https:\/\/www.metmann.com\/it\/#organization\"},\"potentialAction\":[{\"@type\":\"SearchAction\",\"target\":{\"@type\":\"EntryPoint\",\"urlTemplate\":\"https:\/\/www.metmann.com\/it\/?s={search_term_string}\"},\"query-input\":\"required name=search_term_string\"}],\"inLanguage\":\"it-IT\"},{\"@type\":\"Organization\",\"@id\":\"https:\/\/www.metmann.com\/it\/#organization\",\"name\":\"Met Mann\",\"url\":\"https:\/\/www.metmann.com\/it\/\",\"logo\":{\"@type\":\"ImageObject\",\"inLanguage\":\"it-IT\",\"@id\":\"https:\/\/www.metmann.com\/it\/#\/schema\/logo\/image\/\",\"url\":\"https:\/\/www.metmann.com\/wp-content\/uploads\/2021\/12\/logo-color-met-mann-01.jpg\",\"contentUrl\":\"https:\/\/www.metmann.com\/wp-content\/uploads\/2021\/12\/logo-color-met-mann-01.jpg\",\"width\":351,\"height\":133,\"caption\":\"Met Mann\"},\"image\":{\"@id\":\"https:\/\/www.metmann.com\/it\/#\/schema\/logo\/image\/\"}},{\"@type\":\"Person\",\"@id\":\"https:\/\/www.metmann.com\/it\/#\/schema\/person\/abb061f44d31128f243c7e8c9677bb01\",\"name\":\"Marcelo Gonfar\",\"image\":{\"@type\":\"ImageObject\",\"inLanguage\":\"it-IT\",\"@id\":\"https:\/\/www.metmann.com\/it\/#\/schema\/person\/image\/\",\"url\":\"https:\/\/secure.gravatar.com\/avatar\/f8e37661ecf23489bf1e65088ca5cfbd?s=96&d=mm&r=g\",\"contentUrl\":\"https:\/\/secure.gravatar.com\/avatar\/f8e37661ecf23489bf1e65088ca5cfbd?s=96&d=mm&r=g\",\"caption\":\"Marcelo Gonfar\"},\"url\":\"https:\/\/www.metmann.com\/it\/author\/produccionvisualpublinet-com\/\"}]}<\/script>\r\n<!-- \/ Yoast SEO plugin. -->","yoast_head_json":{"title":"Condizionamento evaporativo a MERCABARNA","description":"I condizionatori evaporativi MET MANN presenti in MERCABARNA rappresentano un&prime;alternativa efficiente e sostenibile ad altri sistemi. Vi diciamo perch\u00e9 ci hanno scelto.","robots":{"index":"index","follow":"follow","max-snippet":"max-snippet:-1","max-image-preview":"max-image-preview:large","max-video-preview":"max-video-preview:-1"},"canonical":"https:\/\/www.metmann.com\/it\/condizionamento-evaporativo-a-mercabarna\/","og_locale":"it_IT","og_type":"article","og_title":"Condizionamento evaporativo a MERCABARNA","og_description":"I condizionatori evaporativi MET MANN presenti in MERCABARNA rappresentano un&prime;alternativa efficiente e sostenibile ad altri sistemi. Vi diciamo perch\u00e9 ci hanno scelto.","og_url":"https:\/\/www.metmann.com\/it\/condizionamento-evaporativo-a-mercabarna\/","og_site_name":"MET MANN","article_published_time":"2021-02-18T00:00:00+00:00","og_image":[{"url":"https:\/\/www.metmann.com\/wp-content\/uploads\/2021\/09\/1616666465_l5ft.jpg"}],"author":"Marcelo Gonfar","twitter_card":"summary_large_image","twitter_title":"Condizionamento evaporativo a MERCABARNA","twitter_description":"I condizionatori evaporativi MET MANN presenti in MERCABARNA rappresentano un&prime;alternativa efficiente e sostenibile ad altri sistemi. Vi diciamo perch\u00e9 ci hanno scelto.","twitter_image":"https:\/\/www.metmann.com\/wp-content\/uploads\/2021\/09\/1616666465_l5ft.jpg","twitter_misc":{"Scritto da":"Marcelo Gonfar","Tempo di lettura stimato":"3 minuti"},"schema":{"@context":"https:\/\/schema.org","@graph":[{"@type":"Article","@id":"https:\/\/www.metmann.com\/it\/condizionamento-evaporativo-a-mercabarna\/#article","isPartOf":{"@id":"https:\/\/www.metmann.com\/it\/condizionamento-evaporativo-a-mercabarna\/"},"author":{"name":"Marcelo Gonfar","@id":"https:\/\/www.metmann.com\/it\/#\/schema\/person\/abb061f44d31128f243c7e8c9677bb01"},"headline":"Condizionamento evaporativo a MERCABARNA","datePublished":"2021-02-18T00:00:00+00:00","dateModified":"2021-02-18T00:00:00+00:00","mainEntityOfPage":{"@id":"https:\/\/www.metmann.com\/it\/condizionamento-evaporativo-a-mercabarna\/"},"wordCount":572,"commentCount":0,"publisher":{"@id":"https:\/\/www.metmann.com\/it\/#organization"},"image":{"@id":"https:\/\/www.metmann.com\/it\/condizionamento-evaporativo-a-mercabarna\/#primaryimage"},"thumbnailUrl":"https:\/\/www.metmann.com\/wp-content\/uploads\/2021\/02\/400_1616666465_l5ft-e1688547505226.jpg","articleSection":["Notizies"],"inLanguage":"it-IT","potentialAction":[{"@type":"CommentAction","name":"Comment","target":["https:\/\/www.metmann.com\/it\/condizionamento-evaporativo-a-mercabarna\/#respond"]}]},{"@type":"WebPage","@id":"https:\/\/www.metmann.com\/it\/condizionamento-evaporativo-a-mercabarna\/","url":"https:\/\/www.metmann.com\/it\/condizionamento-evaporativo-a-mercabarna\/","name":"Condizionamento evaporativo a MERCABARNA","isPartOf":{"@id":"https:\/\/www.metmann.com\/it\/#website"},"primaryImageOfPage":{"@id":"https:\/\/www.metmann.com\/it\/condizionamento-evaporativo-a-mercabarna\/#primaryimage"},"image":{"@id":"https:\/\/www.metmann.com\/it\/condizionamento-evaporativo-a-mercabarna\/#primaryimage"},"thumbnailUrl":"https:\/\/www.metmann.com\/wp-content\/uploads\/2021\/02\/400_1616666465_l5ft-e1688547505226.jpg","datePublished":"2021-02-18T00:00:00+00:00","dateModified":"2021-02-18T00:00:00+00:00","description":"I condizionatori evaporativi MET MANN presenti in MERCABARNA rappresentano un&prime;alternativa efficiente e sostenibile ad altri sistemi. Vi diciamo perch\u00e9 ci hanno scelto.","breadcrumb":{"@id":"https:\/\/www.metmann.com\/it\/condizionamento-evaporativo-a-mercabarna\/#breadcrumb"},"inLanguage":"it-IT","potentialAction":[{"@type":"ReadAction","target":["https:\/\/www.metmann.com\/it\/condizionamento-evaporativo-a-mercabarna\/"]}]},{"@type":"ImageObject","inLanguage":"it-IT","@id":"https:\/\/www.metmann.com\/it\/condizionamento-evaporativo-a-mercabarna\/#primaryimage","url":"https:\/\/www.metmann.com\/wp-content\/uploads\/2021\/02\/400_1616666465_l5ft-e1688547505226.jpg","contentUrl":"https:\/\/www.metmann.com\/wp-content\/uploads\/2021\/02\/400_1616666465_l5ft-e1688547505226.jpg","width":400,"height":399},{"@type":"BreadcrumbList","@id":"https:\/\/www.metmann.com\/it\/condizionamento-evaporativo-a-mercabarna\/#breadcrumb","itemListElement":[{"@type":"ListItem","position":1,"name":"Inicio","item":"https:\/\/www.metmann.com\/it\/"},{"@type":"ListItem","position":2,"name":"Notizies","item":"https:\/\/www.metmann.com\/it\/category\/notizies\/"},{"@type":"ListItem","position":3,"name":"Condizionamento evaporativo a MERCABARNA"}]},{"@type":"WebSite","@id":"https:\/\/www.metmann.com\/it\/#website","url":"https:\/\/www.metmann.com\/it\/","name":"MET MANN","description":"Climatizaci\u00f3n industrial, Calefactores y Ventilaci\u00f3n para empresas","publisher":{"@id":"https:\/\/www.metmann.com\/it\/#organization"},"potentialAction":[{"@type":"SearchAction","target":{"@type":"EntryPoint","urlTemplate":"https:\/\/www.metmann.com\/it\/?s={search_term_string}"},"query-input":"required name=search_term_string"}],"inLanguage":"it-IT"},{"@type":"Organization","@id":"https:\/\/www.metmann.com\/it\/#organization","name":"Met Mann","url":"https:\/\/www.metmann.com\/it\/","logo":{"@type":"ImageObject","inLanguage":"it-IT","@id":"https:\/\/www.metmann.com\/it\/#\/schema\/logo\/image\/","url":"https:\/\/www.metmann.com\/wp-content\/uploads\/2021\/12\/logo-color-met-mann-01.jpg","contentUrl":"https:\/\/www.metmann.com\/wp-content\/uploads\/2021\/12\/logo-color-met-mann-01.jpg","width":351,"height":133,"caption":"Met Mann"},"image":{"@id":"https:\/\/www.metmann.com\/it\/#\/schema\/logo\/image\/"}},{"@type":"Person","@id":"https:\/\/www.metmann.com\/it\/#\/schema\/person\/abb061f44d31128f243c7e8c9677bb01","name":"Marcelo Gonfar","image":{"@type":"ImageObject","inLanguage":"it-IT","@id":"https:\/\/www.metmann.com\/it\/#\/schema\/person\/image\/","url":"https:\/\/secure.gravatar.com\/avatar\/f8e37661ecf23489bf1e65088ca5cfbd?s=96&d=mm&r=g","contentUrl":"https:\/\/secure.gravatar.com\/avatar\/f8e37661ecf23489bf1e65088ca5cfbd?s=96&d=mm&r=g","caption":"Marcelo Gonfar"},"url":"https:\/\/www.metmann.com\/it\/author\/produccionvisualpublinet-com\/"}]}},"_links":{"self":[{"href":"https:\/\/www.metmann.com\/it\/wp-json\/wp\/v2\/posts\/3006"}],"collection":[{"href":"https:\/\/www.metmann.com\/it\/wp-json\/wp\/v2\/posts"}],"about":[{"href":"https:\/\/www.metmann.com\/it\/wp-json\/wp\/v2\/types\/post"}],"author":[{"embeddable":true,"href":"https:\/\/www.metmann.com\/it\/wp-json\/wp\/v2\/users\/1"}],"replies":[{"embeddable":true,"href":"https:\/\/www.metmann.com\/it\/wp-json\/wp\/v2\/comments?post=3006"}],"version-history":[{"count":0,"href":"https:\/\/www.metmann.com\/it\/wp-json\/wp\/v2\/posts\/3006\/revisions"}],"wp:featuredmedia":[{"embeddable":true,"href":"https:\/\/www.metmann.com\/it\/wp-json\/wp\/v2\/media\/21958"}],"wp:attachment":[{"href":"https:\/\/www.metmann.com\/it\/wp-json\/wp\/v2\/media?parent=3006"}],"wp:term":[{"taxonomy":"category","embeddable":true,"href":"https:\/\/www.metmann.com\/it\/wp-json\/wp\/v2\/categories?post=3006"},{"taxonomy":"post_tag","embeddable":true,"href":"https:\/\/www.metmann.com\/it\/wp-json\/wp\/v2\/tags?post=3006"}],"curies":[{"name":"wp","href":"https:\/\/api.w.org\/{rel}","templated":true}]}}