{"id":3007,"date":"2020-09-24T00:00:00","date_gmt":"2020-09-24T00:00:00","guid":{"rendered":"https:\/\/metmann.com.185-176-9-81.185-176-9-81.visualpublinet.com\/listino-prezzi-impianti-condizionamento-met-mann\/"},"modified":"2020-09-24T00:00:00","modified_gmt":"2020-09-24T00:00:00","slug":"listino-prezzi-impianti-condizionamento-met-mann","status":"publish","type":"post","link":"https:\/\/www.metmann.com\/it\/listino-prezzi-impianti-condizionamento-met-mann\/","title":{"rendered":"Listino prezzi impianti condizionamento MET MANN"},"content":{"rendered":"<p>MET MANN, produttore di apparecchiature per il condizionamento dell&#8242;aria, informa che \u00e8 ora disponibile la nuova tariffa per le apparecchiature per la climatizzazione<br \/> &nbsp;<br \/> Nel nostro listino troverai soluzioni di riscaldamento con generatori d&#8242;aria calda, sistemi di condizionamento evaporativo, processi di essiccazione ad aria calda, sistemi di ventilazione e apparecchiature di deumidificazione dell&#8242;aria.<br \/> &nbsp;<br \/> MET MANN, con oltre 50 anni di esperienza nella produzione di apparecchiature per il condizionamento dell&#8242;aria, \u00e8 uno dei principali produttori europei di generatori d&#8242;aria calda e raffrescatori evaporativi ed \u00e8 riconosciuta per la qualit\u00e0 e le prestazioni dei suoi prodotti.<br \/> &nbsp;<br \/> Il nostro ufficio commerciale \u00e8 a tua completa disposizione per fornire la migliore soluzione ai problemi dei processi di condizionamento, essiccazione o ventilazione.<br \/> &nbsp;<br \/> Potete scaricare il listino prezzi a questo link: <\/p>\n<div><a href=\"http:\/\/www.metmann.com\/es\/documentacion\" target=\"_blank\" rel=\"noopener\">https:\/\/www.metmann.com\/es\/documentacion<\/a> \t<\/div>\n<div> \t<\/div>\n<div>Se desideri ricevere le tariffe in formato cartaceo, non ti resta che contattarci al Tel. +34 93 851 15 99 e te le invieremo il prima possibile.<\/div>\n","protected":false},"excerpt":{"rendered":"<p>Tariffa delle apparecchiature di condizionamento MARZO 2021 di MET MANN<\/p>\n","protected":false},"author":1,"featured_media":540,"comment_status":"open","ping_status":"open","sticky":false,"template":"","format":"standard","meta":{"_acf_changed":false,"_et_pb_use_builder":"","_et_pb_old_content":"","_et_gb_content_width":"","_joinchat":[],"footnotes":""},"categories":[54],"tags":[],"acf":[],"yoast_head":"<!-- This site is optimized with the Yoast SEO plugin v22.6 - https:\/\/yoast.com\/wordpress\/plugins\/seo\/ -->\r\n<title>Listino prezzi impianti condizionamento MET MANN<\/title>\r\n<meta name=\"description\" content=\"Tabela de pre\u00e7os MET MANN para equipamento de ar condicionado evaporativo, geradores de ar quente, sistemas de ventila\u00e7\u00e3o, equipamento de desumidifica\u00e7\u00e3o de ar.\" \/>\r\n<meta name=\"robots\" content=\"index, follow, max-snippet:-1, max-image-preview:large, max-video-preview:-1\" \/>\r\n<link rel=\"canonical\" href=\"https:\/\/www.metmann.com\/it\/listino-prezzi-impianti-condizionamento-met-mann\/\" \/>\r\n<meta property=\"og:locale\" content=\"it_IT\" \/>\r\n<meta property=\"og:type\" content=\"article\" \/>\r\n<meta property=\"og:title\" content=\"Listino prezzi impianti condizionamento MET MANN\" \/>\r\n<meta property=\"og:description\" content=\"Tabela de pre\u00e7os MET MANN para equipamento de ar condicionado evaporativo, geradores de ar quente, sistemas de ventila\u00e7\u00e3o, equipamento de desumidifica\u00e7\u00e3o de ar.\" \/>\r\n<meta property=\"og:url\" content=\"https:\/\/www.metmann.com\/it\/listino-prezzi-impianti-condizionamento-met-mann\/\" \/>\r\n<meta property=\"og:site_name\" content=\"MET MANN\" \/>\r\n<meta property=\"article:published_time\" content=\"2020-09-24T00:00:00+00:00\" \/>\r\n<meta property=\"og:image\" content=\"https:\/\/www.metmann.com\/wp-content\/uploads\/2021\/09\/1614680553_83Od.jpg\" \/>\r\n<meta name=\"author\" content=\"Marcelo Gonfar\" \/>\r\n<meta name=\"twitter:card\" content=\"summary_large_image\" \/>\r\n<meta name=\"twitter:title\" content=\"Listino prezzi impianti condizionamento MET MANN\" \/>\r\n<meta name=\"twitter:description\" content=\"Tabela de pre\u00e7os MET MANN para equipamento de ar condicionado evaporativo, geradores de ar quente, sistemas de ventila\u00e7\u00e3o, equipamento de desumidifica\u00e7\u00e3o de ar.\" \/>\r\n<meta name=\"twitter:image\" content=\"https:\/\/www.metmann.com\/wp-content\/uploads\/2021\/09\/1614680553_83Od.jpg\" \/>\r\n<meta name=\"twitter:label1\" content=\"Scritto da\" \/>\n\t<meta name=\"twitter:data1\" content=\"Marcelo Gonfar\" \/>\n\t<meta name=\"twitter:label2\" content=\"Tempo di lettura stimato\" \/>\n\t<meta name=\"twitter:data2\" content=\"1 minuto\" \/>\r\n<script type=\"application\/ld+json\" class=\"yoast-schema-graph\">{\"@context\":\"https:\/\/schema.org\",\"@graph\":[{\"@type\":\"Article\",\"@id\":\"https:\/\/www.metmann.com\/it\/listino-prezzi-impianti-condizionamento-met-mann\/#article\",\"isPartOf\":{\"@id\":\"https:\/\/www.metmann.com\/it\/listino-prezzi-impianti-condizionamento-met-mann\/\"},\"author\":{\"name\":\"Marcelo Gonfar\",\"@id\":\"https:\/\/www.metmann.com\/it\/#\/schema\/person\/abb061f44d31128f243c7e8c9677bb01\"},\"headline\":\"Listino prezzi impianti condizionamento MET MANN\",\"datePublished\":\"2020-09-24T00:00:00+00:00\",\"dateModified\":\"2020-09-24T00:00:00+00:00\",\"mainEntityOfPage\":{\"@id\":\"https:\/\/www.metmann.com\/it\/listino-prezzi-impianti-condizionamento-met-mann\/\"},\"wordCount\":162,\"commentCount\":0,\"publisher\":{\"@id\":\"https:\/\/www.metmann.com\/it\/#organization\"},\"image\":{\"@id\":\"https:\/\/www.metmann.com\/it\/listino-prezzi-impianti-condizionamento-met-mann\/#primaryimage\"},\"thumbnailUrl\":\"https:\/\/www.metmann.com\/wp-content\/uploads\/2021\/09\/1614680553_83Od.jpg\",\"articleSection\":[\"Notizies\"],\"inLanguage\":\"it-IT\",\"potentialAction\":[{\"@type\":\"CommentAction\",\"name\":\"Comment\",\"target\":[\"https:\/\/www.metmann.com\/it\/listino-prezzi-impianti-condizionamento-met-mann\/#respond\"]}]},{\"@type\":\"WebPage\",\"@id\":\"https:\/\/www.metmann.com\/it\/listino-prezzi-impianti-condizionamento-met-mann\/\",\"url\":\"https:\/\/www.metmann.com\/it\/listino-prezzi-impianti-condizionamento-met-mann\/\",\"name\":\"Listino prezzi impianti condizionamento MET MANN\",\"isPartOf\":{\"@id\":\"https:\/\/www.metmann.com\/it\/#website\"},\"primaryImageOfPage\":{\"@id\":\"https:\/\/www.metmann.com\/it\/listino-prezzi-impianti-condizionamento-met-mann\/#primaryimage\"},\"image\":{\"@id\":\"https:\/\/www.metmann.com\/it\/listino-prezzi-impianti-condizionamento-met-mann\/#primaryimage\"},\"thumbnailUrl\":\"https:\/\/www.metmann.com\/wp-content\/uploads\/2021\/09\/1614680553_83Od.jpg\",\"datePublished\":\"2020-09-24T00:00:00+00:00\",\"dateModified\":\"2020-09-24T00:00:00+00:00\",\"description\":\"Tabela de pre\u00e7os MET MANN para equipamento de ar condicionado evaporativo, geradores de ar quente, sistemas de ventila\u00e7\u00e3o, equipamento de desumidifica\u00e7\u00e3o de ar.\",\"breadcrumb\":{\"@id\":\"https:\/\/www.metmann.com\/it\/listino-prezzi-impianti-condizionamento-met-mann\/#breadcrumb\"},\"inLanguage\":\"it-IT\",\"potentialAction\":[{\"@type\":\"ReadAction\",\"target\":[\"https:\/\/www.metmann.com\/it\/listino-prezzi-impianti-condizionamento-met-mann\/\"]}]},{\"@type\":\"ImageObject\",\"inLanguage\":\"it-IT\",\"@id\":\"https:\/\/www.metmann.com\/it\/listino-prezzi-impianti-condizionamento-met-mann\/#primaryimage\",\"url\":\"https:\/\/www.metmann.com\/wp-content\/uploads\/2021\/09\/1614680553_83Od.jpg\",\"contentUrl\":\"https:\/\/www.metmann.com\/wp-content\/uploads\/2021\/09\/1614680553_83Od.jpg\",\"width\":600,\"height\":848},{\"@type\":\"BreadcrumbList\",\"@id\":\"https:\/\/www.metmann.com\/it\/listino-prezzi-impianti-condizionamento-met-mann\/#breadcrumb\",\"itemListElement\":[{\"@type\":\"ListItem\",\"position\":1,\"name\":\"Inicio\",\"item\":\"https:\/\/www.metmann.com\/it\/\"},{\"@type\":\"ListItem\",\"position\":2,\"name\":\"Notizies\",\"item\":\"https:\/\/www.metmann.com\/it\/category\/notizies\/\"},{\"@type\":\"ListItem\",\"position\":3,\"name\":\"Listino prezzi impianti condizionamento MET MANN\"}]},{\"@type\":\"WebSite\",\"@id\":\"https:\/\/www.metmann.com\/it\/#website\",\"url\":\"https:\/\/www.metmann.com\/it\/\",\"name\":\"MET MANN\",\"description\":\"Climatizaci\u00f3n industrial, Calefactores y Ventilaci\u00f3n para empresas\",\"publisher\":{\"@id\":\"https:\/\/www.metmann.com\/it\/#organization\"},\"potentialAction\":[{\"@type\":\"SearchAction\",\"target\":{\"@type\":\"EntryPoint\",\"urlTemplate\":\"https:\/\/www.metmann.com\/it\/?s={search_term_string}\"},\"query-input\":\"required name=search_term_string\"}],\"inLanguage\":\"it-IT\"},{\"@type\":\"Organization\",\"@id\":\"https:\/\/www.metmann.com\/it\/#organization\",\"name\":\"Met Mann\",\"url\":\"https:\/\/www.metmann.com\/it\/\",\"logo\":{\"@type\":\"ImageObject\",\"inLanguage\":\"it-IT\",\"@id\":\"https:\/\/www.metmann.com\/it\/#\/schema\/logo\/image\/\",\"url\":\"https:\/\/www.metmann.com\/wp-content\/uploads\/2021\/12\/logo-color-met-mann-01.jpg\",\"contentUrl\":\"https:\/\/www.metmann.com\/wp-content\/uploads\/2021\/12\/logo-color-met-mann-01.jpg\",\"width\":351,\"height\":133,\"caption\":\"Met Mann\"},\"image\":{\"@id\":\"https:\/\/www.metmann.com\/it\/#\/schema\/logo\/image\/\"}},{\"@type\":\"Person\",\"@id\":\"https:\/\/www.metmann.com\/it\/#\/schema\/person\/abb061f44d31128f243c7e8c9677bb01\",\"name\":\"Marcelo Gonfar\",\"image\":{\"@type\":\"ImageObject\",\"inLanguage\":\"it-IT\",\"@id\":\"https:\/\/www.metmann.com\/it\/#\/schema\/person\/image\/\",\"url\":\"https:\/\/secure.gravatar.com\/avatar\/f8e37661ecf23489bf1e65088ca5cfbd?s=96&d=mm&r=g\",\"contentUrl\":\"https:\/\/secure.gravatar.com\/avatar\/f8e37661ecf23489bf1e65088ca5cfbd?s=96&d=mm&r=g\",\"caption\":\"Marcelo Gonfar\"},\"url\":\"https:\/\/www.metmann.com\/it\/author\/produccionvisualpublinet-com\/\"}]}<\/script>\r\n<!-- \/ Yoast SEO plugin. -->","yoast_head_json":{"title":"Listino prezzi impianti condizionamento MET MANN","description":"Tabela de pre\u00e7os MET MANN para equipamento de ar condicionado evaporativo, geradores de ar quente, sistemas de ventila\u00e7\u00e3o, equipamento de desumidifica\u00e7\u00e3o de ar.","robots":{"index":"index","follow":"follow","max-snippet":"max-snippet:-1","max-image-preview":"max-image-preview:large","max-video-preview":"max-video-preview:-1"},"canonical":"https:\/\/www.metmann.com\/it\/listino-prezzi-impianti-condizionamento-met-mann\/","og_locale":"it_IT","og_type":"article","og_title":"Listino prezzi impianti condizionamento MET MANN","og_description":"Tabela de pre\u00e7os MET MANN para equipamento de ar condicionado evaporativo, geradores de ar quente, sistemas de ventila\u00e7\u00e3o, equipamento de desumidifica\u00e7\u00e3o de ar.","og_url":"https:\/\/www.metmann.com\/it\/listino-prezzi-impianti-condizionamento-met-mann\/","og_site_name":"MET MANN","article_published_time":"2020-09-24T00:00:00+00:00","og_image":[{"url":"https:\/\/www.metmann.com\/wp-content\/uploads\/2021\/09\/1614680553_83Od.jpg"}],"author":"Marcelo Gonfar","twitter_card":"summary_large_image","twitter_title":"Listino prezzi impianti condizionamento MET MANN","twitter_description":"Tabela de pre\u00e7os MET MANN para equipamento de ar condicionado evaporativo, geradores de ar quente, sistemas de ventila\u00e7\u00e3o, equipamento de desumidifica\u00e7\u00e3o de ar.","twitter_image":"https:\/\/www.metmann.com\/wp-content\/uploads\/2021\/09\/1614680553_83Od.jpg","twitter_misc":{"Scritto da":"Marcelo Gonfar","Tempo di lettura stimato":"1 minuto"},"schema":{"@context":"https:\/\/schema.org","@graph":[{"@type":"Article","@id":"https:\/\/www.metmann.com\/it\/listino-prezzi-impianti-condizionamento-met-mann\/#article","isPartOf":{"@id":"https:\/\/www.metmann.com\/it\/listino-prezzi-impianti-condizionamento-met-mann\/"},"author":{"name":"Marcelo Gonfar","@id":"https:\/\/www.metmann.com\/it\/#\/schema\/person\/abb061f44d31128f243c7e8c9677bb01"},"headline":"Listino prezzi impianti condizionamento MET MANN","datePublished":"2020-09-24T00:00:00+00:00","dateModified":"2020-09-24T00:00:00+00:00","mainEntityOfPage":{"@id":"https:\/\/www.metmann.com\/it\/listino-prezzi-impianti-condizionamento-met-mann\/"},"wordCount":162,"commentCount":0,"publisher":{"@id":"https:\/\/www.metmann.com\/it\/#organization"},"image":{"@id":"https:\/\/www.metmann.com\/it\/listino-prezzi-impianti-condizionamento-met-mann\/#primaryimage"},"thumbnailUrl":"https:\/\/www.metmann.com\/wp-content\/uploads\/2021\/09\/1614680553_83Od.jpg","articleSection":["Notizies"],"inLanguage":"it-IT","potentialAction":[{"@type":"CommentAction","name":"Comment","target":["https:\/\/www.metmann.com\/it\/listino-prezzi-impianti-condizionamento-met-mann\/#respond"]}]},{"@type":"WebPage","@id":"https:\/\/www.metmann.com\/it\/listino-prezzi-impianti-condizionamento-met-mann\/","url":"https:\/\/www.metmann.com\/it\/listino-prezzi-impianti-condizionamento-met-mann\/","name":"Listino prezzi impianti condizionamento MET MANN","isPartOf":{"@id":"https:\/\/www.metmann.com\/it\/#website"},"primaryImageOfPage":{"@id":"https:\/\/www.metmann.com\/it\/listino-prezzi-impianti-condizionamento-met-mann\/#primaryimage"},"image":{"@id":"https:\/\/www.metmann.com\/it\/listino-prezzi-impianti-condizionamento-met-mann\/#primaryimage"},"thumbnailUrl":"https:\/\/www.metmann.com\/wp-content\/uploads\/2021\/09\/1614680553_83Od.jpg","datePublished":"2020-09-24T00:00:00+00:00","dateModified":"2020-09-24T00:00:00+00:00","description":"Tabela de pre\u00e7os MET MANN para equipamento de ar condicionado evaporativo, geradores de ar quente, sistemas de ventila\u00e7\u00e3o, equipamento de desumidifica\u00e7\u00e3o de ar.","breadcrumb":{"@id":"https:\/\/www.metmann.com\/it\/listino-prezzi-impianti-condizionamento-met-mann\/#breadcrumb"},"inLanguage":"it-IT","potentialAction":[{"@type":"ReadAction","target":["https:\/\/www.metmann.com\/it\/listino-prezzi-impianti-condizionamento-met-mann\/"]}]},{"@type":"ImageObject","inLanguage":"it-IT","@id":"https:\/\/www.metmann.com\/it\/listino-prezzi-impianti-condizionamento-met-mann\/#primaryimage","url":"https:\/\/www.metmann.com\/wp-content\/uploads\/2021\/09\/1614680553_83Od.jpg","contentUrl":"https:\/\/www.metmann.com\/wp-content\/uploads\/2021\/09\/1614680553_83Od.jpg","width":600,"height":848},{"@type":"BreadcrumbList","@id":"https:\/\/www.metmann.com\/it\/listino-prezzi-impianti-condizionamento-met-mann\/#breadcrumb","itemListElement":[{"@type":"ListItem","position":1,"name":"Inicio","item":"https:\/\/www.metmann.com\/it\/"},{"@type":"ListItem","position":2,"name":"Notizies","item":"https:\/\/www.metmann.com\/it\/category\/notizies\/"},{"@type":"ListItem","position":3,"name":"Listino prezzi impianti condizionamento MET MANN"}]},{"@type":"WebSite","@id":"https:\/\/www.metmann.com\/it\/#website","url":"https:\/\/www.metmann.com\/it\/","name":"MET MANN","description":"Climatizaci\u00f3n industrial, Calefactores y Ventilaci\u00f3n para empresas","publisher":{"@id":"https:\/\/www.metmann.com\/it\/#organization"},"potentialAction":[{"@type":"SearchAction","target":{"@type":"EntryPoint","urlTemplate":"https:\/\/www.metmann.com\/it\/?s={search_term_string}"},"query-input":"required name=search_term_string"}],"inLanguage":"it-IT"},{"@type":"Organization","@id":"https:\/\/www.metmann.com\/it\/#organization","name":"Met Mann","url":"https:\/\/www.metmann.com\/it\/","logo":{"@type":"ImageObject","inLanguage":"it-IT","@id":"https:\/\/www.metmann.com\/it\/#\/schema\/logo\/image\/","url":"https:\/\/www.metmann.com\/wp-content\/uploads\/2021\/12\/logo-color-met-mann-01.jpg","contentUrl":"https:\/\/www.metmann.com\/wp-content\/uploads\/2021\/12\/logo-color-met-mann-01.jpg","width":351,"height":133,"caption":"Met Mann"},"image":{"@id":"https:\/\/www.metmann.com\/it\/#\/schema\/logo\/image\/"}},{"@type":"Person","@id":"https:\/\/www.metmann.com\/it\/#\/schema\/person\/abb061f44d31128f243c7e8c9677bb01","name":"Marcelo Gonfar","image":{"@type":"ImageObject","inLanguage":"it-IT","@id":"https:\/\/www.metmann.com\/it\/#\/schema\/person\/image\/","url":"https:\/\/secure.gravatar.com\/avatar\/f8e37661ecf23489bf1e65088ca5cfbd?s=96&d=mm&r=g","contentUrl":"https:\/\/secure.gravatar.com\/avatar\/f8e37661ecf23489bf1e65088ca5cfbd?s=96&d=mm&r=g","caption":"Marcelo Gonfar"},"url":"https:\/\/www.metmann.com\/it\/author\/produccionvisualpublinet-com\/"}]}},"_links":{"self":[{"href":"https:\/\/www.metmann.com\/it\/wp-json\/wp\/v2\/posts\/3007"}],"collection":[{"href":"https:\/\/www.metmann.com\/it\/wp-json\/wp\/v2\/posts"}],"about":[{"href":"https:\/\/www.metmann.com\/it\/wp-json\/wp\/v2\/types\/post"}],"author":[{"embeddable":true,"href":"https:\/\/www.metmann.com\/it\/wp-json\/wp\/v2\/users\/1"}],"replies":[{"embeddable":true,"href":"https:\/\/www.metmann.com\/it\/wp-json\/wp\/v2\/comments?post=3007"}],"version-history":[{"count":0,"href":"https:\/\/www.metmann.com\/it\/wp-json\/wp\/v2\/posts\/3007\/revisions"}],"wp:featuredmedia":[{"embeddable":true,"href":"https:\/\/www.metmann.com\/it\/wp-json\/wp\/v2\/media\/540"}],"wp:attachment":[{"href":"https:\/\/www.metmann.com\/it\/wp-json\/wp\/v2\/media?parent=3007"}],"wp:term":[{"taxonomy":"category","embeddable":true,"href":"https:\/\/www.metmann.com\/it\/wp-json\/wp\/v2\/categories?post=3007"},{"taxonomy":"post_tag","embeddable":true,"href":"https:\/\/www.metmann.com\/it\/wp-json\/wp\/v2\/tags?post=3007"}],"curies":[{"name":"wp","href":"https:\/\/api.w.org\/{rel}","templated":true}]}}