{"id":2346,"date":"2018-07-20T00:00:00","date_gmt":"2018-07-20T00:00:00","guid":{"rendered":"https:\/\/metmann.com.185-176-9-81.185-176-9-81.visualpublinet.com\/ar-condicionado-por-evaporacao-no-setor-automotivo\/"},"modified":"2018-07-20T00:00:00","modified_gmt":"2018-07-20T00:00:00","slug":"ar-condicionado-por-evaporacao-no-setor-automotivo","status":"publish","type":"post","link":"https:\/\/www.metmann.com\/pt-pt\/ar-condicionado-por-evaporacao-no-setor-automotivo\/","title":{"rendered":"Ar condicionado por evapora\u00e7\u00e3o no setor automotivo"},"content":{"rendered":"<p><span id=\"result_box\" class=\"\" tabindex=\"-1\" lang=\"pt\">A MET MANN forneceu 4 refrigeradores evaporativos de 63.000 m3 \/ h numa f\u00e1brica localizada na prov\u00edncia de Ourense.<\/p>\n<p> \tA  principal atividade da empresa &eacute; o isolamento t&eacute;rmico e ac\u00fastico no  setor automotivo e a superf\u00edcie tratada com nossos equipamentos &eacute; de  2.500 m2.<\/p>\n<p> \tO equipamento foi instalado no conv&eacute;s do  navio com a nossa bancada de suporte correspondente e a difus\u00e3o de ar  fresco foi feita atrav&eacute;s dos nossos difusores de ar de 6 vias.<\/p>\n<p> \tCom  a solu\u00e7\u00e3o fornecida, o consumo el&eacute;trico do equipamento total &eacute; de 74 kW  e o elemento de refrigera\u00e7\u00e3o utilizado &eacute; a \u00e1gua da rede.<\/p>\n<p> \t<span class=\"\">Com  esta solu\u00e7\u00e3o, o cliente obteve uma economia de energia de 80% em  compara\u00e7\u00e3o com outros sistemas de ar condicionado, contribuindo assim  para manter o nosso ambiente natural.<\/span><\/p>\n<p> \t<span class=\"\">Aqui algumas imagens da instala\u00e7\u00e3o.<\/span><\/p>\n<p> \t<span style=\"font-weight: bold;\"><span class=\"\">Fase de recep\u00e7\u00e3o de equipamentos<\/span><\/span><\/span><span style=\"font-weight: bold;\"><\/span> <\/p>\n<div><img loading=\"lazy\" decoding=\"async\" src=\"https:\/\/www.metmann.com\/wp-content\/uploads\/2021\/09\/INSTALACION-GALICIA-07.jpg\" alt=\"\" style=\"margin: 0px; float: none; width: 350px; height: 467px;\" width=\"1212\" height=\"1617\" border=\"0\" \/>  \t<\/div>\n<div><span id=\"result_box\" class=\"short_text\" tabindex=\"-1\" lang=\"pt\"><span style=\"font-weight: bold;\">Coloca\u00e7\u00e3o de equipamento no conv&eacute;s<\/span><\/span><\/div>\n<p><img decoding=\"async\" src=\"https:\/\/www.metmann.com\/wp-content\/uploads\/2021\/09\/INSTALACION-GALICIA-06.jpg\" alt=\"\" style=\"margin-top:0px;margin-right:0px;margin-bottom:0px;margin-left:0px;;width:350px;;height:421px;\" border=\"0\" \/> <\/p>\n<div>&nbsp;<\/div>\n<div><span style=\"font-weight: bold;\"><span id=\"result_box\" class=\"short_text\" tabindex=\"-1\" lang=\"pt\">Equipamento colocado em cima de um banco de apoio<\/span><\/span><\/div>\n<div><span style=\"font-weight: bold;\"><\/span><\/div>\n<div><img decoding=\"async\" src=\"https:\/\/www.metmann.com\/wp-content\/uploads\/2021\/09\/INSTALACION-GALICIA-03.jpg\" alt=\"\" style=\"margin-top:0px;margin-right:0px;margin-bottom:0px;margin-left:0px;;width:350px;;height:399px;\" border=\"0\" \/>&nbsp;<\/div>\n<div>&nbsp;<\/div>\n<div><span id=\"result_box\" class=\"short_text\" tabindex=\"-1\" lang=\"pt\"><span style=\"font-weight: bold;\">Vista geral dos 4 equipamentos instalados<\/span><\/span><\/div>\n<div><span style=\"font-weight: bold;\"><\/span><\/div>\n<div><img decoding=\"async\" src=\"https:\/\/www.metmann.com\/wp-content\/uploads\/2021\/09\/INSTALACION-GALICIA-02.jpg\" alt=\"\" style=\"margin-top:0px;margin-right:0px;margin-bottom:0px;margin-left:0px;;width:350px;;height:244px;\" border=\"0\" \/>&nbsp;<\/div>\n<div><span style=\"font-weight: bold;\"><\/span><\/div>\n<div>&nbsp;<\/div>\n<div><span style=\"font-weight: bold;\"><span id=\"result_box\" class=\"short_text\" tabindex=\"-1\" lang=\"pt\">Difusor de ar de 6 vias<\/span> <br \/> \t\t<\/span><\/div>\n<div>&nbsp;<span style=\"font-weight: bold;\"><img decoding=\"async\" src=\"https:\/\/www.metmann.com\/wp-content\/uploads\/2021\/09\/INSTALACION-GALICIA-05-2.jpg\" alt=\"\" style=\"margin-top:0px;margin-right:0px;margin-bottom:0px;margin-left:0px;;width:350px;;height:467px;\" border=\"0\" \/><\/span><\/div>\n<div>&nbsp;<\/div>\n<div><a href=\"http:\/\/metmann.com\/pt\/c17_Climatizadores-evaporativos\" target=\"_blank\" rel=\"\" class=\"small blue awesome\"><span style=\"font-weight: bold;\"><span id=\"result_box\" class=\"short_text\" tabindex=\"-1\" lang=\"pt\">GAMA DE REFRIGERADORES EVAPOATIVOS MET MANN<\/span> <br \/> \t\t\t<\/span><\/a><\/div>\n<div> \t<\/div>\n<p><span id=\"result_box\" class=\"\" tabindex=\"-1\" lang=\"pt\"><span style=\"font-weight: bold;\">Para mais  informa\u00e7\u00f5es sobre nossos sistemas de ar condicionado por evapora\u00e7\u00e3o,  entre em contato conosco pelo Tel. +34 93 851 15 99<\/span><\/span><\/p>\n","protected":false},"excerpt":{"rendered":"<p><span id=\"result_box\" class=\"\" tabindex=\"-1\" lang=\"pt\">Ar condicionado por evapora\u00e7\u00e3o no setor automotivo feito com resfriadores evaporativos MET MANN<\/span><\/p>\n","protected":false},"author":1,"featured_media":302,"comment_status":"open","ping_status":"open","sticky":false,"template":"","format":"standard","meta":{"_acf_changed":false,"_et_pb_use_builder":"","_et_pb_old_content":"","_et_gb_content_width":"","_joinchat":[],"footnotes":""},"categories":[55],"tags":[],"acf":[],"yoast_head":"<!-- This site is optimized with the Yoast SEO plugin v22.6 - https:\/\/yoast.com\/wordpress\/plugins\/seo\/ -->\r\n<title>Ar condicionado por evapora\u00e7\u00e3o no setor automotivo<\/title>\r\n<meta name=\"description\" content=\"L&#8242;aria condizionata evaporativa nel settore automobilistico \u00e8 una soluzione ecologica, efficiente ed economica.\" \/>\r\n<meta name=\"robots\" content=\"index, follow, max-snippet:-1, max-image-preview:large, max-video-preview:-1\" \/>\r\n<link rel=\"canonical\" href=\"https:\/\/www.metmann.com\/pt-pt\/ar-condicionado-por-evaporacao-no-setor-automotivo\/\" \/>\r\n<meta property=\"og:locale\" content=\"pt_PT\" \/>\r\n<meta property=\"og:type\" content=\"article\" \/>\r\n<meta property=\"og:title\" content=\"Ar condicionado por evapora\u00e7\u00e3o no setor automotivo\" \/>\r\n<meta property=\"og:description\" content=\"L&#8242;aria condizionata evaporativa nel settore automobilistico \u00e8 una soluzione ecologica, efficiente ed economica.\" \/>\r\n<meta property=\"og:url\" content=\"https:\/\/www.metmann.com\/pt-pt\/ar-condicionado-por-evaporacao-no-setor-automotivo\/\" \/>\r\n<meta property=\"og:site_name\" content=\"MET MANN\" \/>\r\n<meta property=\"article:published_time\" content=\"2018-07-20T00:00:00+00:00\" \/>\r\n<meta property=\"og:image\" content=\"https:\/\/www.metmann.com\/wp-content\/uploads\/2021\/09\/1533198939_ssLq.jpg\" \/>\r\n<meta name=\"author\" content=\"Marcelo Gonfar\" \/>\r\n<meta name=\"twitter:card\" content=\"summary_large_image\" \/>\r\n<meta name=\"twitter:title\" content=\"Ar condicionado por evapora\u00e7\u00e3o no setor automotivo\" \/>\r\n<meta name=\"twitter:description\" content=\"L&#8242;aria condizionata evaporativa nel settore automobilistico \u00e8 una soluzione ecologica, efficiente ed economica.\" \/>\r\n<meta name=\"twitter:image\" content=\"https:\/\/www.metmann.com\/wp-content\/uploads\/2021\/09\/1533198939_ssLq.jpg\" \/>\r\n<meta name=\"twitter:label1\" content=\"Escrito por\" \/>\n\t<meta name=\"twitter:data1\" content=\"Marcelo Gonfar\" \/>\n\t<meta name=\"twitter:label2\" content=\"Tempo estimado de leitura\" \/>\n\t<meta name=\"twitter:data2\" content=\"1 minuto\" \/>\r\n<script type=\"application\/ld+json\" class=\"yoast-schema-graph\">{\"@context\":\"https:\/\/schema.org\",\"@graph\":[{\"@type\":\"Article\",\"@id\":\"https:\/\/www.metmann.com\/pt-pt\/ar-condicionado-por-evaporacao-no-setor-automotivo\/#article\",\"isPartOf\":{\"@id\":\"https:\/\/www.metmann.com\/pt-pt\/ar-condicionado-por-evaporacao-no-setor-automotivo\/\"},\"author\":{\"name\":\"Marcelo Gonfar\",\"@id\":\"https:\/\/www.metmann.com\/pt-pt\/#\/schema\/person\/abb061f44d31128f243c7e8c9677bb01\"},\"headline\":\"Ar condicionado por evapora\u00e7\u00e3o no setor automotivo\",\"datePublished\":\"2018-07-20T00:00:00+00:00\",\"dateModified\":\"2018-07-20T00:00:00+00:00\",\"mainEntityOfPage\":{\"@id\":\"https:\/\/www.metmann.com\/pt-pt\/ar-condicionado-por-evaporacao-no-setor-automotivo\/\"},\"wordCount\":218,\"commentCount\":0,\"publisher\":{\"@id\":\"https:\/\/www.metmann.com\/pt-pt\/#organization\"},\"image\":{\"@id\":\"https:\/\/www.metmann.com\/pt-pt\/ar-condicionado-por-evaporacao-no-setor-automotivo\/#primaryimage\"},\"thumbnailUrl\":\"https:\/\/www.metmann.com\/wp-content\/uploads\/2021\/09\/1533198939_ssLq.jpg\",\"articleSection\":[\"Noticias\"],\"inLanguage\":\"pt-PT\",\"potentialAction\":[{\"@type\":\"CommentAction\",\"name\":\"Comment\",\"target\":[\"https:\/\/www.metmann.com\/pt-pt\/ar-condicionado-por-evaporacao-no-setor-automotivo\/#respond\"]}]},{\"@type\":\"WebPage\",\"@id\":\"https:\/\/www.metmann.com\/pt-pt\/ar-condicionado-por-evaporacao-no-setor-automotivo\/\",\"url\":\"https:\/\/www.metmann.com\/pt-pt\/ar-condicionado-por-evaporacao-no-setor-automotivo\/\",\"name\":\"Ar condicionado por evapora\u00e7\u00e3o no setor automotivo\",\"isPartOf\":{\"@id\":\"https:\/\/www.metmann.com\/pt-pt\/#website\"},\"primaryImageOfPage\":{\"@id\":\"https:\/\/www.metmann.com\/pt-pt\/ar-condicionado-por-evaporacao-no-setor-automotivo\/#primaryimage\"},\"image\":{\"@id\":\"https:\/\/www.metmann.com\/pt-pt\/ar-condicionado-por-evaporacao-no-setor-automotivo\/#primaryimage\"},\"thumbnailUrl\":\"https:\/\/www.metmann.com\/wp-content\/uploads\/2021\/09\/1533198939_ssLq.jpg\",\"datePublished\":\"2018-07-20T00:00:00+00:00\",\"dateModified\":\"2018-07-20T00:00:00+00:00\",\"description\":\"L&#8242;aria condizionata evaporativa nel settore automobilistico \u00e8 una soluzione ecologica, efficiente ed economica.\",\"breadcrumb\":{\"@id\":\"https:\/\/www.metmann.com\/pt-pt\/ar-condicionado-por-evaporacao-no-setor-automotivo\/#breadcrumb\"},\"inLanguage\":\"pt-PT\",\"potentialAction\":[{\"@type\":\"ReadAction\",\"target\":[\"https:\/\/www.metmann.com\/pt-pt\/ar-condicionado-por-evaporacao-no-setor-automotivo\/\"]}]},{\"@type\":\"ImageObject\",\"inLanguage\":\"pt-PT\",\"@id\":\"https:\/\/www.metmann.com\/pt-pt\/ar-condicionado-por-evaporacao-no-setor-automotivo\/#primaryimage\",\"url\":\"https:\/\/www.metmann.com\/wp-content\/uploads\/2021\/09\/1533198939_ssLq.jpg\",\"contentUrl\":\"https:\/\/www.metmann.com\/wp-content\/uploads\/2021\/09\/1533198939_ssLq.jpg\",\"width\":1200,\"height\":991},{\"@type\":\"BreadcrumbList\",\"@id\":\"https:\/\/www.metmann.com\/pt-pt\/ar-condicionado-por-evaporacao-no-setor-automotivo\/#breadcrumb\",\"itemListElement\":[{\"@type\":\"ListItem\",\"position\":1,\"name\":\"Inicio\",\"item\":\"https:\/\/www.metmann.com\/pt-pt\/\"},{\"@type\":\"ListItem\",\"position\":2,\"name\":\"Noticias\",\"item\":\"https:\/\/www.metmann.com\/pt-pt\/category\/noticias-pt-pt\/\"},{\"@type\":\"ListItem\",\"position\":3,\"name\":\"Ar condicionado por evapora\u00e7\u00e3o no setor automotivo\"}]},{\"@type\":\"WebSite\",\"@id\":\"https:\/\/www.metmann.com\/pt-pt\/#website\",\"url\":\"https:\/\/www.metmann.com\/pt-pt\/\",\"name\":\"MET MANN\",\"description\":\"Climatizaci\u00f3n industrial, Calefactores y Ventilaci\u00f3n para empresas\",\"publisher\":{\"@id\":\"https:\/\/www.metmann.com\/pt-pt\/#organization\"},\"potentialAction\":[{\"@type\":\"SearchAction\",\"target\":{\"@type\":\"EntryPoint\",\"urlTemplate\":\"https:\/\/www.metmann.com\/pt-pt\/?s={search_term_string}\"},\"query-input\":\"required name=search_term_string\"}],\"inLanguage\":\"pt-PT\"},{\"@type\":\"Organization\",\"@id\":\"https:\/\/www.metmann.com\/pt-pt\/#organization\",\"name\":\"Met Mann\",\"url\":\"https:\/\/www.metmann.com\/pt-pt\/\",\"logo\":{\"@type\":\"ImageObject\",\"inLanguage\":\"pt-PT\",\"@id\":\"https:\/\/www.metmann.com\/pt-pt\/#\/schema\/logo\/image\/\",\"url\":\"https:\/\/www.metmann.com\/wp-content\/uploads\/2021\/12\/logo-color-met-mann-01.jpg\",\"contentUrl\":\"https:\/\/www.metmann.com\/wp-content\/uploads\/2021\/12\/logo-color-met-mann-01.jpg\",\"width\":351,\"height\":133,\"caption\":\"Met Mann\"},\"image\":{\"@id\":\"https:\/\/www.metmann.com\/pt-pt\/#\/schema\/logo\/image\/\"}},{\"@type\":\"Person\",\"@id\":\"https:\/\/www.metmann.com\/pt-pt\/#\/schema\/person\/abb061f44d31128f243c7e8c9677bb01\",\"name\":\"Marcelo Gonfar\",\"image\":{\"@type\":\"ImageObject\",\"inLanguage\":\"pt-PT\",\"@id\":\"https:\/\/www.metmann.com\/pt-pt\/#\/schema\/person\/image\/\",\"url\":\"https:\/\/secure.gravatar.com\/avatar\/f8e37661ecf23489bf1e65088ca5cfbd?s=96&d=mm&r=g\",\"contentUrl\":\"https:\/\/secure.gravatar.com\/avatar\/f8e37661ecf23489bf1e65088ca5cfbd?s=96&d=mm&r=g\",\"caption\":\"Marcelo Gonfar\"},\"url\":\"https:\/\/www.metmann.com\/pt-pt\/author\/produccionvisualpublinet-com\/\"}]}<\/script>\r\n<!-- \/ Yoast SEO plugin. -->","yoast_head_json":{"title":"Ar condicionado por evapora\u00e7\u00e3o no setor automotivo","description":"L&#8242;aria condizionata evaporativa nel settore automobilistico \u00e8 una soluzione ecologica, efficiente ed economica.","robots":{"index":"index","follow":"follow","max-snippet":"max-snippet:-1","max-image-preview":"max-image-preview:large","max-video-preview":"max-video-preview:-1"},"canonical":"https:\/\/www.metmann.com\/pt-pt\/ar-condicionado-por-evaporacao-no-setor-automotivo\/","og_locale":"pt_PT","og_type":"article","og_title":"Ar condicionado por evapora\u00e7\u00e3o no setor automotivo","og_description":"L&#8242;aria condizionata evaporativa nel settore automobilistico \u00e8 una soluzione ecologica, efficiente ed economica.","og_url":"https:\/\/www.metmann.com\/pt-pt\/ar-condicionado-por-evaporacao-no-setor-automotivo\/","og_site_name":"MET MANN","article_published_time":"2018-07-20T00:00:00+00:00","og_image":[{"url":"https:\/\/www.metmann.com\/wp-content\/uploads\/2021\/09\/1533198939_ssLq.jpg"}],"author":"Marcelo Gonfar","twitter_card":"summary_large_image","twitter_title":"Ar condicionado por evapora\u00e7\u00e3o no setor automotivo","twitter_description":"L&#8242;aria condizionata evaporativa nel settore automobilistico \u00e8 una soluzione ecologica, efficiente ed economica.","twitter_image":"https:\/\/www.metmann.com\/wp-content\/uploads\/2021\/09\/1533198939_ssLq.jpg","twitter_misc":{"Escrito por":"Marcelo Gonfar","Tempo estimado de leitura":"1 minuto"},"schema":{"@context":"https:\/\/schema.org","@graph":[{"@type":"Article","@id":"https:\/\/www.metmann.com\/pt-pt\/ar-condicionado-por-evaporacao-no-setor-automotivo\/#article","isPartOf":{"@id":"https:\/\/www.metmann.com\/pt-pt\/ar-condicionado-por-evaporacao-no-setor-automotivo\/"},"author":{"name":"Marcelo Gonfar","@id":"https:\/\/www.metmann.com\/pt-pt\/#\/schema\/person\/abb061f44d31128f243c7e8c9677bb01"},"headline":"Ar condicionado por evapora\u00e7\u00e3o no setor automotivo","datePublished":"2018-07-20T00:00:00+00:00","dateModified":"2018-07-20T00:00:00+00:00","mainEntityOfPage":{"@id":"https:\/\/www.metmann.com\/pt-pt\/ar-condicionado-por-evaporacao-no-setor-automotivo\/"},"wordCount":218,"commentCount":0,"publisher":{"@id":"https:\/\/www.metmann.com\/pt-pt\/#organization"},"image":{"@id":"https:\/\/www.metmann.com\/pt-pt\/ar-condicionado-por-evaporacao-no-setor-automotivo\/#primaryimage"},"thumbnailUrl":"https:\/\/www.metmann.com\/wp-content\/uploads\/2021\/09\/1533198939_ssLq.jpg","articleSection":["Noticias"],"inLanguage":"pt-PT","potentialAction":[{"@type":"CommentAction","name":"Comment","target":["https:\/\/www.metmann.com\/pt-pt\/ar-condicionado-por-evaporacao-no-setor-automotivo\/#respond"]}]},{"@type":"WebPage","@id":"https:\/\/www.metmann.com\/pt-pt\/ar-condicionado-por-evaporacao-no-setor-automotivo\/","url":"https:\/\/www.metmann.com\/pt-pt\/ar-condicionado-por-evaporacao-no-setor-automotivo\/","name":"Ar condicionado por evapora\u00e7\u00e3o no setor automotivo","isPartOf":{"@id":"https:\/\/www.metmann.com\/pt-pt\/#website"},"primaryImageOfPage":{"@id":"https:\/\/www.metmann.com\/pt-pt\/ar-condicionado-por-evaporacao-no-setor-automotivo\/#primaryimage"},"image":{"@id":"https:\/\/www.metmann.com\/pt-pt\/ar-condicionado-por-evaporacao-no-setor-automotivo\/#primaryimage"},"thumbnailUrl":"https:\/\/www.metmann.com\/wp-content\/uploads\/2021\/09\/1533198939_ssLq.jpg","datePublished":"2018-07-20T00:00:00+00:00","dateModified":"2018-07-20T00:00:00+00:00","description":"L&#8242;aria condizionata evaporativa nel settore automobilistico \u00e8 una soluzione ecologica, efficiente ed economica.","breadcrumb":{"@id":"https:\/\/www.metmann.com\/pt-pt\/ar-condicionado-por-evaporacao-no-setor-automotivo\/#breadcrumb"},"inLanguage":"pt-PT","potentialAction":[{"@type":"ReadAction","target":["https:\/\/www.metmann.com\/pt-pt\/ar-condicionado-por-evaporacao-no-setor-automotivo\/"]}]},{"@type":"ImageObject","inLanguage":"pt-PT","@id":"https:\/\/www.metmann.com\/pt-pt\/ar-condicionado-por-evaporacao-no-setor-automotivo\/#primaryimage","url":"https:\/\/www.metmann.com\/wp-content\/uploads\/2021\/09\/1533198939_ssLq.jpg","contentUrl":"https:\/\/www.metmann.com\/wp-content\/uploads\/2021\/09\/1533198939_ssLq.jpg","width":1200,"height":991},{"@type":"BreadcrumbList","@id":"https:\/\/www.metmann.com\/pt-pt\/ar-condicionado-por-evaporacao-no-setor-automotivo\/#breadcrumb","itemListElement":[{"@type":"ListItem","position":1,"name":"Inicio","item":"https:\/\/www.metmann.com\/pt-pt\/"},{"@type":"ListItem","position":2,"name":"Noticias","item":"https:\/\/www.metmann.com\/pt-pt\/category\/noticias-pt-pt\/"},{"@type":"ListItem","position":3,"name":"Ar condicionado por evapora\u00e7\u00e3o no setor automotivo"}]},{"@type":"WebSite","@id":"https:\/\/www.metmann.com\/pt-pt\/#website","url":"https:\/\/www.metmann.com\/pt-pt\/","name":"MET MANN","description":"Climatizaci\u00f3n industrial, Calefactores y Ventilaci\u00f3n para empresas","publisher":{"@id":"https:\/\/www.metmann.com\/pt-pt\/#organization"},"potentialAction":[{"@type":"SearchAction","target":{"@type":"EntryPoint","urlTemplate":"https:\/\/www.metmann.com\/pt-pt\/?s={search_term_string}"},"query-input":"required name=search_term_string"}],"inLanguage":"pt-PT"},{"@type":"Organization","@id":"https:\/\/www.metmann.com\/pt-pt\/#organization","name":"Met Mann","url":"https:\/\/www.metmann.com\/pt-pt\/","logo":{"@type":"ImageObject","inLanguage":"pt-PT","@id":"https:\/\/www.metmann.com\/pt-pt\/#\/schema\/logo\/image\/","url":"https:\/\/www.metmann.com\/wp-content\/uploads\/2021\/12\/logo-color-met-mann-01.jpg","contentUrl":"https:\/\/www.metmann.com\/wp-content\/uploads\/2021\/12\/logo-color-met-mann-01.jpg","width":351,"height":133,"caption":"Met Mann"},"image":{"@id":"https:\/\/www.metmann.com\/pt-pt\/#\/schema\/logo\/image\/"}},{"@type":"Person","@id":"https:\/\/www.metmann.com\/pt-pt\/#\/schema\/person\/abb061f44d31128f243c7e8c9677bb01","name":"Marcelo Gonfar","image":{"@type":"ImageObject","inLanguage":"pt-PT","@id":"https:\/\/www.metmann.com\/pt-pt\/#\/schema\/person\/image\/","url":"https:\/\/secure.gravatar.com\/avatar\/f8e37661ecf23489bf1e65088ca5cfbd?s=96&d=mm&r=g","contentUrl":"https:\/\/secure.gravatar.com\/avatar\/f8e37661ecf23489bf1e65088ca5cfbd?s=96&d=mm&r=g","caption":"Marcelo Gonfar"},"url":"https:\/\/www.metmann.com\/pt-pt\/author\/produccionvisualpublinet-com\/"}]}},"_links":{"self":[{"href":"https:\/\/www.metmann.com\/pt-pt\/wp-json\/wp\/v2\/posts\/2346"}],"collection":[{"href":"https:\/\/www.metmann.com\/pt-pt\/wp-json\/wp\/v2\/posts"}],"about":[{"href":"https:\/\/www.metmann.com\/pt-pt\/wp-json\/wp\/v2\/types\/post"}],"author":[{"embeddable":true,"href":"https:\/\/www.metmann.com\/pt-pt\/wp-json\/wp\/v2\/users\/1"}],"replies":[{"embeddable":true,"href":"https:\/\/www.metmann.com\/pt-pt\/wp-json\/wp\/v2\/comments?post=2346"}],"version-history":[{"count":0,"href":"https:\/\/www.metmann.com\/pt-pt\/wp-json\/wp\/v2\/posts\/2346\/revisions"}],"wp:featuredmedia":[{"embeddable":true,"href":"https:\/\/www.metmann.com\/pt-pt\/wp-json\/wp\/v2\/media\/302"}],"wp:attachment":[{"href":"https:\/\/www.metmann.com\/pt-pt\/wp-json\/wp\/v2\/media?parent=2346"}],"wp:term":[{"taxonomy":"category","embeddable":true,"href":"https:\/\/www.metmann.com\/pt-pt\/wp-json\/wp\/v2\/categories?post=2346"},{"taxonomy":"post_tag","embeddable":true,"href":"https:\/\/www.metmann.com\/pt-pt\/wp-json\/wp\/v2\/tags?post=2346"}],"curies":[{"name":"wp","href":"https:\/\/api.w.org\/{rel}","templated":true}]}}