{"id":2354,"date":"2019-11-21T00:00:00","date_gmt":"2019-11-21T00:00:00","guid":{"rendered":"https:\/\/metmann.com.185-176-9-81.185-176-9-81.visualpublinet.com\/aquecimento-de-oficinas-mecanicas-e-automotivas\/"},"modified":"2019-11-21T00:00:00","modified_gmt":"2019-11-21T00:00:00","slug":"aquecimento-de-oficinas-mecanicas-e-automotivas","status":"publish","type":"post","link":"https:\/\/www.metmann.com\/pt-pt\/aquecimento-de-oficinas-mecanicas-e-automotivas\/","title":{"rendered":"Aquecimento de oficinas mec\u00e2nicas e automotivas"},"content":{"rendered":"<div>\n<h1>O aquecimento de pequenas oficinas mec\u00e2nicas e automotivas &eacute; uma de nossas especialidades e hoje queremos apresentar nosso gerador de ar quente VE 18<br \/> \t\t<\/h1>\n<\/div>\n<div>&nbsp;<\/div>\n<div><img decoding=\"async\" src=\"https:\/\/www.metmann.com\/wp-content\/uploads\/2021\/09\/ve-instalacion-taller-mecanico.jpg\" alt=\"\" style=\"margin-top:0px;margin-right:0px;margin-bottom:0px;margin-left:0px;;width:350px;;height:263px;\" border=\"0\" \/>&nbsp;<\/div>\n<p> Nosso gerador de ar quente VE 18 &eacute; um dispositivo muito compacto com tanque de combust\u00edvel integrado; sua efici\u00eancia t&eacute;rmica de 93% faz deste modelo um dos mais eficientes do mercado.<br \/> &nbsp;<br \/> Para a instala\u00e7\u00e3o, apenas uma sa\u00edda de fuma\u00e7a e uma tomada de conex\u00e3o el&eacute;trica monof\u00e1sica s\u00e3o necess\u00e1rias.<br \/> &nbsp;<br \/> O equipamento possui um controle el&eacute;trico respons\u00e1vel por gerenciar a opera\u00e7\u00e3o e sua seguran\u00e7a contra superaquecimento.<br \/> &nbsp;<br \/> Sua opera\u00e7\u00e3o baseia-se em aspirar o ar da sala de cima e direcionar o ar quente da parte inferior do equipamento.  <\/p>\n<div> \t<\/div>\n<p>  <\/p>\n<div>\n<h3><span style=\"font-weight: bold;\">Esquema operacional<br \/> \t\t\t<\/span><\/h3>\n<\/div>\n<div><img decoding=\"async\" src=\"https:\/\/www.metmann.com\/wp-content\/uploads\/2021\/09\/web-esquema-vertigo.jpg\" alt=\"\" style=\"margin-top:0px;margin-right:0px;margin-bottom:0px;margin-left:0px;;width:350px;;height:335px;\" border=\"0\" \/><\/div>\n<div>&nbsp;<\/div>\n<p>O equipamento possui um painel de controle onde voc\u00ea pode selecionar o modo de opera\u00e7\u00e3o e determinar a temperatura ambiente desejada.<br \/> &nbsp;<br \/> Possui um tanque de combust\u00edvel de 35 litros de capacidade que oferece uma faixa de 3-4 dias e rodas pr\u00e1ticas para o transporte.  <\/p>\n<div>&nbsp;<\/div>\n<div>\n<h3>Painel de controle e indicador de n\u00edvel de combust\u00edvel<br \/> \t\t<\/h3>\n<div>&nbsp;<\/div>\n<p><img decoding=\"async\" src=\"https:\/\/www.metmann.com\/wp-content\/uploads\/2021\/09\/ve-control-e-indicador-de-nivel.jpg\" alt=\"\" style=\"margin-top:0px;margin-right:0px;margin-bottom:0px;margin-left:0px;;width:250px;;height:333px;\" border=\"0\" \/><\/div>\n<div>\n<h3><span style=\"font-weight: bold;\">Principais caracter\u00edsticas<br \/> \t\t\t<\/span><\/h3>\n<\/div>\n<div>&nbsp;<\/div>\n<p>&#8211; Equipamento compacto que ocupa pouco espa\u00e7o<br \/> &#8211; Queimador a diesel integrado<br \/> &#8211; Fun\u00e7\u00e3o de inverno ou apenas ventilador.<br \/> &#8211; Termostato ambiente integrado (5\u00baC a 30\u00baC)<br \/> &#8211; Ventilador radial silencioso<br \/> &#8211; cabo de 1,5 m<br \/> &#8211; C\u00e2mara de combust\u00e3o em a\u00e7o inoxid\u00e1vel<br \/> &#8211; Trocador de calor de alto desempenho<br \/> &#8211; Pr&eacute;-aquecimento e p\u00f3s-resfriamento da c\u00e2mara de combust\u00e3o<br \/> &#8211; Rodas para f\u00e1cil transporte  <\/p>\n<div>&nbsp;<\/div>\n<div>\n<h3><span style=\"font-weight: bold;\">Dados t&eacute;cnicos<br \/> \t\t\t<\/span><\/h3>\n<div> \t\t<\/div>\n<\/div>\n<p>Pot\u00eancia de aquecimento: 18,2 kW<br \/> Rendimento: 93%<br \/> Fluxo de ar: 1.750 m3 \/ h<br \/> Salto t&eacute;rmico: 60\u00baC<br \/> Consumo de diesel: 1,44 kg \/ h<br \/> Tanque de combust\u00edvel: 35 litros<br \/> Tens\u00e3o el&eacute;trica: 230V \/ I \/ 50Hz<br \/> Energia el&eacute;trica: 400W<br \/> Di\u00e2metro de sa\u00edda de fuma\u00e7a: 120mm<br \/> Dimens\u00f5es: 553x370x1996mm<br \/> Peso: 70 kg  <\/p>\n<div>&nbsp;<\/div>\n<div> \t<\/div>\n<div>&nbsp;<\/div>\n<div>\n<h2>Mais informa\u00e7\u00f5es no telefone +34 93 851 15 99<br \/> \t\t<\/h2>\n<\/div>\n<div> \t<\/div>\n<div> \t<\/div>\n<p><\/p>\n","protected":false},"excerpt":{"rendered":"<p>Somos especializados em oficinas mec\u00e2nicas e automotivas de aquecimento<\/p>\n","protected":false},"author":1,"featured_media":366,"comment_status":"open","ping_status":"open","sticky":false,"template":"","format":"standard","meta":{"_acf_changed":false,"_et_pb_use_builder":"","_et_pb_old_content":"","_et_gb_content_width":"","_joinchat":[],"footnotes":""},"categories":[55],"tags":[],"acf":[],"yoast_head":"<!-- This site is optimized with the Yoast SEO plugin v22.6 - https:\/\/yoast.com\/wordpress\/plugins\/seo\/ -->\r\n<title>Aquecimento de oficinas mec\u00e2nicas e automotivas | MET MANN<\/title>\r\n<meta name=\"description\" content=\"Aquecimento de oficinas mec\u00e2nicas e automotivas | Mais de 50 anos fabricando equipamentos de aquecimento | Ligue para o Tel. +34 93 851 15 99 e iremos aconselh\u00e1-lo sem qualquer compromisso\" \/>\r\n<meta name=\"robots\" content=\"index, follow, max-snippet:-1, max-image-preview:large, max-video-preview:-1\" \/>\r\n<link rel=\"canonical\" href=\"https:\/\/www.metmann.com\/pt-pt\/aquecimento-de-oficinas-mecanicas-e-automotivas\/\" \/>\r\n<meta property=\"og:locale\" content=\"pt_PT\" \/>\r\n<meta property=\"og:type\" content=\"article\" \/>\r\n<meta property=\"og:title\" content=\"Aquecimento de oficinas mec\u00e2nicas e automotivas | MET MANN\" \/>\r\n<meta property=\"og:description\" content=\"Aquecimento de oficinas mec\u00e2nicas e automotivas | Mais de 50 anos fabricando equipamentos de aquecimento | Ligue para o Tel. +34 93 851 15 99 e iremos aconselh\u00e1-lo sem qualquer compromisso\" \/>\r\n<meta property=\"og:url\" content=\"https:\/\/www.metmann.com\/pt-pt\/aquecimento-de-oficinas-mecanicas-e-automotivas\/\" \/>\r\n<meta property=\"og:site_name\" content=\"MET MANN\" \/>\r\n<meta property=\"article:published_time\" content=\"2019-11-21T00:00:00+00:00\" \/>\r\n<meta property=\"og:image\" content=\"https:\/\/www.metmann.com\/wp-content\/uploads\/2021\/09\/1574773595_9eTs.jpg\" \/>\r\n<meta name=\"author\" content=\"Marcelo Gonfar\" \/>\r\n<meta name=\"twitter:card\" content=\"summary_large_image\" \/>\r\n<meta name=\"twitter:title\" content=\"Aquecimento de oficinas mec\u00e2nicas e automotivas | MET MANN\" \/>\r\n<meta name=\"twitter:description\" content=\"Aquecimento de oficinas mec\u00e2nicas e automotivas | Mais de 50 anos fabricando equipamentos de aquecimento | Ligue para o Tel. +34 93 851 15 99 e iremos aconselh\u00e1-lo sem qualquer compromisso\" \/>\r\n<meta name=\"twitter:image\" content=\"https:\/\/www.metmann.com\/wp-content\/uploads\/2021\/09\/1574773595_9eTs.jpg\" \/>\r\n<meta name=\"twitter:label1\" content=\"Escrito por\" \/>\n\t<meta name=\"twitter:data1\" content=\"Marcelo Gonfar\" \/>\n\t<meta name=\"twitter:label2\" content=\"Tempo estimado de leitura\" \/>\n\t<meta name=\"twitter:data2\" content=\"2 minutos\" \/>\r\n<script type=\"application\/ld+json\" class=\"yoast-schema-graph\">{\"@context\":\"https:\/\/schema.org\",\"@graph\":[{\"@type\":\"Article\",\"@id\":\"https:\/\/www.metmann.com\/pt-pt\/aquecimento-de-oficinas-mecanicas-e-automotivas\/#article\",\"isPartOf\":{\"@id\":\"https:\/\/www.metmann.com\/pt-pt\/aquecimento-de-oficinas-mecanicas-e-automotivas\/\"},\"author\":{\"name\":\"Marcelo Gonfar\",\"@id\":\"https:\/\/www.metmann.com\/pt-pt\/#\/schema\/person\/abb061f44d31128f243c7e8c9677bb01\"},\"headline\":\"Aquecimento de oficinas mec\u00e2nicas e automotivas\",\"datePublished\":\"2019-11-21T00:00:00+00:00\",\"dateModified\":\"2019-11-21T00:00:00+00:00\",\"mainEntityOfPage\":{\"@id\":\"https:\/\/www.metmann.com\/pt-pt\/aquecimento-de-oficinas-mecanicas-e-automotivas\/\"},\"wordCount\":345,\"commentCount\":0,\"publisher\":{\"@id\":\"https:\/\/www.metmann.com\/pt-pt\/#organization\"},\"image\":{\"@id\":\"https:\/\/www.metmann.com\/pt-pt\/aquecimento-de-oficinas-mecanicas-e-automotivas\/#primaryimage\"},\"thumbnailUrl\":\"https:\/\/www.metmann.com\/wp-content\/uploads\/2021\/09\/1574773595_9eTs.jpg\",\"articleSection\":[\"Noticias\"],\"inLanguage\":\"pt-PT\",\"potentialAction\":[{\"@type\":\"CommentAction\",\"name\":\"Comment\",\"target\":[\"https:\/\/www.metmann.com\/pt-pt\/aquecimento-de-oficinas-mecanicas-e-automotivas\/#respond\"]}]},{\"@type\":\"WebPage\",\"@id\":\"https:\/\/www.metmann.com\/pt-pt\/aquecimento-de-oficinas-mecanicas-e-automotivas\/\",\"url\":\"https:\/\/www.metmann.com\/pt-pt\/aquecimento-de-oficinas-mecanicas-e-automotivas\/\",\"name\":\"Aquecimento de oficinas mec\u00e2nicas e automotivas | MET MANN\",\"isPartOf\":{\"@id\":\"https:\/\/www.metmann.com\/pt-pt\/#website\"},\"primaryImageOfPage\":{\"@id\":\"https:\/\/www.metmann.com\/pt-pt\/aquecimento-de-oficinas-mecanicas-e-automotivas\/#primaryimage\"},\"image\":{\"@id\":\"https:\/\/www.metmann.com\/pt-pt\/aquecimento-de-oficinas-mecanicas-e-automotivas\/#primaryimage\"},\"thumbnailUrl\":\"https:\/\/www.metmann.com\/wp-content\/uploads\/2021\/09\/1574773595_9eTs.jpg\",\"datePublished\":\"2019-11-21T00:00:00+00:00\",\"dateModified\":\"2019-11-21T00:00:00+00:00\",\"description\":\"Aquecimento de oficinas mec\u00e2nicas e automotivas | Mais de 50 anos fabricando equipamentos de aquecimento | Ligue para o Tel. +34 93 851 15 99 e iremos aconselh\u00e1-lo sem qualquer compromisso\",\"breadcrumb\":{\"@id\":\"https:\/\/www.metmann.com\/pt-pt\/aquecimento-de-oficinas-mecanicas-e-automotivas\/#breadcrumb\"},\"inLanguage\":\"pt-PT\",\"potentialAction\":[{\"@type\":\"ReadAction\",\"target\":[\"https:\/\/www.metmann.com\/pt-pt\/aquecimento-de-oficinas-mecanicas-e-automotivas\/\"]}]},{\"@type\":\"ImageObject\",\"inLanguage\":\"pt-PT\",\"@id\":\"https:\/\/www.metmann.com\/pt-pt\/aquecimento-de-oficinas-mecanicas-e-automotivas\/#primaryimage\",\"url\":\"https:\/\/www.metmann.com\/wp-content\/uploads\/2021\/09\/1574773595_9eTs.jpg\",\"contentUrl\":\"https:\/\/www.metmann.com\/wp-content\/uploads\/2021\/09\/1574773595_9eTs.jpg\",\"width\":600,\"height\":800},{\"@type\":\"BreadcrumbList\",\"@id\":\"https:\/\/www.metmann.com\/pt-pt\/aquecimento-de-oficinas-mecanicas-e-automotivas\/#breadcrumb\",\"itemListElement\":[{\"@type\":\"ListItem\",\"position\":1,\"name\":\"Inicio\",\"item\":\"https:\/\/www.metmann.com\/pt-pt\/\"},{\"@type\":\"ListItem\",\"position\":2,\"name\":\"Noticias\",\"item\":\"https:\/\/www.metmann.com\/pt-pt\/category\/noticias-pt-pt\/\"},{\"@type\":\"ListItem\",\"position\":3,\"name\":\"Aquecimento de oficinas mec\u00e2nicas e automotivas\"}]},{\"@type\":\"WebSite\",\"@id\":\"https:\/\/www.metmann.com\/pt-pt\/#website\",\"url\":\"https:\/\/www.metmann.com\/pt-pt\/\",\"name\":\"MET MANN\",\"description\":\"Climatizaci\u00f3n industrial, Calefactores y Ventilaci\u00f3n para empresas\",\"publisher\":{\"@id\":\"https:\/\/www.metmann.com\/pt-pt\/#organization\"},\"potentialAction\":[{\"@type\":\"SearchAction\",\"target\":{\"@type\":\"EntryPoint\",\"urlTemplate\":\"https:\/\/www.metmann.com\/pt-pt\/?s={search_term_string}\"},\"query-input\":\"required name=search_term_string\"}],\"inLanguage\":\"pt-PT\"},{\"@type\":\"Organization\",\"@id\":\"https:\/\/www.metmann.com\/pt-pt\/#organization\",\"name\":\"Met Mann\",\"url\":\"https:\/\/www.metmann.com\/pt-pt\/\",\"logo\":{\"@type\":\"ImageObject\",\"inLanguage\":\"pt-PT\",\"@id\":\"https:\/\/www.metmann.com\/pt-pt\/#\/schema\/logo\/image\/\",\"url\":\"https:\/\/www.metmann.com\/wp-content\/uploads\/2021\/12\/logo-color-met-mann-01.jpg\",\"contentUrl\":\"https:\/\/www.metmann.com\/wp-content\/uploads\/2021\/12\/logo-color-met-mann-01.jpg\",\"width\":351,\"height\":133,\"caption\":\"Met Mann\"},\"image\":{\"@id\":\"https:\/\/www.metmann.com\/pt-pt\/#\/schema\/logo\/image\/\"}},{\"@type\":\"Person\",\"@id\":\"https:\/\/www.metmann.com\/pt-pt\/#\/schema\/person\/abb061f44d31128f243c7e8c9677bb01\",\"name\":\"Marcelo Gonfar\",\"image\":{\"@type\":\"ImageObject\",\"inLanguage\":\"pt-PT\",\"@id\":\"https:\/\/www.metmann.com\/pt-pt\/#\/schema\/person\/image\/\",\"url\":\"https:\/\/secure.gravatar.com\/avatar\/f8e37661ecf23489bf1e65088ca5cfbd?s=96&d=mm&r=g\",\"contentUrl\":\"https:\/\/secure.gravatar.com\/avatar\/f8e37661ecf23489bf1e65088ca5cfbd?s=96&d=mm&r=g\",\"caption\":\"Marcelo Gonfar\"},\"url\":\"https:\/\/www.metmann.com\/pt-pt\/author\/produccionvisualpublinet-com\/\"}]}<\/script>\r\n<!-- \/ Yoast SEO plugin. -->","yoast_head_json":{"title":"Aquecimento de oficinas mec\u00e2nicas e automotivas | MET MANN","description":"Aquecimento de oficinas mec\u00e2nicas e automotivas | Mais de 50 anos fabricando equipamentos de aquecimento | Ligue para o Tel. +34 93 851 15 99 e iremos aconselh\u00e1-lo sem qualquer compromisso","robots":{"index":"index","follow":"follow","max-snippet":"max-snippet:-1","max-image-preview":"max-image-preview:large","max-video-preview":"max-video-preview:-1"},"canonical":"https:\/\/www.metmann.com\/pt-pt\/aquecimento-de-oficinas-mecanicas-e-automotivas\/","og_locale":"pt_PT","og_type":"article","og_title":"Aquecimento de oficinas mec\u00e2nicas e automotivas | MET MANN","og_description":"Aquecimento de oficinas mec\u00e2nicas e automotivas | Mais de 50 anos fabricando equipamentos de aquecimento | Ligue para o Tel. +34 93 851 15 99 e iremos aconselh\u00e1-lo sem qualquer compromisso","og_url":"https:\/\/www.metmann.com\/pt-pt\/aquecimento-de-oficinas-mecanicas-e-automotivas\/","og_site_name":"MET MANN","article_published_time":"2019-11-21T00:00:00+00:00","og_image":[{"url":"https:\/\/www.metmann.com\/wp-content\/uploads\/2021\/09\/1574773595_9eTs.jpg"}],"author":"Marcelo Gonfar","twitter_card":"summary_large_image","twitter_title":"Aquecimento de oficinas mec\u00e2nicas e automotivas | MET MANN","twitter_description":"Aquecimento de oficinas mec\u00e2nicas e automotivas | Mais de 50 anos fabricando equipamentos de aquecimento | Ligue para o Tel. +34 93 851 15 99 e iremos aconselh\u00e1-lo sem qualquer compromisso","twitter_image":"https:\/\/www.metmann.com\/wp-content\/uploads\/2021\/09\/1574773595_9eTs.jpg","twitter_misc":{"Escrito por":"Marcelo Gonfar","Tempo estimado de leitura":"2 minutos"},"schema":{"@context":"https:\/\/schema.org","@graph":[{"@type":"Article","@id":"https:\/\/www.metmann.com\/pt-pt\/aquecimento-de-oficinas-mecanicas-e-automotivas\/#article","isPartOf":{"@id":"https:\/\/www.metmann.com\/pt-pt\/aquecimento-de-oficinas-mecanicas-e-automotivas\/"},"author":{"name":"Marcelo Gonfar","@id":"https:\/\/www.metmann.com\/pt-pt\/#\/schema\/person\/abb061f44d31128f243c7e8c9677bb01"},"headline":"Aquecimento de oficinas mec\u00e2nicas e automotivas","datePublished":"2019-11-21T00:00:00+00:00","dateModified":"2019-11-21T00:00:00+00:00","mainEntityOfPage":{"@id":"https:\/\/www.metmann.com\/pt-pt\/aquecimento-de-oficinas-mecanicas-e-automotivas\/"},"wordCount":345,"commentCount":0,"publisher":{"@id":"https:\/\/www.metmann.com\/pt-pt\/#organization"},"image":{"@id":"https:\/\/www.metmann.com\/pt-pt\/aquecimento-de-oficinas-mecanicas-e-automotivas\/#primaryimage"},"thumbnailUrl":"https:\/\/www.metmann.com\/wp-content\/uploads\/2021\/09\/1574773595_9eTs.jpg","articleSection":["Noticias"],"inLanguage":"pt-PT","potentialAction":[{"@type":"CommentAction","name":"Comment","target":["https:\/\/www.metmann.com\/pt-pt\/aquecimento-de-oficinas-mecanicas-e-automotivas\/#respond"]}]},{"@type":"WebPage","@id":"https:\/\/www.metmann.com\/pt-pt\/aquecimento-de-oficinas-mecanicas-e-automotivas\/","url":"https:\/\/www.metmann.com\/pt-pt\/aquecimento-de-oficinas-mecanicas-e-automotivas\/","name":"Aquecimento de oficinas mec\u00e2nicas e automotivas | MET MANN","isPartOf":{"@id":"https:\/\/www.metmann.com\/pt-pt\/#website"},"primaryImageOfPage":{"@id":"https:\/\/www.metmann.com\/pt-pt\/aquecimento-de-oficinas-mecanicas-e-automotivas\/#primaryimage"},"image":{"@id":"https:\/\/www.metmann.com\/pt-pt\/aquecimento-de-oficinas-mecanicas-e-automotivas\/#primaryimage"},"thumbnailUrl":"https:\/\/www.metmann.com\/wp-content\/uploads\/2021\/09\/1574773595_9eTs.jpg","datePublished":"2019-11-21T00:00:00+00:00","dateModified":"2019-11-21T00:00:00+00:00","description":"Aquecimento de oficinas mec\u00e2nicas e automotivas | Mais de 50 anos fabricando equipamentos de aquecimento | Ligue para o Tel. +34 93 851 15 99 e iremos aconselh\u00e1-lo sem qualquer compromisso","breadcrumb":{"@id":"https:\/\/www.metmann.com\/pt-pt\/aquecimento-de-oficinas-mecanicas-e-automotivas\/#breadcrumb"},"inLanguage":"pt-PT","potentialAction":[{"@type":"ReadAction","target":["https:\/\/www.metmann.com\/pt-pt\/aquecimento-de-oficinas-mecanicas-e-automotivas\/"]}]},{"@type":"ImageObject","inLanguage":"pt-PT","@id":"https:\/\/www.metmann.com\/pt-pt\/aquecimento-de-oficinas-mecanicas-e-automotivas\/#primaryimage","url":"https:\/\/www.metmann.com\/wp-content\/uploads\/2021\/09\/1574773595_9eTs.jpg","contentUrl":"https:\/\/www.metmann.com\/wp-content\/uploads\/2021\/09\/1574773595_9eTs.jpg","width":600,"height":800},{"@type":"BreadcrumbList","@id":"https:\/\/www.metmann.com\/pt-pt\/aquecimento-de-oficinas-mecanicas-e-automotivas\/#breadcrumb","itemListElement":[{"@type":"ListItem","position":1,"name":"Inicio","item":"https:\/\/www.metmann.com\/pt-pt\/"},{"@type":"ListItem","position":2,"name":"Noticias","item":"https:\/\/www.metmann.com\/pt-pt\/category\/noticias-pt-pt\/"},{"@type":"ListItem","position":3,"name":"Aquecimento de oficinas mec\u00e2nicas e automotivas"}]},{"@type":"WebSite","@id":"https:\/\/www.metmann.com\/pt-pt\/#website","url":"https:\/\/www.metmann.com\/pt-pt\/","name":"MET MANN","description":"Climatizaci\u00f3n industrial, Calefactores y Ventilaci\u00f3n para empresas","publisher":{"@id":"https:\/\/www.metmann.com\/pt-pt\/#organization"},"potentialAction":[{"@type":"SearchAction","target":{"@type":"EntryPoint","urlTemplate":"https:\/\/www.metmann.com\/pt-pt\/?s={search_term_string}"},"query-input":"required name=search_term_string"}],"inLanguage":"pt-PT"},{"@type":"Organization","@id":"https:\/\/www.metmann.com\/pt-pt\/#organization","name":"Met Mann","url":"https:\/\/www.metmann.com\/pt-pt\/","logo":{"@type":"ImageObject","inLanguage":"pt-PT","@id":"https:\/\/www.metmann.com\/pt-pt\/#\/schema\/logo\/image\/","url":"https:\/\/www.metmann.com\/wp-content\/uploads\/2021\/12\/logo-color-met-mann-01.jpg","contentUrl":"https:\/\/www.metmann.com\/wp-content\/uploads\/2021\/12\/logo-color-met-mann-01.jpg","width":351,"height":133,"caption":"Met Mann"},"image":{"@id":"https:\/\/www.metmann.com\/pt-pt\/#\/schema\/logo\/image\/"}},{"@type":"Person","@id":"https:\/\/www.metmann.com\/pt-pt\/#\/schema\/person\/abb061f44d31128f243c7e8c9677bb01","name":"Marcelo Gonfar","image":{"@type":"ImageObject","inLanguage":"pt-PT","@id":"https:\/\/www.metmann.com\/pt-pt\/#\/schema\/person\/image\/","url":"https:\/\/secure.gravatar.com\/avatar\/f8e37661ecf23489bf1e65088ca5cfbd?s=96&d=mm&r=g","contentUrl":"https:\/\/secure.gravatar.com\/avatar\/f8e37661ecf23489bf1e65088ca5cfbd?s=96&d=mm&r=g","caption":"Marcelo Gonfar"},"url":"https:\/\/www.metmann.com\/pt-pt\/author\/produccionvisualpublinet-com\/"}]}},"_links":{"self":[{"href":"https:\/\/www.metmann.com\/pt-pt\/wp-json\/wp\/v2\/posts\/2354"}],"collection":[{"href":"https:\/\/www.metmann.com\/pt-pt\/wp-json\/wp\/v2\/posts"}],"about":[{"href":"https:\/\/www.metmann.com\/pt-pt\/wp-json\/wp\/v2\/types\/post"}],"author":[{"embeddable":true,"href":"https:\/\/www.metmann.com\/pt-pt\/wp-json\/wp\/v2\/users\/1"}],"replies":[{"embeddable":true,"href":"https:\/\/www.metmann.com\/pt-pt\/wp-json\/wp\/v2\/comments?post=2354"}],"version-history":[{"count":0,"href":"https:\/\/www.metmann.com\/pt-pt\/wp-json\/wp\/v2\/posts\/2354\/revisions"}],"wp:featuredmedia":[{"embeddable":true,"href":"https:\/\/www.metmann.com\/pt-pt\/wp-json\/wp\/v2\/media\/366"}],"wp:attachment":[{"href":"https:\/\/www.metmann.com\/pt-pt\/wp-json\/wp\/v2\/media?parent=2354"}],"wp:term":[{"taxonomy":"category","embeddable":true,"href":"https:\/\/www.metmann.com\/pt-pt\/wp-json\/wp\/v2\/categories?post=2354"},{"taxonomy":"post_tag","embeddable":true,"href":"https:\/\/www.metmann.com\/pt-pt\/wp-json\/wp\/v2\/tags?post=2354"}],"curies":[{"name":"wp","href":"https:\/\/api.w.org\/{rel}","templated":true}]}}