{"id":2363,"date":"2020-05-08T00:00:00","date_gmt":"2020-05-08T00:00:00","guid":{"rendered":"https:\/\/metmann.com.185-176-9-81.185-176-9-81.visualpublinet.com\/as-cortinas-de-ar-sao-eficazes\/"},"modified":"2020-05-08T00:00:00","modified_gmt":"2020-05-08T00:00:00","slug":"as-cortinas-de-ar-sao-eficazes","status":"publish","type":"post","link":"https:\/\/www.metmann.com\/pt-pt\/as-cortinas-de-ar-sao-eficazes\/","title":{"rendered":"As cortinas de ar s\u00e3o eficazes?"},"content":{"rendered":"<p>Bem, todos os estudos realizados mostraram que, por meio de uma instala\u00e7\u00e3o eficiente desses sistemas, conseguimos condicionar o ar da entrada da sala no mesmo n\u00edvel que o resto do espa\u00e7o, mantendo-a em uma temperatura agrad\u00e1vel e sem entrar em odores, insetos ou bact&eacute;rias de qualquer esp&eacute;cie. tipo que pode poluir o meio ambiente.<\/p>\n<p> Abaixo, explicamos mais detalhadamente as raz\u00f5es pelas quais as cortinas de ar s\u00e3o eficazes e por que voc\u00ea deve instalar uma que j\u00e1 esteja em sua empresa. Vamos come\u00e7ar! <\/p>\n<div> \t<\/div>\n<h2>Em que consistem as cortinas de ar e como elas funcionam?<\/h2>\n<p>As cortinas de ar s\u00e3o um sistema de ar condicionado que libera um jato de ar, criando uma barreira invis\u00edvel entre o interior e o exterior. Eles contribuem para gerar espa\u00e7os confort\u00e1veis, reduzindo as correntes de ar e regulando a temperatura interior, conseguindo separar dois ambientes diferentes com efici\u00eancia e sem suprimir o acesso \u00e0s pessoas. Como se isso n\u00e3o bastasse, eles tamb&eacute;m permitem otimizar a efici\u00eancia e o consumo de energia. Voc\u00ea est\u00e1 come\u00e7ando a entender por que as cortinas de ar s\u00e3o eficazes?<\/p>\n<p> Esses aparelhos de ar condicionado possuem uma grade atrav&eacute;s da qual o ar entra, que posteriormente passa pelos ventiladores instalados no interior e o direciona para a sa\u00edda. Eles podem operar continuamente, sendo operados manualmente ou remotamente atrav&eacute;s de um controle remoto. Al&eacute;m disso, tamb&eacute;m existem modelos que possuem sensores que detectam a abertura da porta e operam a cortina. <\/p>\n<div>&nbsp;<\/div>\n<h2>Raz\u00f5es pelas quais usar cortinas de ar<\/h2>\n<p>Se voc\u00ea ainda n\u00e3o conhece em primeira m\u00e3o o desempenho desses dispositivos de ar condicionado, informaremos as principais raz\u00f5es pelas quais as cortinas de ar s\u00e3o t\u00e3o eficazes. Uma s&eacute;rie de raz\u00f5es que tornam este sistema o modo ideal de ar condicionado para o seu neg\u00f3cio.<\/p>\n<p> &#8211; Eles garantem conforto no estabelecimento de clientes e trabalhadores, ajudando-os a realizar seu trabalho em um ambiente muito mais agrad\u00e1vel e, assim, aumentando sua produtividade. Independentemente da data do ano em que nos encontramos, &eacute; criado um clima adequado e evitadas correntes de ar irritantes.<\/p>\n<p> &#8211; As perdas de energia derivadas do condicionamento do espa\u00e7o e a melhoria das condi\u00e7\u00f5es t&eacute;rmicas s\u00e3o reduzidas. Com sua instala\u00e7\u00e3o, voc\u00ea reduzir\u00e1 os custos de manuten\u00e7\u00e3o enquanto reduz as emiss\u00f5es de CO2.<\/p>\n<p> &#8211; Eles permitem que voc\u00ea mantenha a porta do seu neg\u00f3cio aberta, incentivando o fluxo de pessoas para suas instala\u00e7\u00f5es e expandindo as possibilidades de aumentar o n\u00famero de vendas.<\/p>\n<p> &#8211; Voc\u00ea consegue aumentar o espa\u00e7o \u00fatil da entrada para as instala\u00e7\u00f5es, sem precisar instalar um corredor. Outro ponto a favor &eacute; que a porta de neg\u00f3cios pode ser usada como vitrine, aumentando a visibilidade do interior.<\/p>\n<p> &#8211; Atua como uma barreira contra a poss\u00edvel entrada de poeira, fuma\u00e7a, maus odores e todos os tipos de part\u00edculas em suspens\u00e3o, sem esquecer poss\u00edveis pragas e insetos.<\/p>\n<p> &#8211; O acesso \u00e0s instala\u00e7\u00f5es &eacute; facilitado para pessoas com mobilidade reduzida, que precisam usar uma cadeira de rodas ou que precisam carregar um carrinho de beb\u00ea.<\/p>\n<p> &#8211; Ao contr\u00e1rio de outros equipamentos de ar condicionado, seu funcionamento &eacute; muito silencioso, portanto n\u00e3o gera polui\u00e7\u00e3o sonora. <\/p>\n<div> \t<\/div>\n<h2>Encontre a cortina de ar mais eficiente<\/h2>\n<div>Dependendo de suas caracter\u00edsticas t&eacute;cnicas, podemos encontrar dois tipos principais de cortinas de ar:<\/div>\n<div> \t<\/div>\n<h3>Cortinas de recircula\u00e7\u00e3o de ar<\/h3>\n<div>Eles s\u00e3o os sistemas de ar mais eficientes, pois o ar &eacute; expelido e coletado para retornar pela cortina. O lado negativo &eacute; que eles t\u00eam um custo mais alto devido \u00e0 sua complexidade.<\/div>\n<div> \t<\/div>\n<h3>Cortinas sem recircula\u00e7\u00e3o<\/h3>\n<p>Eles s\u00e3o muito f\u00e1ceis de instalar e manter as cortinas de ar corretamente. Seu custo &eacute; mais baixo e, nesse caso, expelem o ar para o meio ambiente.<\/p>\n<p> Al&eacute;m disso, para obter o m\u00e1ximo desempenho e efic\u00e1cia das cortinas de ar, voc\u00ea deve levar em considera\u00e7\u00e3o os diferentes aspectos que podem afetar sua opera\u00e7\u00e3o:<\/p>\n<p> &#8211; Dimens\u00f5es da porta: se voc\u00ea deseja garantir que sua cortina de ar seja totalmente eficaz, saiba que seu tamanho deve ser maior que a porta que ela ir\u00e1 cobrir para garantir o controle total da entrada de ar. Tamb&eacute;m deve haver espa\u00e7o suficiente para colocar a cortina de ar o mais pr\u00f3ximo poss\u00edvel da porta.<\/p>\n<p> &#8211; Circunst\u00e2ncias ambientais: a efic\u00e1cia das cortinas de ar tamb&eacute;m &eacute; alterada por fatores externos, como temperatura e velocidade do ar no exterior. Por esse motivo, &eacute; necess\u00e1rio usar mais energia nos locais em que grandes correntes de ar frio s\u00e3o mais frequentes, enquanto a energia ser\u00e1 menor em \u00e1reas com temperaturas mais quentes.<\/p>\n<p> &#8211; Altura de instala\u00e7\u00e3o: o equipamento deve emitir ar a uma velocidade suficientemente forte para cobrir toda a altura e largura da porta do estabelecimento. <\/p>\n<div> \t<\/div>\n<h2>Instale cortinas de ar com o MET MANN<\/h2>\n<p>Se, depois de ler este artigo, voc\u00ea for questionado novamente sobre se as cortinas de ar s\u00e3o eficazes, acreditamos que desta vez sua resposta ser\u00e1 muito clara: absolutamente sim. Este sistema &eacute; uma solu\u00e7\u00e3o perfeita para resolver os problemas de ar-condicionado de todos os tipos de instala\u00e7\u00f5es comerciais, conseguindo criar um espa\u00e7o onde as condi\u00e7\u00f5es ideais de ar-condicionado sejam atendidas tanto por funcion\u00e1rios quanto por clientes.<\/p>\n<p> Se voc\u00ea ainda n\u00e3o possui esse sistema, na MET MANN, recomendamos que voc\u00ea encontre as melhores cortinas de ar para o seu neg\u00f3cio. Entre em contato com nossa equipe profissional e solicite seu or\u00e7amento. N\u00f3s cuidaremos de tudo o necess\u00e1rio para sua instala\u00e7\u00e3o. <\/p>\n<div> \t<\/div>\n","protected":false},"excerpt":{"rendered":"<p>As cortinas de ar tornaram-se os dispositivos de ar condicionado por excel\u00eancia em muitas instala\u00e7\u00f5es comerciais nos \u00faltimos anos, sejam pequenas lojas ou grandes \u00e1reas, como shopping centers. Dada a grande popularidade que esses sistemas alcan\u00e7aram, surge uma pergunta: as cortinas de ar s\u00e3o realmente eficazes?<\/p>\n","protected":false},"author":1,"featured_media":445,"comment_status":"open","ping_status":"open","sticky":false,"template":"","format":"standard","meta":{"_acf_changed":false,"_et_pb_use_builder":"","_et_pb_old_content":"","_et_gb_content_width":"","_joinchat":[],"footnotes":""},"categories":[55],"tags":[],"acf":[],"yoast_head":"<!-- This site is optimized with the Yoast SEO plugin v22.6 - https:\/\/yoast.com\/wordpress\/plugins\/seo\/ -->\r\n<title>\u00bfSon efectivas las cortinas de aire?<\/title>\r\n<meta name=\"description\" content=\"Cada vez mais pessoas apostam nas cortinas de ar como um sistema de ar condicionado, mas elas s\u00e3o realmente eficazes? N\u00f3s dizemos\" \/>\r\n<meta name=\"robots\" content=\"index, follow, max-snippet:-1, max-image-preview:large, max-video-preview:-1\" \/>\r\n<link rel=\"canonical\" href=\"https:\/\/www.metmann.com\/pt-pt\/as-cortinas-de-ar-sao-eficazes\/\" \/>\r\n<meta property=\"og:locale\" content=\"pt_PT\" \/>\r\n<meta property=\"og:type\" content=\"article\" \/>\r\n<meta property=\"og:title\" content=\"\u00bfSon efectivas las cortinas de aire?\" \/>\r\n<meta property=\"og:description\" content=\"Cada vez mais pessoas apostam nas cortinas de ar como um sistema de ar condicionado, mas elas s\u00e3o realmente eficazes? N\u00f3s dizemos\" \/>\r\n<meta property=\"og:url\" content=\"https:\/\/www.metmann.com\/pt-pt\/as-cortinas-de-ar-sao-eficazes\/\" \/>\r\n<meta property=\"og:site_name\" content=\"MET MANN\" \/>\r\n<meta property=\"article:published_time\" content=\"2020-05-08T00:00:00+00:00\" \/>\r\n<meta property=\"og:image\" content=\"https:\/\/www.metmann.com\/wp-content\/uploads\/2021\/09\/1588925906_FFFX.jpg\" \/>\r\n<meta name=\"author\" content=\"Marcelo Gonfar\" \/>\r\n<meta name=\"twitter:card\" content=\"summary_large_image\" \/>\r\n<meta name=\"twitter:title\" content=\"\u00bfSon efectivas las cortinas de aire?\" \/>\r\n<meta name=\"twitter:description\" content=\"Cada vez mais pessoas apostam nas cortinas de ar como um sistema de ar condicionado, mas elas s\u00e3o realmente eficazes? N\u00f3s dizemos\" \/>\r\n<meta name=\"twitter:image\" content=\"https:\/\/www.metmann.com\/wp-content\/uploads\/2021\/09\/1588925906_FFFX.jpg\" \/>\r\n<meta name=\"twitter:label1\" content=\"Escrito por\" \/>\n\t<meta name=\"twitter:data1\" content=\"Marcelo Gonfar\" \/>\n\t<meta name=\"twitter:label2\" content=\"Tempo estimado de leitura\" \/>\n\t<meta name=\"twitter:data2\" content=\"5 minutos\" \/>\r\n<script type=\"application\/ld+json\" class=\"yoast-schema-graph\">{\"@context\":\"https:\/\/schema.org\",\"@graph\":[{\"@type\":\"Article\",\"@id\":\"https:\/\/www.metmann.com\/pt-pt\/as-cortinas-de-ar-sao-eficazes\/#article\",\"isPartOf\":{\"@id\":\"https:\/\/www.metmann.com\/pt-pt\/as-cortinas-de-ar-sao-eficazes\/\"},\"author\":{\"name\":\"Marcelo Gonfar\",\"@id\":\"https:\/\/www.metmann.com\/pt-pt\/#\/schema\/person\/abb061f44d31128f243c7e8c9677bb01\"},\"headline\":\"As cortinas de ar s\u00e3o eficazes?\",\"datePublished\":\"2020-05-08T00:00:00+00:00\",\"dateModified\":\"2020-05-08T00:00:00+00:00\",\"mainEntityOfPage\":{\"@id\":\"https:\/\/www.metmann.com\/pt-pt\/as-cortinas-de-ar-sao-eficazes\/\"},\"wordCount\":990,\"commentCount\":0,\"publisher\":{\"@id\":\"https:\/\/www.metmann.com\/pt-pt\/#organization\"},\"image\":{\"@id\":\"https:\/\/www.metmann.com\/pt-pt\/as-cortinas-de-ar-sao-eficazes\/#primaryimage\"},\"thumbnailUrl\":\"https:\/\/www.metmann.com\/wp-content\/uploads\/2021\/09\/1588925906_FFFX.jpg\",\"articleSection\":[\"Noticias\"],\"inLanguage\":\"pt-PT\",\"potentialAction\":[{\"@type\":\"CommentAction\",\"name\":\"Comment\",\"target\":[\"https:\/\/www.metmann.com\/pt-pt\/as-cortinas-de-ar-sao-eficazes\/#respond\"]}]},{\"@type\":\"WebPage\",\"@id\":\"https:\/\/www.metmann.com\/pt-pt\/as-cortinas-de-ar-sao-eficazes\/\",\"url\":\"https:\/\/www.metmann.com\/pt-pt\/as-cortinas-de-ar-sao-eficazes\/\",\"name\":\"\u00bfSon efectivas las cortinas de aire?\",\"isPartOf\":{\"@id\":\"https:\/\/www.metmann.com\/pt-pt\/#website\"},\"primaryImageOfPage\":{\"@id\":\"https:\/\/www.metmann.com\/pt-pt\/as-cortinas-de-ar-sao-eficazes\/#primaryimage\"},\"image\":{\"@id\":\"https:\/\/www.metmann.com\/pt-pt\/as-cortinas-de-ar-sao-eficazes\/#primaryimage\"},\"thumbnailUrl\":\"https:\/\/www.metmann.com\/wp-content\/uploads\/2021\/09\/1588925906_FFFX.jpg\",\"datePublished\":\"2020-05-08T00:00:00+00:00\",\"dateModified\":\"2020-05-08T00:00:00+00:00\",\"description\":\"Cada vez mais pessoas apostam nas cortinas de ar como um sistema de ar condicionado, mas elas s\u00e3o realmente eficazes? N\u00f3s dizemos\",\"breadcrumb\":{\"@id\":\"https:\/\/www.metmann.com\/pt-pt\/as-cortinas-de-ar-sao-eficazes\/#breadcrumb\"},\"inLanguage\":\"pt-PT\",\"potentialAction\":[{\"@type\":\"ReadAction\",\"target\":[\"https:\/\/www.metmann.com\/pt-pt\/as-cortinas-de-ar-sao-eficazes\/\"]}]},{\"@type\":\"ImageObject\",\"inLanguage\":\"pt-PT\",\"@id\":\"https:\/\/www.metmann.com\/pt-pt\/as-cortinas-de-ar-sao-eficazes\/#primaryimage\",\"url\":\"https:\/\/www.metmann.com\/wp-content\/uploads\/2021\/09\/1588925906_FFFX.jpg\",\"contentUrl\":\"https:\/\/www.metmann.com\/wp-content\/uploads\/2021\/09\/1588925906_FFFX.jpg\",\"width\":400,\"height\":300},{\"@type\":\"BreadcrumbList\",\"@id\":\"https:\/\/www.metmann.com\/pt-pt\/as-cortinas-de-ar-sao-eficazes\/#breadcrumb\",\"itemListElement\":[{\"@type\":\"ListItem\",\"position\":1,\"name\":\"Inicio\",\"item\":\"https:\/\/www.metmann.com\/pt-pt\/\"},{\"@type\":\"ListItem\",\"position\":2,\"name\":\"Noticias\",\"item\":\"https:\/\/www.metmann.com\/pt-pt\/category\/noticias-pt-pt\/\"},{\"@type\":\"ListItem\",\"position\":3,\"name\":\"As cortinas de ar s\u00e3o eficazes?\"}]},{\"@type\":\"WebSite\",\"@id\":\"https:\/\/www.metmann.com\/pt-pt\/#website\",\"url\":\"https:\/\/www.metmann.com\/pt-pt\/\",\"name\":\"MET MANN\",\"description\":\"Climatizaci\u00f3n industrial, Calefactores y Ventilaci\u00f3n para empresas\",\"publisher\":{\"@id\":\"https:\/\/www.metmann.com\/pt-pt\/#organization\"},\"potentialAction\":[{\"@type\":\"SearchAction\",\"target\":{\"@type\":\"EntryPoint\",\"urlTemplate\":\"https:\/\/www.metmann.com\/pt-pt\/?s={search_term_string}\"},\"query-input\":\"required name=search_term_string\"}],\"inLanguage\":\"pt-PT\"},{\"@type\":\"Organization\",\"@id\":\"https:\/\/www.metmann.com\/pt-pt\/#organization\",\"name\":\"Met Mann\",\"url\":\"https:\/\/www.metmann.com\/pt-pt\/\",\"logo\":{\"@type\":\"ImageObject\",\"inLanguage\":\"pt-PT\",\"@id\":\"https:\/\/www.metmann.com\/pt-pt\/#\/schema\/logo\/image\/\",\"url\":\"https:\/\/www.metmann.com\/wp-content\/uploads\/2021\/12\/logo-color-met-mann-01.jpg\",\"contentUrl\":\"https:\/\/www.metmann.com\/wp-content\/uploads\/2021\/12\/logo-color-met-mann-01.jpg\",\"width\":351,\"height\":133,\"caption\":\"Met Mann\"},\"image\":{\"@id\":\"https:\/\/www.metmann.com\/pt-pt\/#\/schema\/logo\/image\/\"}},{\"@type\":\"Person\",\"@id\":\"https:\/\/www.metmann.com\/pt-pt\/#\/schema\/person\/abb061f44d31128f243c7e8c9677bb01\",\"name\":\"Marcelo Gonfar\",\"image\":{\"@type\":\"ImageObject\",\"inLanguage\":\"pt-PT\",\"@id\":\"https:\/\/www.metmann.com\/pt-pt\/#\/schema\/person\/image\/\",\"url\":\"https:\/\/secure.gravatar.com\/avatar\/f8e37661ecf23489bf1e65088ca5cfbd?s=96&d=mm&r=g\",\"contentUrl\":\"https:\/\/secure.gravatar.com\/avatar\/f8e37661ecf23489bf1e65088ca5cfbd?s=96&d=mm&r=g\",\"caption\":\"Marcelo Gonfar\"},\"url\":\"https:\/\/www.metmann.com\/pt-pt\/author\/produccionvisualpublinet-com\/\"}]}<\/script>\r\n<!-- \/ Yoast SEO plugin. -->","yoast_head_json":{"title":"\u00bfSon efectivas las cortinas de aire?","description":"Cada vez mais pessoas apostam nas cortinas de ar como um sistema de ar condicionado, mas elas s\u00e3o realmente eficazes? N\u00f3s dizemos","robots":{"index":"index","follow":"follow","max-snippet":"max-snippet:-1","max-image-preview":"max-image-preview:large","max-video-preview":"max-video-preview:-1"},"canonical":"https:\/\/www.metmann.com\/pt-pt\/as-cortinas-de-ar-sao-eficazes\/","og_locale":"pt_PT","og_type":"article","og_title":"\u00bfSon efectivas las cortinas de aire?","og_description":"Cada vez mais pessoas apostam nas cortinas de ar como um sistema de ar condicionado, mas elas s\u00e3o realmente eficazes? N\u00f3s dizemos","og_url":"https:\/\/www.metmann.com\/pt-pt\/as-cortinas-de-ar-sao-eficazes\/","og_site_name":"MET MANN","article_published_time":"2020-05-08T00:00:00+00:00","og_image":[{"url":"https:\/\/www.metmann.com\/wp-content\/uploads\/2021\/09\/1588925906_FFFX.jpg"}],"author":"Marcelo Gonfar","twitter_card":"summary_large_image","twitter_title":"\u00bfSon efectivas las cortinas de aire?","twitter_description":"Cada vez mais pessoas apostam nas cortinas de ar como um sistema de ar condicionado, mas elas s\u00e3o realmente eficazes? N\u00f3s dizemos","twitter_image":"https:\/\/www.metmann.com\/wp-content\/uploads\/2021\/09\/1588925906_FFFX.jpg","twitter_misc":{"Escrito por":"Marcelo Gonfar","Tempo estimado de leitura":"5 minutos"},"schema":{"@context":"https:\/\/schema.org","@graph":[{"@type":"Article","@id":"https:\/\/www.metmann.com\/pt-pt\/as-cortinas-de-ar-sao-eficazes\/#article","isPartOf":{"@id":"https:\/\/www.metmann.com\/pt-pt\/as-cortinas-de-ar-sao-eficazes\/"},"author":{"name":"Marcelo Gonfar","@id":"https:\/\/www.metmann.com\/pt-pt\/#\/schema\/person\/abb061f44d31128f243c7e8c9677bb01"},"headline":"As cortinas de ar s\u00e3o eficazes?","datePublished":"2020-05-08T00:00:00+00:00","dateModified":"2020-05-08T00:00:00+00:00","mainEntityOfPage":{"@id":"https:\/\/www.metmann.com\/pt-pt\/as-cortinas-de-ar-sao-eficazes\/"},"wordCount":990,"commentCount":0,"publisher":{"@id":"https:\/\/www.metmann.com\/pt-pt\/#organization"},"image":{"@id":"https:\/\/www.metmann.com\/pt-pt\/as-cortinas-de-ar-sao-eficazes\/#primaryimage"},"thumbnailUrl":"https:\/\/www.metmann.com\/wp-content\/uploads\/2021\/09\/1588925906_FFFX.jpg","articleSection":["Noticias"],"inLanguage":"pt-PT","potentialAction":[{"@type":"CommentAction","name":"Comment","target":["https:\/\/www.metmann.com\/pt-pt\/as-cortinas-de-ar-sao-eficazes\/#respond"]}]},{"@type":"WebPage","@id":"https:\/\/www.metmann.com\/pt-pt\/as-cortinas-de-ar-sao-eficazes\/","url":"https:\/\/www.metmann.com\/pt-pt\/as-cortinas-de-ar-sao-eficazes\/","name":"\u00bfSon efectivas las cortinas de aire?","isPartOf":{"@id":"https:\/\/www.metmann.com\/pt-pt\/#website"},"primaryImageOfPage":{"@id":"https:\/\/www.metmann.com\/pt-pt\/as-cortinas-de-ar-sao-eficazes\/#primaryimage"},"image":{"@id":"https:\/\/www.metmann.com\/pt-pt\/as-cortinas-de-ar-sao-eficazes\/#primaryimage"},"thumbnailUrl":"https:\/\/www.metmann.com\/wp-content\/uploads\/2021\/09\/1588925906_FFFX.jpg","datePublished":"2020-05-08T00:00:00+00:00","dateModified":"2020-05-08T00:00:00+00:00","description":"Cada vez mais pessoas apostam nas cortinas de ar como um sistema de ar condicionado, mas elas s\u00e3o realmente eficazes? N\u00f3s dizemos","breadcrumb":{"@id":"https:\/\/www.metmann.com\/pt-pt\/as-cortinas-de-ar-sao-eficazes\/#breadcrumb"},"inLanguage":"pt-PT","potentialAction":[{"@type":"ReadAction","target":["https:\/\/www.metmann.com\/pt-pt\/as-cortinas-de-ar-sao-eficazes\/"]}]},{"@type":"ImageObject","inLanguage":"pt-PT","@id":"https:\/\/www.metmann.com\/pt-pt\/as-cortinas-de-ar-sao-eficazes\/#primaryimage","url":"https:\/\/www.metmann.com\/wp-content\/uploads\/2021\/09\/1588925906_FFFX.jpg","contentUrl":"https:\/\/www.metmann.com\/wp-content\/uploads\/2021\/09\/1588925906_FFFX.jpg","width":400,"height":300},{"@type":"BreadcrumbList","@id":"https:\/\/www.metmann.com\/pt-pt\/as-cortinas-de-ar-sao-eficazes\/#breadcrumb","itemListElement":[{"@type":"ListItem","position":1,"name":"Inicio","item":"https:\/\/www.metmann.com\/pt-pt\/"},{"@type":"ListItem","position":2,"name":"Noticias","item":"https:\/\/www.metmann.com\/pt-pt\/category\/noticias-pt-pt\/"},{"@type":"ListItem","position":3,"name":"As cortinas de ar s\u00e3o eficazes?"}]},{"@type":"WebSite","@id":"https:\/\/www.metmann.com\/pt-pt\/#website","url":"https:\/\/www.metmann.com\/pt-pt\/","name":"MET MANN","description":"Climatizaci\u00f3n industrial, Calefactores y Ventilaci\u00f3n para empresas","publisher":{"@id":"https:\/\/www.metmann.com\/pt-pt\/#organization"},"potentialAction":[{"@type":"SearchAction","target":{"@type":"EntryPoint","urlTemplate":"https:\/\/www.metmann.com\/pt-pt\/?s={search_term_string}"},"query-input":"required name=search_term_string"}],"inLanguage":"pt-PT"},{"@type":"Organization","@id":"https:\/\/www.metmann.com\/pt-pt\/#organization","name":"Met Mann","url":"https:\/\/www.metmann.com\/pt-pt\/","logo":{"@type":"ImageObject","inLanguage":"pt-PT","@id":"https:\/\/www.metmann.com\/pt-pt\/#\/schema\/logo\/image\/","url":"https:\/\/www.metmann.com\/wp-content\/uploads\/2021\/12\/logo-color-met-mann-01.jpg","contentUrl":"https:\/\/www.metmann.com\/wp-content\/uploads\/2021\/12\/logo-color-met-mann-01.jpg","width":351,"height":133,"caption":"Met Mann"},"image":{"@id":"https:\/\/www.metmann.com\/pt-pt\/#\/schema\/logo\/image\/"}},{"@type":"Person","@id":"https:\/\/www.metmann.com\/pt-pt\/#\/schema\/person\/abb061f44d31128f243c7e8c9677bb01","name":"Marcelo Gonfar","image":{"@type":"ImageObject","inLanguage":"pt-PT","@id":"https:\/\/www.metmann.com\/pt-pt\/#\/schema\/person\/image\/","url":"https:\/\/secure.gravatar.com\/avatar\/f8e37661ecf23489bf1e65088ca5cfbd?s=96&d=mm&r=g","contentUrl":"https:\/\/secure.gravatar.com\/avatar\/f8e37661ecf23489bf1e65088ca5cfbd?s=96&d=mm&r=g","caption":"Marcelo Gonfar"},"url":"https:\/\/www.metmann.com\/pt-pt\/author\/produccionvisualpublinet-com\/"}]}},"_links":{"self":[{"href":"https:\/\/www.metmann.com\/pt-pt\/wp-json\/wp\/v2\/posts\/2363"}],"collection":[{"href":"https:\/\/www.metmann.com\/pt-pt\/wp-json\/wp\/v2\/posts"}],"about":[{"href":"https:\/\/www.metmann.com\/pt-pt\/wp-json\/wp\/v2\/types\/post"}],"author":[{"embeddable":true,"href":"https:\/\/www.metmann.com\/pt-pt\/wp-json\/wp\/v2\/users\/1"}],"replies":[{"embeddable":true,"href":"https:\/\/www.metmann.com\/pt-pt\/wp-json\/wp\/v2\/comments?post=2363"}],"version-history":[{"count":0,"href":"https:\/\/www.metmann.com\/pt-pt\/wp-json\/wp\/v2\/posts\/2363\/revisions"}],"wp:featuredmedia":[{"embeddable":true,"href":"https:\/\/www.metmann.com\/pt-pt\/wp-json\/wp\/v2\/media\/445"}],"wp:attachment":[{"href":"https:\/\/www.metmann.com\/pt-pt\/wp-json\/wp\/v2\/media?parent=2363"}],"wp:term":[{"taxonomy":"category","embeddable":true,"href":"https:\/\/www.metmann.com\/pt-pt\/wp-json\/wp\/v2\/categories?post=2363"},{"taxonomy":"post_tag","embeddable":true,"href":"https:\/\/www.metmann.com\/pt-pt\/wp-json\/wp\/v2\/tags?post=2363"}],"curies":[{"name":"wp","href":"https:\/\/api.w.org\/{rel}","templated":true}]}}