{"id":2368,"date":"2020-08-21T00:00:00","date_gmt":"2020-08-21T00:00:00","guid":{"rendered":"https:\/\/metmann.com.185-176-9-81.185-176-9-81.visualpublinet.com\/por-que-e-necessario-calcular-a-ventilacao-e-extracao-de-um-edificio-industrial\/"},"modified":"2020-08-21T00:00:00","modified_gmt":"2020-08-21T00:00:00","slug":"por-que-e-necessario-calcular-a-ventilacao-e-extracao-de-um-edificio-industrial","status":"publish","type":"post","link":"https:\/\/www.metmann.com\/pt-pt\/por-que-e-necessario-calcular-a-ventilacao-e-extracao-de-um-edificio-industrial\/","title":{"rendered":"Por que \u00e9 necess\u00e1rio calcular a ventila\u00e7\u00e3o e extra\u00e7\u00e3o de um edif\u00edcio industrial"},"content":{"rendered":"<p><span id=\"docs-internal-guid-9e42799d-7fff-8312-2899-ffaf7f56c243\">Muitas vezes, quando uma empresa compra ou aluga um edif\u00edcio industrial, ignora o estado do sistema de ventila\u00e7\u00e3o existente nas instala\u00e7\u00f5es, o que pode originar problemas e procedimentos que atrasam o in\u00edcio da actividade empresarial. A import\u00e2ncia da ventila\u00e7\u00e3o industrial reside na regulamenta\u00e7\u00e3o que deve ser cumprida para evitar poss\u00edveis penalidades.<\/p>\n<p> \tPara evitar este tipo de problema e como especialistas no c\u00e1lculo da ventila\u00e7\u00e3o industrial, preparamos este post onde encontrar\u00e1 um pequeno guia com todos os aspectos legais e recomenda\u00e7\u00f5es necess\u00e1rias para que o c\u00e1lculo do sistema de ventila\u00e7\u00e3o industrial da sua empresa n\u00e3o se torne em uma preocupa\u00e7\u00e3o mais antiga. \t<\/p>\n<p dir=\"ltr\" style=\"line-height: 1.38; margin-top: 0pt; margin-bottom: 0pt;\">&nbsp;<\/p>\n<p dir=\"ltr\" style=\"line-height: 1.38; margin-top: 0pt; margin-bottom: 0pt;\"><span id=\"docs-internal-guid-293cf620-7fff-12d9-6894-2c3809263705\"><\/span><\/p>\n<h2 dir=\"ltr\" style=\"line-height:1.38;margin-top:18pt;margin-bottom:6pt;\">Regulamentos de ventila\u00e7\u00e3o industrial<\/h2>\n<p>Embora n\u00e3o exista regulamenta\u00e7\u00e3o espec\u00edfica em rela\u00e7\u00e3o ao c\u00e1lculo da ventila\u00e7\u00e3o industrial, &eacute; necess\u00e1rio respeitar um n\u00edvel m\u00ednimo de qualidade do ar para que os operadores que trabalham no armaz&eacute;m respirem ar de qualidade adequada dentro das suas possibilidades.<\/p>\n<p> \tNo Real Decreto 427 o \u00e2mbito da ventila\u00e7\u00e3o de edif\u00edcios industriais &eacute; mencionado, de acordo com este regulamento, para o c\u00e1lculo da ventila\u00e7\u00e3o de um edif\u00edcio industrial deve-se ter em conta que &eacute; necess\u00e1rio aplicar uma renova\u00e7\u00e3o do ar de 30 m3 por trabalhador a cada hora em Caso n\u00e3o houvesse fuma\u00e7a de tabaco no navio (algo obrigat\u00f3rio hoje e que traz \u00e0 tona a antiguidade dos regulamentos) no caso hipot&eacute;tico de que houvesse fuma\u00e7a de tabaco no navio, a renova\u00e7\u00e3o do ar aumentaria para 50m3 por trabalhador e hora.<\/p>\n<p> \tTendo em conta as condi\u00e7\u00f5es normais de trabalho nos armaz&eacute;ns industriais, os n\u00edveis propostos pelo Real Decreto 427 s\u00e3o insuficientes para manter uma qualidade do ar confort\u00e1vel e evitar que o ambiente se torne viciado. Isto porque a renova\u00e7\u00e3o do ar s\u00f3 &eacute; tida em conta por pessoa nos regulamentos e n\u00e3o a dimens\u00e3o do edif\u00edcio ou a capacidade de polui\u00e7\u00e3o do ar.<\/p>\n<p> \tAssim, o c\u00e1lculo da ventila\u00e7\u00e3o e extra\u00e7\u00e3o em um galp\u00e3o industrial n\u00e3o &eacute; o mesmo para uma equipe de 30 pessoas trabalhando em um galp\u00e3o de 2500m2 soldando metal, como as mesmas pessoas em um espa\u00e7o menor usado como galp\u00e3o e no qual quase n\u00e3o h\u00e1 m\u00e1quinas.<\/p>\n<p> \tExistem diferentes crit&eacute;rios a aplicar consoante a dimens\u00e3o das instala\u00e7\u00f5es, o trabalho realizado no seu interior e o n\u00famero de trabalhadores a trabalhar no seu interior. \t<\/p>\n<div><span style=\"font-size: 11pt; font-family: Arial; font-variant-numeric: normal; font-variant-east-asian: normal; vertical-align: baseline; white-space: pre-wrap;\"><\/span><\/div>\n<div>&nbsp;<\/div>\n<div><span id=\"docs-internal-guid-0d649b83-7fff-f94a-4ecd-f60e2bdc7265\"> \t\t\t<\/p>\n<h2 dir=\"ltr\" style=\"line-height:1.38;margin-top:18pt;margin-bottom:6pt;\"><span style=\"font-variant-numeric: normal; font-variant-east-asian: normal; vertical-align: baseline;\">Como calcular a ventila\u00e7\u00e3o e extra\u00e7\u00e3o de um edif\u00edcio industrial<\/span><\/h2>\n<p>A esta altura, voc\u00ea certamente se perguntar\u00e1 quais aspectos devem ser levados em considera\u00e7\u00e3o ao estabelecer a ventila\u00e7\u00e3o de um galp\u00e3o industrial. Como especialistas em c\u00e1lculo de ventila\u00e7\u00e3o e extra\u00e7\u00e3o de edif\u00edcios industriais da MET MANN, recomendamos levar em considera\u00e7\u00e3o os seguintes pontos-chave.<\/p>\n<p> \t\t\t<\/span> \t\t<\/p>\n<ul>\n<li>&Eacute; necess\u00e1rio levar em considera\u00e7\u00e3o o contexto do fechamento ao estabelecer o c\u00e1lculo da ventila\u00e7\u00e3o necess\u00e1ria com base na atividade realizada no interior, a polui\u00e7\u00e3o contribu\u00edda pela m\u00e1quina, a temperatura, o n\u00famero de trabalhadores e, claro, a extens\u00e3o do recinto.<\/li>\n<\/ul>\n<ul>\n<li> Uma vez considerados todos os fatores acima, deve-se realizar um n\u00famero m\u00ednimo de renova\u00e7\u00f5es por hora, de forma que o ar seja totalmente renovado entre 4 e 10 vezes a cada hora de atividade.<\/li>\n<\/ul>\n<p><span id=\"docs-internal-guid-0d649b83-7fff-f94a-4ecd-f60e2bdc7265\"><br \/> \t\t\tDesta forma, assumindo que temos um espa\u00e7o de 50 metros de comprimento, 20 de largura e 6 de altura, o c\u00e1lculo ser\u00e1 realizado da seguinte forma: \t\t\t<\/p>\n<p dir=\"ltr\" style=\"line-height: 1.38; margin-top: 0pt; margin-bottom: 0pt;\">&nbsp;<\/p>\n<h3 style=\"line-height: 1.38; margin-top: 0pt; margin-bottom: 0pt;\"><span id=\"docs-internal-guid-d3b155dc-7fff-8c77-2e3d-0dc26ee34a54\">Calcule o total de metros c\u00fabicos<\/span><\/h3>\n<div>\n<div><span style=\"font-style: italic;\"><\/span><\/div>\n<div>&nbsp;<\/div>\n<p>50m x 20m x 6m = 6000m3<br \/> \t\t\t\tEsses 6000m3 correspondem ao volume total do gabinete que deve ser levado em considera\u00e7\u00e3o. \t\t\t\t<\/p>\n<div>&nbsp;<\/div>\n<div> \t\t\t\t\t<\/div>\n<h3>Calcule o volume de renova\u00e7\u00e3o por hora com base no n\u00famero de renova\u00e7\u00f5es desejadas<\/h3>\n<div><span style=\"font-style: italic;\"><\/span><\/div>\n<div><span style=\"font-style: italic;\"><\/span><\/div>\n<div>&nbsp;<\/div>\n<p>Definindo as renova\u00e7\u00f5es m\u00ednimas recomendadas (4 renova\u00e7\u00f5es por hora)<br \/> \t\t\t\t6000m3 x 4 = 24.000m3 \t\t\t\t<\/p>\n<div>&nbsp;<\/div>\n<div><span id=\"docs-internal-guid-d527339e-7fff-c2a5-2e5f-a52605f74207\">Para renovar completamente o ar das instala\u00e7\u00f5es no total 4 vezes por hora, &eacute; necess\u00e1rio estabelecer uma vaz\u00e3o de ar de 24.000m3, o que exigir\u00e1 um sistema de ventila\u00e7\u00e3o industrial.<\/p>\n<p> \t\t\t\t\t\tUm sistema de ventila\u00e7\u00e3o industrial &eacute; baseado em pontos de entrada e sa\u00edda de ar para o exterior que criam uma corrente que empurra o ar viciado para a sa\u00edda. O ar fresco e renovado entra no interior pelas aberturas e leva o ar viciado para cima, onde existem extratores que o devolvem para o exterior. \t\t\t\t\t\t<\/p>\n<p dir=\"ltr\" style=\"line-height: 1.38; margin-top: 0pt; margin-bottom: 0pt;\">&nbsp;<\/p>\n<p dir=\"ltr\" style=\"line-height: 1.38; margin-top: 0pt; margin-bottom: 0pt;\">&nbsp;<span id=\"docs-internal-guid-458b35b6-7fff-e9d5-f0dd-91134e1f2821\"><\/span><\/p>\n<h2 dir=\"ltr\" style=\"line-height: 1.38; margin-top: 18pt; margin-bottom: 6pt;\"><span style=\"font-variant-numeric: normal; font-variant-east-asian: normal; vertical-align: baseline;\">Projeto do sistema de ventila\u00e7\u00e3o<\/span><\/h2>\n<p>Para a instala\u00e7\u00e3o de um sistema de ventila\u00e7\u00e3o adequado em edif\u00edcios industriais &eacute; necess\u00e1rio levar em considera\u00e7\u00e3o uma s&eacute;rie de fatores al&eacute;m do fluxo de ar necess\u00e1rio para a renova\u00e7\u00e3o do ar interior. Para otimizar este processo, deve-se levar em considera\u00e7\u00e3o o tipo de ventiladores, a localiza\u00e7\u00e3o dos extratores e as grades de ventila\u00e7\u00e3o, de forma que a corrente de ar remova o ar viciado sem produzir qualquer recircula\u00e7\u00e3o de ar.<\/p>\n<p> \t\t\t\t\t\tSe considera que as suas instala\u00e7\u00f5es n\u00e3o est\u00e3o devidamente acondicionadas ou tem d\u00favidas sobre o c\u00e1lculo da ventila\u00e7\u00e3o e extrac\u00e7\u00e3o do seu armaz&eacute;m industrial, na MET MANN podemos ajud\u00e1-lo. Somos especialistas no estudo e instala\u00e7\u00e3o deste tipo de sistemas de ventila\u00e7\u00e3o em ind\u00fastrias e armaz&eacute;ns de todo o tipo.<\/p>\n<p> \t\t\t\t\t\tN\u00e3o hesite em contactar-nos para que os nossos especialistas o possam aconselhar sobre como melhorar as condi\u00e7\u00f5es de trabalho do seu armaz&eacute;m industrial. \t\t\t\t\t\t<\/p>\n<div><span style=\"font-size: 11pt; font-family: Arial; font-variant-numeric: normal; font-variant-east-asian: normal; vertical-align: baseline; white-space: pre-wrap;\"><br \/> \t\t\t\t\t\t\t\t<\/span><\/div>\n<p><\/span> \t\t\t\t\t<\/p>\n<p>&nbsp;<\/p>\n<p> \t\t\t\t\t<\/div>\n<p> \t\t\t\t<\/div>\n<p><\/span><span id=\"docs-internal-guid-086a50cd-7fff-adfd-946a-8ddbf82d73fa\"> \t\t\t<\/p>\n<p dir=\"ltr\" style=\"line-height: 1.38; margin-left: 36pt; margin-top: 0pt; margin-bottom: 0pt;\"><span style=\"font-variant-numeric: normal; font-variant-east-asian: normal; vertical-align: baseline;\"><\/span><\/p>\n<p dir=\"ltr\" style=\"line-height: 1.38; margin-left: 36pt; margin-top: 0pt; margin-bottom: 0pt;\"> \t\t\t\t<\/p>\n<p><\/span> \t\t<\/div>\n<p><\/span> <\/p>\n<p>&nbsp;<\/p>\n<p dir=\"ltr\" style=\"line-height: 1.38; margin-top: 0pt; margin-bottom: 0pt;\"> \t<\/p>\n<div><span style=\"font-variant-numeric: normal; font-variant-east-asian: normal; vertical-align: baseline;\"><br \/> \t\t<\/span><\/div>\n","protected":false},"excerpt":{"rendered":"<p><span id=\"docs-internal-guid-a4b3b6c7-7fff-e2b9-2987-3bf4e5ec7474\"><span style=\"font-variant-numeric: normal; font-variant-east-asian: normal; vertical-align: baseline;\">Edif\u00edcios industriais s\u00e3o ambientes onde, muitas vezes, a ventila\u00e7\u00e3o se destaca por sua aus\u00eancia. Isto torna necess\u00e1rio que o <span style=\"font-weight: bold;\">c\u00e1lculo da ventila\u00e7\u00e3o e extra\u00e7\u00e3o<\/span> de um armaz&eacute;m industrial seja um requisito quase obrigat\u00f3rio e que deve ser ignorado.<\/span><span style=\"font-variant-numeric: normal; font-variant-east-asian: normal; vertical-align: baseline;\"><\/span><\/span><\/p>\n","protected":false},"author":1,"featured_media":485,"comment_status":"open","ping_status":"open","sticky":false,"template":"","format":"standard","meta":{"_acf_changed":false,"_et_pb_use_builder":"","_et_pb_old_content":"","_et_gb_content_width":"","_joinchat":[],"footnotes":""},"categories":[55],"tags":[],"acf":[],"yoast_head":"<!-- This site is optimized with the Yoast SEO plugin v22.6 - https:\/\/yoast.com\/wordpress\/plugins\/seo\/ -->\r\n<title>C\u00e1lculo da ventila\u00e7\u00e3o e extra\u00e7\u00e3o de um edif\u00edcio industrial<\/title>\r\n<meta name=\"description\" content=\"Calcular quanta ventila\u00e7\u00e3o e extra\u00e7\u00e3o um edif\u00edcio industrial precisa \u00e9 essencial para garantir a qualidade correta do ar. Explicamos como fazer.\" \/>\r\n<meta name=\"robots\" content=\"index, follow, max-snippet:-1, max-image-preview:large, max-video-preview:-1\" \/>\r\n<link rel=\"canonical\" href=\"https:\/\/www.metmann.com\/pt-pt\/por-que-e-necessario-calcular-a-ventilacao-e-extracao-de-um-edificio-industrial\/\" \/>\r\n<meta property=\"og:locale\" content=\"pt_PT\" \/>\r\n<meta property=\"og:type\" content=\"article\" \/>\r\n<meta property=\"og:title\" content=\"C\u00e1lculo da ventila\u00e7\u00e3o e extra\u00e7\u00e3o de um edif\u00edcio industrial\" \/>\r\n<meta property=\"og:description\" content=\"Calcular quanta ventila\u00e7\u00e3o e extra\u00e7\u00e3o um edif\u00edcio industrial precisa \u00e9 essencial para garantir a qualidade correta do ar. Explicamos como fazer.\" \/>\r\n<meta property=\"og:url\" content=\"https:\/\/www.metmann.com\/pt-pt\/por-que-e-necessario-calcular-a-ventilacao-e-extracao-de-um-edificio-industrial\/\" \/>\r\n<meta property=\"og:site_name\" content=\"MET MANN\" \/>\r\n<meta property=\"article:published_time\" content=\"2020-08-21T00:00:00+00:00\" \/>\r\n<meta property=\"og:image\" content=\"https:\/\/www.metmann.com\/wp-content\/uploads\/2021\/09\/1600322352_8qkH.jpg\" \/>\r\n<meta name=\"author\" content=\"Marcelo Gonfar\" \/>\r\n<meta name=\"twitter:card\" content=\"summary_large_image\" \/>\r\n<meta name=\"twitter:title\" content=\"C\u00e1lculo da ventila\u00e7\u00e3o e extra\u00e7\u00e3o de um edif\u00edcio industrial\" \/>\r\n<meta name=\"twitter:description\" content=\"Calcular quanta ventila\u00e7\u00e3o e extra\u00e7\u00e3o um edif\u00edcio industrial precisa \u00e9 essencial para garantir a qualidade correta do ar. Explicamos como fazer.\" \/>\r\n<meta name=\"twitter:image\" content=\"https:\/\/www.metmann.com\/wp-content\/uploads\/2021\/09\/1600322352_8qkH.jpg\" \/>\r\n<meta name=\"twitter:label1\" content=\"Escrito por\" \/>\n\t<meta name=\"twitter:data1\" content=\"Marcelo Gonfar\" \/>\n\t<meta name=\"twitter:label2\" content=\"Tempo estimado de leitura\" \/>\n\t<meta name=\"twitter:data2\" content=\"5 minutos\" \/>\r\n<script type=\"application\/ld+json\" class=\"yoast-schema-graph\">{\"@context\":\"https:\/\/schema.org\",\"@graph\":[{\"@type\":\"Article\",\"@id\":\"https:\/\/www.metmann.com\/pt-pt\/por-que-e-necessario-calcular-a-ventilacao-e-extracao-de-um-edificio-industrial\/#article\",\"isPartOf\":{\"@id\":\"https:\/\/www.metmann.com\/pt-pt\/por-que-e-necessario-calcular-a-ventilacao-e-extracao-de-um-edificio-industrial\/\"},\"author\":{\"name\":\"Marcelo Gonfar\",\"@id\":\"https:\/\/www.metmann.com\/pt-pt\/#\/schema\/person\/abb061f44d31128f243c7e8c9677bb01\"},\"headline\":\"Por que \u00e9 necess\u00e1rio calcular a ventila\u00e7\u00e3o e extra\u00e7\u00e3o de um edif\u00edcio industrial\",\"datePublished\":\"2020-08-21T00:00:00+00:00\",\"dateModified\":\"2020-08-21T00:00:00+00:00\",\"mainEntityOfPage\":{\"@id\":\"https:\/\/www.metmann.com\/pt-pt\/por-que-e-necessario-calcular-a-ventilacao-e-extracao-de-um-edificio-industrial\/\"},\"wordCount\":967,\"commentCount\":0,\"publisher\":{\"@id\":\"https:\/\/www.metmann.com\/pt-pt\/#organization\"},\"image\":{\"@id\":\"https:\/\/www.metmann.com\/pt-pt\/por-que-e-necessario-calcular-a-ventilacao-e-extracao-de-um-edificio-industrial\/#primaryimage\"},\"thumbnailUrl\":\"https:\/\/www.metmann.com\/wp-content\/uploads\/2021\/09\/1600322352_8qkH-e1688643982774.jpg\",\"articleSection\":[\"Noticias\"],\"inLanguage\":\"pt-PT\",\"potentialAction\":[{\"@type\":\"CommentAction\",\"name\":\"Comment\",\"target\":[\"https:\/\/www.metmann.com\/pt-pt\/por-que-e-necessario-calcular-a-ventilacao-e-extracao-de-um-edificio-industrial\/#respond\"]}]},{\"@type\":\"WebPage\",\"@id\":\"https:\/\/www.metmann.com\/pt-pt\/por-que-e-necessario-calcular-a-ventilacao-e-extracao-de-um-edificio-industrial\/\",\"url\":\"https:\/\/www.metmann.com\/pt-pt\/por-que-e-necessario-calcular-a-ventilacao-e-extracao-de-um-edificio-industrial\/\",\"name\":\"C\u00e1lculo da ventila\u00e7\u00e3o e extra\u00e7\u00e3o de um edif\u00edcio industrial\",\"isPartOf\":{\"@id\":\"https:\/\/www.metmann.com\/pt-pt\/#website\"},\"primaryImageOfPage\":{\"@id\":\"https:\/\/www.metmann.com\/pt-pt\/por-que-e-necessario-calcular-a-ventilacao-e-extracao-de-um-edificio-industrial\/#primaryimage\"},\"image\":{\"@id\":\"https:\/\/www.metmann.com\/pt-pt\/por-que-e-necessario-calcular-a-ventilacao-e-extracao-de-um-edificio-industrial\/#primaryimage\"},\"thumbnailUrl\":\"https:\/\/www.metmann.com\/wp-content\/uploads\/2021\/09\/1600322352_8qkH-e1688643982774.jpg\",\"datePublished\":\"2020-08-21T00:00:00+00:00\",\"dateModified\":\"2020-08-21T00:00:00+00:00\",\"description\":\"Calcular quanta ventila\u00e7\u00e3o e extra\u00e7\u00e3o um edif\u00edcio industrial precisa \u00e9 essencial para garantir a qualidade correta do ar. Explicamos como fazer.\",\"breadcrumb\":{\"@id\":\"https:\/\/www.metmann.com\/pt-pt\/por-que-e-necessario-calcular-a-ventilacao-e-extracao-de-um-edificio-industrial\/#breadcrumb\"},\"inLanguage\":\"pt-PT\",\"potentialAction\":[{\"@type\":\"ReadAction\",\"target\":[\"https:\/\/www.metmann.com\/pt-pt\/por-que-e-necessario-calcular-a-ventilacao-e-extracao-de-um-edificio-industrial\/\"]}]},{\"@type\":\"ImageObject\",\"inLanguage\":\"pt-PT\",\"@id\":\"https:\/\/www.metmann.com\/pt-pt\/por-que-e-necessario-calcular-a-ventilacao-e-extracao-de-um-edificio-industrial\/#primaryimage\",\"url\":\"https:\/\/www.metmann.com\/wp-content\/uploads\/2021\/09\/1600322352_8qkH-e1688643982774.jpg\",\"contentUrl\":\"https:\/\/www.metmann.com\/wp-content\/uploads\/2021\/09\/1600322352_8qkH-e1688643982774.jpg\",\"width\":600,\"height\":484},{\"@type\":\"BreadcrumbList\",\"@id\":\"https:\/\/www.metmann.com\/pt-pt\/por-que-e-necessario-calcular-a-ventilacao-e-extracao-de-um-edificio-industrial\/#breadcrumb\",\"itemListElement\":[{\"@type\":\"ListItem\",\"position\":1,\"name\":\"Inicio\",\"item\":\"https:\/\/www.metmann.com\/pt-pt\/\"},{\"@type\":\"ListItem\",\"position\":2,\"name\":\"Noticias\",\"item\":\"https:\/\/www.metmann.com\/pt-pt\/category\/noticias-pt-pt\/\"},{\"@type\":\"ListItem\",\"position\":3,\"name\":\"Por que \u00e9 necess\u00e1rio calcular a ventila\u00e7\u00e3o e extra\u00e7\u00e3o de um edif\u00edcio industrial\"}]},{\"@type\":\"WebSite\",\"@id\":\"https:\/\/www.metmann.com\/pt-pt\/#website\",\"url\":\"https:\/\/www.metmann.com\/pt-pt\/\",\"name\":\"MET MANN\",\"description\":\"Climatizaci\u00f3n industrial, Calefactores y Ventilaci\u00f3n para empresas\",\"publisher\":{\"@id\":\"https:\/\/www.metmann.com\/pt-pt\/#organization\"},\"potentialAction\":[{\"@type\":\"SearchAction\",\"target\":{\"@type\":\"EntryPoint\",\"urlTemplate\":\"https:\/\/www.metmann.com\/pt-pt\/?s={search_term_string}\"},\"query-input\":\"required name=search_term_string\"}],\"inLanguage\":\"pt-PT\"},{\"@type\":\"Organization\",\"@id\":\"https:\/\/www.metmann.com\/pt-pt\/#organization\",\"name\":\"Met Mann\",\"url\":\"https:\/\/www.metmann.com\/pt-pt\/\",\"logo\":{\"@type\":\"ImageObject\",\"inLanguage\":\"pt-PT\",\"@id\":\"https:\/\/www.metmann.com\/pt-pt\/#\/schema\/logo\/image\/\",\"url\":\"https:\/\/www.metmann.com\/wp-content\/uploads\/2021\/12\/logo-color-met-mann-01.jpg\",\"contentUrl\":\"https:\/\/www.metmann.com\/wp-content\/uploads\/2021\/12\/logo-color-met-mann-01.jpg\",\"width\":351,\"height\":133,\"caption\":\"Met Mann\"},\"image\":{\"@id\":\"https:\/\/www.metmann.com\/pt-pt\/#\/schema\/logo\/image\/\"}},{\"@type\":\"Person\",\"@id\":\"https:\/\/www.metmann.com\/pt-pt\/#\/schema\/person\/abb061f44d31128f243c7e8c9677bb01\",\"name\":\"Marcelo Gonfar\",\"image\":{\"@type\":\"ImageObject\",\"inLanguage\":\"pt-PT\",\"@id\":\"https:\/\/www.metmann.com\/pt-pt\/#\/schema\/person\/image\/\",\"url\":\"https:\/\/secure.gravatar.com\/avatar\/f8e37661ecf23489bf1e65088ca5cfbd?s=96&d=mm&r=g\",\"contentUrl\":\"https:\/\/secure.gravatar.com\/avatar\/f8e37661ecf23489bf1e65088ca5cfbd?s=96&d=mm&r=g\",\"caption\":\"Marcelo Gonfar\"},\"url\":\"https:\/\/www.metmann.com\/pt-pt\/author\/produccionvisualpublinet-com\/\"}]}<\/script>\r\n<!-- \/ Yoast SEO plugin. -->","yoast_head_json":{"title":"C\u00e1lculo da ventila\u00e7\u00e3o e extra\u00e7\u00e3o de um edif\u00edcio industrial","description":"Calcular quanta ventila\u00e7\u00e3o e extra\u00e7\u00e3o um edif\u00edcio industrial precisa \u00e9 essencial para garantir a qualidade correta do ar. Explicamos como fazer.","robots":{"index":"index","follow":"follow","max-snippet":"max-snippet:-1","max-image-preview":"max-image-preview:large","max-video-preview":"max-video-preview:-1"},"canonical":"https:\/\/www.metmann.com\/pt-pt\/por-que-e-necessario-calcular-a-ventilacao-e-extracao-de-um-edificio-industrial\/","og_locale":"pt_PT","og_type":"article","og_title":"C\u00e1lculo da ventila\u00e7\u00e3o e extra\u00e7\u00e3o de um edif\u00edcio industrial","og_description":"Calcular quanta ventila\u00e7\u00e3o e extra\u00e7\u00e3o um edif\u00edcio industrial precisa \u00e9 essencial para garantir a qualidade correta do ar. Explicamos como fazer.","og_url":"https:\/\/www.metmann.com\/pt-pt\/por-que-e-necessario-calcular-a-ventilacao-e-extracao-de-um-edificio-industrial\/","og_site_name":"MET MANN","article_published_time":"2020-08-21T00:00:00+00:00","og_image":[{"url":"https:\/\/www.metmann.com\/wp-content\/uploads\/2021\/09\/1600322352_8qkH.jpg"}],"author":"Marcelo Gonfar","twitter_card":"summary_large_image","twitter_title":"C\u00e1lculo da ventila\u00e7\u00e3o e extra\u00e7\u00e3o de um edif\u00edcio industrial","twitter_description":"Calcular quanta ventila\u00e7\u00e3o e extra\u00e7\u00e3o um edif\u00edcio industrial precisa \u00e9 essencial para garantir a qualidade correta do ar. Explicamos como fazer.","twitter_image":"https:\/\/www.metmann.com\/wp-content\/uploads\/2021\/09\/1600322352_8qkH.jpg","twitter_misc":{"Escrito por":"Marcelo Gonfar","Tempo estimado de leitura":"5 minutos"},"schema":{"@context":"https:\/\/schema.org","@graph":[{"@type":"Article","@id":"https:\/\/www.metmann.com\/pt-pt\/por-que-e-necessario-calcular-a-ventilacao-e-extracao-de-um-edificio-industrial\/#article","isPartOf":{"@id":"https:\/\/www.metmann.com\/pt-pt\/por-que-e-necessario-calcular-a-ventilacao-e-extracao-de-um-edificio-industrial\/"},"author":{"name":"Marcelo Gonfar","@id":"https:\/\/www.metmann.com\/pt-pt\/#\/schema\/person\/abb061f44d31128f243c7e8c9677bb01"},"headline":"Por que \u00e9 necess\u00e1rio calcular a ventila\u00e7\u00e3o e extra\u00e7\u00e3o de um edif\u00edcio industrial","datePublished":"2020-08-21T00:00:00+00:00","dateModified":"2020-08-21T00:00:00+00:00","mainEntityOfPage":{"@id":"https:\/\/www.metmann.com\/pt-pt\/por-que-e-necessario-calcular-a-ventilacao-e-extracao-de-um-edificio-industrial\/"},"wordCount":967,"commentCount":0,"publisher":{"@id":"https:\/\/www.metmann.com\/pt-pt\/#organization"},"image":{"@id":"https:\/\/www.metmann.com\/pt-pt\/por-que-e-necessario-calcular-a-ventilacao-e-extracao-de-um-edificio-industrial\/#primaryimage"},"thumbnailUrl":"https:\/\/www.metmann.com\/wp-content\/uploads\/2021\/09\/1600322352_8qkH-e1688643982774.jpg","articleSection":["Noticias"],"inLanguage":"pt-PT","potentialAction":[{"@type":"CommentAction","name":"Comment","target":["https:\/\/www.metmann.com\/pt-pt\/por-que-e-necessario-calcular-a-ventilacao-e-extracao-de-um-edificio-industrial\/#respond"]}]},{"@type":"WebPage","@id":"https:\/\/www.metmann.com\/pt-pt\/por-que-e-necessario-calcular-a-ventilacao-e-extracao-de-um-edificio-industrial\/","url":"https:\/\/www.metmann.com\/pt-pt\/por-que-e-necessario-calcular-a-ventilacao-e-extracao-de-um-edificio-industrial\/","name":"C\u00e1lculo da ventila\u00e7\u00e3o e extra\u00e7\u00e3o de um edif\u00edcio industrial","isPartOf":{"@id":"https:\/\/www.metmann.com\/pt-pt\/#website"},"primaryImageOfPage":{"@id":"https:\/\/www.metmann.com\/pt-pt\/por-que-e-necessario-calcular-a-ventilacao-e-extracao-de-um-edificio-industrial\/#primaryimage"},"image":{"@id":"https:\/\/www.metmann.com\/pt-pt\/por-que-e-necessario-calcular-a-ventilacao-e-extracao-de-um-edificio-industrial\/#primaryimage"},"thumbnailUrl":"https:\/\/www.metmann.com\/wp-content\/uploads\/2021\/09\/1600322352_8qkH-e1688643982774.jpg","datePublished":"2020-08-21T00:00:00+00:00","dateModified":"2020-08-21T00:00:00+00:00","description":"Calcular quanta ventila\u00e7\u00e3o e extra\u00e7\u00e3o um edif\u00edcio industrial precisa \u00e9 essencial para garantir a qualidade correta do ar. Explicamos como fazer.","breadcrumb":{"@id":"https:\/\/www.metmann.com\/pt-pt\/por-que-e-necessario-calcular-a-ventilacao-e-extracao-de-um-edificio-industrial\/#breadcrumb"},"inLanguage":"pt-PT","potentialAction":[{"@type":"ReadAction","target":["https:\/\/www.metmann.com\/pt-pt\/por-que-e-necessario-calcular-a-ventilacao-e-extracao-de-um-edificio-industrial\/"]}]},{"@type":"ImageObject","inLanguage":"pt-PT","@id":"https:\/\/www.metmann.com\/pt-pt\/por-que-e-necessario-calcular-a-ventilacao-e-extracao-de-um-edificio-industrial\/#primaryimage","url":"https:\/\/www.metmann.com\/wp-content\/uploads\/2021\/09\/1600322352_8qkH-e1688643982774.jpg","contentUrl":"https:\/\/www.metmann.com\/wp-content\/uploads\/2021\/09\/1600322352_8qkH-e1688643982774.jpg","width":600,"height":484},{"@type":"BreadcrumbList","@id":"https:\/\/www.metmann.com\/pt-pt\/por-que-e-necessario-calcular-a-ventilacao-e-extracao-de-um-edificio-industrial\/#breadcrumb","itemListElement":[{"@type":"ListItem","position":1,"name":"Inicio","item":"https:\/\/www.metmann.com\/pt-pt\/"},{"@type":"ListItem","position":2,"name":"Noticias","item":"https:\/\/www.metmann.com\/pt-pt\/category\/noticias-pt-pt\/"},{"@type":"ListItem","position":3,"name":"Por que \u00e9 necess\u00e1rio calcular a ventila\u00e7\u00e3o e extra\u00e7\u00e3o de um edif\u00edcio industrial"}]},{"@type":"WebSite","@id":"https:\/\/www.metmann.com\/pt-pt\/#website","url":"https:\/\/www.metmann.com\/pt-pt\/","name":"MET MANN","description":"Climatizaci\u00f3n industrial, Calefactores y Ventilaci\u00f3n para empresas","publisher":{"@id":"https:\/\/www.metmann.com\/pt-pt\/#organization"},"potentialAction":[{"@type":"SearchAction","target":{"@type":"EntryPoint","urlTemplate":"https:\/\/www.metmann.com\/pt-pt\/?s={search_term_string}"},"query-input":"required name=search_term_string"}],"inLanguage":"pt-PT"},{"@type":"Organization","@id":"https:\/\/www.metmann.com\/pt-pt\/#organization","name":"Met Mann","url":"https:\/\/www.metmann.com\/pt-pt\/","logo":{"@type":"ImageObject","inLanguage":"pt-PT","@id":"https:\/\/www.metmann.com\/pt-pt\/#\/schema\/logo\/image\/","url":"https:\/\/www.metmann.com\/wp-content\/uploads\/2021\/12\/logo-color-met-mann-01.jpg","contentUrl":"https:\/\/www.metmann.com\/wp-content\/uploads\/2021\/12\/logo-color-met-mann-01.jpg","width":351,"height":133,"caption":"Met Mann"},"image":{"@id":"https:\/\/www.metmann.com\/pt-pt\/#\/schema\/logo\/image\/"}},{"@type":"Person","@id":"https:\/\/www.metmann.com\/pt-pt\/#\/schema\/person\/abb061f44d31128f243c7e8c9677bb01","name":"Marcelo Gonfar","image":{"@type":"ImageObject","inLanguage":"pt-PT","@id":"https:\/\/www.metmann.com\/pt-pt\/#\/schema\/person\/image\/","url":"https:\/\/secure.gravatar.com\/avatar\/f8e37661ecf23489bf1e65088ca5cfbd?s=96&d=mm&r=g","contentUrl":"https:\/\/secure.gravatar.com\/avatar\/f8e37661ecf23489bf1e65088ca5cfbd?s=96&d=mm&r=g","caption":"Marcelo Gonfar"},"url":"https:\/\/www.metmann.com\/pt-pt\/author\/produccionvisualpublinet-com\/"}]}},"_links":{"self":[{"href":"https:\/\/www.metmann.com\/pt-pt\/wp-json\/wp\/v2\/posts\/2368"}],"collection":[{"href":"https:\/\/www.metmann.com\/pt-pt\/wp-json\/wp\/v2\/posts"}],"about":[{"href":"https:\/\/www.metmann.com\/pt-pt\/wp-json\/wp\/v2\/types\/post"}],"author":[{"embeddable":true,"href":"https:\/\/www.metmann.com\/pt-pt\/wp-json\/wp\/v2\/users\/1"}],"replies":[{"embeddable":true,"href":"https:\/\/www.metmann.com\/pt-pt\/wp-json\/wp\/v2\/comments?post=2368"}],"version-history":[{"count":0,"href":"https:\/\/www.metmann.com\/pt-pt\/wp-json\/wp\/v2\/posts\/2368\/revisions"}],"wp:featuredmedia":[{"embeddable":true,"href":"https:\/\/www.metmann.com\/pt-pt\/wp-json\/wp\/v2\/media\/485"}],"wp:attachment":[{"href":"https:\/\/www.metmann.com\/pt-pt\/wp-json\/wp\/v2\/media?parent=2368"}],"wp:term":[{"taxonomy":"category","embeddable":true,"href":"https:\/\/www.metmann.com\/pt-pt\/wp-json\/wp\/v2\/categories?post=2368"},{"taxonomy":"post_tag","embeddable":true,"href":"https:\/\/www.metmann.com\/pt-pt\/wp-json\/wp\/v2\/tags?post=2368"}],"curies":[{"name":"wp","href":"https:\/\/api.w.org\/{rel}","templated":true}]}}