{"id":2370,"date":"2020-09-29T00:00:00","date_gmt":"2020-09-29T00:00:00","guid":{"rendered":"https:\/\/metmann.com.185-176-9-81.185-176-9-81.visualpublinet.com\/o-controle-de-pragas-por-temperatura-e-possivel\/"},"modified":"2020-09-29T00:00:00","modified_gmt":"2020-09-29T00:00:00","slug":"o-controle-de-pragas-por-temperatura-e-possivel","status":"publish","type":"post","link":"https:\/\/www.metmann.com\/pt-pt\/o-controle-de-pragas-por-temperatura-e-possivel\/","title":{"rendered":"O controle de pragas por temperatura \u00e9 poss\u00edvel"},"content":{"rendered":"<p><span id=\"docs-internal-guid-8f5f5259-7fff-d74c-bacf-1163ec769b9e\"> \t<\/p>\n<p dir=\"ltr\" style=\"line-height: 1.38; margin-top: 0pt; margin-bottom: 0pt;\"><span style=\"font-variant-numeric: normal; font-variant-east-asian: normal; vertical-align: baseline;\">Existem v\u00e1rios m&eacute;todos de preven\u00e7\u00e3o e controle de pragas: tratamentos qu\u00edmicos, ultra-sons, armadilhas &#8230; Mas todos eles alteram a habitabilidade da \u00e1rea a ser desinsetada ou demoram muito para fazer efeito. Como alternativa segura e n\u00e3o invasiva, muitas empresas atualmente optam por gerenciar o controle de pragas por meio da temperatura. Este m&eacute;todo otimizar\u00e1 o tempo necess\u00e1rio para eliminar a infesta\u00e7\u00e3o, garantir\u00e1 que n\u00e3o ocorra contamina\u00e7\u00e3o qu\u00edmica e facilitar\u00e1 ao m\u00e1ximo o processo, como veremos neste artigo.<\/span><span style=\"font-variant-numeric: normal; font-variant-east-asian: normal; vertical-align: baseline;\"><\/span><\/p>\n<div><span style=\"font-size: 11pt; font-family: Arial; font-variant-numeric: normal; font-variant-east-asian: normal; vertical-align: baseline; white-space: pre-wrap;\"><br \/> \t\t\t<\/span><\/div>\n<p><\/span><span id=\"docs-internal-guid-febf25a4-7fff-3565-5b27-14c4f1dad3d7\"> \t<\/p>\n<h2 dir=\"ltr\" style=\"line-height: 1.38; margin-top: 18pt; margin-bottom: 6pt;\"><span style=\"font-variant-numeric: normal; font-variant-east-asian: normal; vertical-align: baseline;\"><span style=\"font-weight: normal;\">Controle de temperatura de pragas: quando todos os outros m&eacute;todos de controle de pragas falham<\/span><span style=\"font-weight: normal;\"><\/span><\/span><\/h2>\n<p> \tEmbora tradicionalmente sejam usados &#8203;&#8203;tratamentos qu\u00edmicos como pesticidas, herbicidas ou aeross\u00f3is, esses tipos de recursos n\u00e3o s\u00e3o os mais recomendados, pois podem levar \u00e0 contamina\u00e7\u00e3o cruzada e n\u00e3o s\u00e3o os m&eacute;todos mais eficientes dependendo de qual praga exterminar.<\/p>\n<p> \tA legisla\u00e7\u00e3o que controla o uso desses m&eacute;todos de controle de pragas &eacute; cada vez mais exigente e exige maior controle por parte das empresas que os implementam. Al&eacute;m disso, esses controles nem sempre garantem o exterm\u00ednio da praga.<\/p>\n<p> \tO controle de pragas por meio de tratamento t&eacute;rmico surge para responder \u00e0 necessidade de eliminar poss\u00edveis pragas com um m&eacute;todo eficaz, limpo e r\u00e1pido. Algumas de suas principais vantagens s\u00e3o: \t<\/p>\n<p dir=\"ltr\" style=\"line-height: 1.38; margin-top: 0pt; margin-bottom: 0pt;\"> \t\t<\/p>\n<p><\/span><span id=\"docs-internal-guid-febf25a4-7fff-3565-5b27-14c4f1dad3d7\"> \t<\/p>\n<div>\n<ul>\n<li><span id=\"docs-internal-guid-158b0e0a-7fff-3b0a-5844-58e82c03c1f6\">O tempo necess\u00e1rio para que esse tipo de desinfec\u00e7\u00e3o tenha efeito &eacute; muito r\u00e1pido. O processo geralmente leva entre 3 e 48 horas e n\u00e3o requer um per\u00edodo de seguran\u00e7a subsequente antes de permitir o acesso \u00e0 \u00e1rea em quest\u00e3o novamente.<\/span><\/li>\n<\/ul>\n<p><span style=\"font-variant-numeric: normal; font-variant-east-asian: normal; vertical-align: baseline;\"><span id=\"docs-internal-guid-158b0e0a-7fff-3b0a-5844-58e82c03c1f6\"> \t\t\t\t<\/p>\n<ul style=\"margin-top:0;margin-bottom:0;\">\n<li dir=\"ltr\" style=\"list-style-type: disc; font-variant-numeric: normal; font-variant-east-asian: normal; vertical-align: baseline;\">\n<p dir=\"ltr\" style=\"line-height: 1.38; margin-top: 0pt; margin-bottom: 0pt;\" role=\"presentation\"><span style=\"font-variant-numeric: normal; font-variant-east-asian: normal; vertical-align: baseline;\">&Eacute; totalmente seguro para as pessoas, por isso n\u00e3o restringe a atua\u00e7\u00e3o nas \u00e1reas vizinhas, nem requer o fechamento herm&eacute;tico da \u00e1rea afetada para sua efic\u00e1cia.<\/span><span style=\"font-variant-numeric: normal; font-variant-east-asian: normal; vertical-align: baseline;\"><\/span><\/p>\n<\/li>\n<\/ul>\n<p> \t\t\t\t \t\t\t\t<\/p>\n<ul style=\"margin-top:0;margin-bottom:0;\">\n<li dir=\"ltr\" style=\"list-style-type: disc; font-variant-numeric: normal; font-variant-east-asian: normal; vertical-align: baseline;\">\n<p dir=\"ltr\" style=\"line-height: 1.38; margin-top: 0pt; margin-bottom: 0pt;\" role=\"presentation\"><span style=\"font-variant-numeric: normal; font-variant-east-asian: normal; vertical-align: baseline;\">&Eacute; altamente eficaz contra insetos, afetando todas as fases do seu desenvolvimento, eliminando ovos, larvas e insetos adultos.<\/span><span style=\"font-variant-numeric: normal; font-variant-east-asian: normal; vertical-align: baseline;\"><\/span><\/p>\n<\/li>\n<\/ul>\n<p> \t\t\t\t \t\t\t\t<\/p>\n<ul style=\"margin-top:0;margin-bottom:0;\">\n<li dir=\"ltr\" style=\"list-style-type: disc; font-variant-numeric: normal; font-variant-east-asian: normal; vertical-align: baseline;\">\n<p dir=\"ltr\" style=\"line-height: 1.38; margin-top: 0pt; margin-bottom: 0pt;\" role=\"presentation\"><span style=\"font-variant-numeric: normal; font-variant-east-asian: normal; vertical-align: baseline;\">Possui abrang\u00eancia completa na \u00e1rea afetada, atingindo desde os maiores focos de infesta\u00e7\u00e3o ou col\u00f4nias at&eacute; as \u00e1reas mais isoladas. Isso permite adaptar programas de saneamento para evitar pragas no futuro.<\/span><span style=\"font-variant-numeric: normal; font-variant-east-asian: normal; vertical-align: baseline;\"><\/span><\/p>\n<\/li>\n<\/ul>\n<p> \t\t\t\t \t\t\t\t<\/p>\n<ul style=\"margin-top:0;margin-bottom:0;\">\n<li dir=\"ltr\" style=\"list-style-type: disc; font-variant-numeric: normal; font-variant-east-asian: normal; vertical-align: baseline;\">\n<p dir=\"ltr\" style=\"line-height: 1.38; margin-top: 0pt; margin-bottom: 0pt;\" role=\"presentation\"><span style=\"font-variant-numeric: normal; font-variant-east-asian: normal; vertical-align: baseline;\">Permite um controle ecol\u00f3gico de pragas e doen\u00e7as ao n\u00e3o utilizar subst\u00e2ncias biocidas como inseticidas, aeross\u00f3is ou outros gases nocivos \u00e0 sa\u00fade, este m&eacute;todo est\u00e1 em conformidade com os regulamentos de an\u00e1lise de perigos e pontos cr\u00edticos de controle (HACCP)<\/span><span style=\"font-variant-numeric: normal; font-variant-east-asian: normal; vertical-align: baseline;\">.<\/span><\/p>\n<\/li>\n<\/ul>\n<div>&nbsp;<\/div>\n<div><span id=\"docs-internal-guid-19ce4be6-7fff-4ca6-93a8-4b9a50af30dd\"> \t\t\t\t\t\t<\/p>\n<p dir=\"ltr\" style=\"line-height: 1.38; margin-top: 0pt; margin-bottom: 0pt;\"><span style=\"font-variant-numeric: normal; font-variant-east-asian: normal; vertical-align: baseline;\">Este m&eacute;todo pode ser adaptado a qualquer tipo de ind\u00fastria ou espa\u00e7o, nos \u00faltimos anos tem ganhado grande popularidade por muitas empresas do setor agroalimentar, que procuram m&eacute;todos de controle de pragas agr\u00edcolas que evitem afetar diretamente a sua produ\u00e7\u00e3o.<\/span><\/p>\n<div><span style=\"font-variant-numeric: normal; font-variant-east-asian: normal; vertical-align: baseline;\"><\/span><\/div>\n<div>&nbsp;<\/div>\n<div>&nbsp;<\/div>\n<div><span id=\"docs-internal-guid-06ef8d43-7fff-8244-edff-1a7700358bdc\"> \t\t\t\t\t\t\t\t<\/p>\n<h2 dir=\"ltr\" style=\"line-height: 1.38; margin-top: 18pt; margin-bottom: 6pt;\"><span style=\"font-weight: normal;\">Como funciona o processo de controle de temperatura de pragas<\/span><\/h2>\n<p><\/span><span id=\"docs-internal-guid-288352c5-7fff-9a9c-3d8c-48d253e67229\"> \t\t\t\t\t\t\t\t<\/p>\n<p dir=\"ltr\" style=\"line-height: 1.38; margin-top: 0pt; margin-bottom: 0pt;\"><span style=\"font-variant-numeric: normal; font-variant-east-asian: normal; vertical-align: baseline;\">As pragas de insetos geralmente se desenvolvem na faixa de temperatura entre 15\u00ba e 35\u00baC. Para este tipo de desinfec\u00e7\u00e3o &eacute; necess\u00e1rio um equipamento especializado que consiga elevar e manter a temperatura ambiente do espa\u00e7o em quest\u00e3o a uma temperatura que deve variar entre 50\u00ba e 60\u00baC por um determinado tempo, este salto t&eacute;rmico &eacute; capaz de eliminar os insetos que afetam diretamente seus sistemas biol\u00f3gico.<\/span><\/p>\n<p> \t\t\t\t\t\t\t\t \t\t\t\t\t\t\t\t<\/p>\n<p dir=\"ltr\" style=\"line-height: 1.38; margin-top: 0pt; margin-bottom: 0pt;\"><span style=\"font-variant-numeric: normal; font-variant-east-asian: normal; vertical-align: baseline;\">O processo &eacute; dividido em v\u00e1rias fases:<\/span><\/p>\n<div><span style=\"font-variant-numeric: normal; font-variant-east-asian: normal; vertical-align: baseline;\"><span id=\"docs-internal-guid-8a3c2550-7fff-0964-bd87-ce7de47c980e\"> \t\t\t\t\t\t\t\t\t\t\t<\/p>\n<ul style=\"margin-top: 0px; margin-bottom: 0px;\">\n<li dir=\"ltr\" style=\"list-style-type: disc; font-variant-numeric: normal; font-variant-east-asian: normal; vertical-align: baseline;\">\n<p dir=\"ltr\" style=\"line-height: 1.38; margin-top: 0pt; margin-bottom: 0pt;\" role=\"presentation\"><span style=\"font-weight: bold;\"><span style=\"font-variant-numeric: normal; font-variant-east-asian: normal; vertical-align: baseline;\">Aquecimento:<\/span><\/span><span style=\"font-variant-numeric: normal; font-variant-east-asian: normal; vertical-align: baseline;\"> Durante esse processo, o ar quente do equipamento &eacute; introduzido na sala para desinsectar por meio de uma mangueira, elevando gradativamente a temperatura at&eacute; atingir uma temperatura superior a 50\u00baC. Deve-se considerar a remo\u00e7\u00e3o de equipamentos ou elementos do espa\u00e7o afetado que possam ser danificados por altas temperaturas.<\/span><\/p>\n<\/li>\n<\/ul>\n<p> \t\t\t\t\t\t\t\t\t\t\t \t\t\t\t\t\t\t\t\t\t\t<\/p>\n<ul style=\"margin-top: 0px; margin-bottom: 0px;\">\n<li dir=\"ltr\" style=\"list-style-type: disc; font-variant-numeric: normal; font-variant-east-asian: normal; vertical-align: baseline;\">\n<p dir=\"ltr\" style=\"line-height: 1.38; margin-top: 0pt; margin-bottom: 0pt;\" role=\"presentation\"><span style=\"font-variant-numeric: normal; font-variant-east-asian: normal; vertical-align: baseline; font-weight: bold;\">Manuten\u00e7\u00e3o<\/span><span style=\"font-variant-numeric: normal; font-variant-east-asian: normal; vertical-align: baseline;\"><span style=\"font-weight: bold;\">:<\/span> Uma vez atingida a faixa de temperatura exigida, &eacute; necess\u00e1rio mant\u00ea-la por um per\u00edodo entre 3 e 48 horas em que aos poucos todos os insetos ser\u00e3o eliminados, pois a alta temperatura faz com que as prote\u00ednas e enzimas dos insetos sejam coagular, afetando todos os est\u00e1gios de seu ciclo evolutivo.<\/span><\/p>\n<\/li>\n<\/ul>\n<p> \t\t\t\t\t\t\t\t\t\t\t \t\t\t\t\t\t\t\t\t\t\t<\/p>\n<ul style=\"margin-top: 0px; margin-bottom: 0px;\">\n<li dir=\"ltr\" style=\"list-style-type: disc; font-variant-numeric: normal; font-variant-east-asian: normal; vertical-align: baseline;\">\n<p dir=\"ltr\" style=\"line-height: 1.38; margin-top: 0pt; margin-bottom: 0pt;\" role=\"presentation\"><span style=\"font-variant-numeric: normal; font-variant-east-asian: normal; vertical-align: baseline; font-weight: bold;\">Resfriamento<\/span><span style=\"font-variant-numeric: normal; font-variant-east-asian: normal; vertical-align: baseline;\"><span style=\"font-weight: bold;\">: <\/span>Uma vez finalizado o tratamento, a temperatura deve ser abaixada gradativamente ao seu n\u00edvel normal para evitar poss\u00edveis danos causados &#8203;&#8203;pelo salto de temperatura.<\/span><span style=\"font-variant-numeric: normal; font-variant-east-asian: normal; vertical-align: baseline;\"><span id=\"docs-internal-guid-937a3094-7fff-879c-e521-db77e5aed413\"><\/span><\/span><br \/> \t\t\t\t\t\t\t\t\t\t\t\t\t\t<span style=\"font-variant-numeric: normal; font-variant-east-asian: normal; vertical-align: baseline;\"><span id=\"docs-internal-guid-937a3094-7fff-879c-e521-db77e5aed413\"><\/span><\/span><\/p>\n<\/li>\n<\/ul>\n<p> \t\t\t\t\t\t\t\t\t\t\t<\/span><span id=\"docs-internal-guid-937a3094-7fff-879c-e521-db77e5aed413\"> \t\t\t\t\t\t\t\t\t\t\t<\/p>\n<h2 dir=\"ltr\" style=\"line-height: 1.38; margin-top: 18pt; margin-bottom: 6pt;\"><span style=\"font-variant-numeric: normal; font-variant-east-asian: normal; vertical-align: baseline;\"><span style=\"font-weight: normal;\">Controle de pragas de ar quente com KILL MANN<\/span><span style=\"font-weight: normal;\"><\/span><\/span><\/h2>\n<p> \t\t\t\t\t\t\t\t\t\t\t \t\t\t\t\t\t\t\t\t\t\t<\/p>\n<p dir=\"ltr\" style=\"line-height: 1.38; margin-top: 0pt; margin-bottom: 0pt;\"><span style=\"font-variant-numeric: normal; font-variant-east-asian: normal; vertical-align: baseline;\">Na MET MANN somos especialistas em fornecer aos nossos clientes solu\u00e7\u00f5es de ar condicionado adaptadas \u00e0s suas necessidades. Para controle de pragas atrav&eacute;s da temperatura, desenvolvemos um aquecedor el&eacute;trico de alta temperatura, <\/span><a href=\"https:\/\/www.metmann.com\/es\/p525980_Tratamiento-de-plagas-con-temperatura\" style=\"\"><span style=\"font-variant-numeric: normal; font-variant-east-asian: normal; text-decoration-skip-ink: none; vertical-align: baseline;\">nosso modelo KILL MANN<\/span><\/a><span style=\"font-variant-numeric: normal; font-variant-east-asian: normal; vertical-align: baseline;\">.&nbsp;<\/span><\/p>\n<p> \t\t\t\t\t\t\t\t\t\t\t \t\t\t\t\t\t\t\t\t\t\t<\/p>\n<p dir=\"ltr\" style=\"line-height: 1.38; margin-top: 0pt; margin-bottom: 0pt;\"><span style=\"font-variant-numeric: normal; font-variant-east-asian: normal; vertical-align: baseline;\">Dispositivo especialmente desenvolvido para o controle de pragas por meio da temperatura, com formato que facilita seu transporte e alta versatilidade, permitindo que o equipamento seja adaptado a outros usos, como aquecimento ou ventila\u00e7\u00e3o. N\u00e3o hesite em contactar a nossa equipa de apoio ao cliente se tiver alguma necessidade.<\/span><span style=\"font-variant-numeric: normal; font-variant-east-asian: normal; vertical-align: baseline;\"> <br \/> \t\t\t\t\t\t\t\t\t\t\t\t\t<\/span><\/p>\n<p><\/span><\/span><\/div>\n<p><\/span><\/div>\n<p><\/span><\/div>\n<p><\/span><\/span><\/div>\n<p><\/span><\/p>\n","protected":false},"excerpt":{"rendered":"<p>O aparecimento de pragas de insetos (moscas, larvas, aracn\u00eddeos, caruncho\u2026) &eacute; muito frequente em determinados climas e ambientes. &Eacute; fundamental o controle desse tipo de situa\u00e7\u00e3o para evitar poss\u00edveis problemas de seguran\u00e7a \u00e0 sa\u00fade dos trabalhadores e preservar a qualidade do produto desenvolvido.<\/p>\n","protected":false},"author":1,"featured_media":501,"comment_status":"open","ping_status":"open","sticky":false,"template":"","format":"standard","meta":{"_acf_changed":false,"_et_pb_use_builder":"","_et_pb_old_content":"","_et_gb_content_width":"","_joinchat":[],"footnotes":""},"categories":[55],"tags":[],"acf":[],"yoast_head":"<!-- This site is optimized with the Yoast SEO plugin v22.6 - https:\/\/yoast.com\/wordpress\/plugins\/seo\/ -->\r\n<title>Controle de pragas por temperatura<\/title>\r\n<meta name=\"description\" content=\"Quando os m\u00e9todos para evitar pragas falham, existe um infal\u00edvel: o controle de temperatura. Eu falo sobre essa alternativa n\u00e3o invasiva e cada vez mais popular.\" \/>\r\n<meta name=\"robots\" content=\"index, follow, max-snippet:-1, max-image-preview:large, max-video-preview:-1\" \/>\r\n<link rel=\"canonical\" href=\"https:\/\/www.metmann.com\/pt-pt\/o-controle-de-pragas-por-temperatura-e-possivel\/\" \/>\r\n<meta property=\"og:locale\" content=\"pt_PT\" \/>\r\n<meta property=\"og:type\" content=\"article\" \/>\r\n<meta property=\"og:title\" content=\"Controle de pragas por temperatura\" \/>\r\n<meta property=\"og:description\" content=\"Quando os m\u00e9todos para evitar pragas falham, existe um infal\u00edvel: o controle de temperatura. Eu falo sobre essa alternativa n\u00e3o invasiva e cada vez mais popular.\" \/>\r\n<meta property=\"og:url\" content=\"https:\/\/www.metmann.com\/pt-pt\/o-controle-de-pragas-por-temperatura-e-possivel\/\" \/>\r\n<meta property=\"og:site_name\" content=\"MET MANN\" \/>\r\n<meta property=\"article:published_time\" content=\"2020-09-29T00:00:00+00:00\" \/>\r\n<meta property=\"og:image\" content=\"https:\/\/www.metmann.com\/wp-content\/uploads\/2021\/09\/1601389727_zKuY.jpg\" \/>\r\n<meta name=\"author\" content=\"Marcelo Gonfar\" \/>\r\n<meta name=\"twitter:card\" content=\"summary_large_image\" \/>\r\n<meta name=\"twitter:title\" content=\"Controle de pragas por temperatura\" \/>\r\n<meta name=\"twitter:description\" content=\"Quando os m\u00e9todos para evitar pragas falham, existe um infal\u00edvel: o controle de temperatura. Eu falo sobre essa alternativa n\u00e3o invasiva e cada vez mais popular.\" \/>\r\n<meta name=\"twitter:image\" content=\"https:\/\/www.metmann.com\/wp-content\/uploads\/2021\/09\/1601389727_zKuY.jpg\" \/>\r\n<meta name=\"twitter:label1\" content=\"Escrito por\" \/>\n\t<meta name=\"twitter:data1\" content=\"Marcelo Gonfar\" \/>\n\t<meta name=\"twitter:label2\" content=\"Tempo estimado de leitura\" \/>\n\t<meta name=\"twitter:data2\" content=\"4 minutos\" \/>\r\n<script type=\"application\/ld+json\" class=\"yoast-schema-graph\">{\"@context\":\"https:\/\/schema.org\",\"@graph\":[{\"@type\":\"Article\",\"@id\":\"https:\/\/www.metmann.com\/pt-pt\/o-controle-de-pragas-por-temperatura-e-possivel\/#article\",\"isPartOf\":{\"@id\":\"https:\/\/www.metmann.com\/pt-pt\/o-controle-de-pragas-por-temperatura-e-possivel\/\"},\"author\":{\"name\":\"Marcelo Gonfar\",\"@id\":\"https:\/\/www.metmann.com\/pt-pt\/#\/schema\/person\/abb061f44d31128f243c7e8c9677bb01\"},\"headline\":\"O controle de pragas por temperatura \u00e9 poss\u00edvel\",\"datePublished\":\"2020-09-29T00:00:00+00:00\",\"dateModified\":\"2020-09-29T00:00:00+00:00\",\"mainEntityOfPage\":{\"@id\":\"https:\/\/www.metmann.com\/pt-pt\/o-controle-de-pragas-por-temperatura-e-possivel\/\"},\"wordCount\":799,\"commentCount\":0,\"publisher\":{\"@id\":\"https:\/\/www.metmann.com\/pt-pt\/#organization\"},\"image\":{\"@id\":\"https:\/\/www.metmann.com\/pt-pt\/o-controle-de-pragas-por-temperatura-e-possivel\/#primaryimage\"},\"thumbnailUrl\":\"https:\/\/www.metmann.com\/wp-content\/uploads\/2021\/09\/1601389727_zKuY-e1688639716445.jpg\",\"articleSection\":[\"Noticias\"],\"inLanguage\":\"pt-PT\",\"potentialAction\":[{\"@type\":\"CommentAction\",\"name\":\"Comment\",\"target\":[\"https:\/\/www.metmann.com\/pt-pt\/o-controle-de-pragas-por-temperatura-e-possivel\/#respond\"]}]},{\"@type\":\"WebPage\",\"@id\":\"https:\/\/www.metmann.com\/pt-pt\/o-controle-de-pragas-por-temperatura-e-possivel\/\",\"url\":\"https:\/\/www.metmann.com\/pt-pt\/o-controle-de-pragas-por-temperatura-e-possivel\/\",\"name\":\"Controle de pragas por temperatura\",\"isPartOf\":{\"@id\":\"https:\/\/www.metmann.com\/pt-pt\/#website\"},\"primaryImageOfPage\":{\"@id\":\"https:\/\/www.metmann.com\/pt-pt\/o-controle-de-pragas-por-temperatura-e-possivel\/#primaryimage\"},\"image\":{\"@id\":\"https:\/\/www.metmann.com\/pt-pt\/o-controle-de-pragas-por-temperatura-e-possivel\/#primaryimage\"},\"thumbnailUrl\":\"https:\/\/www.metmann.com\/wp-content\/uploads\/2021\/09\/1601389727_zKuY-e1688639716445.jpg\",\"datePublished\":\"2020-09-29T00:00:00+00:00\",\"dateModified\":\"2020-09-29T00:00:00+00:00\",\"description\":\"Quando os m\u00e9todos para evitar pragas falham, existe um infal\u00edvel: o controle de temperatura. Eu falo sobre essa alternativa n\u00e3o invasiva e cada vez mais popular.\",\"breadcrumb\":{\"@id\":\"https:\/\/www.metmann.com\/pt-pt\/o-controle-de-pragas-por-temperatura-e-possivel\/#breadcrumb\"},\"inLanguage\":\"pt-PT\",\"potentialAction\":[{\"@type\":\"ReadAction\",\"target\":[\"https:\/\/www.metmann.com\/pt-pt\/o-controle-de-pragas-por-temperatura-e-possivel\/\"]}]},{\"@type\":\"ImageObject\",\"inLanguage\":\"pt-PT\",\"@id\":\"https:\/\/www.metmann.com\/pt-pt\/o-controle-de-pragas-por-temperatura-e-possivel\/#primaryimage\",\"url\":\"https:\/\/www.metmann.com\/wp-content\/uploads\/2021\/09\/1601389727_zKuY-e1688639716445.jpg\",\"contentUrl\":\"https:\/\/www.metmann.com\/wp-content\/uploads\/2021\/09\/1601389727_zKuY-e1688639716445.jpg\",\"width\":400,\"height\":300},{\"@type\":\"BreadcrumbList\",\"@id\":\"https:\/\/www.metmann.com\/pt-pt\/o-controle-de-pragas-por-temperatura-e-possivel\/#breadcrumb\",\"itemListElement\":[{\"@type\":\"ListItem\",\"position\":1,\"name\":\"Inicio\",\"item\":\"https:\/\/www.metmann.com\/pt-pt\/\"},{\"@type\":\"ListItem\",\"position\":2,\"name\":\"Noticias\",\"item\":\"https:\/\/www.metmann.com\/pt-pt\/category\/noticias-pt-pt\/\"},{\"@type\":\"ListItem\",\"position\":3,\"name\":\"O controle de pragas por temperatura \u00e9 poss\u00edvel\"}]},{\"@type\":\"WebSite\",\"@id\":\"https:\/\/www.metmann.com\/pt-pt\/#website\",\"url\":\"https:\/\/www.metmann.com\/pt-pt\/\",\"name\":\"MET MANN\",\"description\":\"Climatizaci\u00f3n industrial, Calefactores y Ventilaci\u00f3n para empresas\",\"publisher\":{\"@id\":\"https:\/\/www.metmann.com\/pt-pt\/#organization\"},\"potentialAction\":[{\"@type\":\"SearchAction\",\"target\":{\"@type\":\"EntryPoint\",\"urlTemplate\":\"https:\/\/www.metmann.com\/pt-pt\/?s={search_term_string}\"},\"query-input\":\"required name=search_term_string\"}],\"inLanguage\":\"pt-PT\"},{\"@type\":\"Organization\",\"@id\":\"https:\/\/www.metmann.com\/pt-pt\/#organization\",\"name\":\"Met Mann\",\"url\":\"https:\/\/www.metmann.com\/pt-pt\/\",\"logo\":{\"@type\":\"ImageObject\",\"inLanguage\":\"pt-PT\",\"@id\":\"https:\/\/www.metmann.com\/pt-pt\/#\/schema\/logo\/image\/\",\"url\":\"https:\/\/www.metmann.com\/wp-content\/uploads\/2021\/12\/logo-color-met-mann-01.jpg\",\"contentUrl\":\"https:\/\/www.metmann.com\/wp-content\/uploads\/2021\/12\/logo-color-met-mann-01.jpg\",\"width\":351,\"height\":133,\"caption\":\"Met Mann\"},\"image\":{\"@id\":\"https:\/\/www.metmann.com\/pt-pt\/#\/schema\/logo\/image\/\"}},{\"@type\":\"Person\",\"@id\":\"https:\/\/www.metmann.com\/pt-pt\/#\/schema\/person\/abb061f44d31128f243c7e8c9677bb01\",\"name\":\"Marcelo Gonfar\",\"image\":{\"@type\":\"ImageObject\",\"inLanguage\":\"pt-PT\",\"@id\":\"https:\/\/www.metmann.com\/pt-pt\/#\/schema\/person\/image\/\",\"url\":\"https:\/\/secure.gravatar.com\/avatar\/f8e37661ecf23489bf1e65088ca5cfbd?s=96&d=mm&r=g\",\"contentUrl\":\"https:\/\/secure.gravatar.com\/avatar\/f8e37661ecf23489bf1e65088ca5cfbd?s=96&d=mm&r=g\",\"caption\":\"Marcelo Gonfar\"},\"url\":\"https:\/\/www.metmann.com\/pt-pt\/author\/produccionvisualpublinet-com\/\"}]}<\/script>\r\n<!-- \/ Yoast SEO plugin. -->","yoast_head_json":{"title":"Controle de pragas por temperatura","description":"Quando os m\u00e9todos para evitar pragas falham, existe um infal\u00edvel: o controle de temperatura. Eu falo sobre essa alternativa n\u00e3o invasiva e cada vez mais popular.","robots":{"index":"index","follow":"follow","max-snippet":"max-snippet:-1","max-image-preview":"max-image-preview:large","max-video-preview":"max-video-preview:-1"},"canonical":"https:\/\/www.metmann.com\/pt-pt\/o-controle-de-pragas-por-temperatura-e-possivel\/","og_locale":"pt_PT","og_type":"article","og_title":"Controle de pragas por temperatura","og_description":"Quando os m\u00e9todos para evitar pragas falham, existe um infal\u00edvel: o controle de temperatura. Eu falo sobre essa alternativa n\u00e3o invasiva e cada vez mais popular.","og_url":"https:\/\/www.metmann.com\/pt-pt\/o-controle-de-pragas-por-temperatura-e-possivel\/","og_site_name":"MET MANN","article_published_time":"2020-09-29T00:00:00+00:00","og_image":[{"url":"https:\/\/www.metmann.com\/wp-content\/uploads\/2021\/09\/1601389727_zKuY.jpg"}],"author":"Marcelo Gonfar","twitter_card":"summary_large_image","twitter_title":"Controle de pragas por temperatura","twitter_description":"Quando os m\u00e9todos para evitar pragas falham, existe um infal\u00edvel: o controle de temperatura. Eu falo sobre essa alternativa n\u00e3o invasiva e cada vez mais popular.","twitter_image":"https:\/\/www.metmann.com\/wp-content\/uploads\/2021\/09\/1601389727_zKuY.jpg","twitter_misc":{"Escrito por":"Marcelo Gonfar","Tempo estimado de leitura":"4 minutos"},"schema":{"@context":"https:\/\/schema.org","@graph":[{"@type":"Article","@id":"https:\/\/www.metmann.com\/pt-pt\/o-controle-de-pragas-por-temperatura-e-possivel\/#article","isPartOf":{"@id":"https:\/\/www.metmann.com\/pt-pt\/o-controle-de-pragas-por-temperatura-e-possivel\/"},"author":{"name":"Marcelo Gonfar","@id":"https:\/\/www.metmann.com\/pt-pt\/#\/schema\/person\/abb061f44d31128f243c7e8c9677bb01"},"headline":"O controle de pragas por temperatura \u00e9 poss\u00edvel","datePublished":"2020-09-29T00:00:00+00:00","dateModified":"2020-09-29T00:00:00+00:00","mainEntityOfPage":{"@id":"https:\/\/www.metmann.com\/pt-pt\/o-controle-de-pragas-por-temperatura-e-possivel\/"},"wordCount":799,"commentCount":0,"publisher":{"@id":"https:\/\/www.metmann.com\/pt-pt\/#organization"},"image":{"@id":"https:\/\/www.metmann.com\/pt-pt\/o-controle-de-pragas-por-temperatura-e-possivel\/#primaryimage"},"thumbnailUrl":"https:\/\/www.metmann.com\/wp-content\/uploads\/2021\/09\/1601389727_zKuY-e1688639716445.jpg","articleSection":["Noticias"],"inLanguage":"pt-PT","potentialAction":[{"@type":"CommentAction","name":"Comment","target":["https:\/\/www.metmann.com\/pt-pt\/o-controle-de-pragas-por-temperatura-e-possivel\/#respond"]}]},{"@type":"WebPage","@id":"https:\/\/www.metmann.com\/pt-pt\/o-controle-de-pragas-por-temperatura-e-possivel\/","url":"https:\/\/www.metmann.com\/pt-pt\/o-controle-de-pragas-por-temperatura-e-possivel\/","name":"Controle de pragas por temperatura","isPartOf":{"@id":"https:\/\/www.metmann.com\/pt-pt\/#website"},"primaryImageOfPage":{"@id":"https:\/\/www.metmann.com\/pt-pt\/o-controle-de-pragas-por-temperatura-e-possivel\/#primaryimage"},"image":{"@id":"https:\/\/www.metmann.com\/pt-pt\/o-controle-de-pragas-por-temperatura-e-possivel\/#primaryimage"},"thumbnailUrl":"https:\/\/www.metmann.com\/wp-content\/uploads\/2021\/09\/1601389727_zKuY-e1688639716445.jpg","datePublished":"2020-09-29T00:00:00+00:00","dateModified":"2020-09-29T00:00:00+00:00","description":"Quando os m\u00e9todos para evitar pragas falham, existe um infal\u00edvel: o controle de temperatura. Eu falo sobre essa alternativa n\u00e3o invasiva e cada vez mais popular.","breadcrumb":{"@id":"https:\/\/www.metmann.com\/pt-pt\/o-controle-de-pragas-por-temperatura-e-possivel\/#breadcrumb"},"inLanguage":"pt-PT","potentialAction":[{"@type":"ReadAction","target":["https:\/\/www.metmann.com\/pt-pt\/o-controle-de-pragas-por-temperatura-e-possivel\/"]}]},{"@type":"ImageObject","inLanguage":"pt-PT","@id":"https:\/\/www.metmann.com\/pt-pt\/o-controle-de-pragas-por-temperatura-e-possivel\/#primaryimage","url":"https:\/\/www.metmann.com\/wp-content\/uploads\/2021\/09\/1601389727_zKuY-e1688639716445.jpg","contentUrl":"https:\/\/www.metmann.com\/wp-content\/uploads\/2021\/09\/1601389727_zKuY-e1688639716445.jpg","width":400,"height":300},{"@type":"BreadcrumbList","@id":"https:\/\/www.metmann.com\/pt-pt\/o-controle-de-pragas-por-temperatura-e-possivel\/#breadcrumb","itemListElement":[{"@type":"ListItem","position":1,"name":"Inicio","item":"https:\/\/www.metmann.com\/pt-pt\/"},{"@type":"ListItem","position":2,"name":"Noticias","item":"https:\/\/www.metmann.com\/pt-pt\/category\/noticias-pt-pt\/"},{"@type":"ListItem","position":3,"name":"O controle de pragas por temperatura \u00e9 poss\u00edvel"}]},{"@type":"WebSite","@id":"https:\/\/www.metmann.com\/pt-pt\/#website","url":"https:\/\/www.metmann.com\/pt-pt\/","name":"MET MANN","description":"Climatizaci\u00f3n industrial, Calefactores y Ventilaci\u00f3n para empresas","publisher":{"@id":"https:\/\/www.metmann.com\/pt-pt\/#organization"},"potentialAction":[{"@type":"SearchAction","target":{"@type":"EntryPoint","urlTemplate":"https:\/\/www.metmann.com\/pt-pt\/?s={search_term_string}"},"query-input":"required name=search_term_string"}],"inLanguage":"pt-PT"},{"@type":"Organization","@id":"https:\/\/www.metmann.com\/pt-pt\/#organization","name":"Met Mann","url":"https:\/\/www.metmann.com\/pt-pt\/","logo":{"@type":"ImageObject","inLanguage":"pt-PT","@id":"https:\/\/www.metmann.com\/pt-pt\/#\/schema\/logo\/image\/","url":"https:\/\/www.metmann.com\/wp-content\/uploads\/2021\/12\/logo-color-met-mann-01.jpg","contentUrl":"https:\/\/www.metmann.com\/wp-content\/uploads\/2021\/12\/logo-color-met-mann-01.jpg","width":351,"height":133,"caption":"Met Mann"},"image":{"@id":"https:\/\/www.metmann.com\/pt-pt\/#\/schema\/logo\/image\/"}},{"@type":"Person","@id":"https:\/\/www.metmann.com\/pt-pt\/#\/schema\/person\/abb061f44d31128f243c7e8c9677bb01","name":"Marcelo Gonfar","image":{"@type":"ImageObject","inLanguage":"pt-PT","@id":"https:\/\/www.metmann.com\/pt-pt\/#\/schema\/person\/image\/","url":"https:\/\/secure.gravatar.com\/avatar\/f8e37661ecf23489bf1e65088ca5cfbd?s=96&d=mm&r=g","contentUrl":"https:\/\/secure.gravatar.com\/avatar\/f8e37661ecf23489bf1e65088ca5cfbd?s=96&d=mm&r=g","caption":"Marcelo Gonfar"},"url":"https:\/\/www.metmann.com\/pt-pt\/author\/produccionvisualpublinet-com\/"}]}},"_links":{"self":[{"href":"https:\/\/www.metmann.com\/pt-pt\/wp-json\/wp\/v2\/posts\/2370"}],"collection":[{"href":"https:\/\/www.metmann.com\/pt-pt\/wp-json\/wp\/v2\/posts"}],"about":[{"href":"https:\/\/www.metmann.com\/pt-pt\/wp-json\/wp\/v2\/types\/post"}],"author":[{"embeddable":true,"href":"https:\/\/www.metmann.com\/pt-pt\/wp-json\/wp\/v2\/users\/1"}],"replies":[{"embeddable":true,"href":"https:\/\/www.metmann.com\/pt-pt\/wp-json\/wp\/v2\/comments?post=2370"}],"version-history":[{"count":0,"href":"https:\/\/www.metmann.com\/pt-pt\/wp-json\/wp\/v2\/posts\/2370\/revisions"}],"wp:featuredmedia":[{"embeddable":true,"href":"https:\/\/www.metmann.com\/pt-pt\/wp-json\/wp\/v2\/media\/501"}],"wp:attachment":[{"href":"https:\/\/www.metmann.com\/pt-pt\/wp-json\/wp\/v2\/media?parent=2370"}],"wp:term":[{"taxonomy":"category","embeddable":true,"href":"https:\/\/www.metmann.com\/pt-pt\/wp-json\/wp\/v2\/categories?post=2370"},{"taxonomy":"post_tag","embeddable":true,"href":"https:\/\/www.metmann.com\/pt-pt\/wp-json\/wp\/v2\/tags?post=2370"}],"curies":[{"name":"wp","href":"https:\/\/api.w.org\/{rel}","templated":true}]}}