{"id":2373,"date":"2020-12-15T00:00:00","date_gmt":"2020-12-15T00:00:00","guid":{"rendered":"https:\/\/metmann.com.185-176-9-81.185-176-9-81.visualpublinet.com\/equipamento-portatil-de-aquecimento-industrial-comercial-e-agricola\/"},"modified":"2020-12-15T00:00:00","modified_gmt":"2020-12-15T00:00:00","slug":"equipamento-portatil-de-aquecimento-industrial-comercial-e-agricola","status":"publish","type":"post","link":"https:\/\/www.metmann.com\/pt-pt\/equipamento-portatil-de-aquecimento-industrial-comercial-e-agricola\/","title":{"rendered":"Equipamento port\u00e1til de aquecimento industrial, comercial e agr\u00edcola"},"content":{"rendered":"<p><span id=\"docs-internal-guid-13a94195-7fff-faa4-a2e5-eea07976982c\"> \t<\/p>\n<p dir=\"ltr\" style=\"line-height: 1.38; margin-top: 0pt; margin-bottom: 0pt;\"><span style=\"font-variant-numeric: normal; font-variant-east-asian: normal; vertical-align: baseline;\">Existem v\u00e1rios tipos de sistemas de aquecimento port\u00e1teis para resolver as diferentes necessidades que a sua empresa possa ter. Neste post entraremos em detalhes sobre as diferentes op\u00e7\u00f5es e as aplica\u00e7\u00f5es mais frequentes de equipamentos port\u00e1teis de aquecimento industrial que oferecemos na MET MANN<\/span><\/p>\n<p> \t \t<\/p>\n<h2 dir=\"ltr\" style=\"line-height:1.38;margin-top:18pt;margin-bottom:6pt;\"><span style=\"font-variant-numeric: normal; font-variant-east-asian: normal; vertical-align: baseline;\">Que tipo de combust\u00edvel usar em equipamentos de aquecimento industrial port\u00e1til?<\/span><\/h2>\n<p> \tComo etapa preliminar para selecionar o tipo de aquecimento port\u00e1til mais adequado para o seu neg\u00f3cio, selecione o tipo de combust\u00edvel que vamos usar.<\/p>\n<p> \tNa MET MANN temos uma vasta gama de equipamentos port\u00e1teis de aquecimento com funcionamento a gas\u00f3leo, butano ou g\u00e1s propano, gas\u00f3leo ou el&eacute;ctrico. \t<\/p>\n<p dir=\"ltr\" style=\"line-height: 1.38; margin-top: 0pt; margin-bottom: 0pt;\"> \t\t<\/p>\n<p><\/span> <\/p>\n<h3 dir=\"ltr\">AM &#8211; Equipamento port\u00e1til de aquecimento a gas\u00f3leo ou g\u00e1s<\/h3>\n<h3><span id=\"docs-internal-guid-13a94195-7fff-faa4-a2e5-eea07976982c\"> \t\t<\/p>\n<h3 dir=\"ltr\" style=\"line-height:1.38;margin-top:16pt;margin-bottom:4pt;\"><span style=\"font-variant-numeric: normal; font-variant-east-asian: normal; vertical-align: baseline;\"><\/span><\/h3>\n<p><\/span><\/h3>\n<p><span id=\"docs-internal-guid-13a94195-7fff-faa4-a2e5-eea07976982c\"> \t<\/p>\n<p dir=\"ltr\" style=\"line-height: 1.38; margin-top: 0pt; margin-bottom: 0pt;\"><img decoding=\"async\" src=\"https:\/\/www.metmann.com\/wp-content\/uploads\/2021\/09\/AM-WEB350.jpg\" alt=\"\" style=\"margin-top:0px;margin-right:0px;margin-bottom:0px;margin-left:0px;;width:350px;;height:441px;\" border=\"0\" \/> <\/p>\n<p><\/span> <\/p>\n<div><span id=\"docs-internal-guid-13a94195-7fff-faa4-a2e5-eea07976982c\"><\/span><\/div>\n<div>&nbsp;<\/div>\n<div><span id=\"docs-internal-guid-13a94195-7fff-faa4-a2e5-eea07976982c\">Nossos equipamentos AM podem funcionar com diesel, g\u00e1s natural ou g\u00e1s propano e ter um poder calor\u00edfico de 46 a 180 kW. Este tipo de equipamento &eacute; frequentemente utilizado em \u00e1reas como estufas, tendas de eventos e f\u00e1bricas ou instala\u00e7\u00f5es industriais em geral.<\/span><\/div>\n<div>&nbsp;<\/div>\n<p><span id=\"docs-internal-guid-13a94195-7fff-faa4-a2e5-eea07976982c\">Por meio de altos fluxos de ar, permitem aquecer instala\u00e7\u00f5es de 200 a 600m2 com o uso de uma \u00fanica unidade em um tempo muito curto.<\/p>\n<p> \t<\/span> <\/p>\n<div><span id=\"docs-internal-guid-13a94195-7fff-faa4-a2e5-eea07976982c\">Para sua instala\u00e7\u00e3o, requer apenas uma sa\u00edda de fuma\u00e7a, alimenta\u00e7\u00e3o el&eacute;trica e um tanque de combust\u00edvel acoplado. Al&eacute;m disso, esses equipamentos permitem a utiliza\u00e7\u00e3o de dutos de ar dentro do inv\u00f3lucro para auxiliar no processo de aquecimento.<\/span><\/div>\n<div>&nbsp;<\/div>\n<div><span id=\"docs-internal-guid-13a94195-7fff-faa4-a2e5-eea07976982c\"><\/span><\/div>\n<p><span id=\"docs-internal-guid-13a94195-7fff-faa4-a2e5-eea07976982c\"> \t<\/p>\n<p dir=\"ltr\" style=\"line-height:1.38;margin-top:0pt;margin-bottom:0pt;\"><span style=\"font-variant-numeric: normal; font-variant-east-asian: normal; vertical-align: baseline;\">A partir deste <span style=\"font-weight: bold;\"><a href=\"http:\/\/www.metmann.com\/pt\/p525922_Aquecimento-de-estufas-e-grandes-%C3%A1reas---AM\" target=\"_blank\" rel=\"\">link<\/a><\/span> voc\u00ea pode acessar sua ficha t&eacute;cnica.<\/span><span style=\"font-variant-numeric: normal; font-variant-east-asian: normal; vertical-align: baseline;\"><\/span><\/p>\n<p> \t \t<\/p>\n<h3 dir=\"ltr\" style=\"line-height:1.38;margin-top:16pt;margin-bottom:4pt;\"><span style=\"font-variant-numeric: normal; font-variant-east-asian: normal; vertical-align: baseline;\">AN &#8211; Equipamento port\u00e1til de aquecimento a gas\u00f3leo com chamin&eacute;<\/span><\/h3>\n<p><\/span><span id=\"docs-internal-guid-13a94195-7fff-faa4-a2e5-eea07976982c\"><\/span><img decoding=\"async\" src=\"https:\/\/www.metmann.com\/wp-content\/uploads\/2021\/09\/an-web.jpg\" alt=\"\" style=\"margin-top:0px;margin-right:0px;margin-bottom:0px;margin-left:0px;;width:350px;;height:356px;\" border=\"0\" \/> <\/p>\n<div> \t<\/div>\n<p><span id=\"docs-internal-guid-13a94195-7fff-faa4-a2e5-eea07976982c\">Estas unidades s\u00e3o ideais para o aquecimento de espa\u00e7os fechados, visto que disp\u00f5em de sa\u00edda de fumos. Eles t\u00eam um poder calor\u00edfico que pode variar entre 34 e 90 kW, incorporam um tanque de combust\u00edvel e permitem aquecer salas de 150 a 300m2 de forma r\u00e1pida e eficiente.<\/p>\n<p> \tS\u00e3o equipamentos totalmente pr\u00e1ticos e flex\u00edveis, j\u00e1 que para sua instala\u00e7\u00e3o requerem apenas sa\u00edda de fumos e alimenta\u00e7\u00e3o el&eacute;trica.<\/p>\n<p> \tSua aplica\u00e7\u00e3o &eacute; especialmente recomendada para tendas de eventos, aquecimento tempor\u00e1rio, processos de secagem, etc.<\/p>\n<p> \tVoc\u00ea pode usar este <span style=\"font-weight: bold;\"><a href=\"http:\/\/www.metmann.com\/pt\/p525926_Aquecimento-port%C3%A1til-a-diesel-para-espa%C3%A7os-fechados-34-a-90-kW---AN\" target=\"_blank\" rel=\"\">link<\/a><\/span> para acessar seus principais recursos. \t \t<\/p>\n<h3 dir=\"ltr\" style=\"line-height:1.38;margin-top:16pt;margin-bottom:4pt;\"><span style=\"font-variant-numeric: normal; font-variant-east-asian: normal; vertical-align: baseline;\">MI &#8211; Unidades port\u00e1teis de aquecimento a diesel sem chamin&eacute;<\/span><\/h3>\n<p> \t \t<\/p>\n<p dir=\"ltr\" style=\"line-height: 1.38; margin-top: 0pt; margin-bottom: 0pt;\"><span style=\"font-variant-numeric: normal; font-variant-east-asian: normal; vertical-align: baseline;\"><\/span><\/p>\n<p dir=\"ltr\" style=\"line-height: 1.38; margin-top: 0pt; margin-bottom: 0pt;\"><img decoding=\"async\" src=\"https:\/\/www.metmann.com\/wp-content\/uploads\/2021\/09\/MI-WEB2.jpg\" alt=\"\" style=\"margin-top:0px;margin-right:0px;margin-bottom:0px;margin-left:0px;;width:350px;;height:376px;\" border=\"0\" \/>&nbsp;<\/p>\n<p dir=\"ltr\" style=\"line-height: 1.38; margin-top: 0pt; margin-bottom: 0pt;\"><span style=\"font-variant-numeric: normal; font-variant-east-asian: normal; vertical-align: baseline;\"><\/span><\/p>\n<p dir=\"ltr\" style=\"line-height: 1.38; margin-top: 0pt; margin-bottom: 0pt;\">&nbsp;<\/p>\n<p>Como a vers\u00e3o anterior, essas equipes podem funcionar com diesel e seu poder calor\u00edfico varia de 38 a 111 kW. A sua aplica\u00e7\u00e3o n\u00e3o &eacute; poss\u00edvel em espa\u00e7os fechados sem ventila\u00e7\u00e3o, visto que n\u00e3o disp\u00f5e de chamin&eacute;, uma vez que o ar quente fornecido se mistura com os gases da combust\u00e3o.<\/p>\n<p> \tPor isso, seu uso &eacute; recomendado para espa\u00e7os bem ventilados como fazendas, estufas e outros espa\u00e7os ao ar livre.<\/p>\n<p> \tEstes equipamentos incorporam um tanque de combust\u00edvel e permitem instala\u00e7\u00f5es de aquecimento de 150 a 300m2, podendo ser controlados por um termostato que ativa ou desativa o equipamento em fun\u00e7\u00e3o da temperatura ambiente.<\/p>\n<p> \tEssas equipes possuem pequenas dimens\u00f5es e grande mobilidade, para sua instala\u00e7\u00e3o requerem apenas energia el&eacute;trica.<\/p>\n<p> \tEm sua <span style=\"font-weight: bold;\"><a href=\"http:\/\/www.metmann.com\/pt\/p525983_Aquecimento-port%C3%A1til-a-diesel-para-espa%C3%A7os-abertos-38-a-111-kW---MI\" target=\"_blank\" rel=\"\">ficha t&eacute;cnica<\/a><\/span> voc\u00ea poder\u00e1 conhecer todas as suas vantagens. \t<\/p>\n<h3 dir=\"ltr\" style=\"line-height:1.38;margin-top:16pt;margin-bottom:4pt;\"><span style=\"font-variant-numeric: normal; font-variant-east-asian: normal; vertical-align: baseline;\"><\/span><\/h3>\n<h3 dir=\"ltr\" style=\"line-height:1.38;margin-top:16pt;margin-bottom:4pt;\">&nbsp;<\/h3>\n<h3 dir=\"ltr\" style=\"line-height:1.38;margin-top:16pt;margin-bottom:4pt;\"><span style=\"font-variant-numeric: normal; font-variant-east-asian: normal; vertical-align: baseline;\">RP Profesional &#8211; Equipamento de aquecimento el&eacute;trico port\u00e1til<\/span><\/h3>\n<p><\/span><span id=\"docs-internal-guid-13a94195-7fff-faa4-a2e5-eea07976982c\"><\/span><img decoding=\"async\" src=\"https:\/\/www.metmann.com\/wp-content\/uploads\/2021\/09\/RP-WEB-3.jpg\" alt=\"\" style=\"margin-top:0px;margin-right:0px;margin-bottom:0px;margin-left:0px;;width:350px;;height:258px;\" border=\"0\" \/><span id=\"docs-internal-guid-13a94195-7fff-faa4-a2e5-eea07976982c\"> \t<\/p>\n<p dir=\"ltr\" style=\"line-height: 1.38; margin-top: 0pt; margin-bottom: 0pt;\"><span style=\"font-variant-numeric: normal; font-variant-east-asian: normal; vertical-align: baseline;\"><\/span><\/p>\n<p dir=\"ltr\" style=\"line-height: 1.38; margin-top: 0pt; margin-bottom: 0pt;\">&nbsp;<\/p>\n<p>Os modelos da linha Met Mann RP Professional s\u00e3o equipamentos el&eacute;tricos que podem operar com tens\u00e3o monof\u00e1sica ou trif\u00e1sica dependendo do modelo<span style=\"text-decoration: underline;\"><\/p>\n<p> \t\t<\/span>Sua faixa de poder calor\u00edfico trabalha entre 3 e 30 kW e s\u00e3o ideais para processos de aquecimento ou secagem em instala\u00e7\u00f5es de 30 a 200m2. Todos os modelos possuem termostato que regula o funcionamento do equipamento levando em considera\u00e7\u00e3o a temperatura ambiente e que ajuda a reduzir o consumo de energia do equipamento.<\/p>\n<p> \tNa MET MANN temos 5 vers\u00f5es diferentes da gama RP Professional, voc\u00ea pode acessar o <span style=\"font-weight: bold;\"><a href=\"http:\/\/www.metmann.com\/pt\/p525990_Aquecimento-de-ar-quente-el%C3%A9trico-port%C3%A1til-de-3-a-30-kW---RP-PROFESSIONAL\" target=\"_blank\" rel=\"\">cat\u00e1logo aqui.<\/a><\/span> \t \t<\/p>\n<h3 dir=\"ltr\" style=\"line-height:1.38;margin-top:16pt;margin-bottom:4pt;\"><span style=\"font-variant-numeric: normal; font-variant-east-asian: normal; vertical-align: baseline;\">KA &#8211; Equipamento port\u00e1til de aquecimento de g\u00e1s butano ou propano<\/span><\/h3>\n<p><\/span><span id=\"docs-internal-guid-13a94195-7fff-faa4-a2e5-eea07976982c\"><\/span> <\/p>\n<div> \t<\/div>\n<div><img decoding=\"async\" src=\"https:\/\/www.metmann.com\/wp-content\/uploads\/2021\/09\/KA-WEB2.jpg\" alt=\"\" style=\"margin-top:0px;margin-right:0px;margin-bottom:0px;margin-left:0px;;width:350px;;height:244px;\" border=\"0\" \/>&nbsp;<\/div>\n<div> \t<\/div>\n<p><span id=\"docs-internal-guid-13a94195-7fff-faa4-a2e5-eea07976982c\">A s&eacute;rie KA de sistemas de aquecimento port\u00e1teis da Met Mann inclui equipamentos que podem funcionar com g\u00e1s butano ou g\u00e1s propano com uma pot\u00eancia calor\u00edfica de 15 a 100 kW e permitem aquecer instala\u00e7\u00f5es devidamente ventiladas de 200m2 a 800m2.<\/p>\n<p> \tA sua instala\u00e7\u00e3o requer apenas alimenta\u00e7\u00e3o el&eacute;ctrica e liga\u00e7\u00e3o a uma botija de g\u00e1s butano ou propano.<\/p>\n<p> \tPor n\u00e3o possuir sa\u00edda de fumos, sua aplica\u00e7\u00e3o deve ser limitada a espa\u00e7os abertos ao ar livre. Portanto, seu uso &eacute; recomendado para instala\u00e7\u00f5es bem ventiladas como fazendas, estufas, jardins, etc.<\/p>\n<p> \tMais informa\u00e7\u00f5es e ficha t&eacute;cnica da s&eacute;rie Ka de Met Mann neste <a href=\"http:\/\/www.metmann.com\/es\/p525927_Calefacci%C3%B3n-aire-caliente-a-gas-butano-o-propano-15-a-108-kW---KA-\" target=\"_blank\" rel=\"\">link<\/a>. \t \t<\/p>\n<h3 dir=\"ltr\" style=\"line-height:1.38;margin-top:16pt;margin-bottom:4pt;\"><span style=\"font-variant-numeric: normal; font-variant-east-asian: normal; vertical-align: baseline;\">GW &#8211; Equipamento port\u00e1til de aquecimento a g\u00e1s sem eletricidade<\/span><\/h3>\n<div> \t\t<\/div>\n<p><\/span><span id=\"docs-internal-guid-13a94195-7fff-faa4-a2e5-eea07976982c\"><\/span><img decoding=\"async\" src=\"https:\/\/www.metmann.com\/wp-content\/uploads\/2021\/09\/gw-web-2.jpg\" alt=\"\" style=\"margin-top:0px;margin-right:0px;margin-bottom:0px;margin-left:0px;;width:350px;;height:385px;\" border=\"0\" \/> <\/p>\n<div>&nbsp;<\/div>\n<div><span id=\"docs-internal-guid-13a94195-7fff-faa4-a2e5-eea07976982c\"> \t\t<\/p>\n<p dir=\"ltr\" style=\"line-height: 1.38; margin-top: 0pt; margin-bottom: 0pt;\"><span style=\"font-variant-numeric: normal; font-variant-east-asian: normal; vertical-align: baseline;\"><\/span><\/p>\n<p dir=\"ltr\" style=\"line-height: 1.38; margin-top: 0pt; margin-bottom: 0pt;\"><span style=\"font-variant-numeric: normal; font-variant-east-asian: normal; vertical-align: baseline;\">Esses sistemas s\u00e3o ideais para aplica\u00e7\u00f5es ao ar livre, pois s\u00e3o equipamentos que podem funcionar com g\u00e1s butano ou propano com grande poder calor\u00edfico (15 a 31 kW), que funcionam sem a necessidade de serem alimentados por corrente el&eacute;trica e que tamb&eacute;m incorporam um sistema de seguran\u00e7a anti-queda.<\/p>\n<p> \t\t\t\tA sua utiliza\u00e7\u00e3o &eacute; para espa\u00e7os abertos onde seja necess\u00e1ria uma fonte de calor, como mercados, trabalhos ao ar livre ou \u00e1reas devidamente ventiladas sem a entrada de crian\u00e7as para evitar que toquem nas partes quentes do equipamento.<\/p>\n<p> \t\t\t\tVoc\u00ea encontrar\u00e1 a ficha t&eacute;cnica deste modelo no <span style=\"font-weight: bold;\"><a href=\"http:\/\/www.metmann.com\/es\/p525988_Calefacci%C3%B3n-espacios-abiertos-a-gas-butano---GW\" target=\"_blank\" rel=\"\">link<\/a><\/span><\/span><span id=\"docs-internal-guid-13a94195-7fff-faa4-a2e5-eea07976982c\"><\/span><\/p>\n<p dir=\"ltr\" style=\"line-height: 1.38; margin-top: 0pt; margin-bottom: 0pt;\"> \t\t\t<\/p>\n<p><\/span><\/div>\n<p><span id=\"docs-internal-guid-13a94195-7fff-faa4-a2e5-eea07976982c\"><\/span><span id=\"docs-internal-guid-13a94195-7fff-faa4-a2e5-eea07976982c\"><\/span><span id=\"docs-internal-guid-13a94195-7fff-faa4-a2e5-eea07976982c\"> \t<\/p>\n<p dir=\"ltr\" style=\"line-height: 1.38; margin-top: 0pt; margin-bottom: 0pt;\"><span style=\"font-variant-numeric: normal; font-variant-east-asian: normal; vertical-align: baseline;\"><\/span><\/p>\n<p dir=\"ltr\" style=\"line-height: 1.38; margin-top: 0pt; margin-bottom: 0pt;\"><span id=\"docs-internal-guid-13a94195-7fff-faa4-a2e5-eea07976982c\"><\/span><\/p>\n<h3 dir=\"ltr\" style=\"line-height:1.38;margin-top:16pt;margin-bottom:4pt;\"><span style=\"font-variant-numeric: normal; font-variant-east-asian: normal; vertical-align: baseline;\">INFRA MANN P &#8211; Equipamento port\u00e1til de aquecimento infravermelho<\/span><\/h3>\n<p><\/span>   <\/p>\n<p>&nbsp;<\/p>\n<p dir=\"ltr\" style=\"line-height: 1.38; margin-top: 0pt; margin-bottom: 0pt;\"><span style=\"font-variant-numeric: normal; font-variant-east-asian: normal; vertical-align: baseline;\"><\/span><\/p>\n<p dir=\"ltr\" style=\"line-height: 1.38; margin-top: 0pt; margin-bottom: 0pt;\"><span style=\"font-variant-numeric: normal; font-variant-east-asian: normal; vertical-align: baseline;\"><\/span><\/p>\n<p dir=\"ltr\" style=\"line-height: 1.38; margin-top: 0pt; margin-bottom: 0pt;\"><img decoding=\"async\" src=\"https:\/\/www.metmann.com\/wp-content\/uploads\/2021\/09\/infra-p-web.jpg\" alt=\"\" style=\"margin-top:0px;margin-right:0px;margin-bottom:0px;margin-left:0px;;width:350px;;height:524px;\" border=\"0\" \/>&nbsp;<\/p>\n<p>Quando o espa\u00e7o a ser aquecido n\u00e3o requer movimenta\u00e7\u00e3o de ar e se busca eliminar o ru\u00eddo dos ventiladores, o equipamento Infra Mann P &eacute; a solu\u00e7\u00e3o.<\/p>\n<p> Esses dispositivos possuem 3 l\u00e2mpadas infravermelhas de quartzo que conseguem aquecer o ambiente de forma eficaz usando ondas infravermelhas de curto alcance.<\/p>\n<p> S\u00e3o equipamentos operados eletricamente para aliviar o frio em qualquer situa\u00e7\u00e3o que n\u00e3o requeira um sistema de alta pot\u00eancia. Por isso, seu uso &eacute; especialmente recomendado para aquecimento de \u00e1reas pr\u00f3ximas.<\/p>\n<p> Descubra nossas solu\u00e7\u00f5es de aquecimento infravermelho port\u00e1til na ficha do produto atrav&eacute;s deste <span style=\"font-weight: bold;\"><a href=\"http:\/\/www.metmann.com\/es\/p525992_Calefacci%C3%B3n-infrarroja-port%C3%A1til-de-1-5-kW---INFRA-MANN-P\" target=\"_blank\" rel=\"\">link<\/a><\/span>.<span id=\"docs-internal-guid-13a94195-7fff-faa4-a2e5-eea07976982c\"> \t \t<\/p>\n<h2 dir=\"ltr\" style=\"line-height:1.38;margin-top:18pt;margin-bottom:6pt;\"><span style=\"font-variant-numeric: normal; font-variant-east-asian: normal; vertical-align: baseline;\">A solu\u00e7\u00e3o de aquecimento port\u00e1til de que voc\u00ea precisa est\u00e1 na MET MANN<\/span><\/h2>\n<p dir=\"ltr\" style=\"line-height: 1.38; margin-top: 0pt; margin-bottom: 0pt;\"><span style=\"font-variant-numeric: normal; font-variant-east-asian: normal; vertical-align: baseline;\">Se necessitar de aconselhamento especializado, n\u00e3o hesite em contactar o nosso departamento comercial atrav&eacute;s do Tel. +34 93 851 15 99<\/span><span style=\"font-variant-numeric: normal; font-variant-east-asian: normal; vertical-align: baseline;\"><span style=\"font-weight: bold;\"><\/span><\/span><\/p>\n<p><\/span><\/p>\n","protected":false},"excerpt":{"rendered":"<p><span id=\"docs-internal-guid-ab6eb5e3-7fff-9cd3-ad87-c206a8b5fc90\"><span style=\"font-variant-numeric: normal; font-variant-east-asian: normal; vertical-align: baseline;\"><\/span><span style=\"font-variant-numeric: normal; font-variant-east-asian: normal; vertical-align: baseline;\">O inverno e o frio chegaram. E junto com eles surgiu, como sempre, a necessidade de climatizar e aquecer os processos e espa\u00e7os de muitas empresas. S\u00e3o muitos os setores em que s\u00e3o necess\u00e1rias solu\u00e7\u00f5es de aquecimento que se adaptem a diferentes atividades, espa\u00e7os e condi\u00e7\u00f5es. Para situa\u00e7\u00f5es em que &eacute; necess\u00e1rio equipamento altamente flex\u00edvel, o aquecimento industrial port\u00e1til &eacute; a melhor alternativa.<br \/>\n\t\t<\/span><\/span><\/p>\n","protected":false},"author":1,"featured_media":525,"comment_status":"open","ping_status":"open","sticky":false,"template":"","format":"standard","meta":{"_acf_changed":false,"_et_pb_use_builder":"","_et_pb_old_content":"","_et_gb_content_width":"","_joinchat":[],"footnotes":""},"categories":[55],"tags":[],"acf":[],"yoast_head":"<!-- This site is optimized with the Yoast SEO plugin v22.6 - https:\/\/yoast.com\/wordpress\/plugins\/seo\/ -->\r\n<title>Equipamento de aquecimento port\u00e1til MET MANN<\/title>\r\n<meta name=\"description\" content=\"O aquecimento port\u00e1til industrial \u00e9 a melhor op\u00e7\u00e3o se voc\u00ea precisa de equipamentos muito flex\u00edveis. Ajudamos voc\u00ea a escolher o sistema mais adequado para o seu neg\u00f3cio.\" \/>\r\n<meta name=\"robots\" content=\"index, follow, max-snippet:-1, max-image-preview:large, max-video-preview:-1\" \/>\r\n<link rel=\"canonical\" href=\"https:\/\/www.metmann.com\/pt-pt\/equipamento-portatil-de-aquecimento-industrial-comercial-e-agricola\/\" \/>\r\n<meta property=\"og:locale\" content=\"pt_PT\" \/>\r\n<meta property=\"og:type\" content=\"article\" \/>\r\n<meta property=\"og:title\" content=\"Equipamento de aquecimento port\u00e1til MET MANN\" \/>\r\n<meta property=\"og:description\" content=\"O aquecimento port\u00e1til industrial \u00e9 a melhor op\u00e7\u00e3o se voc\u00ea precisa de equipamentos muito flex\u00edveis. Ajudamos voc\u00ea a escolher o sistema mais adequado para o seu neg\u00f3cio.\" \/>\r\n<meta property=\"og:url\" content=\"https:\/\/www.metmann.com\/pt-pt\/equipamento-portatil-de-aquecimento-industrial-comercial-e-agricola\/\" \/>\r\n<meta property=\"og:site_name\" content=\"MET MANN\" \/>\r\n<meta property=\"article:published_time\" content=\"2020-12-15T00:00:00+00:00\" \/>\r\n<meta property=\"og:image\" content=\"https:\/\/www.metmann.com\/wp-content\/uploads\/2021\/09\/1609842482_aBX3.jpg\" \/>\r\n<meta name=\"author\" content=\"Marcelo Gonfar\" \/>\r\n<meta name=\"twitter:card\" content=\"summary_large_image\" \/>\r\n<meta name=\"twitter:title\" content=\"Equipamento de aquecimento port\u00e1til MET MANN\" \/>\r\n<meta name=\"twitter:description\" content=\"O aquecimento port\u00e1til industrial \u00e9 a melhor op\u00e7\u00e3o se voc\u00ea precisa de equipamentos muito flex\u00edveis. Ajudamos voc\u00ea a escolher o sistema mais adequado para o seu neg\u00f3cio.\" \/>\r\n<meta name=\"twitter:image\" content=\"https:\/\/www.metmann.com\/wp-content\/uploads\/2021\/09\/1609842482_aBX3.jpg\" \/>\r\n<meta name=\"twitter:label1\" content=\"Escrito por\" \/>\n\t<meta name=\"twitter:data1\" content=\"Marcelo Gonfar\" \/>\n\t<meta name=\"twitter:label2\" content=\"Tempo estimado de leitura\" \/>\n\t<meta name=\"twitter:data2\" content=\"5 minutos\" \/>\r\n<script type=\"application\/ld+json\" class=\"yoast-schema-graph\">{\"@context\":\"https:\/\/schema.org\",\"@graph\":[{\"@type\":\"Article\",\"@id\":\"https:\/\/www.metmann.com\/pt-pt\/equipamento-portatil-de-aquecimento-industrial-comercial-e-agricola\/#article\",\"isPartOf\":{\"@id\":\"https:\/\/www.metmann.com\/pt-pt\/equipamento-portatil-de-aquecimento-industrial-comercial-e-agricola\/\"},\"author\":{\"name\":\"Marcelo Gonfar\",\"@id\":\"https:\/\/www.metmann.com\/pt-pt\/#\/schema\/person\/abb061f44d31128f243c7e8c9677bb01\"},\"headline\":\"Equipamento port\u00e1til de aquecimento industrial, comercial e agr\u00edcola\",\"datePublished\":\"2020-12-15T00:00:00+00:00\",\"dateModified\":\"2020-12-15T00:00:00+00:00\",\"mainEntityOfPage\":{\"@id\":\"https:\/\/www.metmann.com\/pt-pt\/equipamento-portatil-de-aquecimento-industrial-comercial-e-agricola\/\"},\"wordCount\":1086,\"commentCount\":0,\"publisher\":{\"@id\":\"https:\/\/www.metmann.com\/pt-pt\/#organization\"},\"image\":{\"@id\":\"https:\/\/www.metmann.com\/pt-pt\/equipamento-portatil-de-aquecimento-industrial-comercial-e-agricola\/#primaryimage\"},\"thumbnailUrl\":\"https:\/\/www.metmann.com\/wp-content\/uploads\/2021\/09\/1609842482_aBX3-e1688548596231.jpg\",\"articleSection\":[\"Noticias\"],\"inLanguage\":\"pt-PT\",\"potentialAction\":[{\"@type\":\"CommentAction\",\"name\":\"Comment\",\"target\":[\"https:\/\/www.metmann.com\/pt-pt\/equipamento-portatil-de-aquecimento-industrial-comercial-e-agricola\/#respond\"]}]},{\"@type\":\"WebPage\",\"@id\":\"https:\/\/www.metmann.com\/pt-pt\/equipamento-portatil-de-aquecimento-industrial-comercial-e-agricola\/\",\"url\":\"https:\/\/www.metmann.com\/pt-pt\/equipamento-portatil-de-aquecimento-industrial-comercial-e-agricola\/\",\"name\":\"Equipamento de aquecimento port\u00e1til MET MANN\",\"isPartOf\":{\"@id\":\"https:\/\/www.metmann.com\/pt-pt\/#website\"},\"primaryImageOfPage\":{\"@id\":\"https:\/\/www.metmann.com\/pt-pt\/equipamento-portatil-de-aquecimento-industrial-comercial-e-agricola\/#primaryimage\"},\"image\":{\"@id\":\"https:\/\/www.metmann.com\/pt-pt\/equipamento-portatil-de-aquecimento-industrial-comercial-e-agricola\/#primaryimage\"},\"thumbnailUrl\":\"https:\/\/www.metmann.com\/wp-content\/uploads\/2021\/09\/1609842482_aBX3-e1688548596231.jpg\",\"datePublished\":\"2020-12-15T00:00:00+00:00\",\"dateModified\":\"2020-12-15T00:00:00+00:00\",\"description\":\"O aquecimento port\u00e1til industrial \u00e9 a melhor op\u00e7\u00e3o se voc\u00ea precisa de equipamentos muito flex\u00edveis. Ajudamos voc\u00ea a escolher o sistema mais adequado para o seu neg\u00f3cio.\",\"breadcrumb\":{\"@id\":\"https:\/\/www.metmann.com\/pt-pt\/equipamento-portatil-de-aquecimento-industrial-comercial-e-agricola\/#breadcrumb\"},\"inLanguage\":\"pt-PT\",\"potentialAction\":[{\"@type\":\"ReadAction\",\"target\":[\"https:\/\/www.metmann.com\/pt-pt\/equipamento-portatil-de-aquecimento-industrial-comercial-e-agricola\/\"]}]},{\"@type\":\"ImageObject\",\"inLanguage\":\"pt-PT\",\"@id\":\"https:\/\/www.metmann.com\/pt-pt\/equipamento-portatil-de-aquecimento-industrial-comercial-e-agricola\/#primaryimage\",\"url\":\"https:\/\/www.metmann.com\/wp-content\/uploads\/2021\/09\/1609842482_aBX3-e1688548596231.jpg\",\"contentUrl\":\"https:\/\/www.metmann.com\/wp-content\/uploads\/2021\/09\/1609842482_aBX3-e1688548596231.jpg\",\"width\":400,\"height\":300},{\"@type\":\"BreadcrumbList\",\"@id\":\"https:\/\/www.metmann.com\/pt-pt\/equipamento-portatil-de-aquecimento-industrial-comercial-e-agricola\/#breadcrumb\",\"itemListElement\":[{\"@type\":\"ListItem\",\"position\":1,\"name\":\"Inicio\",\"item\":\"https:\/\/www.metmann.com\/pt-pt\/\"},{\"@type\":\"ListItem\",\"position\":2,\"name\":\"Noticias\",\"item\":\"https:\/\/www.metmann.com\/pt-pt\/category\/noticias-pt-pt\/\"},{\"@type\":\"ListItem\",\"position\":3,\"name\":\"Equipamento port\u00e1til de aquecimento industrial, comercial e agr\u00edcola\"}]},{\"@type\":\"WebSite\",\"@id\":\"https:\/\/www.metmann.com\/pt-pt\/#website\",\"url\":\"https:\/\/www.metmann.com\/pt-pt\/\",\"name\":\"MET MANN\",\"description\":\"Climatizaci\u00f3n industrial, Calefactores y Ventilaci\u00f3n para empresas\",\"publisher\":{\"@id\":\"https:\/\/www.metmann.com\/pt-pt\/#organization\"},\"potentialAction\":[{\"@type\":\"SearchAction\",\"target\":{\"@type\":\"EntryPoint\",\"urlTemplate\":\"https:\/\/www.metmann.com\/pt-pt\/?s={search_term_string}\"},\"query-input\":\"required name=search_term_string\"}],\"inLanguage\":\"pt-PT\"},{\"@type\":\"Organization\",\"@id\":\"https:\/\/www.metmann.com\/pt-pt\/#organization\",\"name\":\"Met Mann\",\"url\":\"https:\/\/www.metmann.com\/pt-pt\/\",\"logo\":{\"@type\":\"ImageObject\",\"inLanguage\":\"pt-PT\",\"@id\":\"https:\/\/www.metmann.com\/pt-pt\/#\/schema\/logo\/image\/\",\"url\":\"https:\/\/www.metmann.com\/wp-content\/uploads\/2021\/12\/logo-color-met-mann-01.jpg\",\"contentUrl\":\"https:\/\/www.metmann.com\/wp-content\/uploads\/2021\/12\/logo-color-met-mann-01.jpg\",\"width\":351,\"height\":133,\"caption\":\"Met Mann\"},\"image\":{\"@id\":\"https:\/\/www.metmann.com\/pt-pt\/#\/schema\/logo\/image\/\"}},{\"@type\":\"Person\",\"@id\":\"https:\/\/www.metmann.com\/pt-pt\/#\/schema\/person\/abb061f44d31128f243c7e8c9677bb01\",\"name\":\"Marcelo Gonfar\",\"image\":{\"@type\":\"ImageObject\",\"inLanguage\":\"pt-PT\",\"@id\":\"https:\/\/www.metmann.com\/pt-pt\/#\/schema\/person\/image\/\",\"url\":\"https:\/\/secure.gravatar.com\/avatar\/f8e37661ecf23489bf1e65088ca5cfbd?s=96&d=mm&r=g\",\"contentUrl\":\"https:\/\/secure.gravatar.com\/avatar\/f8e37661ecf23489bf1e65088ca5cfbd?s=96&d=mm&r=g\",\"caption\":\"Marcelo Gonfar\"},\"url\":\"https:\/\/www.metmann.com\/pt-pt\/author\/produccionvisualpublinet-com\/\"}]}<\/script>\r\n<!-- \/ Yoast SEO plugin. -->","yoast_head_json":{"title":"Equipamento de aquecimento port\u00e1til MET MANN","description":"O aquecimento port\u00e1til industrial \u00e9 a melhor op\u00e7\u00e3o se voc\u00ea precisa de equipamentos muito flex\u00edveis. Ajudamos voc\u00ea a escolher o sistema mais adequado para o seu neg\u00f3cio.","robots":{"index":"index","follow":"follow","max-snippet":"max-snippet:-1","max-image-preview":"max-image-preview:large","max-video-preview":"max-video-preview:-1"},"canonical":"https:\/\/www.metmann.com\/pt-pt\/equipamento-portatil-de-aquecimento-industrial-comercial-e-agricola\/","og_locale":"pt_PT","og_type":"article","og_title":"Equipamento de aquecimento port\u00e1til MET MANN","og_description":"O aquecimento port\u00e1til industrial \u00e9 a melhor op\u00e7\u00e3o se voc\u00ea precisa de equipamentos muito flex\u00edveis. Ajudamos voc\u00ea a escolher o sistema mais adequado para o seu neg\u00f3cio.","og_url":"https:\/\/www.metmann.com\/pt-pt\/equipamento-portatil-de-aquecimento-industrial-comercial-e-agricola\/","og_site_name":"MET MANN","article_published_time":"2020-12-15T00:00:00+00:00","og_image":[{"url":"https:\/\/www.metmann.com\/wp-content\/uploads\/2021\/09\/1609842482_aBX3.jpg"}],"author":"Marcelo Gonfar","twitter_card":"summary_large_image","twitter_title":"Equipamento de aquecimento port\u00e1til MET MANN","twitter_description":"O aquecimento port\u00e1til industrial \u00e9 a melhor op\u00e7\u00e3o se voc\u00ea precisa de equipamentos muito flex\u00edveis. Ajudamos voc\u00ea a escolher o sistema mais adequado para o seu neg\u00f3cio.","twitter_image":"https:\/\/www.metmann.com\/wp-content\/uploads\/2021\/09\/1609842482_aBX3.jpg","twitter_misc":{"Escrito por":"Marcelo Gonfar","Tempo estimado de leitura":"5 minutos"},"schema":{"@context":"https:\/\/schema.org","@graph":[{"@type":"Article","@id":"https:\/\/www.metmann.com\/pt-pt\/equipamento-portatil-de-aquecimento-industrial-comercial-e-agricola\/#article","isPartOf":{"@id":"https:\/\/www.metmann.com\/pt-pt\/equipamento-portatil-de-aquecimento-industrial-comercial-e-agricola\/"},"author":{"name":"Marcelo Gonfar","@id":"https:\/\/www.metmann.com\/pt-pt\/#\/schema\/person\/abb061f44d31128f243c7e8c9677bb01"},"headline":"Equipamento port\u00e1til de aquecimento industrial, comercial e agr\u00edcola","datePublished":"2020-12-15T00:00:00+00:00","dateModified":"2020-12-15T00:00:00+00:00","mainEntityOfPage":{"@id":"https:\/\/www.metmann.com\/pt-pt\/equipamento-portatil-de-aquecimento-industrial-comercial-e-agricola\/"},"wordCount":1086,"commentCount":0,"publisher":{"@id":"https:\/\/www.metmann.com\/pt-pt\/#organization"},"image":{"@id":"https:\/\/www.metmann.com\/pt-pt\/equipamento-portatil-de-aquecimento-industrial-comercial-e-agricola\/#primaryimage"},"thumbnailUrl":"https:\/\/www.metmann.com\/wp-content\/uploads\/2021\/09\/1609842482_aBX3-e1688548596231.jpg","articleSection":["Noticias"],"inLanguage":"pt-PT","potentialAction":[{"@type":"CommentAction","name":"Comment","target":["https:\/\/www.metmann.com\/pt-pt\/equipamento-portatil-de-aquecimento-industrial-comercial-e-agricola\/#respond"]}]},{"@type":"WebPage","@id":"https:\/\/www.metmann.com\/pt-pt\/equipamento-portatil-de-aquecimento-industrial-comercial-e-agricola\/","url":"https:\/\/www.metmann.com\/pt-pt\/equipamento-portatil-de-aquecimento-industrial-comercial-e-agricola\/","name":"Equipamento de aquecimento port\u00e1til MET MANN","isPartOf":{"@id":"https:\/\/www.metmann.com\/pt-pt\/#website"},"primaryImageOfPage":{"@id":"https:\/\/www.metmann.com\/pt-pt\/equipamento-portatil-de-aquecimento-industrial-comercial-e-agricola\/#primaryimage"},"image":{"@id":"https:\/\/www.metmann.com\/pt-pt\/equipamento-portatil-de-aquecimento-industrial-comercial-e-agricola\/#primaryimage"},"thumbnailUrl":"https:\/\/www.metmann.com\/wp-content\/uploads\/2021\/09\/1609842482_aBX3-e1688548596231.jpg","datePublished":"2020-12-15T00:00:00+00:00","dateModified":"2020-12-15T00:00:00+00:00","description":"O aquecimento port\u00e1til industrial \u00e9 a melhor op\u00e7\u00e3o se voc\u00ea precisa de equipamentos muito flex\u00edveis. Ajudamos voc\u00ea a escolher o sistema mais adequado para o seu neg\u00f3cio.","breadcrumb":{"@id":"https:\/\/www.metmann.com\/pt-pt\/equipamento-portatil-de-aquecimento-industrial-comercial-e-agricola\/#breadcrumb"},"inLanguage":"pt-PT","potentialAction":[{"@type":"ReadAction","target":["https:\/\/www.metmann.com\/pt-pt\/equipamento-portatil-de-aquecimento-industrial-comercial-e-agricola\/"]}]},{"@type":"ImageObject","inLanguage":"pt-PT","@id":"https:\/\/www.metmann.com\/pt-pt\/equipamento-portatil-de-aquecimento-industrial-comercial-e-agricola\/#primaryimage","url":"https:\/\/www.metmann.com\/wp-content\/uploads\/2021\/09\/1609842482_aBX3-e1688548596231.jpg","contentUrl":"https:\/\/www.metmann.com\/wp-content\/uploads\/2021\/09\/1609842482_aBX3-e1688548596231.jpg","width":400,"height":300},{"@type":"BreadcrumbList","@id":"https:\/\/www.metmann.com\/pt-pt\/equipamento-portatil-de-aquecimento-industrial-comercial-e-agricola\/#breadcrumb","itemListElement":[{"@type":"ListItem","position":1,"name":"Inicio","item":"https:\/\/www.metmann.com\/pt-pt\/"},{"@type":"ListItem","position":2,"name":"Noticias","item":"https:\/\/www.metmann.com\/pt-pt\/category\/noticias-pt-pt\/"},{"@type":"ListItem","position":3,"name":"Equipamento port\u00e1til de aquecimento industrial, comercial e agr\u00edcola"}]},{"@type":"WebSite","@id":"https:\/\/www.metmann.com\/pt-pt\/#website","url":"https:\/\/www.metmann.com\/pt-pt\/","name":"MET MANN","description":"Climatizaci\u00f3n industrial, Calefactores y Ventilaci\u00f3n para empresas","publisher":{"@id":"https:\/\/www.metmann.com\/pt-pt\/#organization"},"potentialAction":[{"@type":"SearchAction","target":{"@type":"EntryPoint","urlTemplate":"https:\/\/www.metmann.com\/pt-pt\/?s={search_term_string}"},"query-input":"required name=search_term_string"}],"inLanguage":"pt-PT"},{"@type":"Organization","@id":"https:\/\/www.metmann.com\/pt-pt\/#organization","name":"Met Mann","url":"https:\/\/www.metmann.com\/pt-pt\/","logo":{"@type":"ImageObject","inLanguage":"pt-PT","@id":"https:\/\/www.metmann.com\/pt-pt\/#\/schema\/logo\/image\/","url":"https:\/\/www.metmann.com\/wp-content\/uploads\/2021\/12\/logo-color-met-mann-01.jpg","contentUrl":"https:\/\/www.metmann.com\/wp-content\/uploads\/2021\/12\/logo-color-met-mann-01.jpg","width":351,"height":133,"caption":"Met Mann"},"image":{"@id":"https:\/\/www.metmann.com\/pt-pt\/#\/schema\/logo\/image\/"}},{"@type":"Person","@id":"https:\/\/www.metmann.com\/pt-pt\/#\/schema\/person\/abb061f44d31128f243c7e8c9677bb01","name":"Marcelo Gonfar","image":{"@type":"ImageObject","inLanguage":"pt-PT","@id":"https:\/\/www.metmann.com\/pt-pt\/#\/schema\/person\/image\/","url":"https:\/\/secure.gravatar.com\/avatar\/f8e37661ecf23489bf1e65088ca5cfbd?s=96&d=mm&r=g","contentUrl":"https:\/\/secure.gravatar.com\/avatar\/f8e37661ecf23489bf1e65088ca5cfbd?s=96&d=mm&r=g","caption":"Marcelo Gonfar"},"url":"https:\/\/www.metmann.com\/pt-pt\/author\/produccionvisualpublinet-com\/"}]}},"_links":{"self":[{"href":"https:\/\/www.metmann.com\/pt-pt\/wp-json\/wp\/v2\/posts\/2373"}],"collection":[{"href":"https:\/\/www.metmann.com\/pt-pt\/wp-json\/wp\/v2\/posts"}],"about":[{"href":"https:\/\/www.metmann.com\/pt-pt\/wp-json\/wp\/v2\/types\/post"}],"author":[{"embeddable":true,"href":"https:\/\/www.metmann.com\/pt-pt\/wp-json\/wp\/v2\/users\/1"}],"replies":[{"embeddable":true,"href":"https:\/\/www.metmann.com\/pt-pt\/wp-json\/wp\/v2\/comments?post=2373"}],"version-history":[{"count":0,"href":"https:\/\/www.metmann.com\/pt-pt\/wp-json\/wp\/v2\/posts\/2373\/revisions"}],"wp:featuredmedia":[{"embeddable":true,"href":"https:\/\/www.metmann.com\/pt-pt\/wp-json\/wp\/v2\/media\/525"}],"wp:attachment":[{"href":"https:\/\/www.metmann.com\/pt-pt\/wp-json\/wp\/v2\/media?parent=2373"}],"wp:term":[{"taxonomy":"category","embeddable":true,"href":"https:\/\/www.metmann.com\/pt-pt\/wp-json\/wp\/v2\/categories?post=2373"},{"taxonomy":"post_tag","embeddable":true,"href":"https:\/\/www.metmann.com\/pt-pt\/wp-json\/wp\/v2\/tags?post=2373"}],"curies":[{"name":"wp","href":"https:\/\/api.w.org\/{rel}","templated":true}]}}