{"id":2374,"date":"2021-02-18T00:00:00","date_gmt":"2021-02-18T00:00:00","guid":{"rendered":"https:\/\/metmann.com.185-176-9-81.185-176-9-81.visualpublinet.com\/ar-condicionado-evaporativo-em-mercabarna\/"},"modified":"2021-02-18T00:00:00","modified_gmt":"2021-02-18T00:00:00","slug":"ar-condicionado-evaporativo-em-mercabarna","status":"publish","type":"post","link":"https:\/\/www.metmann.com\/pt-pt\/ar-condicionado-evaporativo-em-mercabarna\/","title":{"rendered":"Ar condicionado evaporativo em MERCABARNA"},"content":{"rendered":"<p dir=\"ltr\" id=\"docs-internal-guid-43df5bce-7fff-d801-af13-021541e4a398\" style=\"-webkit-text-size-adjust: auto; line-height: 1.38; margin-top: 0pt; margin-bottom: 3pt;\"><span style=\"font-size: 26pt; font-family: Arial; font-variant-ligatures: normal; font-variant-east-asian: normal; font-variant-position: normal; vertical-align: baseline; white-space: pre-wrap;\">Ar condicionado evaporativo em <\/span><img decoding=\"async\" src=\"https:\/\/www.metmann.com\/wp-content\/uploads\/2021\/09\/logo-mercabarna.gif\" alt=\"\" style=\"margin-top:0px;margin-right:0px;margin-bottom:0px;margin-left:0px;;width:235px;;height:54px;\" border=\"0\" \/><\/p>\n<p><br style=\"-webkit-text-size-adjust: auto;\" \/> O ar condicionado evaporativo &eacute;, como j\u00e1 mencionamos em muitos outros posts, uma alternativa limpa e sustent\u00e1vel para criar clima. Tanto &eacute; que recentemente um \u00edcone da ind\u00fastria alimentar em nosso pa\u00eds como a Mercabarna decidiu apostar nesta inovadora e eficiente forma de climatizar as instala\u00e7\u00f5es do seu mercado org\u00e2nico.<\/p>\n<p> Quer saber como est\u00e1 o processo? N\u00f3s vamos te contar ent\u00e3o. <\/p>\n<div> \t<\/div>\n<p><img decoding=\"async\" src=\"https:\/\/www.metmann.com\/wp-content\/uploads\/2021\/09\/MARCABARNA-05.jpg\" alt=\"\" style=\"margin-top:0px;margin-right:0px;margin-bottom:0px;margin-left:0px;;width:350px;;height:350px;\" border=\"0\" \/> <\/p>\n<h2 dir=\"ltr\" style=\"-webkit-text-size-adjust: auto; line-height: 1.38; margin-top: 18pt; margin-bottom: 6pt;\"><span style=\"font-size: 16pt; font-family: Arial; font-weight: 400; font-variant-ligatures: normal; font-variant-east-asian: normal; font-variant-position: normal; vertical-align: baseline; white-space: pre-wrap;\">Por que a MERCABARNA apostaria no ar condicionado evaporativo do MET MANN?<\/span><\/h2>\n<p><br style=\"-webkit-text-size-adjust: auto;\" \/> O MERCABARNA &eacute; um p\u00f3lo de neg\u00f3cios dedicado \u00e0 ind\u00fastria alimentar, j\u00e1 consolidado como um dos principais mercados grossistas de alimentos frescos da Europa. Concentrando mais de 700 empresas em suas instala\u00e7\u00f5es, &eacute; especializada na distribui\u00e7\u00e3o, processamento e importa\u00e7\u00e3o e exporta\u00e7\u00e3o de alimentos frescos e congelados.<\/p>\n<p> Pelas suas caracter\u00edsticas, muitos dos seus armaz&eacute;ns requerem sistemas de climatiza\u00e7\u00e3o muito potentes que garantem a frescura e a qualidade do produto a\u00ed gerido.<\/p>\n<p> Nos \u00faltimos anos, a MERCABARNA deu um salto rumo \u00e0 sustentabilidade e, entre muitas outras a\u00e7\u00f5es, lan\u00e7ou o seu Biomercado, o primeiro mercado atacadista de alimentos in natura em nosso pa\u00eds.<\/p>\n<div>Dentro deste compromisso com a sustentabilidade, a escolha de um sistema de ar condicionado evaporativo que permita ajustar a temperatura de suas instala\u00e7\u00f5es de forma ecologicamente correta faz todo o sentido.<\/div>\n<div> \t<\/div>\n<p><img decoding=\"async\" src=\"https:\/\/www.metmann.com\/wp-content\/uploads\/2021\/09\/MARCABARNA-04.jpg\" alt=\"\" style=\"margin-top:0px;margin-right:0px;margin-bottom:0px;margin-left:0px;;width:350px;;height:350px;\" border=\"0\" \/><br style=\"-webkit-text-size-adjust: auto;\" \/>  <\/p>\n<h2 dir=\"ltr\" style=\"-webkit-text-size-adjust: auto; line-height: 1.38; margin-top: 18pt; margin-bottom: 6pt;\"><span style=\"font-size: 16pt; font-family: Arial; font-weight: 400; font-variant-ligatures: normal; font-variant-east-asian: normal; font-variant-position: normal; vertical-align: baseline; white-space: pre-wrap;\">Quais s\u00e3o os equipamentos de ar condicionado evaporativo que a Mercabarna escolheu para suas instala\u00e7\u00f5es?<\/span><\/h2>\n<p><br style=\"-webkit-text-size-adjust: auto;\" \/> Na MET MANN fabricamos solu\u00e7\u00f5es de ar condicionado para todos os tipos de necessidades, entre as quais podemos encontrar os refrigeradores evaporativos da s&eacute;rie AD.<\/p>\n<p> Atrav&eacute;s dos nossos clientes colaboradores, a empresa de instala\u00e7\u00e3o AIR-MONT Instalaciones se encarregou da instala\u00e7\u00e3o e comissionamento de v\u00e1rias unidades do modelo AD-15-H.<\/p>\n<p> Estes equipamentos permitem uma vaz\u00e3o de ar de at&eacute; 15.000 m3 \/ h garantindo um resfriamento constante e eficiente. Sua estrutura externa &eacute; constru\u00edda com materiais muito resistentes \u00e0 base de poliamidas espessas, o que permite que esses equipamentos fiquem ao ar livre e resistam \u00e0s intemp&eacute;ries sem nenhum problema.<\/p>\n<p> Nos demais componentes s\u00e3o utilizados materiais de primeira qualidade que garantem uma longa vida \u00fatil ao equipamento. Materiais como a\u00e7o galvanizado para os ventiladores ou a\u00e7o inoxid\u00e1vel com qualidade AISI-304 permitem que esses equipamentos trabalhem com seguran\u00e7a e sem a necessidade de manuten\u00e7\u00e3o cara dos equipamentos.<\/p>\n<p> O equipamento desta s&eacute;rie inclui um sistema de esvaziamento autom\u00e1tico, bem como um componente que permite ao sistema drenar continuamente a \u00e1gua para evitar altas concentra\u00e7\u00f5es de sais minerais no tanque.<\/p>\n<p> Mas o mais interessante desses equipamentos &eacute; o alto desempenho e a grande capacidade de economia de energia. O valor de criar clima e condicionar grandes espa\u00e7os sem afetar o alto consumo de energia ou utilizar elementos potencialmente prejudiciais ao meio ambiente &eacute;, sem d\u00favida, a principal raz\u00e3o pela qual a MERCABARNA optou por estes modelos. <\/p>\n<p dir=\"ltr\" style=\"-webkit-text-size-adjust: auto; line-height: 1.38; text-align: justify; margin-top: 0pt; margin-bottom: 0pt;\">&nbsp;<\/p>\n<p><img decoding=\"async\" src=\"https:\/\/www.metmann.com\/wp-content\/uploads\/2021\/09\/MARCABARNA-03.jpg\" alt=\"\" style=\"margin-top:0px;margin-right:0px;margin-bottom:0px;margin-left:0px;;width:350px;;height:349px;\" border=\"0\" \/><br style=\"-webkit-text-size-adjust: auto;\" \/>  <\/p>\n<h2 dir=\"ltr\" style=\"-webkit-text-size-adjust: auto; line-height: 1.38; text-align: justify; margin-top: 18pt; margin-bottom: 6pt;\"><span style=\"font-size: 16pt; font-family: Arial; font-weight: 400; font-variant-ligatures: normal; font-variant-east-asian: normal; font-variant-position: normal; vertical-align: baseline; white-space: pre-wrap;\">MET MANN, especialistas em resfriamento evaporativo<\/span><\/h2>\n<p dir=\"ltr\" style=\"-webkit-text-size-adjust: auto; line-height: 1.38; margin-top: 0pt; margin-bottom: 0pt;\"><span style=\"font-size: 11pt; font-family: Arial; font-variant-ligatures: normal; font-variant-east-asian: normal; font-variant-position: normal; vertical-align: baseline; white-space: pre-wrap;\">Na nossa empresa, h\u00e1 anos oferecemos solu\u00e7\u00f5es personalizadas para empresas em termos de ar condicionado profissional.&nbsp;<\/span><\/p>\n<p dir=\"ltr\" style=\"-webkit-text-size-adjust: auto; line-height: 1.38; margin-top: 0pt; margin-bottom: 0pt;\">&nbsp;<\/p>\n<p><img decoding=\"async\" src=\"https:\/\/www.metmann.com\/wp-content\/uploads\/2021\/09\/MARCABARNA-01.jpg\" alt=\"\" style=\"margin-top:0px;margin-right:0px;margin-bottom:0px;margin-left:0px;;width:350px;;height:349px;\" border=\"0\" \/><br style=\"-webkit-text-size-adjust: auto;\" \/>  <\/p>\n<div><span style=\"font-size: 11pt; font-family: Arial; font-variant-ligatures: normal; font-variant-east-asian: normal; font-variant-position: normal; vertical-align: baseline; white-space: pre-wrap;\"><\/span><\/div>\n<div>&nbsp;<\/div>\n<div><span style=\"font-size: 11pt; font-family: Arial; font-variant-ligatures: normal; font-variant-east-asian: normal; font-variant-position: normal; vertical-align: baseline; white-space: pre-wrap;\">Somos especialistas em climatiza\u00e7\u00e3o e refrigera\u00e7\u00e3o evaporativa e possu\u00edmos um vasto cat\u00e1logo para responder \u00e0s necessidades de qualquer tipo de ind\u00fastria. Se voc\u00ea precisar de algum tipo de informa\u00e7\u00e3o, tiver d\u00favidas sobre como climatizar sua empresa ou se interessar por algum de nossos produtos, nossa equipe de vendas ter\u00e1 o prazer de conhecer seu caso, estud\u00e1-lo e oferecer-lhe uma solu\u00e7\u00e3o personalizada para que aque\u00e7a ou o frio n\u00e3o se torna um problema novamente.<\/span><span style=\"font-size: 11pt; font-family: Arial; font-variant-ligatures: normal; font-variant-east-asian: normal; font-variant-position: normal; vertical-align: baseline; white-space: pre-wrap;\"><\/span><\/div>\n","protected":false},"excerpt":{"rendered":"<p>O ar condicionado evaporativo &eacute;, como j\u00e1 mencionamos em muitos outros posts, uma alternativa limpa e sustent\u00e1vel para criar clima. Tanto &eacute; que recentemente um \u00edcone da ind\u00fastria aliment\u00edcia em nosso pa\u00eds como a MERCABARNA decidiu apostar nesta forma inovadora de climatiza\u00e7\u00e3o nas instala\u00e7\u00f5es de seu mercado org\u00e2nico.<\/p>\n","protected":false},"author":1,"featured_media":21959,"comment_status":"open","ping_status":"open","sticky":false,"template":"","format":"standard","meta":{"_acf_changed":false,"_et_pb_use_builder":"","_et_pb_old_content":"","_et_gb_content_width":"","_joinchat":[],"footnotes":""},"categories":[55],"tags":[],"acf":[],"yoast_head":"<!-- This site is optimized with the Yoast SEO plugin v22.6 - https:\/\/yoast.com\/wordpress\/plugins\/seo\/ -->\r\n<title>Ar condicionado evaporativo em MERCABARNA<\/title>\r\n<meta name=\"description\" content=\"Os aparelhos de ar condicionado evaporativo MET MANN presentes no MERCABARNA s\u00e3o uma alternativa eficiente e sustent\u00e1vel a outros sistemas. N\u00f3s contamos porque eles nos escolheram.\" \/>\r\n<meta name=\"robots\" content=\"index, follow, max-snippet:-1, max-image-preview:large, max-video-preview:-1\" \/>\r\n<link rel=\"canonical\" href=\"https:\/\/www.metmann.com\/pt-pt\/ar-condicionado-evaporativo-em-mercabarna\/\" \/>\r\n<meta property=\"og:locale\" content=\"pt_PT\" \/>\r\n<meta property=\"og:type\" content=\"article\" \/>\r\n<meta property=\"og:title\" content=\"Ar condicionado evaporativo em MERCABARNA\" \/>\r\n<meta property=\"og:description\" content=\"Os aparelhos de ar condicionado evaporativo MET MANN presentes no MERCABARNA s\u00e3o uma alternativa eficiente e sustent\u00e1vel a outros sistemas. N\u00f3s contamos porque eles nos escolheram.\" \/>\r\n<meta property=\"og:url\" content=\"https:\/\/www.metmann.com\/pt-pt\/ar-condicionado-evaporativo-em-mercabarna\/\" \/>\r\n<meta property=\"og:site_name\" content=\"MET MANN\" \/>\r\n<meta property=\"article:published_time\" content=\"2021-02-18T00:00:00+00:00\" \/>\r\n<meta property=\"og:image\" content=\"https:\/\/www.metmann.com\/wp-content\/uploads\/2021\/09\/1616666465_l5ft.jpg\" \/>\r\n<meta name=\"author\" content=\"Marcelo Gonfar\" \/>\r\n<meta name=\"twitter:card\" content=\"summary_large_image\" \/>\r\n<meta name=\"twitter:title\" content=\"Ar condicionado evaporativo em MERCABARNA\" \/>\r\n<meta name=\"twitter:description\" content=\"Os aparelhos de ar condicionado evaporativo MET MANN presentes no MERCABARNA s\u00e3o uma alternativa eficiente e sustent\u00e1vel a outros sistemas. N\u00f3s contamos porque eles nos escolheram.\" \/>\r\n<meta name=\"twitter:image\" content=\"https:\/\/www.metmann.com\/wp-content\/uploads\/2021\/09\/1616666465_l5ft.jpg\" \/>\r\n<meta name=\"twitter:label1\" content=\"Escrito por\" \/>\n\t<meta name=\"twitter:data1\" content=\"Marcelo Gonfar\" \/>\n\t<meta name=\"twitter:label2\" content=\"Tempo estimado de leitura\" \/>\n\t<meta name=\"twitter:data2\" content=\"3 minutos\" \/>\r\n<script type=\"application\/ld+json\" class=\"yoast-schema-graph\">{\"@context\":\"https:\/\/schema.org\",\"@graph\":[{\"@type\":\"Article\",\"@id\":\"https:\/\/www.metmann.com\/pt-pt\/ar-condicionado-evaporativo-em-mercabarna\/#article\",\"isPartOf\":{\"@id\":\"https:\/\/www.metmann.com\/pt-pt\/ar-condicionado-evaporativo-em-mercabarna\/\"},\"author\":{\"name\":\"Marcelo Gonfar\",\"@id\":\"https:\/\/www.metmann.com\/pt-pt\/#\/schema\/person\/abb061f44d31128f243c7e8c9677bb01\"},\"headline\":\"Ar condicionado evaporativo em MERCABARNA\",\"datePublished\":\"2021-02-18T00:00:00+00:00\",\"dateModified\":\"2021-02-18T00:00:00+00:00\",\"mainEntityOfPage\":{\"@id\":\"https:\/\/www.metmann.com\/pt-pt\/ar-condicionado-evaporativo-em-mercabarna\/\"},\"wordCount\":616,\"commentCount\":0,\"publisher\":{\"@id\":\"https:\/\/www.metmann.com\/pt-pt\/#organization\"},\"image\":{\"@id\":\"https:\/\/www.metmann.com\/pt-pt\/ar-condicionado-evaporativo-em-mercabarna\/#primaryimage\"},\"thumbnailUrl\":\"https:\/\/www.metmann.com\/wp-content\/uploads\/2021\/02\/400_1616666465_l5ft-e1688547505226.jpg\",\"articleSection\":[\"Noticias\"],\"inLanguage\":\"pt-PT\",\"potentialAction\":[{\"@type\":\"CommentAction\",\"name\":\"Comment\",\"target\":[\"https:\/\/www.metmann.com\/pt-pt\/ar-condicionado-evaporativo-em-mercabarna\/#respond\"]}]},{\"@type\":\"WebPage\",\"@id\":\"https:\/\/www.metmann.com\/pt-pt\/ar-condicionado-evaporativo-em-mercabarna\/\",\"url\":\"https:\/\/www.metmann.com\/pt-pt\/ar-condicionado-evaporativo-em-mercabarna\/\",\"name\":\"Ar condicionado evaporativo em MERCABARNA\",\"isPartOf\":{\"@id\":\"https:\/\/www.metmann.com\/pt-pt\/#website\"},\"primaryImageOfPage\":{\"@id\":\"https:\/\/www.metmann.com\/pt-pt\/ar-condicionado-evaporativo-em-mercabarna\/#primaryimage\"},\"image\":{\"@id\":\"https:\/\/www.metmann.com\/pt-pt\/ar-condicionado-evaporativo-em-mercabarna\/#primaryimage\"},\"thumbnailUrl\":\"https:\/\/www.metmann.com\/wp-content\/uploads\/2021\/02\/400_1616666465_l5ft-e1688547505226.jpg\",\"datePublished\":\"2021-02-18T00:00:00+00:00\",\"dateModified\":\"2021-02-18T00:00:00+00:00\",\"description\":\"Os aparelhos de ar condicionado evaporativo MET MANN presentes no MERCABARNA s\u00e3o uma alternativa eficiente e sustent\u00e1vel a outros sistemas. N\u00f3s contamos porque eles nos escolheram.\",\"breadcrumb\":{\"@id\":\"https:\/\/www.metmann.com\/pt-pt\/ar-condicionado-evaporativo-em-mercabarna\/#breadcrumb\"},\"inLanguage\":\"pt-PT\",\"potentialAction\":[{\"@type\":\"ReadAction\",\"target\":[\"https:\/\/www.metmann.com\/pt-pt\/ar-condicionado-evaporativo-em-mercabarna\/\"]}]},{\"@type\":\"ImageObject\",\"inLanguage\":\"pt-PT\",\"@id\":\"https:\/\/www.metmann.com\/pt-pt\/ar-condicionado-evaporativo-em-mercabarna\/#primaryimage\",\"url\":\"https:\/\/www.metmann.com\/wp-content\/uploads\/2021\/02\/400_1616666465_l5ft-e1688547505226.jpg\",\"contentUrl\":\"https:\/\/www.metmann.com\/wp-content\/uploads\/2021\/02\/400_1616666465_l5ft-e1688547505226.jpg\",\"width\":400,\"height\":399},{\"@type\":\"BreadcrumbList\",\"@id\":\"https:\/\/www.metmann.com\/pt-pt\/ar-condicionado-evaporativo-em-mercabarna\/#breadcrumb\",\"itemListElement\":[{\"@type\":\"ListItem\",\"position\":1,\"name\":\"Inicio\",\"item\":\"https:\/\/www.metmann.com\/pt-pt\/\"},{\"@type\":\"ListItem\",\"position\":2,\"name\":\"Noticias\",\"item\":\"https:\/\/www.metmann.com\/pt-pt\/category\/noticias-pt-pt\/\"},{\"@type\":\"ListItem\",\"position\":3,\"name\":\"Ar condicionado evaporativo em MERCABARNA\"}]},{\"@type\":\"WebSite\",\"@id\":\"https:\/\/www.metmann.com\/pt-pt\/#website\",\"url\":\"https:\/\/www.metmann.com\/pt-pt\/\",\"name\":\"MET MANN\",\"description\":\"Climatizaci\u00f3n industrial, Calefactores y Ventilaci\u00f3n para empresas\",\"publisher\":{\"@id\":\"https:\/\/www.metmann.com\/pt-pt\/#organization\"},\"potentialAction\":[{\"@type\":\"SearchAction\",\"target\":{\"@type\":\"EntryPoint\",\"urlTemplate\":\"https:\/\/www.metmann.com\/pt-pt\/?s={search_term_string}\"},\"query-input\":\"required name=search_term_string\"}],\"inLanguage\":\"pt-PT\"},{\"@type\":\"Organization\",\"@id\":\"https:\/\/www.metmann.com\/pt-pt\/#organization\",\"name\":\"Met Mann\",\"url\":\"https:\/\/www.metmann.com\/pt-pt\/\",\"logo\":{\"@type\":\"ImageObject\",\"inLanguage\":\"pt-PT\",\"@id\":\"https:\/\/www.metmann.com\/pt-pt\/#\/schema\/logo\/image\/\",\"url\":\"https:\/\/www.metmann.com\/wp-content\/uploads\/2021\/12\/logo-color-met-mann-01.jpg\",\"contentUrl\":\"https:\/\/www.metmann.com\/wp-content\/uploads\/2021\/12\/logo-color-met-mann-01.jpg\",\"width\":351,\"height\":133,\"caption\":\"Met Mann\"},\"image\":{\"@id\":\"https:\/\/www.metmann.com\/pt-pt\/#\/schema\/logo\/image\/\"}},{\"@type\":\"Person\",\"@id\":\"https:\/\/www.metmann.com\/pt-pt\/#\/schema\/person\/abb061f44d31128f243c7e8c9677bb01\",\"name\":\"Marcelo Gonfar\",\"image\":{\"@type\":\"ImageObject\",\"inLanguage\":\"pt-PT\",\"@id\":\"https:\/\/www.metmann.com\/pt-pt\/#\/schema\/person\/image\/\",\"url\":\"https:\/\/secure.gravatar.com\/avatar\/f8e37661ecf23489bf1e65088ca5cfbd?s=96&d=mm&r=g\",\"contentUrl\":\"https:\/\/secure.gravatar.com\/avatar\/f8e37661ecf23489bf1e65088ca5cfbd?s=96&d=mm&r=g\",\"caption\":\"Marcelo Gonfar\"},\"url\":\"https:\/\/www.metmann.com\/pt-pt\/author\/produccionvisualpublinet-com\/\"}]}<\/script>\r\n<!-- \/ Yoast SEO plugin. -->","yoast_head_json":{"title":"Ar condicionado evaporativo em MERCABARNA","description":"Os aparelhos de ar condicionado evaporativo MET MANN presentes no MERCABARNA s\u00e3o uma alternativa eficiente e sustent\u00e1vel a outros sistemas. N\u00f3s contamos porque eles nos escolheram.","robots":{"index":"index","follow":"follow","max-snippet":"max-snippet:-1","max-image-preview":"max-image-preview:large","max-video-preview":"max-video-preview:-1"},"canonical":"https:\/\/www.metmann.com\/pt-pt\/ar-condicionado-evaporativo-em-mercabarna\/","og_locale":"pt_PT","og_type":"article","og_title":"Ar condicionado evaporativo em MERCABARNA","og_description":"Os aparelhos de ar condicionado evaporativo MET MANN presentes no MERCABARNA s\u00e3o uma alternativa eficiente e sustent\u00e1vel a outros sistemas. N\u00f3s contamos porque eles nos escolheram.","og_url":"https:\/\/www.metmann.com\/pt-pt\/ar-condicionado-evaporativo-em-mercabarna\/","og_site_name":"MET MANN","article_published_time":"2021-02-18T00:00:00+00:00","og_image":[{"url":"https:\/\/www.metmann.com\/wp-content\/uploads\/2021\/09\/1616666465_l5ft.jpg"}],"author":"Marcelo Gonfar","twitter_card":"summary_large_image","twitter_title":"Ar condicionado evaporativo em MERCABARNA","twitter_description":"Os aparelhos de ar condicionado evaporativo MET MANN presentes no MERCABARNA s\u00e3o uma alternativa eficiente e sustent\u00e1vel a outros sistemas. N\u00f3s contamos porque eles nos escolheram.","twitter_image":"https:\/\/www.metmann.com\/wp-content\/uploads\/2021\/09\/1616666465_l5ft.jpg","twitter_misc":{"Escrito por":"Marcelo Gonfar","Tempo estimado de leitura":"3 minutos"},"schema":{"@context":"https:\/\/schema.org","@graph":[{"@type":"Article","@id":"https:\/\/www.metmann.com\/pt-pt\/ar-condicionado-evaporativo-em-mercabarna\/#article","isPartOf":{"@id":"https:\/\/www.metmann.com\/pt-pt\/ar-condicionado-evaporativo-em-mercabarna\/"},"author":{"name":"Marcelo Gonfar","@id":"https:\/\/www.metmann.com\/pt-pt\/#\/schema\/person\/abb061f44d31128f243c7e8c9677bb01"},"headline":"Ar condicionado evaporativo em MERCABARNA","datePublished":"2021-02-18T00:00:00+00:00","dateModified":"2021-02-18T00:00:00+00:00","mainEntityOfPage":{"@id":"https:\/\/www.metmann.com\/pt-pt\/ar-condicionado-evaporativo-em-mercabarna\/"},"wordCount":616,"commentCount":0,"publisher":{"@id":"https:\/\/www.metmann.com\/pt-pt\/#organization"},"image":{"@id":"https:\/\/www.metmann.com\/pt-pt\/ar-condicionado-evaporativo-em-mercabarna\/#primaryimage"},"thumbnailUrl":"https:\/\/www.metmann.com\/wp-content\/uploads\/2021\/02\/400_1616666465_l5ft-e1688547505226.jpg","articleSection":["Noticias"],"inLanguage":"pt-PT","potentialAction":[{"@type":"CommentAction","name":"Comment","target":["https:\/\/www.metmann.com\/pt-pt\/ar-condicionado-evaporativo-em-mercabarna\/#respond"]}]},{"@type":"WebPage","@id":"https:\/\/www.metmann.com\/pt-pt\/ar-condicionado-evaporativo-em-mercabarna\/","url":"https:\/\/www.metmann.com\/pt-pt\/ar-condicionado-evaporativo-em-mercabarna\/","name":"Ar condicionado evaporativo em MERCABARNA","isPartOf":{"@id":"https:\/\/www.metmann.com\/pt-pt\/#website"},"primaryImageOfPage":{"@id":"https:\/\/www.metmann.com\/pt-pt\/ar-condicionado-evaporativo-em-mercabarna\/#primaryimage"},"image":{"@id":"https:\/\/www.metmann.com\/pt-pt\/ar-condicionado-evaporativo-em-mercabarna\/#primaryimage"},"thumbnailUrl":"https:\/\/www.metmann.com\/wp-content\/uploads\/2021\/02\/400_1616666465_l5ft-e1688547505226.jpg","datePublished":"2021-02-18T00:00:00+00:00","dateModified":"2021-02-18T00:00:00+00:00","description":"Os aparelhos de ar condicionado evaporativo MET MANN presentes no MERCABARNA s\u00e3o uma alternativa eficiente e sustent\u00e1vel a outros sistemas. N\u00f3s contamos porque eles nos escolheram.","breadcrumb":{"@id":"https:\/\/www.metmann.com\/pt-pt\/ar-condicionado-evaporativo-em-mercabarna\/#breadcrumb"},"inLanguage":"pt-PT","potentialAction":[{"@type":"ReadAction","target":["https:\/\/www.metmann.com\/pt-pt\/ar-condicionado-evaporativo-em-mercabarna\/"]}]},{"@type":"ImageObject","inLanguage":"pt-PT","@id":"https:\/\/www.metmann.com\/pt-pt\/ar-condicionado-evaporativo-em-mercabarna\/#primaryimage","url":"https:\/\/www.metmann.com\/wp-content\/uploads\/2021\/02\/400_1616666465_l5ft-e1688547505226.jpg","contentUrl":"https:\/\/www.metmann.com\/wp-content\/uploads\/2021\/02\/400_1616666465_l5ft-e1688547505226.jpg","width":400,"height":399},{"@type":"BreadcrumbList","@id":"https:\/\/www.metmann.com\/pt-pt\/ar-condicionado-evaporativo-em-mercabarna\/#breadcrumb","itemListElement":[{"@type":"ListItem","position":1,"name":"Inicio","item":"https:\/\/www.metmann.com\/pt-pt\/"},{"@type":"ListItem","position":2,"name":"Noticias","item":"https:\/\/www.metmann.com\/pt-pt\/category\/noticias-pt-pt\/"},{"@type":"ListItem","position":3,"name":"Ar condicionado evaporativo em MERCABARNA"}]},{"@type":"WebSite","@id":"https:\/\/www.metmann.com\/pt-pt\/#website","url":"https:\/\/www.metmann.com\/pt-pt\/","name":"MET MANN","description":"Climatizaci\u00f3n industrial, Calefactores y Ventilaci\u00f3n para empresas","publisher":{"@id":"https:\/\/www.metmann.com\/pt-pt\/#organization"},"potentialAction":[{"@type":"SearchAction","target":{"@type":"EntryPoint","urlTemplate":"https:\/\/www.metmann.com\/pt-pt\/?s={search_term_string}"},"query-input":"required name=search_term_string"}],"inLanguage":"pt-PT"},{"@type":"Organization","@id":"https:\/\/www.metmann.com\/pt-pt\/#organization","name":"Met Mann","url":"https:\/\/www.metmann.com\/pt-pt\/","logo":{"@type":"ImageObject","inLanguage":"pt-PT","@id":"https:\/\/www.metmann.com\/pt-pt\/#\/schema\/logo\/image\/","url":"https:\/\/www.metmann.com\/wp-content\/uploads\/2021\/12\/logo-color-met-mann-01.jpg","contentUrl":"https:\/\/www.metmann.com\/wp-content\/uploads\/2021\/12\/logo-color-met-mann-01.jpg","width":351,"height":133,"caption":"Met Mann"},"image":{"@id":"https:\/\/www.metmann.com\/pt-pt\/#\/schema\/logo\/image\/"}},{"@type":"Person","@id":"https:\/\/www.metmann.com\/pt-pt\/#\/schema\/person\/abb061f44d31128f243c7e8c9677bb01","name":"Marcelo Gonfar","image":{"@type":"ImageObject","inLanguage":"pt-PT","@id":"https:\/\/www.metmann.com\/pt-pt\/#\/schema\/person\/image\/","url":"https:\/\/secure.gravatar.com\/avatar\/f8e37661ecf23489bf1e65088ca5cfbd?s=96&d=mm&r=g","contentUrl":"https:\/\/secure.gravatar.com\/avatar\/f8e37661ecf23489bf1e65088ca5cfbd?s=96&d=mm&r=g","caption":"Marcelo Gonfar"},"url":"https:\/\/www.metmann.com\/pt-pt\/author\/produccionvisualpublinet-com\/"}]}},"_links":{"self":[{"href":"https:\/\/www.metmann.com\/pt-pt\/wp-json\/wp\/v2\/posts\/2374"}],"collection":[{"href":"https:\/\/www.metmann.com\/pt-pt\/wp-json\/wp\/v2\/posts"}],"about":[{"href":"https:\/\/www.metmann.com\/pt-pt\/wp-json\/wp\/v2\/types\/post"}],"author":[{"embeddable":true,"href":"https:\/\/www.metmann.com\/pt-pt\/wp-json\/wp\/v2\/users\/1"}],"replies":[{"embeddable":true,"href":"https:\/\/www.metmann.com\/pt-pt\/wp-json\/wp\/v2\/comments?post=2374"}],"version-history":[{"count":0,"href":"https:\/\/www.metmann.com\/pt-pt\/wp-json\/wp\/v2\/posts\/2374\/revisions"}],"wp:featuredmedia":[{"embeddable":true,"href":"https:\/\/www.metmann.com\/pt-pt\/wp-json\/wp\/v2\/media\/21959"}],"wp:attachment":[{"href":"https:\/\/www.metmann.com\/pt-pt\/wp-json\/wp\/v2\/media?parent=2374"}],"wp:term":[{"taxonomy":"category","embeddable":true,"href":"https:\/\/www.metmann.com\/pt-pt\/wp-json\/wp\/v2\/categories?post=2374"},{"taxonomy":"post_tag","embeddable":true,"href":"https:\/\/www.metmann.com\/pt-pt\/wp-json\/wp\/v2\/tags?post=2374"}],"curies":[{"name":"wp","href":"https:\/\/api.w.org\/{rel}","templated":true}]}}