{"id":34072,"date":"2025-10-30T12:46:28","date_gmt":"2025-10-30T11:46:28","guid":{"rendered":"https:\/\/www.metmann.com\/aquecimento-em-granjas-avicolas-com-geradores-de-ar-quente-met-mann\/"},"modified":"2025-10-30T12:46:28","modified_gmt":"2025-10-30T11:46:28","slug":"aquecimento-em-granjas-avicolas-com-geradores-de-ar-quente-met-mann","status":"publish","type":"post","link":"https:\/\/www.metmann.com\/pt-pt\/aquecimento-em-granjas-avicolas-com-geradores-de-ar-quente-met-mann\/","title":{"rendered":"Aquecimento em granjas av\u00edcolas com geradores de ar quente MET MANN"},"content":{"rendered":"<p>Foram recentemente instaladas v\u00e1rias unidades do modelo <strong>AM-125<\/strong> em <strong>granjas av\u00edcolas dedicadas \u00e0 cria\u00e7\u00e3o de frangos de engorda<\/strong>, garantindo um ambiente t\u00e9rmico ideal desde as primeiras fases de crescimento.<\/p>\n<p>Nas explora\u00e7\u00f5es av\u00edcolas, o <strong>aquecimento desempenha um papel fundamental no bem-estar e no desenvolvimento das aves<\/strong>. Nos primeiros dias de vida, os pintos ainda n\u00e3o conseguem regular a sua temperatura corporal e necessitam, portanto, de um ambiente est\u00e1vel, com temperaturas pr\u00f3ximas dos 30 \u00b0C. Manter uma temperatura uniforme em toda a nave evita o stresse t\u00e9rmico, melhora a convers\u00e3o alimentar e reduz a mortalidade.<\/p>\n<p>Os <strong>geradores de ar quente MET MANN<\/strong> oferecem uma solu\u00e7\u00e3o eficiente, fi\u00e1vel e de f\u00e1cil manuten\u00e7\u00e3o para este tipo de instala\u00e7\u00e3o. Estes equipamentos permitem <strong>alcan\u00e7ar rapidamente a temperatura desejada<\/strong>, distribuindo o calor de forma homog\u00e9nea por toda a granja. O seu elevado rendimento energ\u00e9tico contribui ainda para <strong>reduzir os custos operacionais<\/strong> e aumentar a sustentabilidade da explora\u00e7\u00e3o.<\/p>\n<p>A <strong>gama AM da MET MANN<\/strong> consolidou-se como uma das op\u00e7\u00f5es mais <strong>robustas e competitivas<\/strong> do mercado, sendo adequada n\u00e3o apenas para granjas av\u00edcolas, mas tamb\u00e9m para <strong>estufas, explora\u00e7\u00f5es pecu\u00e1rias e ambientes industriais<\/strong> que exigem aquecimento constante e seguro.<\/p>\n<p><strong>Principais caracter\u00edsticas:<\/strong><\/p>\n<p>\u2705 Pot\u00eancia t\u00e9rmica: de 46 a 180 kW<br \/>\u2705 Rendimento superior a 89 %<br \/>\u2705 Estrutura exterior em a\u00e7o galvanizado de alta durabilidade<br \/>\u2705 C\u00e2mara de combust\u00e3o e permutador de calor em a\u00e7o inoxid\u00e1vel<br \/>\u2705 Isolamento t\u00e9rmico nas zonas mais expostas ao calor<br \/>\u2705 Ventilador centr\u00edfugo de baixo n\u00edvel sonoro<br \/>\u2705 Motor el\u00e9trico IE3 de alta efici\u00eancia energ\u00e9tica<br \/>\u2705 Quadro el\u00e9trico de controlo e seguran\u00e7a conforme as normas europeias<br \/>\u2705 Term\u00f3stato ambiente blindado<br \/>\u2705 Punho e rodas de transporte para f\u00e1cil mobilidade<br \/>\u2705 Grelha de sa\u00edda de ar integrada<br \/>\u2705 Sistema de seguran\u00e7a para controlo da depress\u00e3o na c\u00e2mara de combust\u00e3o<\/p>\n<p>\u00a0<img loading=\"lazy\" decoding=\"async\" class=\"alignnone wp-image-34006\" src=\"https:\/\/www.metmann.com\/wp-content\/uploads\/2025\/10\/AM-125-GRANJA-POLLOS-1-1024x768.jpg\" alt=\"\" width=\"596\" height=\"447\" \/> <img loading=\"lazy\" decoding=\"async\" class=\"alignnone wp-image-34013\" src=\"https:\/\/www.metmann.com\/wp-content\/uploads\/2025\/10\/AM-125-GRANJA-POLLOS-2-1024x768.jpg\" alt=\"\" width=\"596\" height=\"447\" \/><\/p>\n","protected":false},"excerpt":{"rendered":"<p>Foram recentemente instaladas v\u00e1rias unidades do modelo AM-125 em granjas av\u00edcolas dedicadas \u00e0 cria\u00e7\u00e3o de frangos de engorda, garantindo um ambiente t\u00e9rmico ideal desde as primeiras fases de crescimento. Nas explora\u00e7\u00f5es av\u00edcolas, o aquecimento desempenha um papel fundamental no bem-estar e no desenvolvimento das aves. Nos primeiros dias de vida, os pintos ainda n\u00e3o conseguem [&hellip;]<\/p>\n","protected":false},"author":4,"featured_media":34065,"comment_status":"closed","ping_status":"open","sticky":false,"template":"","format":"standard","meta":{"_acf_changed":false,"_et_pb_use_builder":"","_et_pb_old_content":"","_et_gb_content_width":"","_joinchat":[],"footnotes":""},"categories":[55],"tags":[],"acf":[],"yoast_head":"<!-- This site is optimized with the Yoast SEO plugin v22.6 - https:\/\/yoast.com\/wordpress\/plugins\/seo\/ -->\r\n<title>Aquecimento em granjas av\u00edcolas com geradores de ar quente MET MANN | MET MANN<\/title>\r\n<meta name=\"robots\" content=\"index, follow, max-snippet:-1, max-image-preview:large, max-video-preview:-1\" \/>\r\n<link rel=\"canonical\" href=\"https:\/\/www.metmann.com\/pt-pt\/aquecimento-em-granjas-avicolas-com-geradores-de-ar-quente-met-mann\/\" \/>\r\n<meta property=\"og:locale\" content=\"pt_PT\" \/>\r\n<meta property=\"og:type\" content=\"article\" \/>\r\n<meta property=\"og:title\" content=\"Aquecimento em granjas av\u00edcolas com geradores de ar quente MET MANN | MET MANN\" \/>\r\n<meta property=\"og:description\" content=\"Foram recentemente instaladas v\u00e1rias unidades do modelo AM-125 em granjas av\u00edcolas dedicadas \u00e0 cria\u00e7\u00e3o de frangos de engorda, garantindo um ambiente t\u00e9rmico ideal desde as primeiras fases de crescimento. Nas explora\u00e7\u00f5es av\u00edcolas, o aquecimento desempenha um papel fundamental no bem-estar e no desenvolvimento das aves. Nos primeiros dias de vida, os pintos ainda n\u00e3o conseguem [&hellip;]\" \/>\r\n<meta property=\"og:url\" content=\"https:\/\/www.metmann.com\/pt-pt\/aquecimento-em-granjas-avicolas-com-geradores-de-ar-quente-met-mann\/\" \/>\r\n<meta property=\"og:site_name\" content=\"MET MANN\" \/>\r\n<meta property=\"article:published_time\" content=\"2025-10-30T11:46:28+00:00\" \/>\r\n<meta property=\"og:image\" content=\"https:\/\/www.metmann.com\/wp-content\/uploads\/2025\/10\/AM-125.png\" \/>\r\n\t<meta property=\"og:image:width\" content=\"1200\" \/>\r\n\t<meta property=\"og:image:height\" content=\"630\" \/>\r\n\t<meta property=\"og:image:type\" content=\"image\/png\" \/>\r\n<meta name=\"author\" content=\"Jaume Costa\" \/>\r\n<meta name=\"twitter:card\" content=\"summary_large_image\" \/>\r\n<meta name=\"twitter:label1\" content=\"Escrito por\" \/>\n\t<meta name=\"twitter:data1\" content=\"Jaume Costa\" \/>\n\t<meta name=\"twitter:label2\" content=\"Tempo estimado de leitura\" \/>\n\t<meta name=\"twitter:data2\" content=\"2 minutos\" \/>\r\n<script type=\"application\/ld+json\" class=\"yoast-schema-graph\">{\"@context\":\"https:\/\/schema.org\",\"@graph\":[{\"@type\":\"Article\",\"@id\":\"https:\/\/www.metmann.com\/pt-pt\/aquecimento-em-granjas-avicolas-com-geradores-de-ar-quente-met-mann\/#article\",\"isPartOf\":{\"@id\":\"https:\/\/www.metmann.com\/pt-pt\/aquecimento-em-granjas-avicolas-com-geradores-de-ar-quente-met-mann\/\"},\"author\":{\"name\":\"Jaume Costa\",\"@id\":\"https:\/\/www.metmann.com\/pt-pt\/#\/schema\/person\/3aea8279a6930c1705ef1fead0166f61\"},\"headline\":\"Aquecimento em granjas av\u00edcolas com geradores de ar quente MET MANN\",\"datePublished\":\"2025-10-30T11:46:28+00:00\",\"dateModified\":\"2025-10-30T11:46:28+00:00\",\"mainEntityOfPage\":{\"@id\":\"https:\/\/www.metmann.com\/pt-pt\/aquecimento-em-granjas-avicolas-com-geradores-de-ar-quente-met-mann\/\"},\"wordCount\":335,\"publisher\":{\"@id\":\"https:\/\/www.metmann.com\/pt-pt\/#organization\"},\"image\":{\"@id\":\"https:\/\/www.metmann.com\/pt-pt\/aquecimento-em-granjas-avicolas-com-geradores-de-ar-quente-met-mann\/#primaryimage\"},\"thumbnailUrl\":\"https:\/\/www.metmann.com\/wp-content\/uploads\/2025\/10\/AM-125.png\",\"articleSection\":[\"Noticias\"],\"inLanguage\":\"pt-PT\"},{\"@type\":\"WebPage\",\"@id\":\"https:\/\/www.metmann.com\/pt-pt\/aquecimento-em-granjas-avicolas-com-geradores-de-ar-quente-met-mann\/\",\"url\":\"https:\/\/www.metmann.com\/pt-pt\/aquecimento-em-granjas-avicolas-com-geradores-de-ar-quente-met-mann\/\",\"name\":\"Aquecimento em granjas av\u00edcolas com geradores de ar quente MET MANN | MET MANN\",\"isPartOf\":{\"@id\":\"https:\/\/www.metmann.com\/pt-pt\/#website\"},\"primaryImageOfPage\":{\"@id\":\"https:\/\/www.metmann.com\/pt-pt\/aquecimento-em-granjas-avicolas-com-geradores-de-ar-quente-met-mann\/#primaryimage\"},\"image\":{\"@id\":\"https:\/\/www.metmann.com\/pt-pt\/aquecimento-em-granjas-avicolas-com-geradores-de-ar-quente-met-mann\/#primaryimage\"},\"thumbnailUrl\":\"https:\/\/www.metmann.com\/wp-content\/uploads\/2025\/10\/AM-125.png\",\"datePublished\":\"2025-10-30T11:46:28+00:00\",\"dateModified\":\"2025-10-30T11:46:28+00:00\",\"breadcrumb\":{\"@id\":\"https:\/\/www.metmann.com\/pt-pt\/aquecimento-em-granjas-avicolas-com-geradores-de-ar-quente-met-mann\/#breadcrumb\"},\"inLanguage\":\"pt-PT\",\"potentialAction\":[{\"@type\":\"ReadAction\",\"target\":[\"https:\/\/www.metmann.com\/pt-pt\/aquecimento-em-granjas-avicolas-com-geradores-de-ar-quente-met-mann\/\"]}]},{\"@type\":\"ImageObject\",\"inLanguage\":\"pt-PT\",\"@id\":\"https:\/\/www.metmann.com\/pt-pt\/aquecimento-em-granjas-avicolas-com-geradores-de-ar-quente-met-mann\/#primaryimage\",\"url\":\"https:\/\/www.metmann.com\/wp-content\/uploads\/2025\/10\/AM-125.png\",\"contentUrl\":\"https:\/\/www.metmann.com\/wp-content\/uploads\/2025\/10\/AM-125.png\",\"width\":1200,\"height\":630},{\"@type\":\"BreadcrumbList\",\"@id\":\"https:\/\/www.metmann.com\/pt-pt\/aquecimento-em-granjas-avicolas-com-geradores-de-ar-quente-met-mann\/#breadcrumb\",\"itemListElement\":[{\"@type\":\"ListItem\",\"position\":1,\"name\":\"Inicio\",\"item\":\"https:\/\/www.metmann.com\/pt-pt\/\"},{\"@type\":\"ListItem\",\"position\":2,\"name\":\"Blog\/Noticias\",\"item\":\"https:\/\/www.metmann.com\/pt-pt\/category\/blog-noticias\/\"},{\"@type\":\"ListItem\",\"position\":3,\"name\":\"Aquecimento em granjas av\u00edcolas com geradores de ar quente MET MANN\"}]},{\"@type\":\"WebSite\",\"@id\":\"https:\/\/www.metmann.com\/pt-pt\/#website\",\"url\":\"https:\/\/www.metmann.com\/pt-pt\/\",\"name\":\"MET MANN\",\"description\":\"Climatizaci\u00f3n industrial, Calefactores y Ventilaci\u00f3n para empresas\",\"publisher\":{\"@id\":\"https:\/\/www.metmann.com\/pt-pt\/#organization\"},\"potentialAction\":[{\"@type\":\"SearchAction\",\"target\":{\"@type\":\"EntryPoint\",\"urlTemplate\":\"https:\/\/www.metmann.com\/pt-pt\/?s={search_term_string}\"},\"query-input\":\"required name=search_term_string\"}],\"inLanguage\":\"pt-PT\"},{\"@type\":\"Organization\",\"@id\":\"https:\/\/www.metmann.com\/pt-pt\/#organization\",\"name\":\"Met Mann\",\"url\":\"https:\/\/www.metmann.com\/pt-pt\/\",\"logo\":{\"@type\":\"ImageObject\",\"inLanguage\":\"pt-PT\",\"@id\":\"https:\/\/www.metmann.com\/pt-pt\/#\/schema\/logo\/image\/\",\"url\":\"https:\/\/www.metmann.com\/wp-content\/uploads\/2021\/12\/logo-color-met-mann-01.jpg\",\"contentUrl\":\"https:\/\/www.metmann.com\/wp-content\/uploads\/2021\/12\/logo-color-met-mann-01.jpg\",\"width\":351,\"height\":133,\"caption\":\"Met Mann\"},\"image\":{\"@id\":\"https:\/\/www.metmann.com\/pt-pt\/#\/schema\/logo\/image\/\"}},{\"@type\":\"Person\",\"@id\":\"https:\/\/www.metmann.com\/pt-pt\/#\/schema\/person\/3aea8279a6930c1705ef1fead0166f61\",\"name\":\"Jaume Costa\",\"image\":{\"@type\":\"ImageObject\",\"inLanguage\":\"pt-PT\",\"@id\":\"https:\/\/www.metmann.com\/pt-pt\/#\/schema\/person\/image\/\",\"url\":\"https:\/\/secure.gravatar.com\/avatar\/b4af0c9ea1894d51fcbb764d735303db?s=96&d=mm&r=g\",\"contentUrl\":\"https:\/\/secure.gravatar.com\/avatar\/b4af0c9ea1894d51fcbb764d735303db?s=96&d=mm&r=g\",\"caption\":\"Jaume Costa\"},\"url\":\"https:\/\/www.metmann.com\/pt-pt\/author\/jcostametmann-com\/\"}]}<\/script>\r\n<!-- \/ Yoast SEO plugin. -->","yoast_head_json":{"title":"Aquecimento em granjas av\u00edcolas com geradores de ar quente MET MANN | MET MANN","robots":{"index":"index","follow":"follow","max-snippet":"max-snippet:-1","max-image-preview":"max-image-preview:large","max-video-preview":"max-video-preview:-1"},"canonical":"https:\/\/www.metmann.com\/pt-pt\/aquecimento-em-granjas-avicolas-com-geradores-de-ar-quente-met-mann\/","og_locale":"pt_PT","og_type":"article","og_title":"Aquecimento em granjas av\u00edcolas com geradores de ar quente MET MANN | MET MANN","og_description":"Foram recentemente instaladas v\u00e1rias unidades do modelo AM-125 em granjas av\u00edcolas dedicadas \u00e0 cria\u00e7\u00e3o de frangos de engorda, garantindo um ambiente t\u00e9rmico ideal desde as primeiras fases de crescimento. Nas explora\u00e7\u00f5es av\u00edcolas, o aquecimento desempenha um papel fundamental no bem-estar e no desenvolvimento das aves. Nos primeiros dias de vida, os pintos ainda n\u00e3o conseguem [&hellip;]","og_url":"https:\/\/www.metmann.com\/pt-pt\/aquecimento-em-granjas-avicolas-com-geradores-de-ar-quente-met-mann\/","og_site_name":"MET MANN","article_published_time":"2025-10-30T11:46:28+00:00","og_image":[{"width":1200,"height":630,"url":"https:\/\/www.metmann.com\/wp-content\/uploads\/2025\/10\/AM-125.png","type":"image\/png"}],"author":"Jaume Costa","twitter_card":"summary_large_image","twitter_misc":{"Escrito por":"Jaume Costa","Tempo estimado de leitura":"2 minutos"},"schema":{"@context":"https:\/\/schema.org","@graph":[{"@type":"Article","@id":"https:\/\/www.metmann.com\/pt-pt\/aquecimento-em-granjas-avicolas-com-geradores-de-ar-quente-met-mann\/#article","isPartOf":{"@id":"https:\/\/www.metmann.com\/pt-pt\/aquecimento-em-granjas-avicolas-com-geradores-de-ar-quente-met-mann\/"},"author":{"name":"Jaume Costa","@id":"https:\/\/www.metmann.com\/pt-pt\/#\/schema\/person\/3aea8279a6930c1705ef1fead0166f61"},"headline":"Aquecimento em granjas av\u00edcolas com geradores de ar quente MET MANN","datePublished":"2025-10-30T11:46:28+00:00","dateModified":"2025-10-30T11:46:28+00:00","mainEntityOfPage":{"@id":"https:\/\/www.metmann.com\/pt-pt\/aquecimento-em-granjas-avicolas-com-geradores-de-ar-quente-met-mann\/"},"wordCount":335,"publisher":{"@id":"https:\/\/www.metmann.com\/pt-pt\/#organization"},"image":{"@id":"https:\/\/www.metmann.com\/pt-pt\/aquecimento-em-granjas-avicolas-com-geradores-de-ar-quente-met-mann\/#primaryimage"},"thumbnailUrl":"https:\/\/www.metmann.com\/wp-content\/uploads\/2025\/10\/AM-125.png","articleSection":["Noticias"],"inLanguage":"pt-PT"},{"@type":"WebPage","@id":"https:\/\/www.metmann.com\/pt-pt\/aquecimento-em-granjas-avicolas-com-geradores-de-ar-quente-met-mann\/","url":"https:\/\/www.metmann.com\/pt-pt\/aquecimento-em-granjas-avicolas-com-geradores-de-ar-quente-met-mann\/","name":"Aquecimento em granjas av\u00edcolas com geradores de ar quente MET MANN | MET MANN","isPartOf":{"@id":"https:\/\/www.metmann.com\/pt-pt\/#website"},"primaryImageOfPage":{"@id":"https:\/\/www.metmann.com\/pt-pt\/aquecimento-em-granjas-avicolas-com-geradores-de-ar-quente-met-mann\/#primaryimage"},"image":{"@id":"https:\/\/www.metmann.com\/pt-pt\/aquecimento-em-granjas-avicolas-com-geradores-de-ar-quente-met-mann\/#primaryimage"},"thumbnailUrl":"https:\/\/www.metmann.com\/wp-content\/uploads\/2025\/10\/AM-125.png","datePublished":"2025-10-30T11:46:28+00:00","dateModified":"2025-10-30T11:46:28+00:00","breadcrumb":{"@id":"https:\/\/www.metmann.com\/pt-pt\/aquecimento-em-granjas-avicolas-com-geradores-de-ar-quente-met-mann\/#breadcrumb"},"inLanguage":"pt-PT","potentialAction":[{"@type":"ReadAction","target":["https:\/\/www.metmann.com\/pt-pt\/aquecimento-em-granjas-avicolas-com-geradores-de-ar-quente-met-mann\/"]}]},{"@type":"ImageObject","inLanguage":"pt-PT","@id":"https:\/\/www.metmann.com\/pt-pt\/aquecimento-em-granjas-avicolas-com-geradores-de-ar-quente-met-mann\/#primaryimage","url":"https:\/\/www.metmann.com\/wp-content\/uploads\/2025\/10\/AM-125.png","contentUrl":"https:\/\/www.metmann.com\/wp-content\/uploads\/2025\/10\/AM-125.png","width":1200,"height":630},{"@type":"BreadcrumbList","@id":"https:\/\/www.metmann.com\/pt-pt\/aquecimento-em-granjas-avicolas-com-geradores-de-ar-quente-met-mann\/#breadcrumb","itemListElement":[{"@type":"ListItem","position":1,"name":"Inicio","item":"https:\/\/www.metmann.com\/pt-pt\/"},{"@type":"ListItem","position":2,"name":"Blog\/Noticias","item":"https:\/\/www.metmann.com\/pt-pt\/category\/blog-noticias\/"},{"@type":"ListItem","position":3,"name":"Aquecimento em granjas av\u00edcolas com geradores de ar quente MET MANN"}]},{"@type":"WebSite","@id":"https:\/\/www.metmann.com\/pt-pt\/#website","url":"https:\/\/www.metmann.com\/pt-pt\/","name":"MET MANN","description":"Climatizaci\u00f3n industrial, Calefactores y Ventilaci\u00f3n para empresas","publisher":{"@id":"https:\/\/www.metmann.com\/pt-pt\/#organization"},"potentialAction":[{"@type":"SearchAction","target":{"@type":"EntryPoint","urlTemplate":"https:\/\/www.metmann.com\/pt-pt\/?s={search_term_string}"},"query-input":"required name=search_term_string"}],"inLanguage":"pt-PT"},{"@type":"Organization","@id":"https:\/\/www.metmann.com\/pt-pt\/#organization","name":"Met Mann","url":"https:\/\/www.metmann.com\/pt-pt\/","logo":{"@type":"ImageObject","inLanguage":"pt-PT","@id":"https:\/\/www.metmann.com\/pt-pt\/#\/schema\/logo\/image\/","url":"https:\/\/www.metmann.com\/wp-content\/uploads\/2021\/12\/logo-color-met-mann-01.jpg","contentUrl":"https:\/\/www.metmann.com\/wp-content\/uploads\/2021\/12\/logo-color-met-mann-01.jpg","width":351,"height":133,"caption":"Met Mann"},"image":{"@id":"https:\/\/www.metmann.com\/pt-pt\/#\/schema\/logo\/image\/"}},{"@type":"Person","@id":"https:\/\/www.metmann.com\/pt-pt\/#\/schema\/person\/3aea8279a6930c1705ef1fead0166f61","name":"Jaume Costa","image":{"@type":"ImageObject","inLanguage":"pt-PT","@id":"https:\/\/www.metmann.com\/pt-pt\/#\/schema\/person\/image\/","url":"https:\/\/secure.gravatar.com\/avatar\/b4af0c9ea1894d51fcbb764d735303db?s=96&d=mm&r=g","contentUrl":"https:\/\/secure.gravatar.com\/avatar\/b4af0c9ea1894d51fcbb764d735303db?s=96&d=mm&r=g","caption":"Jaume Costa"},"url":"https:\/\/www.metmann.com\/pt-pt\/author\/jcostametmann-com\/"}]}},"_links":{"self":[{"href":"https:\/\/www.metmann.com\/pt-pt\/wp-json\/wp\/v2\/posts\/34072"}],"collection":[{"href":"https:\/\/www.metmann.com\/pt-pt\/wp-json\/wp\/v2\/posts"}],"about":[{"href":"https:\/\/www.metmann.com\/pt-pt\/wp-json\/wp\/v2\/types\/post"}],"author":[{"embeddable":true,"href":"https:\/\/www.metmann.com\/pt-pt\/wp-json\/wp\/v2\/users\/4"}],"replies":[{"embeddable":true,"href":"https:\/\/www.metmann.com\/pt-pt\/wp-json\/wp\/v2\/comments?post=34072"}],"version-history":[{"count":0,"href":"https:\/\/www.metmann.com\/pt-pt\/wp-json\/wp\/v2\/posts\/34072\/revisions"}],"wp:featuredmedia":[{"embeddable":true,"href":"https:\/\/www.metmann.com\/pt-pt\/wp-json\/wp\/v2\/media\/34065"}],"wp:attachment":[{"href":"https:\/\/www.metmann.com\/pt-pt\/wp-json\/wp\/v2\/media?parent=34072"}],"wp:term":[{"taxonomy":"category","embeddable":true,"href":"https:\/\/www.metmann.com\/pt-pt\/wp-json\/wp\/v2\/categories?post=34072"},{"taxonomy":"post_tag","embeddable":true,"href":"https:\/\/www.metmann.com\/pt-pt\/wp-json\/wp\/v2\/tags?post=34072"}],"curies":[{"name":"wp","href":"https:\/\/api.w.org\/{rel}","templated":true}]}}